{"id":120017,"date":"2023-07-20T08:00:30","date_gmt":"2023-07-20T07:00:30","guid":{"rendered":"https:\/\/www.copealcoy.es\/?p=120017"},"modified":"2023-07-20T16:35:01","modified_gmt":"2023-07-20T15:35:01","slug":"el-campus-de-alcoy-refuerza-lazos-para-seguir-atrayendo-talento-a-la-universidad","status":"publish","type":"post","link":"https:\/\/www.copealcoy.es\/es\/el-campus-de-alcoy-refuerza-lazos-para-seguir-atrayendo-talento-a-la-universidad\/","title":{"rendered":"El Campus de Alcoy refuerza lazos para seguir atrayendo talento a la universidad"},"content":{"rendered":"<p style=\"text-align: justify;\">El <a href=\"http:\/\/www.epsa.upv.es\/?lang=es\" target=\"_blank\" rel=\"noopener\"><span style=\"color: #0000ff;\"><strong>Campus de Alcoy de la Universidad Polit\u00e9cnica de Valencia<\/strong><\/span><\/a> ha firmado esta semana <strong>dos acuerdos de colaboraci\u00f3n con dos importantes empresas de l&#8217;Alcoi\u00e0 y el Comtat<\/strong>. Se trata de <strong>Caixa Ontinyent<\/strong>, entidad bancaria que desempe\u00f1a una importante labor en las comarcas centrales valencianes, y de la reconocida firma <strong>ERUM<\/strong>.<\/p>\n<p style=\"text-align: justify;\">En el caso de <strong>Caixa Ontinyent<\/strong>, la UPV ha renovado un convenio que tiene como objeto la creaci\u00f3n de un laboratorio de dise\u00f1o y fabricaci\u00f3n digital, un laboratorio de rob\u00f3tica educativa, un laboratorio relacionado con la industria 4.0 y un laboratorio de emprendimiento y generaci\u00f3n espont\u00e1nea en el Campus d\u2019Alcoi abierto a la Comunidad universitaria, a colectivos, a empresas y al territorio en general. Todo enmarcado en el concepto de FABLAB. Por su parte con <strong>ERUM<\/strong> se promueve la creaci\u00f3n de la nueva Aula Vegetal Welfare-ERUM-IoT, proyecto que tiene como objetivo la promoci\u00f3n y desarrollo de la tecnolog\u00eda Agrivoltaica en la Sociedad en general y en concreto en especial entre el alumnado del Campus de Alcoy de la UPV. Todo en aspectos relacionados con la Mec\u00e1nica, la Electr\u00f3nica, la visi\u00f3n artificial, la Rob\u00f3tica, la Inteligencia Artificial y las tecnolog\u00edas IoT.<\/p>\n<p style=\"text-align: justify;\">A la firma del convenio asistieron el rector de la UPV, <strong>Jos\u00e9 E. Capilla<\/strong>,\u00a0\u00a0la vicerrectora de Empleo y Formaci\u00f3n permanente, <strong>Mar\u00eda Dolores Salvador<\/strong>; el director del Campus de la UPV, <strong>Pau Bernabeu<\/strong>; y\u00a0<strong>\u00c1lvaro Soler y Juan Manuel Erum<\/strong> por parte de <strong>IoT SYNERGY INVESTMENT y ERUM<\/strong>, respectivamente. Tambi\u00e9n estuvieron presentes el presidente de Caixa Ontinyent, <strong>Jos\u00e9 Pla<\/strong> y el subdirector de C\u00e1tedras del Campus, <strong>Javier Silvestre<\/strong>.<\/p>\n<p style=\"text-align: justify;\">El mismo rector de la UPV, <strong>Jos\u00e9 E. Capilla<\/strong>, agradeci\u00f3 a las entidades firmantes de los respectivos convenios su implicaci\u00f3n en el territorio y su colaboraci\u00f3n decidida por lo que respecta al fomento de la investigaci\u00f3n y la convocatoria de actividades pensadas en el beneficio de la comunidad universitaria y tambi\u00e9n de las empresas.<\/p>\n","protected":false},"excerpt":{"rendered":"<p>El Campus de Alcoy de la Universidad Polit\u00e9cnica de Valencia ha firmado esta semana dos acuerdos de colaboraci\u00f3n con dos&#8230;<\/p>\n","protected":false},"author":1,"featured_media":120021,"comment_status":"open","ping_status":"open","sticky":false,"template":"","format":"standard","meta":{"footnotes":""},"categories":[6909,97,5374,900,75],"tags":[1494,429,886,15288,15289,5444,674],"class_list":["post-120017","post","type-post","status-publish","format-standard","has-post-thumbnail","hentry","category-actualidad","category-alcoy","category-campus-de-alcoy","category-educacion","category-noticias","tag-alcoy","tag-caixa-ontinyent","tag-campus","tag-convenios","tag-erum","tag-firma","tag-upv"],"yoast_head":"<!-- This site is optimized with the Yoast SEO plugin v27.3 - https:\/\/yoast.com\/product\/yoast-seo-wordpress\/ -->\n<title>El Campus de Alcoy refuerza lazos para seguir atrayendo talento a la universidad - COPE Alcoy<\/title>\n<meta name=\"description\" content=\"El Campus de Alcoy de la Universidad Polit\u00e9cnica de Valencia ha firmado esta semana dos acuerdos de colaboraci\u00f3n con dos importantes empresas de l&#039;Alcoi\u00e0 y el Comtat\" \/>\n<meta name=\"robots\" content=\"index, follow, max-snippet:-1, max-image-preview:large, max-video-preview:-1\" \/>\n<link rel=\"canonical\" href=\"https:\/\/www.copealcoy.es\/es\/el-campus-de-alcoy-refuerza-lazos-para-seguir-atrayendo-talento-a-la-universidad\/\" \/>\n<meta property=\"og:locale\" content=\"es_ES\" \/>\n<meta property=\"og:type\" content=\"article\" \/>\n<meta property=\"og:title\" content=\"El Campus de Alcoy refuerza lazos para seguir atrayendo talento a la universidad - COPE Alcoy\" \/>\n<meta property=\"og:description\" content=\"El Campus de Alcoy de la Universidad Polit\u00e9cnica de Valencia ha firmado esta semana dos acuerdos de colaboraci\u00f3n con dos importantes empresas de l&#039;Alcoi\u00e0 y el Comtat\" \/>\n<meta property=\"og:url\" content=\"https:\/\/www.copealcoy.es\/es\/el-campus-de-alcoy-refuerza-lazos-para-seguir-atrayendo-talento-a-la-universidad\/\" \/>\n<meta property=\"og:site_name\" content=\"COPE Alcoy\" \/>\n<meta property=\"article:published_time\" content=\"2023-07-20T07:00:30+00:00\" \/>\n<meta property=\"article:modified_time\" content=\"2023-07-20T15:35:01+00:00\" \/>\n<meta property=\"og:image\" content=\"https:\/\/www.copealcoy.es\/wp-content\/uploads\/2023\/07\/Representants-Aules-i-autoritats-scaled.jpg\" \/>\n\t<meta property=\"og:image:width\" content=\"1920\" \/>\n\t<meta property=\"og:image:height\" content=\"993\" \/>\n\t<meta property=\"og:image:type\" content=\"image\/jpeg\" \/>\n<meta name=\"author\" content=\"Cope Alcoy\" \/>\n<meta name=\"twitter:label1\" content=\"Escrito por\" \/>\n\t<meta name=\"twitter:data1\" content=\"Cope Alcoy\" \/>\n\t<meta name=\"twitter:label2\" content=\"Tiempo de lectura\" \/>\n\t<meta name=\"twitter:data2\" content=\"2 minutos\" \/>\n<script type=\"application\/ld+json\" class=\"yoast-schema-graph\">{\"@context\":\"https:\\\/\\\/schema.org\",\"@graph\":[{\"@type\":\"Article\",\"@id\":\"https:\\\/\\\/www.copealcoy.es\\\/es\\\/el-campus-de-alcoy-refuerza-lazos-para-seguir-atrayendo-talento-a-la-universidad\\\/#article\",\"isPartOf\":{\"@id\":\"https:\\\/\\\/www.copealcoy.es\\\/es\\\/el-campus-de-alcoy-refuerza-lazos-para-seguir-atrayendo-talento-a-la-universidad\\\/\"},\"author\":{\"name\":\"Cope Alcoy\",\"@id\":\"https:\\\/\\\/www.copealcoy.es\\\/es\\\/#\\\/schema\\\/person\\\/e777c87fa024e57d40170af9df39882c\"},\"headline\":\"El Campus de Alcoy refuerza lazos para seguir atrayendo talento a la universidad\",\"datePublished\":\"2023-07-20T07:00:30+00:00\",\"dateModified\":\"2023-07-20T15:35:01+00:00\",\"mainEntityOfPage\":{\"@id\":\"https:\\\/\\\/www.copealcoy.es\\\/es\\\/el-campus-de-alcoy-refuerza-lazos-para-seguir-atrayendo-talento-a-la-universidad\\\/\"},\"wordCount\":351,\"commentCount\":0,\"image\":{\"@id\":\"https:\\\/\\\/www.copealcoy.es\\\/es\\\/el-campus-de-alcoy-refuerza-lazos-para-seguir-atrayendo-talento-a-la-universidad\\\/#primaryimage\"},\"thumbnailUrl\":\"https:\\\/\\\/www.copealcoy.es\\\/wp-content\\\/uploads\\\/2023\\\/07\\\/Representants-Aules-i-autoritats-scaled.jpg\",\"keywords\":[\"Alcoy\",\"Caixa Ontinyent\",\"Campus\",\"convenios\",\"ERUM\",\"firma\",\"UPV\"],\"articleSection\":[\"Actualidad\",\"Alcoy\",\"Campus de Alcoy\",\"Educaci\u00f3n\",\"Noticias\"],\"inLanguage\":\"es\"},{\"@type\":\"WebPage\",\"@id\":\"https:\\\/\\\/www.copealcoy.es\\\/es\\\/el-campus-de-alcoy-refuerza-lazos-para-seguir-atrayendo-talento-a-la-universidad\\\/\",\"url\":\"https:\\\/\\\/www.copealcoy.es\\\/es\\\/el-campus-de-alcoy-refuerza-lazos-para-seguir-atrayendo-talento-a-la-universidad\\\/\",\"name\":\"El Campus de Alcoy refuerza lazos para seguir atrayendo talento a la universidad - COPE Alcoy\",\"isPartOf\":{\"@id\":\"https:\\\/\\\/www.copealcoy.es\\\/es\\\/#website\"},\"primaryImageOfPage\":{\"@id\":\"https:\\\/\\\/www.copealcoy.es\\\/es\\\/el-campus-de-alcoy-refuerza-lazos-para-seguir-atrayendo-talento-a-la-universidad\\\/#primaryimage\"},\"image\":{\"@id\":\"https:\\\/\\\/www.copealcoy.es\\\/es\\\/el-campus-de-alcoy-refuerza-lazos-para-seguir-atrayendo-talento-a-la-universidad\\\/#primaryimage\"},\"thumbnailUrl\":\"https:\\\/\\\/www.copealcoy.es\\\/wp-content\\\/uploads\\\/2023\\\/07\\\/Representants-Aules-i-autoritats-scaled.jpg\",\"datePublished\":\"2023-07-20T07:00:30+00:00\",\"dateModified\":\"2023-07-20T15:35:01+00:00\",\"author\":{\"@id\":\"https:\\\/\\\/www.copealcoy.es\\\/es\\\/#\\\/schema\\\/person\\\/e777c87fa024e57d40170af9df39882c\"},\"description\":\"El Campus de Alcoy de la Universidad Polit\u00e9cnica de Valencia ha firmado esta semana dos acuerdos de colaboraci\u00f3n con dos importantes empresas de l'Alcoi\u00e0 y el Comtat\",\"breadcrumb\":{\"@id\":\"https:\\\/\\\/www.copealcoy.es\\\/es\\\/el-campus-de-alcoy-refuerza-lazos-para-seguir-atrayendo-talento-a-la-universidad\\\/#breadcrumb\"},\"inLanguage\":\"es\",\"potentialAction\":[{\"@type\":\"ReadAction\",\"target\":[\"https:\\\/\\\/www.copealcoy.es\\\/es\\\/el-campus-de-alcoy-refuerza-lazos-para-seguir-atrayendo-talento-a-la-universidad\\\/\"]}]},{\"@type\":\"ImageObject\",\"inLanguage\":\"es\",\"@id\":\"https:\\\/\\\/www.copealcoy.es\\\/es\\\/el-campus-de-alcoy-refuerza-lazos-para-seguir-atrayendo-talento-a-la-universidad\\\/#primaryimage\",\"url\":\"https:\\\/\\\/www.copealcoy.es\\\/wp-content\\\/uploads\\\/2023\\\/07\\\/Representants-Aules-i-autoritats-scaled.jpg\",\"contentUrl\":\"https:\\\/\\\/www.copealcoy.es\\\/wp-content\\\/uploads\\\/2023\\\/07\\\/Representants-Aules-i-autoritats-scaled.jpg\",\"width\":1920,\"height\":993},{\"@type\":\"BreadcrumbList\",\"@id\":\"https:\\\/\\\/www.copealcoy.es\\\/es\\\/el-campus-de-alcoy-refuerza-lazos-para-seguir-atrayendo-talento-a-la-universidad\\\/#breadcrumb\",\"itemListElement\":[{\"@type\":\"ListItem\",\"position\":1,\"name\":\"Portada\",\"item\":\"https:\\\/\\\/www.copealcoy.es\\\/es\\\/\"},{\"@type\":\"ListItem\",\"position\":2,\"name\":\"El Campus de Alcoy refuerza lazos para seguir atrayendo talento a la universidad\"}]},{\"@type\":\"WebSite\",\"@id\":\"https:\\\/\\\/www.copealcoy.es\\\/es\\\/#website\",\"url\":\"https:\\\/\\\/www.copealcoy.es\\\/es\\\/\",\"name\":\"COPE Alcoy\",\"description\":\"Emisora COPE de radio local con emisi\u00f3n online. Pont de Sant Jordi 8-10 03803 Alcoy\",\"potentialAction\":[{\"@type\":\"SearchAction\",\"target\":{\"@type\":\"EntryPoint\",\"urlTemplate\":\"https:\\\/\\\/www.copealcoy.es\\\/es\\\/?s={search_term_string}\"},\"query-input\":{\"@type\":\"PropertyValueSpecification\",\"valueRequired\":true,\"valueName\":\"search_term_string\"}}],\"inLanguage\":\"es\"},{\"@type\":\"Person\",\"@id\":\"https:\\\/\\\/www.copealcoy.es\\\/es\\\/#\\\/schema\\\/person\\\/e777c87fa024e57d40170af9df39882c\",\"name\":\"Cope Alcoy\",\"image\":{\"@type\":\"ImageObject\",\"inLanguage\":\"es\",\"@id\":\"https:\\\/\\\/secure.gravatar.com\\\/avatar\\\/bb65d0283347e303893ba14f0692005417c1e0e690a325a4c5d8bb2b3943ee14?s=96&d=mm&r=g\",\"url\":\"https:\\\/\\\/secure.gravatar.com\\\/avatar\\\/bb65d0283347e303893ba14f0692005417c1e0e690a325a4c5d8bb2b3943ee14?s=96&d=mm&r=g\",\"contentUrl\":\"https:\\\/\\\/secure.gravatar.com\\\/avatar\\\/bb65d0283347e303893ba14f0692005417c1e0e690a325a4c5d8bb2b3943ee14?s=96&d=mm&r=g\",\"caption\":\"Cope Alcoy\"}}]}<\/script>\n<!-- \/ Yoast SEO plugin. -->","yoast_head_json":{"title":"El Campus de Alcoy refuerza lazos para seguir atrayendo talento a la universidad - COPE Alcoy","description":"El Campus de Alcoy de la Universidad Polit\u00e9cnica de Valencia ha firmado esta semana dos acuerdos de colaboraci\u00f3n con dos importantes empresas de l'Alcoi\u00e0 y el Comtat","robots":{"index":"index","follow":"follow","max-snippet":"max-snippet:-1","max-image-preview":"max-image-preview:large","max-video-preview":"max-video-preview:-1"},"canonical":"https:\/\/www.copealcoy.es\/es\/el-campus-de-alcoy-refuerza-lazos-para-seguir-atrayendo-talento-a-la-universidad\/","og_locale":"es_ES","og_type":"article","og_title":"El Campus de Alcoy refuerza lazos para seguir atrayendo talento a la universidad - COPE Alcoy","og_description":"El Campus de Alcoy de la Universidad Polit\u00e9cnica de Valencia ha firmado esta semana dos acuerdos de colaboraci\u00f3n con dos importantes empresas de l'Alcoi\u00e0 y el Comtat","og_url":"https:\/\/www.copealcoy.es\/es\/el-campus-de-alcoy-refuerza-lazos-para-seguir-atrayendo-talento-a-la-universidad\/","og_site_name":"COPE Alcoy","article_published_time":"2023-07-20T07:00:30+00:00","article_modified_time":"2023-07-20T15:35:01+00:00","og_image":[{"width":1920,"height":993,"url":"https:\/\/www.copealcoy.es\/wp-content\/uploads\/2023\/07\/Representants-Aules-i-autoritats-scaled.jpg","type":"image\/jpeg"}],"author":"Cope Alcoy","twitter_misc":{"Escrito por":"Cope Alcoy","Tiempo de lectura":"2 minutos"},"schema":{"@context":"https:\/\/schema.org","@graph":[{"@type":"Article","@id":"https:\/\/www.copealcoy.es\/es\/el-campus-de-alcoy-refuerza-lazos-para-seguir-atrayendo-talento-a-la-universidad\/#article","isPartOf":{"@id":"https:\/\/www.copealcoy.es\/es\/el-campus-de-alcoy-refuerza-lazos-para-seguir-atrayendo-talento-a-la-universidad\/"},"author":{"name":"Cope Alcoy","@id":"https:\/\/www.copealcoy.es\/es\/#\/schema\/person\/e777c87fa024e57d40170af9df39882c"},"headline":"El Campus de Alcoy refuerza lazos para seguir atrayendo talento a la universidad","datePublished":"2023-07-20T07:00:30+00:00","dateModified":"2023-07-20T15:35:01+00:00","mainEntityOfPage":{"@id":"https:\/\/www.copealcoy.es\/es\/el-campus-de-alcoy-refuerza-lazos-para-seguir-atrayendo-talento-a-la-universidad\/"},"wordCount":351,"commentCount":0,"image":{"@id":"https:\/\/www.copealcoy.es\/es\/el-campus-de-alcoy-refuerza-lazos-para-seguir-atrayendo-talento-a-la-universidad\/#primaryimage"},"thumbnailUrl":"https:\/\/www.copealcoy.es\/wp-content\/uploads\/2023\/07\/Representants-Aules-i-autoritats-scaled.jpg","keywords":["Alcoy","Caixa Ontinyent","Campus","convenios","ERUM","firma","UPV"],"articleSection":["Actualidad","Alcoy","Campus de Alcoy","Educaci\u00f3n","Noticias"],"inLanguage":"es"},{"@type":"WebPage","@id":"https:\/\/www.copealcoy.es\/es\/el-campus-de-alcoy-refuerza-lazos-para-seguir-atrayendo-talento-a-la-universidad\/","url":"https:\/\/www.copealcoy.es\/es\/el-campus-de-alcoy-refuerza-lazos-para-seguir-atrayendo-talento-a-la-universidad\/","name":"El Campus de Alcoy refuerza lazos para seguir atrayendo talento a la universidad - COPE Alcoy","isPartOf":{"@id":"https:\/\/www.copealcoy.es\/es\/#website"},"primaryImageOfPage":{"@id":"https:\/\/www.copealcoy.es\/es\/el-campus-de-alcoy-refuerza-lazos-para-seguir-atrayendo-talento-a-la-universidad\/#primaryimage"},"image":{"@id":"https:\/\/www.copealcoy.es\/es\/el-campus-de-alcoy-refuerza-lazos-para-seguir-atrayendo-talento-a-la-universidad\/#primaryimage"},"thumbnailUrl":"https:\/\/www.copealcoy.es\/wp-content\/uploads\/2023\/07\/Representants-Aules-i-autoritats-scaled.jpg","datePublished":"2023-07-20T07:00:30+00:00","dateModified":"2023-07-20T15:35:01+00:00","author":{"@id":"https:\/\/www.copealcoy.es\/es\/#\/schema\/person\/e777c87fa024e57d40170af9df39882c"},"description":"El Campus de Alcoy de la Universidad Polit\u00e9cnica de Valencia ha firmado esta semana dos acuerdos de colaboraci\u00f3n con dos importantes empresas de l'Alcoi\u00e0 y el Comtat","breadcrumb":{"@id":"https:\/\/www.copealcoy.es\/es\/el-campus-de-alcoy-refuerza-lazos-para-seguir-atrayendo-talento-a-la-universidad\/#breadcrumb"},"inLanguage":"es","potentialAction":[{"@type":"ReadAction","target":["https:\/\/www.copealcoy.es\/es\/el-campus-de-alcoy-refuerza-lazos-para-seguir-atrayendo-talento-a-la-universidad\/"]}]},{"@type":"ImageObject","inLanguage":"es","@id":"https:\/\/www.copealcoy.es\/es\/el-campus-de-alcoy-refuerza-lazos-para-seguir-atrayendo-talento-a-la-universidad\/#primaryimage","url":"https:\/\/www.copealcoy.es\/wp-content\/uploads\/2023\/07\/Representants-Aules-i-autoritats-scaled.jpg","contentUrl":"https:\/\/www.copealcoy.es\/wp-content\/uploads\/2023\/07\/Representants-Aules-i-autoritats-scaled.jpg","width":1920,"height":993},{"@type":"BreadcrumbList","@id":"https:\/\/www.copealcoy.es\/es\/el-campus-de-alcoy-refuerza-lazos-para-seguir-atrayendo-talento-a-la-universidad\/#breadcrumb","itemListElement":[{"@type":"ListItem","position":1,"name":"Portada","item":"https:\/\/www.copealcoy.es\/es\/"},{"@type":"ListItem","position":2,"name":"El Campus de Alcoy refuerza lazos para seguir atrayendo talento a la universidad"}]},{"@type":"WebSite","@id":"https:\/\/www.copealcoy.es\/es\/#website","url":"https:\/\/www.copealcoy.es\/es\/","name":"COPE Alcoy","description":"Emisora COPE de radio local con emisi\u00f3n online. Pont de Sant Jordi 8-10 03803 Alcoy","potentialAction":[{"@type":"SearchAction","target":{"@type":"EntryPoint","urlTemplate":"https:\/\/www.copealcoy.es\/es\/?s={search_term_string}"},"query-input":{"@type":"PropertyValueSpecification","valueRequired":true,"valueName":"search_term_string"}}],"inLanguage":"es"},{"@type":"Person","@id":"https:\/\/www.copealcoy.es\/es\/#\/schema\/person\/e777c87fa024e57d40170af9df39882c","name":"Cope Alcoy","image":{"@type":"ImageObject","inLanguage":"es","@id":"https:\/\/secure.gravatar.com\/avatar\/bb65d0283347e303893ba14f0692005417c1e0e690a325a4c5d8bb2b3943ee14?s=96&d=mm&r=g","url":"https:\/\/secure.gravatar.com\/avatar\/bb65d0283347e303893ba14f0692005417c1e0e690a325a4c5d8bb2b3943ee14?s=96&d=mm&r=g","contentUrl":"https:\/\/secure.gravatar.com\/avatar\/bb65d0283347e303893ba14f0692005417c1e0e690a325a4c5d8bb2b3943ee14?s=96&d=mm&r=g","caption":"Cope Alcoy"}}]}},"_links":{"self":[{"href":"https:\/\/www.copealcoy.es\/es\/wp-json\/wp\/v2\/posts\/120017","targetHints":{"allow":["GET"]}}],"collection":[{"href":"https:\/\/www.copealcoy.es\/es\/wp-json\/wp\/v2\/posts"}],"about":[{"href":"https:\/\/www.copealcoy.es\/es\/wp-json\/wp\/v2\/types\/post"}],"author":[{"embeddable":true,"href":"https:\/\/www.copealcoy.es\/es\/wp-json\/wp\/v2\/users\/1"}],"replies":[{"embeddable":true,"href":"https:\/\/www.copealcoy.es\/es\/wp-json\/wp\/v2\/comments?post=120017"}],"version-history":[{"count":0,"href":"https:\/\/www.copealcoy.es\/es\/wp-json\/wp\/v2\/posts\/120017\/revisions"}],"wp:featuredmedia":[{"embeddable":true,"href":"https:\/\/www.copealcoy.es\/es\/wp-json\/wp\/v2\/media\/120021"}],"wp:attachment":[{"href":"https:\/\/www.copealcoy.es\/es\/wp-json\/wp\/v2\/media?parent=120017"}],"wp:term":[{"taxonomy":"category","embeddable":true,"href":"https:\/\/www.copealcoy.es\/es\/wp-json\/wp\/v2\/categories?post=120017"},{"taxonomy":"post_tag","embeddable":true,"href":"https:\/\/www.copealcoy.es\/es\/wp-json\/wp\/v2\/tags?post=120017"}],"curies":[{"name":"wp","href":"https:\/\/api.w.org\/{rel}","templated":true}]}}