{"id":119953,"date":"2023-07-19T10:43:59","date_gmt":"2023-07-19T09:43:59","guid":{"rendered":"https:\/\/www.copealcoy.es\/?p=119953"},"modified":"2023-07-19T10:52:25","modified_gmt":"2023-07-19T09:52:25","slug":"dos-detenidos-en-una-violenta-pelea-en-alcoy","status":"publish","type":"post","link":"https:\/\/www.copealcoy.es\/es\/dos-detenidos-en-una-violenta-pelea-en-alcoy\/","title":{"rendered":"Dos detenidos en una violenta pelea en Alcoy"},"content":{"rendered":"<p>Una <strong>violenta pelea en plena calle en la madrugada del pasado viernes al s\u00e1bado<\/strong> hizo saltar las alarmas. Todo comenz\u00f3 con un intento de robo y termin\u00f3 con dos detenidos, ambos con antecedentes.<\/p>\n<p>Fue <strong>un hombre de 30 a\u00f1os, de nacionalidad argelina, el que intent\u00f3 robar -presuntamente- a otro, de 45 a\u00f1os y de nacionalidad espa\u00f1ola<\/strong>. Para defenderse, este \u00faltimo <strong>le mordi\u00f3 la oreja<\/strong> al supuesto ladr\u00f3n y le caus\u00f3 una herida grave. Pero la cosa no qued\u00f3 ah\u00ed. El agredido <strong>contraatac\u00f3 golpeando al otro hombre con una se\u00f1al de tr\u00e1fico en la cabeza<\/strong>.<\/p>\n<p>La <strong>Brigada de Seguridad Ciudadana de la Polic\u00eda Nacional y de la Polic\u00eda Local de la ciudad recibieron el aviso<\/strong> y acudieron hasta el lugar de los hechos. Efectivos policiales consiguieron parar la pelea y detener a los dos individuos. <strong>Ambos fueron trasladados al Hospital Virgen de los Lirios<\/strong> con heridas.<\/p>\n<p>Posteriormente pasaron a dependencias policiales. Han sido detenidos, en concreto, por <strong>\u201cdelitos de lesiones\u201d y \u201crobo con violencia e intimidaci\u00f3n\u201d<\/strong>.<\/p>\n<p><strong>Otras detenciones en Alcoy<\/strong><\/p>\n<p>Tambi\u00e9n la pasada semana hubo otros altercados en la ciudad. <strong>La Polic\u00eda Local de Alcoy detuvo a una persona el pasado s\u00e1bado por la noche por robar un ciclomotor<\/strong>. Los agentes consiguieron recuperar el veh\u00edculo y detener al presunto autor de los hechos. Este est\u00e1 siendo investigado, adem\u00e1s, por un <strong>delito de conducci\u00f3n sin permiso<\/strong>.<\/p>\n<p>En la noche del pasado domingo 9 al lunes 10 de julio, <strong>una motocicleta fue robada en Alcoy<\/strong>. &#8220;<strong>Vinieron con una furgoneta al garaje com\u00fan de nuestra casa<\/strong>. Fue entre las once y las once y media de la noche, por lo que hemos sabido a trav\u00e9s de una vecina&#8221;, ha explicado Vict\u00f2ria, la propietaria del veh\u00edculo, en declaraciones a <strong>Cope Alcoy<\/strong>.<\/p>\n<p>La <strong>Polic\u00eda Nacional<\/strong> deten\u00eda la pasada semana a un<strong> hombre acusado de robar un billete de 50\u20ac de la caja registradora de un sal\u00f3n de juegos y forcejear con una trabajadora<\/strong>, que trat\u00f3 de imped\u00edrselo.<\/p>\n<p>Se trata de un hombre de 29 a\u00f1os de edad y de nacionalidad espa\u00f1ola al que <strong>se le imputan los delitos de robo con violencia e intimidaci\u00f3n<\/strong>.<\/p>\n","protected":false},"excerpt":{"rendered":"<p>Una violenta pelea en plena calle en la madrugada del pasado viernes al s\u00e1bado hizo saltar las alarmas. Todo comenz\u00f3&#8230;<\/p>\n","protected":false},"author":1,"featured_media":18764,"comment_status":"open","ping_status":"open","sticky":false,"template":"","format":"standard","meta":{"footnotes":""},"categories":[6909,97,75,80],"tags":[1494,1393,15273,14680],"class_list":["post-119953","post","type-post","status-publish","format-standard","has-post-thumbnail","hentry","category-actualidad","category-alcoy","category-noticias","category-sucesos","tag-alcoy","tag-detencion","tag-pelea","tag-suceso"],"yoast_head":"<!-- This site is optimized with the Yoast SEO plugin v27.3 - https:\/\/yoast.com\/product\/yoast-seo-wordpress\/ -->\n<title>Dos detenidos en una violenta pelea en Alcoy - COPE Alcoy<\/title>\n<meta name=\"description\" content=\"Una violenta pelea en plena calle en la madrugada del pasado viernes al s\u00e1bado hizo saltar las alarmas. Todo comenz\u00f3 con un intento de robo y termin\u00f3 con dos detenidos, ambos con antecedentes.\" \/>\n<meta name=\"robots\" content=\"index, follow, max-snippet:-1, max-image-preview:large, max-video-preview:-1\" \/>\n<link rel=\"canonical\" href=\"https:\/\/www.copealcoy.es\/es\/dos-detenidos-en-una-violenta-pelea-en-alcoy\/\" \/>\n<meta property=\"og:locale\" content=\"es_ES\" \/>\n<meta property=\"og:type\" content=\"article\" \/>\n<meta property=\"og:title\" content=\"Dos detenidos en una violenta pelea en Alcoy - COPE Alcoy\" \/>\n<meta property=\"og:description\" content=\"Una violenta pelea en plena calle en la madrugada del pasado viernes al s\u00e1bado hizo saltar las alarmas. Todo comenz\u00f3 con un intento de robo y termin\u00f3 con dos detenidos, ambos con antecedentes.\" \/>\n<meta property=\"og:url\" content=\"https:\/\/www.copealcoy.es\/es\/dos-detenidos-en-una-violenta-pelea-en-alcoy\/\" \/>\n<meta property=\"og:site_name\" content=\"COPE Alcoy\" \/>\n<meta property=\"article:published_time\" content=\"2023-07-19T09:43:59+00:00\" \/>\n<meta property=\"article:modified_time\" content=\"2023-07-19T09:52:25+00:00\" \/>\n<meta property=\"og:image\" content=\"https:\/\/www.copealcoy.es\/wp-content\/uploads\/2016\/02\/050037ae8aeef3f2c32f90780844f0ff-e1643303615309.jpg\" \/>\n\t<meta property=\"og:image:width\" content=\"574\" \/>\n\t<meta property=\"og:image:height\" content=\"320\" \/>\n\t<meta property=\"og:image:type\" content=\"image\/jpeg\" \/>\n<meta name=\"author\" content=\"Cope Alcoy\" \/>\n<meta name=\"twitter:label1\" content=\"Escrito por\" \/>\n\t<meta name=\"twitter:data1\" content=\"Cope Alcoy\" \/>\n\t<meta name=\"twitter:label2\" content=\"Tiempo de lectura\" \/>\n\t<meta name=\"twitter:data2\" content=\"2 minutos\" \/>\n<script type=\"application\/ld+json\" class=\"yoast-schema-graph\">{\"@context\":\"https:\\\/\\\/schema.org\",\"@graph\":[{\"@type\":\"Article\",\"@id\":\"https:\\\/\\\/www.copealcoy.es\\\/es\\\/dos-detenidos-en-una-violenta-pelea-en-alcoy\\\/#article\",\"isPartOf\":{\"@id\":\"https:\\\/\\\/www.copealcoy.es\\\/es\\\/dos-detenidos-en-una-violenta-pelea-en-alcoy\\\/\"},\"author\":{\"name\":\"Cope Alcoy\",\"@id\":\"https:\\\/\\\/www.copealcoy.es\\\/es\\\/#\\\/schema\\\/person\\\/e777c87fa024e57d40170af9df39882c\"},\"headline\":\"Dos detenidos en una violenta pelea en Alcoy\",\"datePublished\":\"2023-07-19T09:43:59+00:00\",\"dateModified\":\"2023-07-19T09:52:25+00:00\",\"mainEntityOfPage\":{\"@id\":\"https:\\\/\\\/www.copealcoy.es\\\/es\\\/dos-detenidos-en-una-violenta-pelea-en-alcoy\\\/\"},\"wordCount\":377,\"commentCount\":0,\"image\":{\"@id\":\"https:\\\/\\\/www.copealcoy.es\\\/es\\\/dos-detenidos-en-una-violenta-pelea-en-alcoy\\\/#primaryimage\"},\"thumbnailUrl\":\"https:\\\/\\\/www.copealcoy.es\\\/wp-content\\\/uploads\\\/2016\\\/02\\\/050037ae8aeef3f2c32f90780844f0ff-e1643303615309.jpg\",\"keywords\":[\"Alcoy\",\"detenci\u00f3n\",\"pelea\",\"suceso\"],\"articleSection\":[\"Actualidad\",\"Alcoy\",\"Noticias\",\"Sucesos\"],\"inLanguage\":\"es\"},{\"@type\":\"WebPage\",\"@id\":\"https:\\\/\\\/www.copealcoy.es\\\/es\\\/dos-detenidos-en-una-violenta-pelea-en-alcoy\\\/\",\"url\":\"https:\\\/\\\/www.copealcoy.es\\\/es\\\/dos-detenidos-en-una-violenta-pelea-en-alcoy\\\/\",\"name\":\"Dos detenidos en una violenta pelea en Alcoy - COPE Alcoy\",\"isPartOf\":{\"@id\":\"https:\\\/\\\/www.copealcoy.es\\\/es\\\/#website\"},\"primaryImageOfPage\":{\"@id\":\"https:\\\/\\\/www.copealcoy.es\\\/es\\\/dos-detenidos-en-una-violenta-pelea-en-alcoy\\\/#primaryimage\"},\"image\":{\"@id\":\"https:\\\/\\\/www.copealcoy.es\\\/es\\\/dos-detenidos-en-una-violenta-pelea-en-alcoy\\\/#primaryimage\"},\"thumbnailUrl\":\"https:\\\/\\\/www.copealcoy.es\\\/wp-content\\\/uploads\\\/2016\\\/02\\\/050037ae8aeef3f2c32f90780844f0ff-e1643303615309.jpg\",\"datePublished\":\"2023-07-19T09:43:59+00:00\",\"dateModified\":\"2023-07-19T09:52:25+00:00\",\"author\":{\"@id\":\"https:\\\/\\\/www.copealcoy.es\\\/es\\\/#\\\/schema\\\/person\\\/e777c87fa024e57d40170af9df39882c\"},\"description\":\"Una violenta pelea en plena calle en la madrugada del pasado viernes al s\u00e1bado hizo saltar las alarmas. Todo comenz\u00f3 con un intento de robo y termin\u00f3 con dos detenidos, ambos con antecedentes.\",\"breadcrumb\":{\"@id\":\"https:\\\/\\\/www.copealcoy.es\\\/es\\\/dos-detenidos-en-una-violenta-pelea-en-alcoy\\\/#breadcrumb\"},\"inLanguage\":\"es\",\"potentialAction\":[{\"@type\":\"ReadAction\",\"target\":[\"https:\\\/\\\/www.copealcoy.es\\\/es\\\/dos-detenidos-en-una-violenta-pelea-en-alcoy\\\/\"]}]},{\"@type\":\"ImageObject\",\"inLanguage\":\"es\",\"@id\":\"https:\\\/\\\/www.copealcoy.es\\\/es\\\/dos-detenidos-en-una-violenta-pelea-en-alcoy\\\/#primaryimage\",\"url\":\"https:\\\/\\\/www.copealcoy.es\\\/wp-content\\\/uploads\\\/2016\\\/02\\\/050037ae8aeef3f2c32f90780844f0ff-e1643303615309.jpg\",\"contentUrl\":\"https:\\\/\\\/www.copealcoy.es\\\/wp-content\\\/uploads\\\/2016\\\/02\\\/050037ae8aeef3f2c32f90780844f0ff-e1643303615309.jpg\",\"width\":574,\"height\":320,\"caption\":\"Comisar\u00eda de la Polic\u00eda en Alcoy \\\/ Foto: Diario El Nostre\"},{\"@type\":\"BreadcrumbList\",\"@id\":\"https:\\\/\\\/www.copealcoy.es\\\/es\\\/dos-detenidos-en-una-violenta-pelea-en-alcoy\\\/#breadcrumb\",\"itemListElement\":[{\"@type\":\"ListItem\",\"position\":1,\"name\":\"Portada\",\"item\":\"https:\\\/\\\/www.copealcoy.es\\\/es\\\/\"},{\"@type\":\"ListItem\",\"position\":2,\"name\":\"Dos detenidos en una violenta pelea en Alcoy\"}]},{\"@type\":\"WebSite\",\"@id\":\"https:\\\/\\\/www.copealcoy.es\\\/es\\\/#website\",\"url\":\"https:\\\/\\\/www.copealcoy.es\\\/es\\\/\",\"name\":\"COPE Alcoy\",\"description\":\"Emisora COPE de radio local con emisi\u00f3n online. Pont de Sant Jordi 8-10 03803 Alcoy\",\"potentialAction\":[{\"@type\":\"SearchAction\",\"target\":{\"@type\":\"EntryPoint\",\"urlTemplate\":\"https:\\\/\\\/www.copealcoy.es\\\/es\\\/?s={search_term_string}\"},\"query-input\":{\"@type\":\"PropertyValueSpecification\",\"valueRequired\":true,\"valueName\":\"search_term_string\"}}],\"inLanguage\":\"es\"},{\"@type\":\"Person\",\"@id\":\"https:\\\/\\\/www.copealcoy.es\\\/es\\\/#\\\/schema\\\/person\\\/e777c87fa024e57d40170af9df39882c\",\"name\":\"Cope Alcoy\",\"image\":{\"@type\":\"ImageObject\",\"inLanguage\":\"es\",\"@id\":\"https:\\\/\\\/secure.gravatar.com\\\/avatar\\\/bb65d0283347e303893ba14f0692005417c1e0e690a325a4c5d8bb2b3943ee14?s=96&d=mm&r=g\",\"url\":\"https:\\\/\\\/secure.gravatar.com\\\/avatar\\\/bb65d0283347e303893ba14f0692005417c1e0e690a325a4c5d8bb2b3943ee14?s=96&d=mm&r=g\",\"contentUrl\":\"https:\\\/\\\/secure.gravatar.com\\\/avatar\\\/bb65d0283347e303893ba14f0692005417c1e0e690a325a4c5d8bb2b3943ee14?s=96&d=mm&r=g\",\"caption\":\"Cope Alcoy\"}}]}<\/script>\n<!-- \/ Yoast SEO plugin. -->","yoast_head_json":{"title":"Dos detenidos en una violenta pelea en Alcoy - COPE Alcoy","description":"Una violenta pelea en plena calle en la madrugada del pasado viernes al s\u00e1bado hizo saltar las alarmas. Todo comenz\u00f3 con un intento de robo y termin\u00f3 con dos detenidos, ambos con antecedentes.","robots":{"index":"index","follow":"follow","max-snippet":"max-snippet:-1","max-image-preview":"max-image-preview:large","max-video-preview":"max-video-preview:-1"},"canonical":"https:\/\/www.copealcoy.es\/es\/dos-detenidos-en-una-violenta-pelea-en-alcoy\/","og_locale":"es_ES","og_type":"article","og_title":"Dos detenidos en una violenta pelea en Alcoy - COPE Alcoy","og_description":"Una violenta pelea en plena calle en la madrugada del pasado viernes al s\u00e1bado hizo saltar las alarmas. Todo comenz\u00f3 con un intento de robo y termin\u00f3 con dos detenidos, ambos con antecedentes.","og_url":"https:\/\/www.copealcoy.es\/es\/dos-detenidos-en-una-violenta-pelea-en-alcoy\/","og_site_name":"COPE Alcoy","article_published_time":"2023-07-19T09:43:59+00:00","article_modified_time":"2023-07-19T09:52:25+00:00","og_image":[{"width":574,"height":320,"url":"https:\/\/www.copealcoy.es\/wp-content\/uploads\/2016\/02\/050037ae8aeef3f2c32f90780844f0ff-e1643303615309.jpg","type":"image\/jpeg"}],"author":"Cope Alcoy","twitter_misc":{"Escrito por":"Cope Alcoy","Tiempo de lectura":"2 minutos"},"schema":{"@context":"https:\/\/schema.org","@graph":[{"@type":"Article","@id":"https:\/\/www.copealcoy.es\/es\/dos-detenidos-en-una-violenta-pelea-en-alcoy\/#article","isPartOf":{"@id":"https:\/\/www.copealcoy.es\/es\/dos-detenidos-en-una-violenta-pelea-en-alcoy\/"},"author":{"name":"Cope Alcoy","@id":"https:\/\/www.copealcoy.es\/es\/#\/schema\/person\/e777c87fa024e57d40170af9df39882c"},"headline":"Dos detenidos en una violenta pelea en Alcoy","datePublished":"2023-07-19T09:43:59+00:00","dateModified":"2023-07-19T09:52:25+00:00","mainEntityOfPage":{"@id":"https:\/\/www.copealcoy.es\/es\/dos-detenidos-en-una-violenta-pelea-en-alcoy\/"},"wordCount":377,"commentCount":0,"image":{"@id":"https:\/\/www.copealcoy.es\/es\/dos-detenidos-en-una-violenta-pelea-en-alcoy\/#primaryimage"},"thumbnailUrl":"https:\/\/www.copealcoy.es\/wp-content\/uploads\/2016\/02\/050037ae8aeef3f2c32f90780844f0ff-e1643303615309.jpg","keywords":["Alcoy","detenci\u00f3n","pelea","suceso"],"articleSection":["Actualidad","Alcoy","Noticias","Sucesos"],"inLanguage":"es"},{"@type":"WebPage","@id":"https:\/\/www.copealcoy.es\/es\/dos-detenidos-en-una-violenta-pelea-en-alcoy\/","url":"https:\/\/www.copealcoy.es\/es\/dos-detenidos-en-una-violenta-pelea-en-alcoy\/","name":"Dos detenidos en una violenta pelea en Alcoy - COPE Alcoy","isPartOf":{"@id":"https:\/\/www.copealcoy.es\/es\/#website"},"primaryImageOfPage":{"@id":"https:\/\/www.copealcoy.es\/es\/dos-detenidos-en-una-violenta-pelea-en-alcoy\/#primaryimage"},"image":{"@id":"https:\/\/www.copealcoy.es\/es\/dos-detenidos-en-una-violenta-pelea-en-alcoy\/#primaryimage"},"thumbnailUrl":"https:\/\/www.copealcoy.es\/wp-content\/uploads\/2016\/02\/050037ae8aeef3f2c32f90780844f0ff-e1643303615309.jpg","datePublished":"2023-07-19T09:43:59+00:00","dateModified":"2023-07-19T09:52:25+00:00","author":{"@id":"https:\/\/www.copealcoy.es\/es\/#\/schema\/person\/e777c87fa024e57d40170af9df39882c"},"description":"Una violenta pelea en plena calle en la madrugada del pasado viernes al s\u00e1bado hizo saltar las alarmas. Todo comenz\u00f3 con un intento de robo y termin\u00f3 con dos detenidos, ambos con antecedentes.","breadcrumb":{"@id":"https:\/\/www.copealcoy.es\/es\/dos-detenidos-en-una-violenta-pelea-en-alcoy\/#breadcrumb"},"inLanguage":"es","potentialAction":[{"@type":"ReadAction","target":["https:\/\/www.copealcoy.es\/es\/dos-detenidos-en-una-violenta-pelea-en-alcoy\/"]}]},{"@type":"ImageObject","inLanguage":"es","@id":"https:\/\/www.copealcoy.es\/es\/dos-detenidos-en-una-violenta-pelea-en-alcoy\/#primaryimage","url":"https:\/\/www.copealcoy.es\/wp-content\/uploads\/2016\/02\/050037ae8aeef3f2c32f90780844f0ff-e1643303615309.jpg","contentUrl":"https:\/\/www.copealcoy.es\/wp-content\/uploads\/2016\/02\/050037ae8aeef3f2c32f90780844f0ff-e1643303615309.jpg","width":574,"height":320,"caption":"Comisar\u00eda de la Polic\u00eda en Alcoy \/ Foto: Diario El Nostre"},{"@type":"BreadcrumbList","@id":"https:\/\/www.copealcoy.es\/es\/dos-detenidos-en-una-violenta-pelea-en-alcoy\/#breadcrumb","itemListElement":[{"@type":"ListItem","position":1,"name":"Portada","item":"https:\/\/www.copealcoy.es\/es\/"},{"@type":"ListItem","position":2,"name":"Dos detenidos en una violenta pelea en Alcoy"}]},{"@type":"WebSite","@id":"https:\/\/www.copealcoy.es\/es\/#website","url":"https:\/\/www.copealcoy.es\/es\/","name":"COPE Alcoy","description":"Emisora COPE de radio local con emisi\u00f3n online. Pont de Sant Jordi 8-10 03803 Alcoy","potentialAction":[{"@type":"SearchAction","target":{"@type":"EntryPoint","urlTemplate":"https:\/\/www.copealcoy.es\/es\/?s={search_term_string}"},"query-input":{"@type":"PropertyValueSpecification","valueRequired":true,"valueName":"search_term_string"}}],"inLanguage":"es"},{"@type":"Person","@id":"https:\/\/www.copealcoy.es\/es\/#\/schema\/person\/e777c87fa024e57d40170af9df39882c","name":"Cope Alcoy","image":{"@type":"ImageObject","inLanguage":"es","@id":"https:\/\/secure.gravatar.com\/avatar\/bb65d0283347e303893ba14f0692005417c1e0e690a325a4c5d8bb2b3943ee14?s=96&d=mm&r=g","url":"https:\/\/secure.gravatar.com\/avatar\/bb65d0283347e303893ba14f0692005417c1e0e690a325a4c5d8bb2b3943ee14?s=96&d=mm&r=g","contentUrl":"https:\/\/secure.gravatar.com\/avatar\/bb65d0283347e303893ba14f0692005417c1e0e690a325a4c5d8bb2b3943ee14?s=96&d=mm&r=g","caption":"Cope Alcoy"}}]}},"_links":{"self":[{"href":"https:\/\/www.copealcoy.es\/es\/wp-json\/wp\/v2\/posts\/119953","targetHints":{"allow":["GET"]}}],"collection":[{"href":"https:\/\/www.copealcoy.es\/es\/wp-json\/wp\/v2\/posts"}],"about":[{"href":"https:\/\/www.copealcoy.es\/es\/wp-json\/wp\/v2\/types\/post"}],"author":[{"embeddable":true,"href":"https:\/\/www.copealcoy.es\/es\/wp-json\/wp\/v2\/users\/1"}],"replies":[{"embeddable":true,"href":"https:\/\/www.copealcoy.es\/es\/wp-json\/wp\/v2\/comments?post=119953"}],"version-history":[{"count":0,"href":"https:\/\/www.copealcoy.es\/es\/wp-json\/wp\/v2\/posts\/119953\/revisions"}],"wp:featuredmedia":[{"embeddable":true,"href":"https:\/\/www.copealcoy.es\/es\/wp-json\/wp\/v2\/media\/18764"}],"wp:attachment":[{"href":"https:\/\/www.copealcoy.es\/es\/wp-json\/wp\/v2\/media?parent=119953"}],"wp:term":[{"taxonomy":"category","embeddable":true,"href":"https:\/\/www.copealcoy.es\/es\/wp-json\/wp\/v2\/categories?post=119953"},{"taxonomy":"post_tag","embeddable":true,"href":"https:\/\/www.copealcoy.es\/es\/wp-json\/wp\/v2\/tags?post=119953"}],"curies":[{"name":"wp","href":"https:\/\/api.w.org\/{rel}","templated":true}]}}