{"id":119816,"date":"2023-07-17T12:13:53","date_gmt":"2023-07-17T11:13:53","guid":{"rendered":"https:\/\/www.copealcoy.es\/?p=119816"},"modified":"2023-07-17T16:46:51","modified_gmt":"2023-07-17T15:46:51","slug":"100-de-exito-en-la-preinscripcion-el-campus-de-alcoy-prepara-ya-el-nuevo-curso","status":"publish","type":"post","link":"https:\/\/www.copealcoy.es\/es\/100-de-exito-en-la-preinscripcion-el-campus-de-alcoy-prepara-ya-el-nuevo-curso\/","title":{"rendered":"100% de \u00e9xito en la preinscripci\u00f3n : El Campus de Alcoy prepara ya el nuevo curso"},"content":{"rendered":"<p style=\"text-align: justify;\">El <strong>Campus de Alcoy de la Universidad Polit\u00e9cnica de Valencia<\/strong> ya prepara el nuevo curso acad\u00e9mico una vez <strong>ha finalizado el proceso de preinscripci\u00f3n<\/strong> hecho por los alumnos que han realizado este a\u00f1o las Pruebas de Acceso a la Universidad. Hay que recordar que e<strong>l citado proceso de preinscripci\u00f3n concluy\u00f3 con gran \u00e9xito<\/strong> y el campus alcoyano <strong>ha conseguido completar las 745 plazas ofertadas<\/strong> para sus siete grados y dobles grados.<\/p>\n<p style=\"text-align: justify;\">En esta ocasi\u00f3n <strong>han quedado 1.213 solicitudes en lista de espera<\/strong>. Los grados con mayor n\u00famero de estudiantes que han quedado precisamente en esa lista de espera han sido los de<strong> Ingenier\u00eda Inform\u00e1tica<\/strong>, con 333 candidatos, e<strong> Ingenier\u00eda Mec\u00e1nica<\/strong> con 182. En el <strong>resto de grados<\/strong> oscila entre los 100 y los 130 estudiantes en lista de espera seg\u00fan la informaci\u00f3n facilitada por el mismo Campus. En total, <strong>son 1.958 las personas<\/strong> que, entre preinscritos y lista de espera; han mostrado su inter\u00e9s por estudiar en Alcoy. Una <strong>cifra r\u00e9cord<\/strong> hasta la fecha &#8220;<em>los datos de la preinscripci\u00f3n son realmente positivos. Estamos muy satisfechos porque nuestros grados y nuestros m\u00e1steres universitarios han tenido una respuesta muy positiva. Estamos satisfechos porque son varios a\u00f1os con un 100 % de demanda de plazas y con una considerable lista de espera&#8221;,\u00a0<\/em>afirma el director del campus alcoyano; <strong>Pau Bernab\u00e9u<\/strong>.\u00a0 Bernabeu<strong> comparte tambi\u00e9n las cifras positivas con la comunidad universitaria y la ciudad de Alcoy<\/strong> al igual que felicita <em>\u201cal profesorado, al PAS y a toda la ciudad de Alcoy por su contribuci\u00f3n a este \u00e9xito. Se da la circunstancia de que hay m\u00e1s personas esperando entrar en Alcoy que las que han formalizado la preinscripci\u00f3n. D<\/em><em>esde el Campus haremos lo posible y lo imposible porque los estudiantes preinscritos y que han quedado en lista de espera puedan estudiar en nuestra Universidad. Sobre todo, los que residen en nuestras comarcas&#8221;,\u00a0<\/em>ha concluido.<\/p>\n<p style=\"text-align: justify;\">Recordar que las matr\u00edculas de los alumnos admitidos <strong>se har\u00e1n efectivas el lunes 17 y el martes 18 de julio<\/strong> a trav\u00e9s de la <a href=\"http:\/\/www.epsa.upv.es\/?lang=es\" target=\"_blank\" rel=\"noopener\"><span style=\"color: #0000ff;\"><strong>web del Campus<\/strong><\/span><\/a>. A partir de ah\u00ed <strong>se confirmar\u00e1n las asignaciones o si quedan vacantes<\/strong> y despu\u00e9s <strong>habr\u00e1 una segunda oportunidad<\/strong> para los que est\u00e9n en reserva.<\/p>\n","protected":false},"excerpt":{"rendered":"<p>El Campus de Alcoy de la Universidad Polit\u00e9cnica de Valencia ya prepara el nuevo curso acad\u00e9mico una vez ha finalizado&#8230;<\/p>\n","protected":false},"author":1,"featured_media":91608,"comment_status":"open","ping_status":"open","sticky":false,"template":"","format":"standard","meta":{"footnotes":""},"categories":[97,5374,900,75],"tags":[1494,886,11717,1102,1354],"class_list":["post-119816","post","type-post","status-publish","format-standard","has-post-thumbnail","hentry","category-alcoy","category-campus-de-alcoy","category-educacion","category-noticias","tag-alcoy","tag-campus","tag-nuevo-curso","tag-plazas","tag-preinscripcion"],"yoast_head":"<!-- This site is optimized with the Yoast SEO plugin v27.3 - https:\/\/yoast.com\/product\/yoast-seo-wordpress\/ -->\n<title>100% de \u00e9xito en la preinscripci\u00f3n : El Campus de Alcoy prepara ya el nuevo curso - COPE Alcoy<\/title>\n<meta name=\"description\" content=\"El Campus de Alcoy de la Universidad Polit\u00e9cnica de Valencia ya prepara el nuevo curso acad\u00e9mico una vez ha finalizado el proceso de preinscripci\u00f3n\" \/>\n<meta name=\"robots\" content=\"index, follow, max-snippet:-1, max-image-preview:large, max-video-preview:-1\" \/>\n<link rel=\"canonical\" href=\"https:\/\/www.copealcoy.es\/es\/100-de-exito-en-la-preinscripcion-el-campus-de-alcoy-prepara-ya-el-nuevo-curso\/\" \/>\n<meta property=\"og:locale\" content=\"es_ES\" \/>\n<meta property=\"og:type\" content=\"article\" \/>\n<meta property=\"og:title\" content=\"100% de \u00e9xito en la preinscripci\u00f3n : El Campus de Alcoy prepara ya el nuevo curso - COPE Alcoy\" \/>\n<meta property=\"og:description\" content=\"El Campus de Alcoy de la Universidad Polit\u00e9cnica de Valencia ya prepara el nuevo curso acad\u00e9mico una vez ha finalizado el proceso de preinscripci\u00f3n\" \/>\n<meta property=\"og:url\" content=\"https:\/\/www.copealcoy.es\/es\/100-de-exito-en-la-preinscripcion-el-campus-de-alcoy-prepara-ya-el-nuevo-curso\/\" \/>\n<meta property=\"og:site_name\" content=\"COPE Alcoy\" \/>\n<meta property=\"article:published_time\" content=\"2023-07-17T11:13:53+00:00\" \/>\n<meta property=\"article:modified_time\" content=\"2023-07-17T15:46:51+00:00\" \/>\n<meta property=\"og:image\" content=\"https:\/\/www.copealcoy.es\/wp-content\/uploads\/2022\/09\/302418991_501227805339562_6783262395149823218_n-scaled-e1663164893815.jpg\" \/>\n\t<meta property=\"og:image:width\" content=\"640\" \/>\n\t<meta property=\"og:image:height\" content=\"445\" \/>\n\t<meta property=\"og:image:type\" content=\"image\/jpeg\" \/>\n<meta name=\"author\" content=\"Cope Alcoy\" \/>\n<meta name=\"twitter:label1\" content=\"Escrito por\" \/>\n\t<meta name=\"twitter:data1\" content=\"Cope Alcoy\" \/>\n\t<meta name=\"twitter:label2\" content=\"Tiempo de lectura\" \/>\n\t<meta name=\"twitter:data2\" content=\"2 minutos\" \/>\n<script type=\"application\/ld+json\" class=\"yoast-schema-graph\">{\"@context\":\"https:\\\/\\\/schema.org\",\"@graph\":[{\"@type\":\"Article\",\"@id\":\"https:\\\/\\\/www.copealcoy.es\\\/es\\\/100-de-exito-en-la-preinscripcion-el-campus-de-alcoy-prepara-ya-el-nuevo-curso\\\/#article\",\"isPartOf\":{\"@id\":\"https:\\\/\\\/www.copealcoy.es\\\/es\\\/100-de-exito-en-la-preinscripcion-el-campus-de-alcoy-prepara-ya-el-nuevo-curso\\\/\"},\"author\":{\"name\":\"Cope Alcoy\",\"@id\":\"https:\\\/\\\/www.copealcoy.es\\\/es\\\/#\\\/schema\\\/person\\\/e777c87fa024e57d40170af9df39882c\"},\"headline\":\"100% de \u00e9xito en la preinscripci\u00f3n : El Campus de Alcoy prepara ya el nuevo curso\",\"datePublished\":\"2023-07-17T11:13:53+00:00\",\"dateModified\":\"2023-07-17T15:46:51+00:00\",\"mainEntityOfPage\":{\"@id\":\"https:\\\/\\\/www.copealcoy.es\\\/es\\\/100-de-exito-en-la-preinscripcion-el-campus-de-alcoy-prepara-ya-el-nuevo-curso\\\/\"},\"wordCount\":394,\"commentCount\":0,\"image\":{\"@id\":\"https:\\\/\\\/www.copealcoy.es\\\/es\\\/100-de-exito-en-la-preinscripcion-el-campus-de-alcoy-prepara-ya-el-nuevo-curso\\\/#primaryimage\"},\"thumbnailUrl\":\"https:\\\/\\\/www.copealcoy.es\\\/wp-content\\\/uploads\\\/2022\\\/09\\\/302418991_501227805339562_6783262395149823218_n-scaled-e1663164893815.jpg\",\"keywords\":[\"Alcoy\",\"Campus\",\"nuevo curso\",\"plazas\",\"Preinscripci\u00f3n\"],\"articleSection\":[\"Alcoy\",\"Campus de Alcoy\",\"Educaci\u00f3n\",\"Noticias\"],\"inLanguage\":\"es\"},{\"@type\":\"WebPage\",\"@id\":\"https:\\\/\\\/www.copealcoy.es\\\/es\\\/100-de-exito-en-la-preinscripcion-el-campus-de-alcoy-prepara-ya-el-nuevo-curso\\\/\",\"url\":\"https:\\\/\\\/www.copealcoy.es\\\/es\\\/100-de-exito-en-la-preinscripcion-el-campus-de-alcoy-prepara-ya-el-nuevo-curso\\\/\",\"name\":\"100% de \u00e9xito en la preinscripci\u00f3n : El Campus de Alcoy prepara ya el nuevo curso - COPE Alcoy\",\"isPartOf\":{\"@id\":\"https:\\\/\\\/www.copealcoy.es\\\/es\\\/#website\"},\"primaryImageOfPage\":{\"@id\":\"https:\\\/\\\/www.copealcoy.es\\\/es\\\/100-de-exito-en-la-preinscripcion-el-campus-de-alcoy-prepara-ya-el-nuevo-curso\\\/#primaryimage\"},\"image\":{\"@id\":\"https:\\\/\\\/www.copealcoy.es\\\/es\\\/100-de-exito-en-la-preinscripcion-el-campus-de-alcoy-prepara-ya-el-nuevo-curso\\\/#primaryimage\"},\"thumbnailUrl\":\"https:\\\/\\\/www.copealcoy.es\\\/wp-content\\\/uploads\\\/2022\\\/09\\\/302418991_501227805339562_6783262395149823218_n-scaled-e1663164893815.jpg\",\"datePublished\":\"2023-07-17T11:13:53+00:00\",\"dateModified\":\"2023-07-17T15:46:51+00:00\",\"author\":{\"@id\":\"https:\\\/\\\/www.copealcoy.es\\\/es\\\/#\\\/schema\\\/person\\\/e777c87fa024e57d40170af9df39882c\"},\"description\":\"El Campus de Alcoy de la Universidad Polit\u00e9cnica de Valencia ya prepara el nuevo curso acad\u00e9mico una vez ha finalizado el proceso de preinscripci\u00f3n\",\"breadcrumb\":{\"@id\":\"https:\\\/\\\/www.copealcoy.es\\\/es\\\/100-de-exito-en-la-preinscripcion-el-campus-de-alcoy-prepara-ya-el-nuevo-curso\\\/#breadcrumb\"},\"inLanguage\":\"es\",\"potentialAction\":[{\"@type\":\"ReadAction\",\"target\":[\"https:\\\/\\\/www.copealcoy.es\\\/es\\\/100-de-exito-en-la-preinscripcion-el-campus-de-alcoy-prepara-ya-el-nuevo-curso\\\/\"]}]},{\"@type\":\"ImageObject\",\"inLanguage\":\"es\",\"@id\":\"https:\\\/\\\/www.copealcoy.es\\\/es\\\/100-de-exito-en-la-preinscripcion-el-campus-de-alcoy-prepara-ya-el-nuevo-curso\\\/#primaryimage\",\"url\":\"https:\\\/\\\/www.copealcoy.es\\\/wp-content\\\/uploads\\\/2022\\\/09\\\/302418991_501227805339562_6783262395149823218_n-scaled-e1663164893815.jpg\",\"contentUrl\":\"https:\\\/\\\/www.copealcoy.es\\\/wp-content\\\/uploads\\\/2022\\\/09\\\/302418991_501227805339562_6783262395149823218_n-scaled-e1663164893815.jpg\",\"width\":640,\"height\":445},{\"@type\":\"BreadcrumbList\",\"@id\":\"https:\\\/\\\/www.copealcoy.es\\\/es\\\/100-de-exito-en-la-preinscripcion-el-campus-de-alcoy-prepara-ya-el-nuevo-curso\\\/#breadcrumb\",\"itemListElement\":[{\"@type\":\"ListItem\",\"position\":1,\"name\":\"Portada\",\"item\":\"https:\\\/\\\/www.copealcoy.es\\\/es\\\/\"},{\"@type\":\"ListItem\",\"position\":2,\"name\":\"100% de \u00e9xito en la preinscripci\u00f3n : El Campus de Alcoy prepara ya el nuevo curso\"}]},{\"@type\":\"WebSite\",\"@id\":\"https:\\\/\\\/www.copealcoy.es\\\/es\\\/#website\",\"url\":\"https:\\\/\\\/www.copealcoy.es\\\/es\\\/\",\"name\":\"COPE Alcoy\",\"description\":\"Emisora COPE de radio local con emisi\u00f3n online. Pont de Sant Jordi 8-10 03803 Alcoy\",\"potentialAction\":[{\"@type\":\"SearchAction\",\"target\":{\"@type\":\"EntryPoint\",\"urlTemplate\":\"https:\\\/\\\/www.copealcoy.es\\\/es\\\/?s={search_term_string}\"},\"query-input\":{\"@type\":\"PropertyValueSpecification\",\"valueRequired\":true,\"valueName\":\"search_term_string\"}}],\"inLanguage\":\"es\"},{\"@type\":\"Person\",\"@id\":\"https:\\\/\\\/www.copealcoy.es\\\/es\\\/#\\\/schema\\\/person\\\/e777c87fa024e57d40170af9df39882c\",\"name\":\"Cope Alcoy\",\"image\":{\"@type\":\"ImageObject\",\"inLanguage\":\"es\",\"@id\":\"https:\\\/\\\/secure.gravatar.com\\\/avatar\\\/bb65d0283347e303893ba14f0692005417c1e0e690a325a4c5d8bb2b3943ee14?s=96&d=mm&r=g\",\"url\":\"https:\\\/\\\/secure.gravatar.com\\\/avatar\\\/bb65d0283347e303893ba14f0692005417c1e0e690a325a4c5d8bb2b3943ee14?s=96&d=mm&r=g\",\"contentUrl\":\"https:\\\/\\\/secure.gravatar.com\\\/avatar\\\/bb65d0283347e303893ba14f0692005417c1e0e690a325a4c5d8bb2b3943ee14?s=96&d=mm&r=g\",\"caption\":\"Cope Alcoy\"}}]}<\/script>\n<!-- \/ Yoast SEO plugin. -->","yoast_head_json":{"title":"100% de \u00e9xito en la preinscripci\u00f3n : El Campus de Alcoy prepara ya el nuevo curso - COPE Alcoy","description":"El Campus de Alcoy de la Universidad Polit\u00e9cnica de Valencia ya prepara el nuevo curso acad\u00e9mico una vez ha finalizado el proceso de preinscripci\u00f3n","robots":{"index":"index","follow":"follow","max-snippet":"max-snippet:-1","max-image-preview":"max-image-preview:large","max-video-preview":"max-video-preview:-1"},"canonical":"https:\/\/www.copealcoy.es\/es\/100-de-exito-en-la-preinscripcion-el-campus-de-alcoy-prepara-ya-el-nuevo-curso\/","og_locale":"es_ES","og_type":"article","og_title":"100% de \u00e9xito en la preinscripci\u00f3n : El Campus de Alcoy prepara ya el nuevo curso - COPE Alcoy","og_description":"El Campus de Alcoy de la Universidad Polit\u00e9cnica de Valencia ya prepara el nuevo curso acad\u00e9mico una vez ha finalizado el proceso de preinscripci\u00f3n","og_url":"https:\/\/www.copealcoy.es\/es\/100-de-exito-en-la-preinscripcion-el-campus-de-alcoy-prepara-ya-el-nuevo-curso\/","og_site_name":"COPE Alcoy","article_published_time":"2023-07-17T11:13:53+00:00","article_modified_time":"2023-07-17T15:46:51+00:00","og_image":[{"width":640,"height":445,"url":"https:\/\/www.copealcoy.es\/wp-content\/uploads\/2022\/09\/302418991_501227805339562_6783262395149823218_n-scaled-e1663164893815.jpg","type":"image\/jpeg"}],"author":"Cope Alcoy","twitter_misc":{"Escrito por":"Cope Alcoy","Tiempo de lectura":"2 minutos"},"schema":{"@context":"https:\/\/schema.org","@graph":[{"@type":"Article","@id":"https:\/\/www.copealcoy.es\/es\/100-de-exito-en-la-preinscripcion-el-campus-de-alcoy-prepara-ya-el-nuevo-curso\/#article","isPartOf":{"@id":"https:\/\/www.copealcoy.es\/es\/100-de-exito-en-la-preinscripcion-el-campus-de-alcoy-prepara-ya-el-nuevo-curso\/"},"author":{"name":"Cope Alcoy","@id":"https:\/\/www.copealcoy.es\/es\/#\/schema\/person\/e777c87fa024e57d40170af9df39882c"},"headline":"100% de \u00e9xito en la preinscripci\u00f3n : El Campus de Alcoy prepara ya el nuevo curso","datePublished":"2023-07-17T11:13:53+00:00","dateModified":"2023-07-17T15:46:51+00:00","mainEntityOfPage":{"@id":"https:\/\/www.copealcoy.es\/es\/100-de-exito-en-la-preinscripcion-el-campus-de-alcoy-prepara-ya-el-nuevo-curso\/"},"wordCount":394,"commentCount":0,"image":{"@id":"https:\/\/www.copealcoy.es\/es\/100-de-exito-en-la-preinscripcion-el-campus-de-alcoy-prepara-ya-el-nuevo-curso\/#primaryimage"},"thumbnailUrl":"https:\/\/www.copealcoy.es\/wp-content\/uploads\/2022\/09\/302418991_501227805339562_6783262395149823218_n-scaled-e1663164893815.jpg","keywords":["Alcoy","Campus","nuevo curso","plazas","Preinscripci\u00f3n"],"articleSection":["Alcoy","Campus de Alcoy","Educaci\u00f3n","Noticias"],"inLanguage":"es"},{"@type":"WebPage","@id":"https:\/\/www.copealcoy.es\/es\/100-de-exito-en-la-preinscripcion-el-campus-de-alcoy-prepara-ya-el-nuevo-curso\/","url":"https:\/\/www.copealcoy.es\/es\/100-de-exito-en-la-preinscripcion-el-campus-de-alcoy-prepara-ya-el-nuevo-curso\/","name":"100% de \u00e9xito en la preinscripci\u00f3n : El Campus de Alcoy prepara ya el nuevo curso - COPE Alcoy","isPartOf":{"@id":"https:\/\/www.copealcoy.es\/es\/#website"},"primaryImageOfPage":{"@id":"https:\/\/www.copealcoy.es\/es\/100-de-exito-en-la-preinscripcion-el-campus-de-alcoy-prepara-ya-el-nuevo-curso\/#primaryimage"},"image":{"@id":"https:\/\/www.copealcoy.es\/es\/100-de-exito-en-la-preinscripcion-el-campus-de-alcoy-prepara-ya-el-nuevo-curso\/#primaryimage"},"thumbnailUrl":"https:\/\/www.copealcoy.es\/wp-content\/uploads\/2022\/09\/302418991_501227805339562_6783262395149823218_n-scaled-e1663164893815.jpg","datePublished":"2023-07-17T11:13:53+00:00","dateModified":"2023-07-17T15:46:51+00:00","author":{"@id":"https:\/\/www.copealcoy.es\/es\/#\/schema\/person\/e777c87fa024e57d40170af9df39882c"},"description":"El Campus de Alcoy de la Universidad Polit\u00e9cnica de Valencia ya prepara el nuevo curso acad\u00e9mico una vez ha finalizado el proceso de preinscripci\u00f3n","breadcrumb":{"@id":"https:\/\/www.copealcoy.es\/es\/100-de-exito-en-la-preinscripcion-el-campus-de-alcoy-prepara-ya-el-nuevo-curso\/#breadcrumb"},"inLanguage":"es","potentialAction":[{"@type":"ReadAction","target":["https:\/\/www.copealcoy.es\/es\/100-de-exito-en-la-preinscripcion-el-campus-de-alcoy-prepara-ya-el-nuevo-curso\/"]}]},{"@type":"ImageObject","inLanguage":"es","@id":"https:\/\/www.copealcoy.es\/es\/100-de-exito-en-la-preinscripcion-el-campus-de-alcoy-prepara-ya-el-nuevo-curso\/#primaryimage","url":"https:\/\/www.copealcoy.es\/wp-content\/uploads\/2022\/09\/302418991_501227805339562_6783262395149823218_n-scaled-e1663164893815.jpg","contentUrl":"https:\/\/www.copealcoy.es\/wp-content\/uploads\/2022\/09\/302418991_501227805339562_6783262395149823218_n-scaled-e1663164893815.jpg","width":640,"height":445},{"@type":"BreadcrumbList","@id":"https:\/\/www.copealcoy.es\/es\/100-de-exito-en-la-preinscripcion-el-campus-de-alcoy-prepara-ya-el-nuevo-curso\/#breadcrumb","itemListElement":[{"@type":"ListItem","position":1,"name":"Portada","item":"https:\/\/www.copealcoy.es\/es\/"},{"@type":"ListItem","position":2,"name":"100% de \u00e9xito en la preinscripci\u00f3n : El Campus de Alcoy prepara ya el nuevo curso"}]},{"@type":"WebSite","@id":"https:\/\/www.copealcoy.es\/es\/#website","url":"https:\/\/www.copealcoy.es\/es\/","name":"COPE Alcoy","description":"Emisora COPE de radio local con emisi\u00f3n online. Pont de Sant Jordi 8-10 03803 Alcoy","potentialAction":[{"@type":"SearchAction","target":{"@type":"EntryPoint","urlTemplate":"https:\/\/www.copealcoy.es\/es\/?s={search_term_string}"},"query-input":{"@type":"PropertyValueSpecification","valueRequired":true,"valueName":"search_term_string"}}],"inLanguage":"es"},{"@type":"Person","@id":"https:\/\/www.copealcoy.es\/es\/#\/schema\/person\/e777c87fa024e57d40170af9df39882c","name":"Cope Alcoy","image":{"@type":"ImageObject","inLanguage":"es","@id":"https:\/\/secure.gravatar.com\/avatar\/bb65d0283347e303893ba14f0692005417c1e0e690a325a4c5d8bb2b3943ee14?s=96&d=mm&r=g","url":"https:\/\/secure.gravatar.com\/avatar\/bb65d0283347e303893ba14f0692005417c1e0e690a325a4c5d8bb2b3943ee14?s=96&d=mm&r=g","contentUrl":"https:\/\/secure.gravatar.com\/avatar\/bb65d0283347e303893ba14f0692005417c1e0e690a325a4c5d8bb2b3943ee14?s=96&d=mm&r=g","caption":"Cope Alcoy"}}]}},"_links":{"self":[{"href":"https:\/\/www.copealcoy.es\/es\/wp-json\/wp\/v2\/posts\/119816","targetHints":{"allow":["GET"]}}],"collection":[{"href":"https:\/\/www.copealcoy.es\/es\/wp-json\/wp\/v2\/posts"}],"about":[{"href":"https:\/\/www.copealcoy.es\/es\/wp-json\/wp\/v2\/types\/post"}],"author":[{"embeddable":true,"href":"https:\/\/www.copealcoy.es\/es\/wp-json\/wp\/v2\/users\/1"}],"replies":[{"embeddable":true,"href":"https:\/\/www.copealcoy.es\/es\/wp-json\/wp\/v2\/comments?post=119816"}],"version-history":[{"count":0,"href":"https:\/\/www.copealcoy.es\/es\/wp-json\/wp\/v2\/posts\/119816\/revisions"}],"wp:featuredmedia":[{"embeddable":true,"href":"https:\/\/www.copealcoy.es\/es\/wp-json\/wp\/v2\/media\/91608"}],"wp:attachment":[{"href":"https:\/\/www.copealcoy.es\/es\/wp-json\/wp\/v2\/media?parent=119816"}],"wp:term":[{"taxonomy":"category","embeddable":true,"href":"https:\/\/www.copealcoy.es\/es\/wp-json\/wp\/v2\/categories?post=119816"},{"taxonomy":"post_tag","embeddable":true,"href":"https:\/\/www.copealcoy.es\/es\/wp-json\/wp\/v2\/tags?post=119816"}],"curies":[{"name":"wp","href":"https:\/\/api.w.org\/{rel}","templated":true}]}}