{"id":119728,"date":"2023-07-14T18:10:22","date_gmt":"2023-07-14T17:10:22","guid":{"rendered":"https:\/\/www.copealcoy.es\/?p=119728"},"modified":"2023-07-14T18:10:22","modified_gmt":"2023-07-14T17:10:22","slug":"alcoy-ya-tiene-plan-de-emergencia-especifico-ante-inundaciones-o-riesgo-sismico","status":"publish","type":"post","link":"https:\/\/www.copealcoy.es\/es\/alcoy-ya-tiene-plan-de-emergencia-especifico-ante-inundaciones-o-riesgo-sismico\/","title":{"rendered":"Alcoy ya tiene plan de emergencia espec\u00edfico ante inundaciones o riesgo s\u00edsmico"},"content":{"rendered":"<p style=\"text-align: justify;\">El <a href=\"https:\/\/www.alcoi.org\/ca\/portal\/index.html\" target=\"_blank\" rel=\"noopener\"><span style=\"color: #0000ff;\"><strong>pleno del Ayuntamiento de Alcoy<\/strong><\/span><\/a> ha aprobado hoy sus Planes de Emergencia, unos documentos que en el caso concreto de nuestra ciudad <strong>han sido dise\u00f1ados para actuar frente a incendios forestales, inundaciones o riesgos s\u00edsmicos<\/strong>. Los mismos <strong>determinan el protocolo a seguir en caso de que ocurra una emergencia de estas caracter\u00edsticas<\/strong>, estableciendo procedimientos de actuaci\u00f3n, alarma, evacuaci\u00f3n y socorro, entre otros.<\/p>\n<p style=\"text-align: justify;\">Se trata de tres planes que <strong>se suman al Plan Territorial Municipal frente a Emergencias<\/strong>, aprobado por el pleno municipal del Consistorio del 31 de Julio de 2020, y <strong>homologado por la Comisi\u00f3n de Protecci\u00f3n Civil de la Comunidad Valenciana<\/strong>. De esta forma, adem\u00e1s de detectarse los riesgos a los que un territorio est\u00e1 expuesto, <strong>se determina el protocolo a seguir en caso de que ocurra una emergencia relacionada con los incendios forestales, inundaciones por lluvias intensas o un hipot\u00e9tico terremoto<\/strong> &#8220;<em>todos los Ayuntamientos de la Comunidad Valenciana tienen la obligaci\u00f3n de redactar Planes de Emergencia y planes espec\u00edficos ajustados al grado de riesgo potencial detectado por la Comisi\u00f3n de Protecci\u00f3n Civil para cada situaci\u00f3n. Contar con estos documentos supone, adem\u00e1s de cumplir con una obligaci\u00f3n legal, dotarse de herramientas muy \u00fatiles para coordinar las actuaciones y efectivos de la manera m\u00e1s eficiente ante este tipo de situaciones<\/em>\u201d, indicaba el concejal de Seguridad; <strong>Ra\u00fcl Llopis<\/strong>.<\/p>\n<p style=\"text-align: justify;\">Pese a que Alcoy ya ten\u00eda un <strong>Plan Territorial Municipal de Emergencias<\/strong>, la Ley 13\/2010 de 23 de noviembre que regula las competencias de las Administraciones locales en materia de Protecci\u00f3n Civil y Gesti\u00f3n de Emergencias, obligaba a la ciudad a contar con <strong>los tres planes espec\u00edficos<\/strong> que se han votado esta ma\u00f1ana. Durante la sesi\u00f3n plenaria\u00a0 se ha aprobado tambi\u00e9n por unanimidad <strong>poner en marcha una convocatoria urgente cubrir las vacantes y ampliar la plantilla de la brigada de obras<\/strong>. Son 7 plazas de mantenimiento y con ello se evitar\u00eda tener que externalizar el servicio.<\/p>\n","protected":false},"excerpt":{"rendered":"<p>El pleno del Ayuntamiento de Alcoy ha aprobado hoy sus Planes de Emergencia, unos documentos que en el caso concreto&#8230;<\/p>\n","protected":false},"author":1,"featured_media":119729,"comment_status":"open","ping_status":"open","sticky":false,"template":"","format":"standard","meta":{"footnotes":""},"categories":[6909,97,75,125],"tags":[1494,15232,229,15231,322],"class_list":["post-119728","post","type-post","status-publish","format-standard","has-post-thumbnail","hentry","category-actualidad","category-alcoy","category-noticias","category-portada","tag-alcoy","tag-ampliacion-plantilla-brigada-obras","tag-ayuntamiento","tag-planes-emergencias","tag-pleno"],"yoast_head":"<!-- This site is optimized with the Yoast SEO plugin v27.3 - https:\/\/yoast.com\/product\/yoast-seo-wordpress\/ -->\n<title>Alcoy ya tiene plan de emergencia espec\u00edfico ante inundaciones o riesgo s\u00edsmico - COPE Alcoy<\/title>\n<meta name=\"description\" content=\"El pleno de Alcoy ha aprobado hoy sus Planes de Emergencia para actuar frente a incendios forestales, inundaciones o terremotos\" \/>\n<meta name=\"robots\" content=\"index, follow, max-snippet:-1, max-image-preview:large, max-video-preview:-1\" \/>\n<link rel=\"canonical\" href=\"https:\/\/www.copealcoy.es\/es\/alcoy-ya-tiene-plan-de-emergencia-especifico-ante-inundaciones-o-riesgo-sismico\/\" \/>\n<meta property=\"og:locale\" content=\"es_ES\" \/>\n<meta property=\"og:type\" content=\"article\" \/>\n<meta property=\"og:title\" content=\"Alcoy ya tiene plan de emergencia espec\u00edfico ante inundaciones o riesgo s\u00edsmico - COPE Alcoy\" \/>\n<meta property=\"og:description\" content=\"El pleno de Alcoy ha aprobado hoy sus Planes de Emergencia para actuar frente a incendios forestales, inundaciones o terremotos\" \/>\n<meta property=\"og:url\" content=\"https:\/\/www.copealcoy.es\/es\/alcoy-ya-tiene-plan-de-emergencia-especifico-ante-inundaciones-o-riesgo-sismico\/\" \/>\n<meta property=\"og:site_name\" content=\"COPE Alcoy\" \/>\n<meta property=\"article:published_time\" content=\"2023-07-14T17:10:22+00:00\" \/>\n<meta property=\"og:image\" content=\"https:\/\/www.copealcoy.es\/wp-content\/uploads\/2023\/07\/359406631_651480387012490_6385201739559892376_n-scaled-e1689332731149.jpg\" \/>\n\t<meta property=\"og:image:width\" content=\"640\" \/>\n\t<meta property=\"og:image:height\" content=\"480\" \/>\n\t<meta property=\"og:image:type\" content=\"image\/jpeg\" \/>\n<meta name=\"author\" content=\"Cope Alcoy\" \/>\n<meta name=\"twitter:label1\" content=\"Escrito por\" \/>\n\t<meta name=\"twitter:data1\" content=\"Cope Alcoy\" \/>\n\t<meta name=\"twitter:label2\" content=\"Tiempo de lectura\" \/>\n\t<meta name=\"twitter:data2\" content=\"2 minutos\" \/>\n<script type=\"application\/ld+json\" class=\"yoast-schema-graph\">{\"@context\":\"https:\\\/\\\/schema.org\",\"@graph\":[{\"@type\":\"Article\",\"@id\":\"https:\\\/\\\/www.copealcoy.es\\\/es\\\/alcoy-ya-tiene-plan-de-emergencia-especifico-ante-inundaciones-o-riesgo-sismico\\\/#article\",\"isPartOf\":{\"@id\":\"https:\\\/\\\/www.copealcoy.es\\\/es\\\/alcoy-ya-tiene-plan-de-emergencia-especifico-ante-inundaciones-o-riesgo-sismico\\\/\"},\"author\":{\"name\":\"Cope Alcoy\",\"@id\":\"https:\\\/\\\/www.copealcoy.es\\\/es\\\/#\\\/schema\\\/person\\\/e777c87fa024e57d40170af9df39882c\"},\"headline\":\"Alcoy ya tiene plan de emergencia espec\u00edfico ante inundaciones o riesgo s\u00edsmico\",\"datePublished\":\"2023-07-14T17:10:22+00:00\",\"mainEntityOfPage\":{\"@id\":\"https:\\\/\\\/www.copealcoy.es\\\/es\\\/alcoy-ya-tiene-plan-de-emergencia-especifico-ante-inundaciones-o-riesgo-sismico\\\/\"},\"wordCount\":349,\"commentCount\":0,\"image\":{\"@id\":\"https:\\\/\\\/www.copealcoy.es\\\/es\\\/alcoy-ya-tiene-plan-de-emergencia-especifico-ante-inundaciones-o-riesgo-sismico\\\/#primaryimage\"},\"thumbnailUrl\":\"https:\\\/\\\/www.copealcoy.es\\\/wp-content\\\/uploads\\\/2023\\\/07\\\/359406631_651480387012490_6385201739559892376_n-scaled-e1689332731149.jpg\",\"keywords\":[\"Alcoy\",\"ampliaci\u00f3n plantilla brigada obras\",\"Ayuntamiento\",\"Planes Emergencias\",\"Pleno\"],\"articleSection\":[\"Actualidad\",\"Alcoy\",\"Noticias\",\"Portada\"],\"inLanguage\":\"es\"},{\"@type\":\"WebPage\",\"@id\":\"https:\\\/\\\/www.copealcoy.es\\\/es\\\/alcoy-ya-tiene-plan-de-emergencia-especifico-ante-inundaciones-o-riesgo-sismico\\\/\",\"url\":\"https:\\\/\\\/www.copealcoy.es\\\/es\\\/alcoy-ya-tiene-plan-de-emergencia-especifico-ante-inundaciones-o-riesgo-sismico\\\/\",\"name\":\"Alcoy ya tiene plan de emergencia espec\u00edfico ante inundaciones o riesgo s\u00edsmico - COPE Alcoy\",\"isPartOf\":{\"@id\":\"https:\\\/\\\/www.copealcoy.es\\\/es\\\/#website\"},\"primaryImageOfPage\":{\"@id\":\"https:\\\/\\\/www.copealcoy.es\\\/es\\\/alcoy-ya-tiene-plan-de-emergencia-especifico-ante-inundaciones-o-riesgo-sismico\\\/#primaryimage\"},\"image\":{\"@id\":\"https:\\\/\\\/www.copealcoy.es\\\/es\\\/alcoy-ya-tiene-plan-de-emergencia-especifico-ante-inundaciones-o-riesgo-sismico\\\/#primaryimage\"},\"thumbnailUrl\":\"https:\\\/\\\/www.copealcoy.es\\\/wp-content\\\/uploads\\\/2023\\\/07\\\/359406631_651480387012490_6385201739559892376_n-scaled-e1689332731149.jpg\",\"datePublished\":\"2023-07-14T17:10:22+00:00\",\"author\":{\"@id\":\"https:\\\/\\\/www.copealcoy.es\\\/es\\\/#\\\/schema\\\/person\\\/e777c87fa024e57d40170af9df39882c\"},\"description\":\"El pleno de Alcoy ha aprobado hoy sus Planes de Emergencia para actuar frente a incendios forestales, inundaciones o terremotos\",\"breadcrumb\":{\"@id\":\"https:\\\/\\\/www.copealcoy.es\\\/es\\\/alcoy-ya-tiene-plan-de-emergencia-especifico-ante-inundaciones-o-riesgo-sismico\\\/#breadcrumb\"},\"inLanguage\":\"es\",\"potentialAction\":[{\"@type\":\"ReadAction\",\"target\":[\"https:\\\/\\\/www.copealcoy.es\\\/es\\\/alcoy-ya-tiene-plan-de-emergencia-especifico-ante-inundaciones-o-riesgo-sismico\\\/\"]}]},{\"@type\":\"ImageObject\",\"inLanguage\":\"es\",\"@id\":\"https:\\\/\\\/www.copealcoy.es\\\/es\\\/alcoy-ya-tiene-plan-de-emergencia-especifico-ante-inundaciones-o-riesgo-sismico\\\/#primaryimage\",\"url\":\"https:\\\/\\\/www.copealcoy.es\\\/wp-content\\\/uploads\\\/2023\\\/07\\\/359406631_651480387012490_6385201739559892376_n-scaled-e1689332731149.jpg\",\"contentUrl\":\"https:\\\/\\\/www.copealcoy.es\\\/wp-content\\\/uploads\\\/2023\\\/07\\\/359406631_651480387012490_6385201739559892376_n-scaled-e1689332731149.jpg\",\"width\":640,\"height\":480},{\"@type\":\"BreadcrumbList\",\"@id\":\"https:\\\/\\\/www.copealcoy.es\\\/es\\\/alcoy-ya-tiene-plan-de-emergencia-especifico-ante-inundaciones-o-riesgo-sismico\\\/#breadcrumb\",\"itemListElement\":[{\"@type\":\"ListItem\",\"position\":1,\"name\":\"Portada\",\"item\":\"https:\\\/\\\/www.copealcoy.es\\\/es\\\/\"},{\"@type\":\"ListItem\",\"position\":2,\"name\":\"Alcoy ya tiene plan de emergencia espec\u00edfico ante inundaciones o riesgo s\u00edsmico\"}]},{\"@type\":\"WebSite\",\"@id\":\"https:\\\/\\\/www.copealcoy.es\\\/es\\\/#website\",\"url\":\"https:\\\/\\\/www.copealcoy.es\\\/es\\\/\",\"name\":\"COPE Alcoy\",\"description\":\"Emisora COPE de radio local con emisi\u00f3n online. Pont de Sant Jordi 8-10 03803 Alcoy\",\"potentialAction\":[{\"@type\":\"SearchAction\",\"target\":{\"@type\":\"EntryPoint\",\"urlTemplate\":\"https:\\\/\\\/www.copealcoy.es\\\/es\\\/?s={search_term_string}\"},\"query-input\":{\"@type\":\"PropertyValueSpecification\",\"valueRequired\":true,\"valueName\":\"search_term_string\"}}],\"inLanguage\":\"es\"},{\"@type\":\"Person\",\"@id\":\"https:\\\/\\\/www.copealcoy.es\\\/es\\\/#\\\/schema\\\/person\\\/e777c87fa024e57d40170af9df39882c\",\"name\":\"Cope Alcoy\",\"image\":{\"@type\":\"ImageObject\",\"inLanguage\":\"es\",\"@id\":\"https:\\\/\\\/secure.gravatar.com\\\/avatar\\\/bb65d0283347e303893ba14f0692005417c1e0e690a325a4c5d8bb2b3943ee14?s=96&d=mm&r=g\",\"url\":\"https:\\\/\\\/secure.gravatar.com\\\/avatar\\\/bb65d0283347e303893ba14f0692005417c1e0e690a325a4c5d8bb2b3943ee14?s=96&d=mm&r=g\",\"contentUrl\":\"https:\\\/\\\/secure.gravatar.com\\\/avatar\\\/bb65d0283347e303893ba14f0692005417c1e0e690a325a4c5d8bb2b3943ee14?s=96&d=mm&r=g\",\"caption\":\"Cope Alcoy\"}}]}<\/script>\n<!-- \/ Yoast SEO plugin. -->","yoast_head_json":{"title":"Alcoy ya tiene plan de emergencia espec\u00edfico ante inundaciones o riesgo s\u00edsmico - COPE Alcoy","description":"El pleno de Alcoy ha aprobado hoy sus Planes de Emergencia para actuar frente a incendios forestales, inundaciones o terremotos","robots":{"index":"index","follow":"follow","max-snippet":"max-snippet:-1","max-image-preview":"max-image-preview:large","max-video-preview":"max-video-preview:-1"},"canonical":"https:\/\/www.copealcoy.es\/es\/alcoy-ya-tiene-plan-de-emergencia-especifico-ante-inundaciones-o-riesgo-sismico\/","og_locale":"es_ES","og_type":"article","og_title":"Alcoy ya tiene plan de emergencia espec\u00edfico ante inundaciones o riesgo s\u00edsmico - COPE Alcoy","og_description":"El pleno de Alcoy ha aprobado hoy sus Planes de Emergencia para actuar frente a incendios forestales, inundaciones o terremotos","og_url":"https:\/\/www.copealcoy.es\/es\/alcoy-ya-tiene-plan-de-emergencia-especifico-ante-inundaciones-o-riesgo-sismico\/","og_site_name":"COPE Alcoy","article_published_time":"2023-07-14T17:10:22+00:00","og_image":[{"width":640,"height":480,"url":"https:\/\/www.copealcoy.es\/wp-content\/uploads\/2023\/07\/359406631_651480387012490_6385201739559892376_n-scaled-e1689332731149.jpg","type":"image\/jpeg"}],"author":"Cope Alcoy","twitter_misc":{"Escrito por":"Cope Alcoy","Tiempo de lectura":"2 minutos"},"schema":{"@context":"https:\/\/schema.org","@graph":[{"@type":"Article","@id":"https:\/\/www.copealcoy.es\/es\/alcoy-ya-tiene-plan-de-emergencia-especifico-ante-inundaciones-o-riesgo-sismico\/#article","isPartOf":{"@id":"https:\/\/www.copealcoy.es\/es\/alcoy-ya-tiene-plan-de-emergencia-especifico-ante-inundaciones-o-riesgo-sismico\/"},"author":{"name":"Cope Alcoy","@id":"https:\/\/www.copealcoy.es\/es\/#\/schema\/person\/e777c87fa024e57d40170af9df39882c"},"headline":"Alcoy ya tiene plan de emergencia espec\u00edfico ante inundaciones o riesgo s\u00edsmico","datePublished":"2023-07-14T17:10:22+00:00","mainEntityOfPage":{"@id":"https:\/\/www.copealcoy.es\/es\/alcoy-ya-tiene-plan-de-emergencia-especifico-ante-inundaciones-o-riesgo-sismico\/"},"wordCount":349,"commentCount":0,"image":{"@id":"https:\/\/www.copealcoy.es\/es\/alcoy-ya-tiene-plan-de-emergencia-especifico-ante-inundaciones-o-riesgo-sismico\/#primaryimage"},"thumbnailUrl":"https:\/\/www.copealcoy.es\/wp-content\/uploads\/2023\/07\/359406631_651480387012490_6385201739559892376_n-scaled-e1689332731149.jpg","keywords":["Alcoy","ampliaci\u00f3n plantilla brigada obras","Ayuntamiento","Planes Emergencias","Pleno"],"articleSection":["Actualidad","Alcoy","Noticias","Portada"],"inLanguage":"es"},{"@type":"WebPage","@id":"https:\/\/www.copealcoy.es\/es\/alcoy-ya-tiene-plan-de-emergencia-especifico-ante-inundaciones-o-riesgo-sismico\/","url":"https:\/\/www.copealcoy.es\/es\/alcoy-ya-tiene-plan-de-emergencia-especifico-ante-inundaciones-o-riesgo-sismico\/","name":"Alcoy ya tiene plan de emergencia espec\u00edfico ante inundaciones o riesgo s\u00edsmico - COPE Alcoy","isPartOf":{"@id":"https:\/\/www.copealcoy.es\/es\/#website"},"primaryImageOfPage":{"@id":"https:\/\/www.copealcoy.es\/es\/alcoy-ya-tiene-plan-de-emergencia-especifico-ante-inundaciones-o-riesgo-sismico\/#primaryimage"},"image":{"@id":"https:\/\/www.copealcoy.es\/es\/alcoy-ya-tiene-plan-de-emergencia-especifico-ante-inundaciones-o-riesgo-sismico\/#primaryimage"},"thumbnailUrl":"https:\/\/www.copealcoy.es\/wp-content\/uploads\/2023\/07\/359406631_651480387012490_6385201739559892376_n-scaled-e1689332731149.jpg","datePublished":"2023-07-14T17:10:22+00:00","author":{"@id":"https:\/\/www.copealcoy.es\/es\/#\/schema\/person\/e777c87fa024e57d40170af9df39882c"},"description":"El pleno de Alcoy ha aprobado hoy sus Planes de Emergencia para actuar frente a incendios forestales, inundaciones o terremotos","breadcrumb":{"@id":"https:\/\/www.copealcoy.es\/es\/alcoy-ya-tiene-plan-de-emergencia-especifico-ante-inundaciones-o-riesgo-sismico\/#breadcrumb"},"inLanguage":"es","potentialAction":[{"@type":"ReadAction","target":["https:\/\/www.copealcoy.es\/es\/alcoy-ya-tiene-plan-de-emergencia-especifico-ante-inundaciones-o-riesgo-sismico\/"]}]},{"@type":"ImageObject","inLanguage":"es","@id":"https:\/\/www.copealcoy.es\/es\/alcoy-ya-tiene-plan-de-emergencia-especifico-ante-inundaciones-o-riesgo-sismico\/#primaryimage","url":"https:\/\/www.copealcoy.es\/wp-content\/uploads\/2023\/07\/359406631_651480387012490_6385201739559892376_n-scaled-e1689332731149.jpg","contentUrl":"https:\/\/www.copealcoy.es\/wp-content\/uploads\/2023\/07\/359406631_651480387012490_6385201739559892376_n-scaled-e1689332731149.jpg","width":640,"height":480},{"@type":"BreadcrumbList","@id":"https:\/\/www.copealcoy.es\/es\/alcoy-ya-tiene-plan-de-emergencia-especifico-ante-inundaciones-o-riesgo-sismico\/#breadcrumb","itemListElement":[{"@type":"ListItem","position":1,"name":"Portada","item":"https:\/\/www.copealcoy.es\/es\/"},{"@type":"ListItem","position":2,"name":"Alcoy ya tiene plan de emergencia espec\u00edfico ante inundaciones o riesgo s\u00edsmico"}]},{"@type":"WebSite","@id":"https:\/\/www.copealcoy.es\/es\/#website","url":"https:\/\/www.copealcoy.es\/es\/","name":"COPE Alcoy","description":"Emisora COPE de radio local con emisi\u00f3n online. Pont de Sant Jordi 8-10 03803 Alcoy","potentialAction":[{"@type":"SearchAction","target":{"@type":"EntryPoint","urlTemplate":"https:\/\/www.copealcoy.es\/es\/?s={search_term_string}"},"query-input":{"@type":"PropertyValueSpecification","valueRequired":true,"valueName":"search_term_string"}}],"inLanguage":"es"},{"@type":"Person","@id":"https:\/\/www.copealcoy.es\/es\/#\/schema\/person\/e777c87fa024e57d40170af9df39882c","name":"Cope Alcoy","image":{"@type":"ImageObject","inLanguage":"es","@id":"https:\/\/secure.gravatar.com\/avatar\/bb65d0283347e303893ba14f0692005417c1e0e690a325a4c5d8bb2b3943ee14?s=96&d=mm&r=g","url":"https:\/\/secure.gravatar.com\/avatar\/bb65d0283347e303893ba14f0692005417c1e0e690a325a4c5d8bb2b3943ee14?s=96&d=mm&r=g","contentUrl":"https:\/\/secure.gravatar.com\/avatar\/bb65d0283347e303893ba14f0692005417c1e0e690a325a4c5d8bb2b3943ee14?s=96&d=mm&r=g","caption":"Cope Alcoy"}}]}},"_links":{"self":[{"href":"https:\/\/www.copealcoy.es\/es\/wp-json\/wp\/v2\/posts\/119728","targetHints":{"allow":["GET"]}}],"collection":[{"href":"https:\/\/www.copealcoy.es\/es\/wp-json\/wp\/v2\/posts"}],"about":[{"href":"https:\/\/www.copealcoy.es\/es\/wp-json\/wp\/v2\/types\/post"}],"author":[{"embeddable":true,"href":"https:\/\/www.copealcoy.es\/es\/wp-json\/wp\/v2\/users\/1"}],"replies":[{"embeddable":true,"href":"https:\/\/www.copealcoy.es\/es\/wp-json\/wp\/v2\/comments?post=119728"}],"version-history":[{"count":0,"href":"https:\/\/www.copealcoy.es\/es\/wp-json\/wp\/v2\/posts\/119728\/revisions"}],"wp:featuredmedia":[{"embeddable":true,"href":"https:\/\/www.copealcoy.es\/es\/wp-json\/wp\/v2\/media\/119729"}],"wp:attachment":[{"href":"https:\/\/www.copealcoy.es\/es\/wp-json\/wp\/v2\/media?parent=119728"}],"wp:term":[{"taxonomy":"category","embeddable":true,"href":"https:\/\/www.copealcoy.es\/es\/wp-json\/wp\/v2\/categories?post=119728"},{"taxonomy":"post_tag","embeddable":true,"href":"https:\/\/www.copealcoy.es\/es\/wp-json\/wp\/v2\/tags?post=119728"}],"curies":[{"name":"wp","href":"https:\/\/api.w.org\/{rel}","templated":true}]}}