{"id":119620,"date":"2023-07-13T10:26:15","date_gmt":"2023-07-13T09:26:15","guid":{"rendered":"https:\/\/www.copealcoy.es\/?p=119620"},"modified":"2023-07-13T10:40:34","modified_gmt":"2023-07-13T09:40:34","slug":"arranca-en-alcoy-la-nueva-campana-del-bono-consumo","status":"publish","type":"post","link":"https:\/\/www.copealcoy.es\/es\/arranca-en-alcoy-la-nueva-campana-del-bono-consumo\/","title":{"rendered":"Arranca en Alcoy la nueva campa\u00f1a del Bono Consumo"},"content":{"rendered":"<p style=\"text-align: justify;\">Hoy jueves arranca en Alcoy <strong>una nueva edici\u00f3n de la campa\u00f1a del Bono Consumo<\/strong>, iniciativa que promueve la Diputaci\u00f3n Provincial de Alicante una vez m\u00e1s y que <strong>busca incentivar el comercio local de la ciudad<\/strong>. Los bonos <strong>se podr\u00e1n cambiar en los establecimientos que se adhieran a esta campa\u00f1a<\/strong> y el\u00a0 proceso <strong>se podr\u00e1 realizar<\/strong> hasta el pr\u00f3ximo 24 de septiembre.<\/p>\n<p style=\"text-align: justify;\">Hay que recordar que <strong>la subvenci\u00f3n de esta tercera edici\u00f3n del Bono Consumo<\/strong> asciende a los m\u00e1s de 600.000 euros y se espera que la misma <strong>genere un impacto cercano a los dos millones<\/strong> en nuestro comercio local. La campa\u00f1a cuenta con el respaldo del <strong>\u00e1rea de Comercio del Ayuntamiento de Alcoy<\/strong>, la colaboraci\u00f3n de <strong>la C\u00e1mara de Comercio de Alcoy,<\/strong> <strong>la Federaci\u00f3n Alicantina de Comercio (Facpyme)<\/strong> y <strong>la Asociaci\u00f3n Comarcal de Empresarios de Comercio (ACECA)<\/strong>.<\/p>\n<p><strong><span style=\"color: #0000ff;\">As\u00ed funciona el Bono Consumo<\/span><\/strong><\/p>\n<p style=\"text-align: justify;\">Los bonos ser\u00e1n de 20\u20ac, 50\u20ac y 100\u20ac. El <strong>consumidor<\/strong> pagar\u00e1 la mitad del precio real del bono. Esto significa que si adquieres un bono de 20 euros, tan solo pagar\u00e1s 10\u20ac por \u00e9l. Cada consumidor podr\u00e1 comprar hasta un m\u00e1ximo de 100\u20ac en bonos (y pagar 50\u20ac). Los bonos podr\u00e1n comprarse a trav\u00e9s de la web <a href=\"https:\/\/www.alcoibonoconsum.es\/\" target=\"_blank\" rel=\"noopener\"><strong><span style=\"color: #0000ff;\">www.alcoibonoconsum.es<\/span><\/strong><\/a>. Adem\u00e1s, se habilitar\u00e1 la venta presencial los d\u00edas 17 y 18 de julio para los mayores de 60 a\u00f1os y personas con diversidad funcional. Podr\u00e1n adquirir sus bonos en horario de 10 a 14 horas en la Oficina de Turismo, en la calle Sant Francesc.<\/p>\n<p style=\"text-align: justify;\">Los <strong>establecimientos<\/strong> cuentan con un mes para adherirse a la campa\u00f1a. La iniciativa est\u00e1 dirigida a hosteler\u00eda y peque\u00f1os y medios comercios de Alcoy. Pueden registrarse a trav\u00e9s de www.alcoibonoconsum.es. Sin embargo, hay algunos grupos que quedan excluidos. Los establecimientos dedicados a la venta de tabaco y productos para fumadores, los comercios de alimentaci\u00f3n con una superficie mayor a 300 metros cuadrados y las casas de apuestas y loter\u00eda no pueden adherirse.<\/p>\n<p style=\"text-align: justify;\">Hasta el momento <strong>se han adherido a la campa\u00f1a un buen n\u00famero de comercios<\/strong> aunque todav\u00eda est\u00e1n por cuantificar las cifras. \u00c1lex Cerradelo, edil de Comercio, valoraba as\u00ed en COPE ALCOY el inicio de la iniciativa:<\/p>\n<div id=\"_wmass_10759000000059605\">\n<div id=\"sm-it-main-container-1689234087154\" class=\"sm-it-main-container\" data-it=\"603cb8be-b48f-487a-81d4-ec47a94e14da\" data-device=\"desktop\" data-index=\"0\"><\/div>\n<\/div>\n<div id=\"cadenaser_gpt-INTEXT\" data-google-query-id=\"CLH4kJiXi4ADFdhMQQIdc00Fsw\">\n<div id=\"google_ads_iframe_7811748\/cadenaser_web\/radio_alcoy\/articulo_6__container__\">\n<audio class=\"wp-audio-shortcode\" id=\"audio-119620-1\" preload=\"none\" style=\"width: 100%;\" controls=\"controls\"><source type=\"audio\/mpeg\" src=\"https:\/\/www.copealcoy.es\/wp-content\/uploads\/2023\/07\/ALEX-CERRADELO.mp3?_=1\" \/><a href=\"https:\/\/www.copealcoy.es\/wp-content\/uploads\/2023\/07\/ALEX-CERRADELO.mp3\">https:\/\/www.copealcoy.es\/wp-content\/uploads\/2023\/07\/ALEX-CERRADELO.mp3<\/a><\/audio>\n<\/div>\n<\/div>\n","protected":false},"excerpt":{"rendered":"<p>Hoy jueves arranca en Alcoy una nueva edici\u00f3n de la campa\u00f1a del Bono Consumo, iniciativa que promueve la Diputaci\u00f3n Provincial&#8230;<\/p>\n","protected":false},"author":1,"featured_media":72474,"comment_status":"open","ping_status":"open","sticky":false,"template":"","format":"standard","meta":{"footnotes":""},"categories":[6909,97,75,79],"tags":[1494,1899,13133,199,467],"class_list":["post-119620","post","type-post","status-publish","format-standard","has-post-thumbnail","hentry","category-actualidad","category-alcoy","category-noticias","category-politicayeconomia","tag-alcoy","tag-alex-cerradelo","tag-bono-consumo","tag-campana","tag-comercio"],"yoast_head":"<!-- This site is optimized with the Yoast SEO plugin v27.3 - https:\/\/yoast.com\/product\/yoast-seo-wordpress\/ -->\n<title>Arranca en Alcoy la nueva campa\u00f1a del Bono Consumo - COPE Alcoy<\/title>\n<meta name=\"description\" content=\"Hoy jueves arranca en Alcoy una nueva edici\u00f3n de la campa\u00f1a del Bono Consumo, iniciativa que promueve la Diputaci\u00f3n Provincial de Alicante\" \/>\n<meta name=\"robots\" content=\"index, follow, max-snippet:-1, max-image-preview:large, max-video-preview:-1\" \/>\n<link rel=\"canonical\" href=\"https:\/\/www.copealcoy.es\/es\/arranca-en-alcoy-la-nueva-campana-del-bono-consumo\/\" \/>\n<meta property=\"og:locale\" content=\"es_ES\" \/>\n<meta property=\"og:type\" content=\"article\" \/>\n<meta property=\"og:title\" content=\"Arranca en Alcoy la nueva campa\u00f1a del Bono Consumo - COPE Alcoy\" \/>\n<meta property=\"og:description\" content=\"Hoy jueves arranca en Alcoy una nueva edici\u00f3n de la campa\u00f1a del Bono Consumo, iniciativa que promueve la Diputaci\u00f3n Provincial de Alicante\" \/>\n<meta property=\"og:url\" content=\"https:\/\/www.copealcoy.es\/es\/arranca-en-alcoy-la-nueva-campana-del-bono-consumo\/\" \/>\n<meta property=\"og:site_name\" content=\"COPE Alcoy\" \/>\n<meta property=\"article:published_time\" content=\"2023-07-13T09:26:15+00:00\" \/>\n<meta property=\"article:modified_time\" content=\"2023-07-13T09:40:34+00:00\" \/>\n<meta property=\"og:image\" content=\"https:\/\/www.copealcoy.es\/wp-content\/uploads\/2021\/03\/image80-1024x768-1.jpg\" \/>\n\t<meta property=\"og:image:width\" content=\"875\" \/>\n\t<meta property=\"og:image:height\" content=\"614\" \/>\n\t<meta property=\"og:image:type\" content=\"image\/jpeg\" \/>\n<meta name=\"author\" content=\"Cope Alcoy\" \/>\n<meta name=\"twitter:label1\" content=\"Escrito por\" \/>\n\t<meta name=\"twitter:data1\" content=\"Cope Alcoy\" \/>\n\t<meta name=\"twitter:label2\" content=\"Tiempo de lectura\" \/>\n\t<meta name=\"twitter:data2\" content=\"2 minutos\" \/>\n<script type=\"application\/ld+json\" class=\"yoast-schema-graph\">{\"@context\":\"https:\\\/\\\/schema.org\",\"@graph\":[{\"@type\":\"Article\",\"@id\":\"https:\\\/\\\/www.copealcoy.es\\\/es\\\/arranca-en-alcoy-la-nueva-campana-del-bono-consumo\\\/#article\",\"isPartOf\":{\"@id\":\"https:\\\/\\\/www.copealcoy.es\\\/es\\\/arranca-en-alcoy-la-nueva-campana-del-bono-consumo\\\/\"},\"author\":{\"name\":\"Cope Alcoy\",\"@id\":\"https:\\\/\\\/www.copealcoy.es\\\/es\\\/#\\\/schema\\\/person\\\/e777c87fa024e57d40170af9df39882c\"},\"headline\":\"Arranca en Alcoy la nueva campa\u00f1a del Bono Consumo\",\"datePublished\":\"2023-07-13T09:26:15+00:00\",\"dateModified\":\"2023-07-13T09:40:34+00:00\",\"mainEntityOfPage\":{\"@id\":\"https:\\\/\\\/www.copealcoy.es\\\/es\\\/arranca-en-alcoy-la-nueva-campana-del-bono-consumo\\\/\"},\"wordCount\":397,\"commentCount\":0,\"image\":{\"@id\":\"https:\\\/\\\/www.copealcoy.es\\\/es\\\/arranca-en-alcoy-la-nueva-campana-del-bono-consumo\\\/#primaryimage\"},\"thumbnailUrl\":\"https:\\\/\\\/www.copealcoy.es\\\/wp-content\\\/uploads\\\/2021\\\/03\\\/image80-1024x768-1.jpg\",\"keywords\":[\"Alcoy\",\"\u00c1lex Cerradelo\",\"Bono Consumo\",\"Campa\u00f1a\",\"Comercio\"],\"articleSection\":[\"Actualidad\",\"Alcoy\",\"Noticias\",\"Pol\u00edtica y Econom\u00eda\"],\"inLanguage\":\"es\"},{\"@type\":\"WebPage\",\"@id\":\"https:\\\/\\\/www.copealcoy.es\\\/es\\\/arranca-en-alcoy-la-nueva-campana-del-bono-consumo\\\/\",\"url\":\"https:\\\/\\\/www.copealcoy.es\\\/es\\\/arranca-en-alcoy-la-nueva-campana-del-bono-consumo\\\/\",\"name\":\"Arranca en Alcoy la nueva campa\u00f1a del Bono Consumo - COPE Alcoy\",\"isPartOf\":{\"@id\":\"https:\\\/\\\/www.copealcoy.es\\\/es\\\/#website\"},\"primaryImageOfPage\":{\"@id\":\"https:\\\/\\\/www.copealcoy.es\\\/es\\\/arranca-en-alcoy-la-nueva-campana-del-bono-consumo\\\/#primaryimage\"},\"image\":{\"@id\":\"https:\\\/\\\/www.copealcoy.es\\\/es\\\/arranca-en-alcoy-la-nueva-campana-del-bono-consumo\\\/#primaryimage\"},\"thumbnailUrl\":\"https:\\\/\\\/www.copealcoy.es\\\/wp-content\\\/uploads\\\/2021\\\/03\\\/image80-1024x768-1.jpg\",\"datePublished\":\"2023-07-13T09:26:15+00:00\",\"dateModified\":\"2023-07-13T09:40:34+00:00\",\"author\":{\"@id\":\"https:\\\/\\\/www.copealcoy.es\\\/es\\\/#\\\/schema\\\/person\\\/e777c87fa024e57d40170af9df39882c\"},\"description\":\"Hoy jueves arranca en Alcoy una nueva edici\u00f3n de la campa\u00f1a del Bono Consumo, iniciativa que promueve la Diputaci\u00f3n Provincial de Alicante\",\"breadcrumb\":{\"@id\":\"https:\\\/\\\/www.copealcoy.es\\\/es\\\/arranca-en-alcoy-la-nueva-campana-del-bono-consumo\\\/#breadcrumb\"},\"inLanguage\":\"es\",\"potentialAction\":[{\"@type\":\"ReadAction\",\"target\":[\"https:\\\/\\\/www.copealcoy.es\\\/es\\\/arranca-en-alcoy-la-nueva-campana-del-bono-consumo\\\/\"]}]},{\"@type\":\"ImageObject\",\"inLanguage\":\"es\",\"@id\":\"https:\\\/\\\/www.copealcoy.es\\\/es\\\/arranca-en-alcoy-la-nueva-campana-del-bono-consumo\\\/#primaryimage\",\"url\":\"https:\\\/\\\/www.copealcoy.es\\\/wp-content\\\/uploads\\\/2021\\\/03\\\/image80-1024x768-1.jpg\",\"contentUrl\":\"https:\\\/\\\/www.copealcoy.es\\\/wp-content\\\/uploads\\\/2021\\\/03\\\/image80-1024x768-1.jpg\",\"width\":875,\"height\":614},{\"@type\":\"BreadcrumbList\",\"@id\":\"https:\\\/\\\/www.copealcoy.es\\\/es\\\/arranca-en-alcoy-la-nueva-campana-del-bono-consumo\\\/#breadcrumb\",\"itemListElement\":[{\"@type\":\"ListItem\",\"position\":1,\"name\":\"Portada\",\"item\":\"https:\\\/\\\/www.copealcoy.es\\\/es\\\/\"},{\"@type\":\"ListItem\",\"position\":2,\"name\":\"Arranca en Alcoy la nueva campa\u00f1a del Bono Consumo\"}]},{\"@type\":\"WebSite\",\"@id\":\"https:\\\/\\\/www.copealcoy.es\\\/es\\\/#website\",\"url\":\"https:\\\/\\\/www.copealcoy.es\\\/es\\\/\",\"name\":\"COPE Alcoy\",\"description\":\"Emisora COPE de radio local con emisi\u00f3n online. Pont de Sant Jordi 8-10 03803 Alcoy\",\"potentialAction\":[{\"@type\":\"SearchAction\",\"target\":{\"@type\":\"EntryPoint\",\"urlTemplate\":\"https:\\\/\\\/www.copealcoy.es\\\/es\\\/?s={search_term_string}\"},\"query-input\":{\"@type\":\"PropertyValueSpecification\",\"valueRequired\":true,\"valueName\":\"search_term_string\"}}],\"inLanguage\":\"es\"},{\"@type\":\"Person\",\"@id\":\"https:\\\/\\\/www.copealcoy.es\\\/es\\\/#\\\/schema\\\/person\\\/e777c87fa024e57d40170af9df39882c\",\"name\":\"Cope Alcoy\",\"image\":{\"@type\":\"ImageObject\",\"inLanguage\":\"es\",\"@id\":\"https:\\\/\\\/secure.gravatar.com\\\/avatar\\\/bb65d0283347e303893ba14f0692005417c1e0e690a325a4c5d8bb2b3943ee14?s=96&d=mm&r=g\",\"url\":\"https:\\\/\\\/secure.gravatar.com\\\/avatar\\\/bb65d0283347e303893ba14f0692005417c1e0e690a325a4c5d8bb2b3943ee14?s=96&d=mm&r=g\",\"contentUrl\":\"https:\\\/\\\/secure.gravatar.com\\\/avatar\\\/bb65d0283347e303893ba14f0692005417c1e0e690a325a4c5d8bb2b3943ee14?s=96&d=mm&r=g\",\"caption\":\"Cope Alcoy\"}}]}<\/script>\n<!-- \/ Yoast SEO plugin. -->","yoast_head_json":{"title":"Arranca en Alcoy la nueva campa\u00f1a del Bono Consumo - COPE Alcoy","description":"Hoy jueves arranca en Alcoy una nueva edici\u00f3n de la campa\u00f1a del Bono Consumo, iniciativa que promueve la Diputaci\u00f3n Provincial de Alicante","robots":{"index":"index","follow":"follow","max-snippet":"max-snippet:-1","max-image-preview":"max-image-preview:large","max-video-preview":"max-video-preview:-1"},"canonical":"https:\/\/www.copealcoy.es\/es\/arranca-en-alcoy-la-nueva-campana-del-bono-consumo\/","og_locale":"es_ES","og_type":"article","og_title":"Arranca en Alcoy la nueva campa\u00f1a del Bono Consumo - COPE Alcoy","og_description":"Hoy jueves arranca en Alcoy una nueva edici\u00f3n de la campa\u00f1a del Bono Consumo, iniciativa que promueve la Diputaci\u00f3n Provincial de Alicante","og_url":"https:\/\/www.copealcoy.es\/es\/arranca-en-alcoy-la-nueva-campana-del-bono-consumo\/","og_site_name":"COPE Alcoy","article_published_time":"2023-07-13T09:26:15+00:00","article_modified_time":"2023-07-13T09:40:34+00:00","og_image":[{"width":875,"height":614,"url":"https:\/\/www.copealcoy.es\/wp-content\/uploads\/2021\/03\/image80-1024x768-1.jpg","type":"image\/jpeg"}],"author":"Cope Alcoy","twitter_misc":{"Escrito por":"Cope Alcoy","Tiempo de lectura":"2 minutos"},"schema":{"@context":"https:\/\/schema.org","@graph":[{"@type":"Article","@id":"https:\/\/www.copealcoy.es\/es\/arranca-en-alcoy-la-nueva-campana-del-bono-consumo\/#article","isPartOf":{"@id":"https:\/\/www.copealcoy.es\/es\/arranca-en-alcoy-la-nueva-campana-del-bono-consumo\/"},"author":{"name":"Cope Alcoy","@id":"https:\/\/www.copealcoy.es\/es\/#\/schema\/person\/e777c87fa024e57d40170af9df39882c"},"headline":"Arranca en Alcoy la nueva campa\u00f1a del Bono Consumo","datePublished":"2023-07-13T09:26:15+00:00","dateModified":"2023-07-13T09:40:34+00:00","mainEntityOfPage":{"@id":"https:\/\/www.copealcoy.es\/es\/arranca-en-alcoy-la-nueva-campana-del-bono-consumo\/"},"wordCount":397,"commentCount":0,"image":{"@id":"https:\/\/www.copealcoy.es\/es\/arranca-en-alcoy-la-nueva-campana-del-bono-consumo\/#primaryimage"},"thumbnailUrl":"https:\/\/www.copealcoy.es\/wp-content\/uploads\/2021\/03\/image80-1024x768-1.jpg","keywords":["Alcoy","\u00c1lex Cerradelo","Bono Consumo","Campa\u00f1a","Comercio"],"articleSection":["Actualidad","Alcoy","Noticias","Pol\u00edtica y Econom\u00eda"],"inLanguage":"es"},{"@type":"WebPage","@id":"https:\/\/www.copealcoy.es\/es\/arranca-en-alcoy-la-nueva-campana-del-bono-consumo\/","url":"https:\/\/www.copealcoy.es\/es\/arranca-en-alcoy-la-nueva-campana-del-bono-consumo\/","name":"Arranca en Alcoy la nueva campa\u00f1a del Bono Consumo - COPE Alcoy","isPartOf":{"@id":"https:\/\/www.copealcoy.es\/es\/#website"},"primaryImageOfPage":{"@id":"https:\/\/www.copealcoy.es\/es\/arranca-en-alcoy-la-nueva-campana-del-bono-consumo\/#primaryimage"},"image":{"@id":"https:\/\/www.copealcoy.es\/es\/arranca-en-alcoy-la-nueva-campana-del-bono-consumo\/#primaryimage"},"thumbnailUrl":"https:\/\/www.copealcoy.es\/wp-content\/uploads\/2021\/03\/image80-1024x768-1.jpg","datePublished":"2023-07-13T09:26:15+00:00","dateModified":"2023-07-13T09:40:34+00:00","author":{"@id":"https:\/\/www.copealcoy.es\/es\/#\/schema\/person\/e777c87fa024e57d40170af9df39882c"},"description":"Hoy jueves arranca en Alcoy una nueva edici\u00f3n de la campa\u00f1a del Bono Consumo, iniciativa que promueve la Diputaci\u00f3n Provincial de Alicante","breadcrumb":{"@id":"https:\/\/www.copealcoy.es\/es\/arranca-en-alcoy-la-nueva-campana-del-bono-consumo\/#breadcrumb"},"inLanguage":"es","potentialAction":[{"@type":"ReadAction","target":["https:\/\/www.copealcoy.es\/es\/arranca-en-alcoy-la-nueva-campana-del-bono-consumo\/"]}]},{"@type":"ImageObject","inLanguage":"es","@id":"https:\/\/www.copealcoy.es\/es\/arranca-en-alcoy-la-nueva-campana-del-bono-consumo\/#primaryimage","url":"https:\/\/www.copealcoy.es\/wp-content\/uploads\/2021\/03\/image80-1024x768-1.jpg","contentUrl":"https:\/\/www.copealcoy.es\/wp-content\/uploads\/2021\/03\/image80-1024x768-1.jpg","width":875,"height":614},{"@type":"BreadcrumbList","@id":"https:\/\/www.copealcoy.es\/es\/arranca-en-alcoy-la-nueva-campana-del-bono-consumo\/#breadcrumb","itemListElement":[{"@type":"ListItem","position":1,"name":"Portada","item":"https:\/\/www.copealcoy.es\/es\/"},{"@type":"ListItem","position":2,"name":"Arranca en Alcoy la nueva campa\u00f1a del Bono Consumo"}]},{"@type":"WebSite","@id":"https:\/\/www.copealcoy.es\/es\/#website","url":"https:\/\/www.copealcoy.es\/es\/","name":"COPE Alcoy","description":"Emisora COPE de radio local con emisi\u00f3n online. Pont de Sant Jordi 8-10 03803 Alcoy","potentialAction":[{"@type":"SearchAction","target":{"@type":"EntryPoint","urlTemplate":"https:\/\/www.copealcoy.es\/es\/?s={search_term_string}"},"query-input":{"@type":"PropertyValueSpecification","valueRequired":true,"valueName":"search_term_string"}}],"inLanguage":"es"},{"@type":"Person","@id":"https:\/\/www.copealcoy.es\/es\/#\/schema\/person\/e777c87fa024e57d40170af9df39882c","name":"Cope Alcoy","image":{"@type":"ImageObject","inLanguage":"es","@id":"https:\/\/secure.gravatar.com\/avatar\/bb65d0283347e303893ba14f0692005417c1e0e690a325a4c5d8bb2b3943ee14?s=96&d=mm&r=g","url":"https:\/\/secure.gravatar.com\/avatar\/bb65d0283347e303893ba14f0692005417c1e0e690a325a4c5d8bb2b3943ee14?s=96&d=mm&r=g","contentUrl":"https:\/\/secure.gravatar.com\/avatar\/bb65d0283347e303893ba14f0692005417c1e0e690a325a4c5d8bb2b3943ee14?s=96&d=mm&r=g","caption":"Cope Alcoy"}}]}},"_links":{"self":[{"href":"https:\/\/www.copealcoy.es\/es\/wp-json\/wp\/v2\/posts\/119620","targetHints":{"allow":["GET"]}}],"collection":[{"href":"https:\/\/www.copealcoy.es\/es\/wp-json\/wp\/v2\/posts"}],"about":[{"href":"https:\/\/www.copealcoy.es\/es\/wp-json\/wp\/v2\/types\/post"}],"author":[{"embeddable":true,"href":"https:\/\/www.copealcoy.es\/es\/wp-json\/wp\/v2\/users\/1"}],"replies":[{"embeddable":true,"href":"https:\/\/www.copealcoy.es\/es\/wp-json\/wp\/v2\/comments?post=119620"}],"version-history":[{"count":0,"href":"https:\/\/www.copealcoy.es\/es\/wp-json\/wp\/v2\/posts\/119620\/revisions"}],"wp:featuredmedia":[{"embeddable":true,"href":"https:\/\/www.copealcoy.es\/es\/wp-json\/wp\/v2\/media\/72474"}],"wp:attachment":[{"href":"https:\/\/www.copealcoy.es\/es\/wp-json\/wp\/v2\/media?parent=119620"}],"wp:term":[{"taxonomy":"category","embeddable":true,"href":"https:\/\/www.copealcoy.es\/es\/wp-json\/wp\/v2\/categories?post=119620"},{"taxonomy":"post_tag","embeddable":true,"href":"https:\/\/www.copealcoy.es\/es\/wp-json\/wp\/v2\/tags?post=119620"}],"curies":[{"name":"wp","href":"https:\/\/api.w.org\/{rel}","templated":true}]}}