{"id":11948,"date":"2015-04-07T00:00:59","date_gmt":"2015-04-07T00:00:59","guid":{"rendered":"http:\/\/copealcoi.es\/new\/?p=11948"},"modified":"2015-04-07T06:07:44","modified_gmt":"2015-04-07T06:07:44","slug":"el-ces-destina-100-000-euros-a-la-formacion-de-las-pymes","status":"publish","type":"post","link":"https:\/\/www.copealcoy.es\/es\/el-ces-destina-100-000-euros-a-la-formacion-de-las-pymes\/","title":{"rendered":"El CES destina 100.000 euros a la formaci\u00f3n de las PYMES"},"content":{"rendered":"<p style=\"text-align: justify;\">El Consejo Econ\u00f3mico y Social ha aprobado los proyectos que incluir\u00e1 en los Presupuestos Municipales de este a\u00f1o 2015 para que se le asignen la partida de 100.000 euros que le corresponde. En la reuni\u00f3n, que tuvo lugar la pasada semana, se aprob\u00f3 destinar 20.000 euros al Proyecto de Internacionalizaci\u00f3n de las Peque\u00f1as y Medianas Empresas propuesto por la C\u00e1mara de Comercio con el objetivo de que las empresas de la ciudad accedan a formaci\u00f3n que les permita aumentar sus exportaciones. En este sentido tambi\u00e9n se decidi\u00f3 destinar la misma cantidad a otra iniciativa de id\u00e9nticas\u00a0caracter\u00edsticas impulsada por la Federaci\u00f3n de Empresarios de l\u00b4 Alcoi\u00e0-Comtat, FEDAC, que pretende que las PYMES de Alcoy accedan al sello\u00a0\u2018Pyme Innovadora\u2019 \u00a0del Ministerio de Econom\u00eda.<\/p>\n<p style=\"text-align: justify;\">Por otra parte se invertir\u00e1n 10.000 euros para el proyecto de mejora y consolidaci\u00f3n del Comercio Local impulsado conjuntamente por\u00a0FEDAC y ACECA, la Asociaci\u00f3n de Comerciantes de Alcoy y Comarca. Finalmente se decidi\u00f3 dar respaldo a una propuesta del CEEI Alcoy para poner en marcha un proyecto que desarrolle indicadores de mejora de la ciudad a partir de estudios realizados sobre el tejido industrial y socioecon\u00f3mico de nuestra zona.<\/p>\n<p style=\"text-align: justify;\">El alcalde de Alcoy, Antonio Franc\u00e9s, ha valorado positivamente todas estas propuestas y ha destacado que surgen con la intenci\u00f3n de que la ciudad de un paso hacia adelante &#8220;estamos seguros que estos recursos nos ayudar\u00e1n a conseguir objetivos importantes para regenerar el \u00e1mbito econ\u00f3mico y productivo local ya que cuentan con el consenso y el aval de todos los agentes implicados en el impulso de nuestra actividad econ\u00f3mica&#8221;, concluye el primer edil.<\/p>\n<p style=\"text-align: justify;\">\n","protected":false},"excerpt":{"rendered":"<p>El Consejo Econ\u00f3mico y Social ha aprobado los proyectos que incluir\u00e1 en los Presupuestos Municipales de este a\u00f1o 2015 para&#8230;<\/p>\n","protected":false},"author":1,"featured_media":11949,"comment_status":"open","ping_status":"open","sticky":false,"template":"","format":"standard","meta":{"footnotes":""},"categories":[97,75,125],"tags":[1494,921,467,390,394,922],"class_list":["post-11948","post","type-post","status-publish","format-standard","has-post-thumbnail","hentry","category-alcoy","category-noticias","category-portada","tag-alcoy","tag-ces","tag-comercio","tag-economia","tag-empleo","tag-pymes"],"yoast_head":"<!-- This site is optimized with the Yoast SEO plugin v27.3 - https:\/\/yoast.com\/product\/yoast-seo-wordpress\/ -->\n<title>El CES destina 100.000 euros a la formaci\u00f3n de las PYMES - COPE Alcoy<\/title>\n<meta name=\"robots\" content=\"index, follow, max-snippet:-1, max-image-preview:large, max-video-preview:-1\" \/>\n<link rel=\"canonical\" href=\"https:\/\/www.copealcoy.es\/es\/el-ces-destina-100-000-euros-a-la-formacion-de-las-pymes\/\" \/>\n<meta property=\"og:locale\" content=\"es_ES\" \/>\n<meta property=\"og:type\" content=\"article\" \/>\n<meta property=\"og:title\" content=\"El CES destina 100.000 euros a la formaci\u00f3n de las PYMES - COPE Alcoy\" \/>\n<meta property=\"og:description\" content=\"El Consejo Econ\u00f3mico y Social ha aprobado los proyectos que incluir\u00e1 en los Presupuestos Municipales de este a\u00f1o 2015 para...\" \/>\n<meta property=\"og:url\" content=\"https:\/\/www.copealcoy.es\/es\/el-ces-destina-100-000-euros-a-la-formacion-de-las-pymes\/\" \/>\n<meta property=\"og:site_name\" content=\"COPE Alcoy\" \/>\n<meta property=\"article:published_time\" content=\"2015-04-07T00:00:59+00:00\" \/>\n<meta property=\"article:modified_time\" content=\"2015-04-07T06:07:44+00:00\" \/>\n<meta property=\"og:image\" content=\"https:\/\/www.copealcoy.es\/wp-content\/uploads\/2015\/04\/CONSELL_ECONOMIC_I_SOCIAL_20150404111225.jpg\" \/>\n\t<meta property=\"og:image:width\" content=\"946\" \/>\n\t<meta property=\"og:image:height\" content=\"405\" \/>\n\t<meta property=\"og:image:type\" content=\"image\/jpeg\" \/>\n<meta name=\"author\" content=\"Cope Alcoy\" \/>\n<meta name=\"twitter:label1\" content=\"Escrito por\" \/>\n\t<meta name=\"twitter:data1\" content=\"Cope Alcoy\" \/>\n\t<meta name=\"twitter:label2\" content=\"Tiempo de lectura\" \/>\n\t<meta name=\"twitter:data2\" content=\"1 minuto\" \/>\n<script type=\"application\/ld+json\" class=\"yoast-schema-graph\">{\"@context\":\"https:\\\/\\\/schema.org\",\"@graph\":[{\"@type\":\"Article\",\"@id\":\"https:\\\/\\\/www.copealcoy.es\\\/es\\\/el-ces-destina-100-000-euros-a-la-formacion-de-las-pymes\\\/#article\",\"isPartOf\":{\"@id\":\"https:\\\/\\\/www.copealcoy.es\\\/es\\\/el-ces-destina-100-000-euros-a-la-formacion-de-las-pymes\\\/\"},\"author\":{\"name\":\"Cope Alcoy\",\"@id\":\"https:\\\/\\\/www.copealcoy.es\\\/es\\\/#\\\/schema\\\/person\\\/e777c87fa024e57d40170af9df39882c\"},\"headline\":\"El CES destina 100.000 euros a la formaci\u00f3n de las PYMES\",\"datePublished\":\"2015-04-07T00:00:59+00:00\",\"dateModified\":\"2015-04-07T06:07:44+00:00\",\"mainEntityOfPage\":{\"@id\":\"https:\\\/\\\/www.copealcoy.es\\\/es\\\/el-ces-destina-100-000-euros-a-la-formacion-de-las-pymes\\\/\"},\"wordCount\":295,\"commentCount\":0,\"image\":{\"@id\":\"https:\\\/\\\/www.copealcoy.es\\\/es\\\/el-ces-destina-100-000-euros-a-la-formacion-de-las-pymes\\\/#primaryimage\"},\"thumbnailUrl\":\"https:\\\/\\\/www.copealcoy.es\\\/wp-content\\\/uploads\\\/2015\\\/04\\\/CONSELL_ECONOMIC_I_SOCIAL_20150404111225.jpg\",\"keywords\":[\"Alcoy\",\"CES\",\"Comercio\",\"Econom\u00eda\",\"Empleo\",\"PYMES\"],\"articleSection\":[\"Alcoy\",\"Noticias\",\"Portada\"],\"inLanguage\":\"es\"},{\"@type\":\"WebPage\",\"@id\":\"https:\\\/\\\/www.copealcoy.es\\\/es\\\/el-ces-destina-100-000-euros-a-la-formacion-de-las-pymes\\\/\",\"url\":\"https:\\\/\\\/www.copealcoy.es\\\/es\\\/el-ces-destina-100-000-euros-a-la-formacion-de-las-pymes\\\/\",\"name\":\"El CES destina 100.000 euros a la formaci\u00f3n de las PYMES - COPE Alcoy\",\"isPartOf\":{\"@id\":\"https:\\\/\\\/www.copealcoy.es\\\/es\\\/#website\"},\"primaryImageOfPage\":{\"@id\":\"https:\\\/\\\/www.copealcoy.es\\\/es\\\/el-ces-destina-100-000-euros-a-la-formacion-de-las-pymes\\\/#primaryimage\"},\"image\":{\"@id\":\"https:\\\/\\\/www.copealcoy.es\\\/es\\\/el-ces-destina-100-000-euros-a-la-formacion-de-las-pymes\\\/#primaryimage\"},\"thumbnailUrl\":\"https:\\\/\\\/www.copealcoy.es\\\/wp-content\\\/uploads\\\/2015\\\/04\\\/CONSELL_ECONOMIC_I_SOCIAL_20150404111225.jpg\",\"datePublished\":\"2015-04-07T00:00:59+00:00\",\"dateModified\":\"2015-04-07T06:07:44+00:00\",\"author\":{\"@id\":\"https:\\\/\\\/www.copealcoy.es\\\/es\\\/#\\\/schema\\\/person\\\/e777c87fa024e57d40170af9df39882c\"},\"breadcrumb\":{\"@id\":\"https:\\\/\\\/www.copealcoy.es\\\/es\\\/el-ces-destina-100-000-euros-a-la-formacion-de-las-pymes\\\/#breadcrumb\"},\"inLanguage\":\"es\",\"potentialAction\":[{\"@type\":\"ReadAction\",\"target\":[\"https:\\\/\\\/www.copealcoy.es\\\/es\\\/el-ces-destina-100-000-euros-a-la-formacion-de-las-pymes\\\/\"]}]},{\"@type\":\"ImageObject\",\"inLanguage\":\"es\",\"@id\":\"https:\\\/\\\/www.copealcoy.es\\\/es\\\/el-ces-destina-100-000-euros-a-la-formacion-de-las-pymes\\\/#primaryimage\",\"url\":\"https:\\\/\\\/www.copealcoy.es\\\/wp-content\\\/uploads\\\/2015\\\/04\\\/CONSELL_ECONOMIC_I_SOCIAL_20150404111225.jpg\",\"contentUrl\":\"https:\\\/\\\/www.copealcoy.es\\\/wp-content\\\/uploads\\\/2015\\\/04\\\/CONSELL_ECONOMIC_I_SOCIAL_20150404111225.jpg\",\"width\":946,\"height\":405,\"caption\":\"La reuni\u00f3n del Consejo Econ\u00f3mico y Social tuvo lugar la pasada semana\"},{\"@type\":\"BreadcrumbList\",\"@id\":\"https:\\\/\\\/www.copealcoy.es\\\/es\\\/el-ces-destina-100-000-euros-a-la-formacion-de-las-pymes\\\/#breadcrumb\",\"itemListElement\":[{\"@type\":\"ListItem\",\"position\":1,\"name\":\"Portada\",\"item\":\"https:\\\/\\\/www.copealcoy.es\\\/es\\\/\"},{\"@type\":\"ListItem\",\"position\":2,\"name\":\"El CES destina 100.000 euros a la formaci\u00f3n de las PYMES\"}]},{\"@type\":\"WebSite\",\"@id\":\"https:\\\/\\\/www.copealcoy.es\\\/es\\\/#website\",\"url\":\"https:\\\/\\\/www.copealcoy.es\\\/es\\\/\",\"name\":\"COPE Alcoy\",\"description\":\"Emisora COPE de radio local con emisi\u00f3n online. Pont de Sant Jordi 8-10 03803 Alcoy\",\"potentialAction\":[{\"@type\":\"SearchAction\",\"target\":{\"@type\":\"EntryPoint\",\"urlTemplate\":\"https:\\\/\\\/www.copealcoy.es\\\/es\\\/?s={search_term_string}\"},\"query-input\":{\"@type\":\"PropertyValueSpecification\",\"valueRequired\":true,\"valueName\":\"search_term_string\"}}],\"inLanguage\":\"es\"},{\"@type\":\"Person\",\"@id\":\"https:\\\/\\\/www.copealcoy.es\\\/es\\\/#\\\/schema\\\/person\\\/e777c87fa024e57d40170af9df39882c\",\"name\":\"Cope Alcoy\",\"image\":{\"@type\":\"ImageObject\",\"inLanguage\":\"es\",\"@id\":\"https:\\\/\\\/secure.gravatar.com\\\/avatar\\\/bb65d0283347e303893ba14f0692005417c1e0e690a325a4c5d8bb2b3943ee14?s=96&d=mm&r=g\",\"url\":\"https:\\\/\\\/secure.gravatar.com\\\/avatar\\\/bb65d0283347e303893ba14f0692005417c1e0e690a325a4c5d8bb2b3943ee14?s=96&d=mm&r=g\",\"contentUrl\":\"https:\\\/\\\/secure.gravatar.com\\\/avatar\\\/bb65d0283347e303893ba14f0692005417c1e0e690a325a4c5d8bb2b3943ee14?s=96&d=mm&r=g\",\"caption\":\"Cope Alcoy\"}}]}<\/script>\n<!-- \/ Yoast SEO plugin. -->","yoast_head_json":{"title":"El CES destina 100.000 euros a la formaci\u00f3n de las PYMES - COPE Alcoy","robots":{"index":"index","follow":"follow","max-snippet":"max-snippet:-1","max-image-preview":"max-image-preview:large","max-video-preview":"max-video-preview:-1"},"canonical":"https:\/\/www.copealcoy.es\/es\/el-ces-destina-100-000-euros-a-la-formacion-de-las-pymes\/","og_locale":"es_ES","og_type":"article","og_title":"El CES destina 100.000 euros a la formaci\u00f3n de las PYMES - COPE Alcoy","og_description":"El Consejo Econ\u00f3mico y Social ha aprobado los proyectos que incluir\u00e1 en los Presupuestos Municipales de este a\u00f1o 2015 para...","og_url":"https:\/\/www.copealcoy.es\/es\/el-ces-destina-100-000-euros-a-la-formacion-de-las-pymes\/","og_site_name":"COPE Alcoy","article_published_time":"2015-04-07T00:00:59+00:00","article_modified_time":"2015-04-07T06:07:44+00:00","og_image":[{"width":946,"height":405,"url":"https:\/\/www.copealcoy.es\/wp-content\/uploads\/2015\/04\/CONSELL_ECONOMIC_I_SOCIAL_20150404111225.jpg","type":"image\/jpeg"}],"author":"Cope Alcoy","twitter_misc":{"Escrito por":"Cope Alcoy","Tiempo de lectura":"1 minuto"},"schema":{"@context":"https:\/\/schema.org","@graph":[{"@type":"Article","@id":"https:\/\/www.copealcoy.es\/es\/el-ces-destina-100-000-euros-a-la-formacion-de-las-pymes\/#article","isPartOf":{"@id":"https:\/\/www.copealcoy.es\/es\/el-ces-destina-100-000-euros-a-la-formacion-de-las-pymes\/"},"author":{"name":"Cope Alcoy","@id":"https:\/\/www.copealcoy.es\/es\/#\/schema\/person\/e777c87fa024e57d40170af9df39882c"},"headline":"El CES destina 100.000 euros a la formaci\u00f3n de las PYMES","datePublished":"2015-04-07T00:00:59+00:00","dateModified":"2015-04-07T06:07:44+00:00","mainEntityOfPage":{"@id":"https:\/\/www.copealcoy.es\/es\/el-ces-destina-100-000-euros-a-la-formacion-de-las-pymes\/"},"wordCount":295,"commentCount":0,"image":{"@id":"https:\/\/www.copealcoy.es\/es\/el-ces-destina-100-000-euros-a-la-formacion-de-las-pymes\/#primaryimage"},"thumbnailUrl":"https:\/\/www.copealcoy.es\/wp-content\/uploads\/2015\/04\/CONSELL_ECONOMIC_I_SOCIAL_20150404111225.jpg","keywords":["Alcoy","CES","Comercio","Econom\u00eda","Empleo","PYMES"],"articleSection":["Alcoy","Noticias","Portada"],"inLanguage":"es"},{"@type":"WebPage","@id":"https:\/\/www.copealcoy.es\/es\/el-ces-destina-100-000-euros-a-la-formacion-de-las-pymes\/","url":"https:\/\/www.copealcoy.es\/es\/el-ces-destina-100-000-euros-a-la-formacion-de-las-pymes\/","name":"El CES destina 100.000 euros a la formaci\u00f3n de las PYMES - COPE Alcoy","isPartOf":{"@id":"https:\/\/www.copealcoy.es\/es\/#website"},"primaryImageOfPage":{"@id":"https:\/\/www.copealcoy.es\/es\/el-ces-destina-100-000-euros-a-la-formacion-de-las-pymes\/#primaryimage"},"image":{"@id":"https:\/\/www.copealcoy.es\/es\/el-ces-destina-100-000-euros-a-la-formacion-de-las-pymes\/#primaryimage"},"thumbnailUrl":"https:\/\/www.copealcoy.es\/wp-content\/uploads\/2015\/04\/CONSELL_ECONOMIC_I_SOCIAL_20150404111225.jpg","datePublished":"2015-04-07T00:00:59+00:00","dateModified":"2015-04-07T06:07:44+00:00","author":{"@id":"https:\/\/www.copealcoy.es\/es\/#\/schema\/person\/e777c87fa024e57d40170af9df39882c"},"breadcrumb":{"@id":"https:\/\/www.copealcoy.es\/es\/el-ces-destina-100-000-euros-a-la-formacion-de-las-pymes\/#breadcrumb"},"inLanguage":"es","potentialAction":[{"@type":"ReadAction","target":["https:\/\/www.copealcoy.es\/es\/el-ces-destina-100-000-euros-a-la-formacion-de-las-pymes\/"]}]},{"@type":"ImageObject","inLanguage":"es","@id":"https:\/\/www.copealcoy.es\/es\/el-ces-destina-100-000-euros-a-la-formacion-de-las-pymes\/#primaryimage","url":"https:\/\/www.copealcoy.es\/wp-content\/uploads\/2015\/04\/CONSELL_ECONOMIC_I_SOCIAL_20150404111225.jpg","contentUrl":"https:\/\/www.copealcoy.es\/wp-content\/uploads\/2015\/04\/CONSELL_ECONOMIC_I_SOCIAL_20150404111225.jpg","width":946,"height":405,"caption":"La reuni\u00f3n del Consejo Econ\u00f3mico y Social tuvo lugar la pasada semana"},{"@type":"BreadcrumbList","@id":"https:\/\/www.copealcoy.es\/es\/el-ces-destina-100-000-euros-a-la-formacion-de-las-pymes\/#breadcrumb","itemListElement":[{"@type":"ListItem","position":1,"name":"Portada","item":"https:\/\/www.copealcoy.es\/es\/"},{"@type":"ListItem","position":2,"name":"El CES destina 100.000 euros a la formaci\u00f3n de las PYMES"}]},{"@type":"WebSite","@id":"https:\/\/www.copealcoy.es\/es\/#website","url":"https:\/\/www.copealcoy.es\/es\/","name":"COPE Alcoy","description":"Emisora COPE de radio local con emisi\u00f3n online. Pont de Sant Jordi 8-10 03803 Alcoy","potentialAction":[{"@type":"SearchAction","target":{"@type":"EntryPoint","urlTemplate":"https:\/\/www.copealcoy.es\/es\/?s={search_term_string}"},"query-input":{"@type":"PropertyValueSpecification","valueRequired":true,"valueName":"search_term_string"}}],"inLanguage":"es"},{"@type":"Person","@id":"https:\/\/www.copealcoy.es\/es\/#\/schema\/person\/e777c87fa024e57d40170af9df39882c","name":"Cope Alcoy","image":{"@type":"ImageObject","inLanguage":"es","@id":"https:\/\/secure.gravatar.com\/avatar\/bb65d0283347e303893ba14f0692005417c1e0e690a325a4c5d8bb2b3943ee14?s=96&d=mm&r=g","url":"https:\/\/secure.gravatar.com\/avatar\/bb65d0283347e303893ba14f0692005417c1e0e690a325a4c5d8bb2b3943ee14?s=96&d=mm&r=g","contentUrl":"https:\/\/secure.gravatar.com\/avatar\/bb65d0283347e303893ba14f0692005417c1e0e690a325a4c5d8bb2b3943ee14?s=96&d=mm&r=g","caption":"Cope Alcoy"}}]}},"_links":{"self":[{"href":"https:\/\/www.copealcoy.es\/es\/wp-json\/wp\/v2\/posts\/11948","targetHints":{"allow":["GET"]}}],"collection":[{"href":"https:\/\/www.copealcoy.es\/es\/wp-json\/wp\/v2\/posts"}],"about":[{"href":"https:\/\/www.copealcoy.es\/es\/wp-json\/wp\/v2\/types\/post"}],"author":[{"embeddable":true,"href":"https:\/\/www.copealcoy.es\/es\/wp-json\/wp\/v2\/users\/1"}],"replies":[{"embeddable":true,"href":"https:\/\/www.copealcoy.es\/es\/wp-json\/wp\/v2\/comments?post=11948"}],"version-history":[{"count":0,"href":"https:\/\/www.copealcoy.es\/es\/wp-json\/wp\/v2\/posts\/11948\/revisions"}],"wp:featuredmedia":[{"embeddable":true,"href":"https:\/\/www.copealcoy.es\/es\/wp-json\/wp\/v2\/media\/11949"}],"wp:attachment":[{"href":"https:\/\/www.copealcoy.es\/es\/wp-json\/wp\/v2\/media?parent=11948"}],"wp:term":[{"taxonomy":"category","embeddable":true,"href":"https:\/\/www.copealcoy.es\/es\/wp-json\/wp\/v2\/categories?post=11948"},{"taxonomy":"post_tag","embeddable":true,"href":"https:\/\/www.copealcoy.es\/es\/wp-json\/wp\/v2\/tags?post=11948"}],"curies":[{"name":"wp","href":"https:\/\/api.w.org\/{rel}","templated":true}]}}