{"id":119385,"date":"2023-07-11T05:00:25","date_gmt":"2023-07-11T04:00:25","guid":{"rendered":"https:\/\/www.copealcoy.es\/?p=119385"},"modified":"2023-07-11T09:28:45","modified_gmt":"2023-07-11T08:28:45","slug":"el-23-de-abril-de-2024-sera-dia-laborable-en-alcoy-que-opina-la-ciudadania","status":"publish","type":"post","link":"https:\/\/www.copealcoy.es\/es\/el-23-de-abril-de-2024-sera-dia-laborable-en-alcoy-que-opina-la-ciudadania\/","title":{"rendered":"El 23 de abril de 2024 ser\u00e1 d\u00eda laborable en Alcoy, \u00bfqu\u00e9 opina la ciudadan\u00eda?"},"content":{"rendered":"<p><strong>El 23 de abril de 2024 ser\u00e1 d\u00eda laborable<\/strong> en Alcoy. El d\u00eda del patr\u00f3n, <strong>San Jorge<\/strong>, tocar\u00e1 trabajar. Y es que ser\u00e1n <strong>el s\u00e1bado 20 y el lunes 22 los festivos locales<\/strong> del a\u00f1o en la ciudad.<\/p>\n<p>As\u00ed lo ha aprobado por unanimidad el <strong>Consejo Econ\u00f3mico y Social (CES)<\/strong> de Alcoy, que se reuni\u00f3 el pasado mi\u00e9rcoles 5 de julio. El objetivo, que la Entrada fuera s\u00e1bado. De esta forma, la Trilog\u00eda Festera se celebrar\u00e1 del 20 al 22 de abril. Y el 23 ser\u00e1 el D\u00eda del Descanso, jornada no lectiva pero s\u00ed laborable.<\/p>\n<p>En la ciudad, desde hace ya algunos a\u00f1os, las fechas de las Fiestas de Moros y Cristianos se hacen coincidir con el fin de semana. Sin embargo, para el 2024 <strong>la Asociaci\u00f3n de San jorge (ASJ) propuso que la entrada fuera domingo (d\u00eda 21) y que el d\u00eda 23 fuera festivo local<\/strong> (celebr\u00e1ndse el D\u00eda del Alardo). Sin embargo, la propuesta no fue aceptada por el CES, que adelant\u00f3 las fechas un d\u00eda.<\/p>\n<p>El hecho de que el d\u00eda 23 sea laborable, a pesar de ser el d\u00eda del patr\u00f3n, despierta <strong>discrepancias entre la ciudadan\u00eda<\/strong>. Para algunos no supone un problema, pero hay otros que consideran que deber\u00eda ser festivo independientemente del d\u00eda de la semana en el que caiga.<\/p>\n<p>&#8220;Nuestro patr\u00f3n se celebra el d\u00eda 23. <strong>No tienen por qu\u00e9 ponerlo dos d\u00edas antes<\/strong>&#8220;, opina un alcoyano. Otra compara la situaci\u00f3n con la de otras ciudades. &#8220;El 23, San Jorge, que sea fiesta cuando toque. <strong>Igual que en Valencia el d\u00eda 19, sea cuando sea, es fiesta<\/strong>&#8220;.<\/p>\n<p>&#8220;Para <strong>los que estudiamos fuera nos viene mejor que caigan las Fiestas en fin de semana<\/strong>. Yo estoy de acuerdo con la decisi\u00f3n que se ha tomado&#8221;, explica una alcoyana que reside fuera de la ciudad.<\/p>\n<p>La ciudadan\u00eda se ha manifestado <strong>tambi\u00e9n en redes sociales<\/strong> tras conocerse la noticia del calendario festero para el 2024. &#8220;A los muchos alcoyanos que trabajamos fuera, la propuesta de la ASJ para este a\u00f1o nos dejaba sin dos de los tres d\u00edas de Fiestas. Se agradece por tanto al CES, y mucho, que se celebren s\u00e1bado, domingo y lunes&#8221;, publica un usuario. &#8220;El problema, para m\u00ed, es obviar el d\u00eda 23 y no hacer nada para honorar a nuestro patr\u00f3n&#8221;, comenta otro.<\/p>\n","protected":false},"excerpt":{"rendered":"<p>El 23 de abril de 2024 ser\u00e1 d\u00eda laborable en Alcoy. El d\u00eda del patr\u00f3n, San Jorge, tocar\u00e1 trabajar. Y&#8230;<\/p>\n","protected":false},"author":1,"featured_media":86603,"comment_status":"open","ping_status":"open","sticky":false,"template":"","format":"standard","meta":{"footnotes":""},"categories":[6909,97,78,75],"tags":[7517,1494,2001,876],"class_list":["post-119385","post","type-post","status-publish","format-standard","has-post-thumbnail","hentry","category-actualidad","category-alcoy","category-fiestaycultura","category-noticias","tag-23-de-abril","tag-alcoy","tag-fiestas-de-moros-y-cristianos","tag-san-jorge"],"yoast_head":"<!-- This site is optimized with the Yoast SEO plugin v27.3 - https:\/\/yoast.com\/product\/yoast-seo-wordpress\/ -->\n<title>El 23 de abril de 2024 ser\u00e1 d\u00eda laborable en Alcoy, \u00bfqu\u00e9 opina la ciudadan\u00eda? - COPE Alcoy<\/title>\n<meta name=\"description\" content=\"El 23 de abril de 2024 ser\u00e1 d\u00eda laborable en Alcoy. El d\u00eda del patr\u00f3n, San Jorge, tocar\u00e1 trabajar. Y es que ser\u00e1n el s\u00e1bado 20 y el lunes 22 los festivos locales del a\u00f1o en la ciudad.\" \/>\n<meta name=\"robots\" content=\"index, follow, max-snippet:-1, max-image-preview:large, max-video-preview:-1\" \/>\n<link rel=\"canonical\" href=\"https:\/\/www.copealcoy.es\/es\/el-23-de-abril-de-2024-sera-dia-laborable-en-alcoy-que-opina-la-ciudadania\/\" \/>\n<meta property=\"og:locale\" content=\"es_ES\" \/>\n<meta property=\"og:type\" content=\"article\" \/>\n<meta property=\"og:title\" content=\"El 23 de abril de 2024 ser\u00e1 d\u00eda laborable en Alcoy, \u00bfqu\u00e9 opina la ciudadan\u00eda? - COPE Alcoy\" \/>\n<meta property=\"og:description\" content=\"El 23 de abril de 2024 ser\u00e1 d\u00eda laborable en Alcoy. El d\u00eda del patr\u00f3n, San Jorge, tocar\u00e1 trabajar. Y es que ser\u00e1n el s\u00e1bado 20 y el lunes 22 los festivos locales del a\u00f1o en la ciudad.\" \/>\n<meta property=\"og:url\" content=\"https:\/\/www.copealcoy.es\/es\/el-23-de-abril-de-2024-sera-dia-laborable-en-alcoy-que-opina-la-ciudadania\/\" \/>\n<meta property=\"og:site_name\" content=\"COPE Alcoy\" \/>\n<meta property=\"article:published_time\" content=\"2023-07-11T04:00:25+00:00\" \/>\n<meta property=\"article:modified_time\" content=\"2023-07-11T08:28:45+00:00\" \/>\n<meta property=\"og:image\" content=\"https:\/\/www.copealcoy.es\/wp-content\/uploads\/2022\/04\/unnamed-50-scaled.jpg\" \/>\n\t<meta property=\"og:image:width\" content=\"1713\" \/>\n\t<meta property=\"og:image:height\" content=\"1080\" \/>\n\t<meta property=\"og:image:type\" content=\"image\/jpeg\" \/>\n<meta name=\"author\" content=\"Cope Alcoy\" \/>\n<meta name=\"twitter:label1\" content=\"Escrito por\" \/>\n\t<meta name=\"twitter:data1\" content=\"Cope Alcoy\" \/>\n\t<meta name=\"twitter:label2\" content=\"Tiempo de lectura\" \/>\n\t<meta name=\"twitter:data2\" content=\"3 minutos\" \/>\n<script type=\"application\/ld+json\" class=\"yoast-schema-graph\">{\"@context\":\"https:\\\/\\\/schema.org\",\"@graph\":[{\"@type\":\"Article\",\"@id\":\"https:\\\/\\\/www.copealcoy.es\\\/es\\\/el-23-de-abril-de-2024-sera-dia-laborable-en-alcoy-que-opina-la-ciudadania\\\/#article\",\"isPartOf\":{\"@id\":\"https:\\\/\\\/www.copealcoy.es\\\/es\\\/el-23-de-abril-de-2024-sera-dia-laborable-en-alcoy-que-opina-la-ciudadania\\\/\"},\"author\":{\"name\":\"Cope Alcoy\",\"@id\":\"https:\\\/\\\/www.copealcoy.es\\\/es\\\/#\\\/schema\\\/person\\\/e777c87fa024e57d40170af9df39882c\"},\"headline\":\"El 23 de abril de 2024 ser\u00e1 d\u00eda laborable en Alcoy, \u00bfqu\u00e9 opina la ciudadan\u00eda?\",\"datePublished\":\"2023-07-11T04:00:25+00:00\",\"dateModified\":\"2023-07-11T08:28:45+00:00\",\"mainEntityOfPage\":{\"@id\":\"https:\\\/\\\/www.copealcoy.es\\\/es\\\/el-23-de-abril-de-2024-sera-dia-laborable-en-alcoy-que-opina-la-ciudadania\\\/\"},\"wordCount\":417,\"commentCount\":0,\"image\":{\"@id\":\"https:\\\/\\\/www.copealcoy.es\\\/es\\\/el-23-de-abril-de-2024-sera-dia-laborable-en-alcoy-que-opina-la-ciudadania\\\/#primaryimage\"},\"thumbnailUrl\":\"https:\\\/\\\/www.copealcoy.es\\\/wp-content\\\/uploads\\\/2022\\\/04\\\/unnamed-50-scaled.jpg\",\"keywords\":[\"23 de abril\",\"Alcoy\",\"Fiestas de Moros y Cristianos\",\"San Jorge\"],\"articleSection\":[\"Actualidad\",\"Alcoy\",\"Fiesta y Cultura\",\"Noticias\"],\"inLanguage\":\"es\"},{\"@type\":\"WebPage\",\"@id\":\"https:\\\/\\\/www.copealcoy.es\\\/es\\\/el-23-de-abril-de-2024-sera-dia-laborable-en-alcoy-que-opina-la-ciudadania\\\/\",\"url\":\"https:\\\/\\\/www.copealcoy.es\\\/es\\\/el-23-de-abril-de-2024-sera-dia-laborable-en-alcoy-que-opina-la-ciudadania\\\/\",\"name\":\"El 23 de abril de 2024 ser\u00e1 d\u00eda laborable en Alcoy, \u00bfqu\u00e9 opina la ciudadan\u00eda? - COPE Alcoy\",\"isPartOf\":{\"@id\":\"https:\\\/\\\/www.copealcoy.es\\\/es\\\/#website\"},\"primaryImageOfPage\":{\"@id\":\"https:\\\/\\\/www.copealcoy.es\\\/es\\\/el-23-de-abril-de-2024-sera-dia-laborable-en-alcoy-que-opina-la-ciudadania\\\/#primaryimage\"},\"image\":{\"@id\":\"https:\\\/\\\/www.copealcoy.es\\\/es\\\/el-23-de-abril-de-2024-sera-dia-laborable-en-alcoy-que-opina-la-ciudadania\\\/#primaryimage\"},\"thumbnailUrl\":\"https:\\\/\\\/www.copealcoy.es\\\/wp-content\\\/uploads\\\/2022\\\/04\\\/unnamed-50-scaled.jpg\",\"datePublished\":\"2023-07-11T04:00:25+00:00\",\"dateModified\":\"2023-07-11T08:28:45+00:00\",\"author\":{\"@id\":\"https:\\\/\\\/www.copealcoy.es\\\/es\\\/#\\\/schema\\\/person\\\/e777c87fa024e57d40170af9df39882c\"},\"description\":\"El 23 de abril de 2024 ser\u00e1 d\u00eda laborable en Alcoy. El d\u00eda del patr\u00f3n, San Jorge, tocar\u00e1 trabajar. Y es que ser\u00e1n el s\u00e1bado 20 y el lunes 22 los festivos locales del a\u00f1o en la ciudad.\",\"breadcrumb\":{\"@id\":\"https:\\\/\\\/www.copealcoy.es\\\/es\\\/el-23-de-abril-de-2024-sera-dia-laborable-en-alcoy-que-opina-la-ciudadania\\\/#breadcrumb\"},\"inLanguage\":\"es\",\"potentialAction\":[{\"@type\":\"ReadAction\",\"target\":[\"https:\\\/\\\/www.copealcoy.es\\\/es\\\/el-23-de-abril-de-2024-sera-dia-laborable-en-alcoy-que-opina-la-ciudadania\\\/\"]}]},{\"@type\":\"ImageObject\",\"inLanguage\":\"es\",\"@id\":\"https:\\\/\\\/www.copealcoy.es\\\/es\\\/el-23-de-abril-de-2024-sera-dia-laborable-en-alcoy-que-opina-la-ciudadania\\\/#primaryimage\",\"url\":\"https:\\\/\\\/www.copealcoy.es\\\/wp-content\\\/uploads\\\/2022\\\/04\\\/unnamed-50-scaled.jpg\",\"contentUrl\":\"https:\\\/\\\/www.copealcoy.es\\\/wp-content\\\/uploads\\\/2022\\\/04\\\/unnamed-50-scaled.jpg\",\"width\":1713,\"height\":1080,\"caption\":\"Procesion San Jorge 2022\"},{\"@type\":\"BreadcrumbList\",\"@id\":\"https:\\\/\\\/www.copealcoy.es\\\/es\\\/el-23-de-abril-de-2024-sera-dia-laborable-en-alcoy-que-opina-la-ciudadania\\\/#breadcrumb\",\"itemListElement\":[{\"@type\":\"ListItem\",\"position\":1,\"name\":\"Portada\",\"item\":\"https:\\\/\\\/www.copealcoy.es\\\/es\\\/\"},{\"@type\":\"ListItem\",\"position\":2,\"name\":\"El 23 de abril de 2024 ser\u00e1 d\u00eda laborable en Alcoy, \u00bfqu\u00e9 opina la ciudadan\u00eda?\"}]},{\"@type\":\"WebSite\",\"@id\":\"https:\\\/\\\/www.copealcoy.es\\\/es\\\/#website\",\"url\":\"https:\\\/\\\/www.copealcoy.es\\\/es\\\/\",\"name\":\"COPE Alcoy\",\"description\":\"Emisora COPE de radio local con emisi\u00f3n online. Pont de Sant Jordi 8-10 03803 Alcoy\",\"potentialAction\":[{\"@type\":\"SearchAction\",\"target\":{\"@type\":\"EntryPoint\",\"urlTemplate\":\"https:\\\/\\\/www.copealcoy.es\\\/es\\\/?s={search_term_string}\"},\"query-input\":{\"@type\":\"PropertyValueSpecification\",\"valueRequired\":true,\"valueName\":\"search_term_string\"}}],\"inLanguage\":\"es\"},{\"@type\":\"Person\",\"@id\":\"https:\\\/\\\/www.copealcoy.es\\\/es\\\/#\\\/schema\\\/person\\\/e777c87fa024e57d40170af9df39882c\",\"name\":\"Cope Alcoy\",\"image\":{\"@type\":\"ImageObject\",\"inLanguage\":\"es\",\"@id\":\"https:\\\/\\\/secure.gravatar.com\\\/avatar\\\/bb65d0283347e303893ba14f0692005417c1e0e690a325a4c5d8bb2b3943ee14?s=96&d=mm&r=g\",\"url\":\"https:\\\/\\\/secure.gravatar.com\\\/avatar\\\/bb65d0283347e303893ba14f0692005417c1e0e690a325a4c5d8bb2b3943ee14?s=96&d=mm&r=g\",\"contentUrl\":\"https:\\\/\\\/secure.gravatar.com\\\/avatar\\\/bb65d0283347e303893ba14f0692005417c1e0e690a325a4c5d8bb2b3943ee14?s=96&d=mm&r=g\",\"caption\":\"Cope Alcoy\"}}]}<\/script>\n<!-- \/ Yoast SEO plugin. -->","yoast_head_json":{"title":"El 23 de abril de 2024 ser\u00e1 d\u00eda laborable en Alcoy, \u00bfqu\u00e9 opina la ciudadan\u00eda? - COPE Alcoy","description":"El 23 de abril de 2024 ser\u00e1 d\u00eda laborable en Alcoy. El d\u00eda del patr\u00f3n, San Jorge, tocar\u00e1 trabajar. Y es que ser\u00e1n el s\u00e1bado 20 y el lunes 22 los festivos locales del a\u00f1o en la ciudad.","robots":{"index":"index","follow":"follow","max-snippet":"max-snippet:-1","max-image-preview":"max-image-preview:large","max-video-preview":"max-video-preview:-1"},"canonical":"https:\/\/www.copealcoy.es\/es\/el-23-de-abril-de-2024-sera-dia-laborable-en-alcoy-que-opina-la-ciudadania\/","og_locale":"es_ES","og_type":"article","og_title":"El 23 de abril de 2024 ser\u00e1 d\u00eda laborable en Alcoy, \u00bfqu\u00e9 opina la ciudadan\u00eda? - COPE Alcoy","og_description":"El 23 de abril de 2024 ser\u00e1 d\u00eda laborable en Alcoy. El d\u00eda del patr\u00f3n, San Jorge, tocar\u00e1 trabajar. Y es que ser\u00e1n el s\u00e1bado 20 y el lunes 22 los festivos locales del a\u00f1o en la ciudad.","og_url":"https:\/\/www.copealcoy.es\/es\/el-23-de-abril-de-2024-sera-dia-laborable-en-alcoy-que-opina-la-ciudadania\/","og_site_name":"COPE Alcoy","article_published_time":"2023-07-11T04:00:25+00:00","article_modified_time":"2023-07-11T08:28:45+00:00","og_image":[{"width":1713,"height":1080,"url":"https:\/\/www.copealcoy.es\/wp-content\/uploads\/2022\/04\/unnamed-50-scaled.jpg","type":"image\/jpeg"}],"author":"Cope Alcoy","twitter_misc":{"Escrito por":"Cope Alcoy","Tiempo de lectura":"3 minutos"},"schema":{"@context":"https:\/\/schema.org","@graph":[{"@type":"Article","@id":"https:\/\/www.copealcoy.es\/es\/el-23-de-abril-de-2024-sera-dia-laborable-en-alcoy-que-opina-la-ciudadania\/#article","isPartOf":{"@id":"https:\/\/www.copealcoy.es\/es\/el-23-de-abril-de-2024-sera-dia-laborable-en-alcoy-que-opina-la-ciudadania\/"},"author":{"name":"Cope Alcoy","@id":"https:\/\/www.copealcoy.es\/es\/#\/schema\/person\/e777c87fa024e57d40170af9df39882c"},"headline":"El 23 de abril de 2024 ser\u00e1 d\u00eda laborable en Alcoy, \u00bfqu\u00e9 opina la ciudadan\u00eda?","datePublished":"2023-07-11T04:00:25+00:00","dateModified":"2023-07-11T08:28:45+00:00","mainEntityOfPage":{"@id":"https:\/\/www.copealcoy.es\/es\/el-23-de-abril-de-2024-sera-dia-laborable-en-alcoy-que-opina-la-ciudadania\/"},"wordCount":417,"commentCount":0,"image":{"@id":"https:\/\/www.copealcoy.es\/es\/el-23-de-abril-de-2024-sera-dia-laborable-en-alcoy-que-opina-la-ciudadania\/#primaryimage"},"thumbnailUrl":"https:\/\/www.copealcoy.es\/wp-content\/uploads\/2022\/04\/unnamed-50-scaled.jpg","keywords":["23 de abril","Alcoy","Fiestas de Moros y Cristianos","San Jorge"],"articleSection":["Actualidad","Alcoy","Fiesta y Cultura","Noticias"],"inLanguage":"es"},{"@type":"WebPage","@id":"https:\/\/www.copealcoy.es\/es\/el-23-de-abril-de-2024-sera-dia-laborable-en-alcoy-que-opina-la-ciudadania\/","url":"https:\/\/www.copealcoy.es\/es\/el-23-de-abril-de-2024-sera-dia-laborable-en-alcoy-que-opina-la-ciudadania\/","name":"El 23 de abril de 2024 ser\u00e1 d\u00eda laborable en Alcoy, \u00bfqu\u00e9 opina la ciudadan\u00eda? - COPE Alcoy","isPartOf":{"@id":"https:\/\/www.copealcoy.es\/es\/#website"},"primaryImageOfPage":{"@id":"https:\/\/www.copealcoy.es\/es\/el-23-de-abril-de-2024-sera-dia-laborable-en-alcoy-que-opina-la-ciudadania\/#primaryimage"},"image":{"@id":"https:\/\/www.copealcoy.es\/es\/el-23-de-abril-de-2024-sera-dia-laborable-en-alcoy-que-opina-la-ciudadania\/#primaryimage"},"thumbnailUrl":"https:\/\/www.copealcoy.es\/wp-content\/uploads\/2022\/04\/unnamed-50-scaled.jpg","datePublished":"2023-07-11T04:00:25+00:00","dateModified":"2023-07-11T08:28:45+00:00","author":{"@id":"https:\/\/www.copealcoy.es\/es\/#\/schema\/person\/e777c87fa024e57d40170af9df39882c"},"description":"El 23 de abril de 2024 ser\u00e1 d\u00eda laborable en Alcoy. El d\u00eda del patr\u00f3n, San Jorge, tocar\u00e1 trabajar. Y es que ser\u00e1n el s\u00e1bado 20 y el lunes 22 los festivos locales del a\u00f1o en la ciudad.","breadcrumb":{"@id":"https:\/\/www.copealcoy.es\/es\/el-23-de-abril-de-2024-sera-dia-laborable-en-alcoy-que-opina-la-ciudadania\/#breadcrumb"},"inLanguage":"es","potentialAction":[{"@type":"ReadAction","target":["https:\/\/www.copealcoy.es\/es\/el-23-de-abril-de-2024-sera-dia-laborable-en-alcoy-que-opina-la-ciudadania\/"]}]},{"@type":"ImageObject","inLanguage":"es","@id":"https:\/\/www.copealcoy.es\/es\/el-23-de-abril-de-2024-sera-dia-laborable-en-alcoy-que-opina-la-ciudadania\/#primaryimage","url":"https:\/\/www.copealcoy.es\/wp-content\/uploads\/2022\/04\/unnamed-50-scaled.jpg","contentUrl":"https:\/\/www.copealcoy.es\/wp-content\/uploads\/2022\/04\/unnamed-50-scaled.jpg","width":1713,"height":1080,"caption":"Procesion San Jorge 2022"},{"@type":"BreadcrumbList","@id":"https:\/\/www.copealcoy.es\/es\/el-23-de-abril-de-2024-sera-dia-laborable-en-alcoy-que-opina-la-ciudadania\/#breadcrumb","itemListElement":[{"@type":"ListItem","position":1,"name":"Portada","item":"https:\/\/www.copealcoy.es\/es\/"},{"@type":"ListItem","position":2,"name":"El 23 de abril de 2024 ser\u00e1 d\u00eda laborable en Alcoy, \u00bfqu\u00e9 opina la ciudadan\u00eda?"}]},{"@type":"WebSite","@id":"https:\/\/www.copealcoy.es\/es\/#website","url":"https:\/\/www.copealcoy.es\/es\/","name":"COPE Alcoy","description":"Emisora COPE de radio local con emisi\u00f3n online. Pont de Sant Jordi 8-10 03803 Alcoy","potentialAction":[{"@type":"SearchAction","target":{"@type":"EntryPoint","urlTemplate":"https:\/\/www.copealcoy.es\/es\/?s={search_term_string}"},"query-input":{"@type":"PropertyValueSpecification","valueRequired":true,"valueName":"search_term_string"}}],"inLanguage":"es"},{"@type":"Person","@id":"https:\/\/www.copealcoy.es\/es\/#\/schema\/person\/e777c87fa024e57d40170af9df39882c","name":"Cope Alcoy","image":{"@type":"ImageObject","inLanguage":"es","@id":"https:\/\/secure.gravatar.com\/avatar\/bb65d0283347e303893ba14f0692005417c1e0e690a325a4c5d8bb2b3943ee14?s=96&d=mm&r=g","url":"https:\/\/secure.gravatar.com\/avatar\/bb65d0283347e303893ba14f0692005417c1e0e690a325a4c5d8bb2b3943ee14?s=96&d=mm&r=g","contentUrl":"https:\/\/secure.gravatar.com\/avatar\/bb65d0283347e303893ba14f0692005417c1e0e690a325a4c5d8bb2b3943ee14?s=96&d=mm&r=g","caption":"Cope Alcoy"}}]}},"_links":{"self":[{"href":"https:\/\/www.copealcoy.es\/es\/wp-json\/wp\/v2\/posts\/119385","targetHints":{"allow":["GET"]}}],"collection":[{"href":"https:\/\/www.copealcoy.es\/es\/wp-json\/wp\/v2\/posts"}],"about":[{"href":"https:\/\/www.copealcoy.es\/es\/wp-json\/wp\/v2\/types\/post"}],"author":[{"embeddable":true,"href":"https:\/\/www.copealcoy.es\/es\/wp-json\/wp\/v2\/users\/1"}],"replies":[{"embeddable":true,"href":"https:\/\/www.copealcoy.es\/es\/wp-json\/wp\/v2\/comments?post=119385"}],"version-history":[{"count":0,"href":"https:\/\/www.copealcoy.es\/es\/wp-json\/wp\/v2\/posts\/119385\/revisions"}],"wp:featuredmedia":[{"embeddable":true,"href":"https:\/\/www.copealcoy.es\/es\/wp-json\/wp\/v2\/media\/86603"}],"wp:attachment":[{"href":"https:\/\/www.copealcoy.es\/es\/wp-json\/wp\/v2\/media?parent=119385"}],"wp:term":[{"taxonomy":"category","embeddable":true,"href":"https:\/\/www.copealcoy.es\/es\/wp-json\/wp\/v2\/categories?post=119385"},{"taxonomy":"post_tag","embeddable":true,"href":"https:\/\/www.copealcoy.es\/es\/wp-json\/wp\/v2\/tags?post=119385"}],"curies":[{"name":"wp","href":"https:\/\/api.w.org\/{rel}","templated":true}]}}