{"id":119364,"date":"2023-07-10T08:15:01","date_gmt":"2023-07-10T07:15:01","guid":{"rendered":"https:\/\/www.copealcoy.es\/?p=119364"},"modified":"2023-07-10T11:48:13","modified_gmt":"2023-07-10T10:48:13","slug":"carlos-pastor-sera-el-diputado-comarcal-del-pp-en-la-diputacion-de-alicante","status":"publish","type":"post","link":"https:\/\/www.copealcoy.es\/es\/carlos-pastor-sera-el-diputado-comarcal-del-pp-en-la-diputacion-de-alicante\/","title":{"rendered":"Carlos Pastor ser\u00e1 el diputado comarcal del PP en la Diputaci\u00f3n de Alicante"},"content":{"rendered":"<p style=\"text-align: justify;\">El <strong>Partido Popular<\/strong> ha designado ya a qui\u00e9n <strong>ser\u00e1 el diputado de estas comarcas<\/strong> en la corporaci\u00f3n provincial que se constituir\u00e1 en las pr\u00f3ximas semanas. Se trata de <a href=\"https:\/\/www.facebook.com\/carlos.pastorventura\" target=\"_blank\" rel=\"noopener\"><span style=\"color: #0000ff;\"><strong>Carlos Pastor<\/strong><\/span><\/a>, portavoz de los populares alcoyanos y <strong>l\u00edder de la oposici\u00f3n<\/strong> en el actual Ayuntamiento de Alcoy.<\/p>\n<p style=\"text-align: justify;\">Cabe recordar que <strong>los populares tendr\u00e1n mayor\u00eda absoluta a la Diputaci\u00f3n<\/strong> en esta legislatura con un total de 16 diputados y todo apunta a que el presidente ser\u00e1\u00a0 el alcalde de Benidorm, <strong>Toni P\u00e9rez<\/strong>. El resto de la corporaci\u00f3n se completa con <strong>13 diputados del PSOE, uno por Comprom\u00eds y otro por VOX<\/strong>. En el caso de los socialistas, <strong>la formaci\u00f3n pol\u00edtica ha propuesto a la edil de Fageca N\u00faria Llodr\u00e1<\/strong> como diputada provincial por las comarcas de l&#8217;Alcoi\u00e0 y el Comtat. Pastor afronta con mucha ilusi\u00f3n <strong>el reto que le ha encomendado el partido a nivel comarcal y se marca una serie de objetivos para esta nueva etapa<\/strong> &#8220;<em>vamos a trabajar para conseguir el mayor n\u00famero de apoyos para la ciudad pero tambi\u00e9n vamos a estar al lado de los pueblos m\u00e1s peque\u00f1os de la zona. La Diputaci\u00f3n de Alicante juega un papel muy importante a la hora de atender las necesidades de las localidades m\u00e1s peque\u00f1as y no vamos a cesar en el empe\u00f1o de ayudarles en todo lo que precisen<\/em>&#8220;, se\u00f1alaba <strong>Carlos Pastor<\/strong> en declaraciones a COPE ALCOY.\u00a0 Hay que recordar que el l\u00edder popular llega a esta funci\u00f3n <strong>avalado por los excelentes resultados cosechados en las urnas<\/strong> el pasado 28M cuando dobl\u00f3 el n\u00famero de concejales del PP con respecto a los comicios locales del 2019.<\/p>\n<p style=\"text-align: justify;\">A d\u00eda de hoy est\u00e1 todav\u00eda por concretar una fecha <strong>para la constituci\u00f3n de la Diputaci\u00f3n de Alicante<\/strong>, hecho que se prev\u00e9 que sea en la segunda quincena del mes de julio. El proceso se ha dilatado algo en el tiempo porque primero <strong>se tienen que configurar todos los Ayuntamientos de la provincia<\/strong> tras la celebraci\u00f3n de las \u00faltimas Elecciones Municipales que tuvieron lugar el pasado 28 de mayo.<\/p>\n","protected":false},"excerpt":{"rendered":"<p>El Partido Popular ha designado ya a qui\u00e9n ser\u00e1 el diputado de estas comarcas en la corporaci\u00f3n provincial que se&#8230;<\/p>\n","protected":false},"author":1,"featured_media":92790,"comment_status":"open","ping_status":"open","sticky":false,"template":"","format":"standard","meta":{"footnotes":""},"categories":[6909,97,75,79],"tags":[13235,15156,8955,448],"class_list":["post-119364","post","type-post","status-publish","format-standard","has-post-thumbnail","hentry","category-actualidad","category-alcoy","category-noticias","category-politicayeconomia","tag-carlos-pastor","tag-designacion","tag-diputado-provincial","tag-partido-popular"],"yoast_head":"<!-- This site is optimized with the Yoast SEO plugin v27.3 - https:\/\/yoast.com\/product\/yoast-seo-wordpress\/ -->\n<title>Carlos Pastor ser\u00e1 el diputado comarcal del PP en la Diputaci\u00f3n de Alicante - COPE Alcoy<\/title>\n<meta name=\"robots\" content=\"index, follow, max-snippet:-1, max-image-preview:large, max-video-preview:-1\" \/>\n<link rel=\"canonical\" href=\"https:\/\/www.copealcoy.es\/es\/carlos-pastor-sera-el-diputado-comarcal-del-pp-en-la-diputacion-de-alicante\/\" \/>\n<meta property=\"og:locale\" content=\"es_ES\" \/>\n<meta property=\"og:type\" content=\"article\" \/>\n<meta property=\"og:title\" content=\"Carlos Pastor ser\u00e1 el diputado comarcal del PP en la Diputaci\u00f3n de Alicante - COPE Alcoy\" \/>\n<meta property=\"og:description\" content=\"El Partido Popular ha designado ya a qui\u00e9n ser\u00e1 el diputado de estas comarcas en la corporaci\u00f3n provincial que se...\" \/>\n<meta property=\"og:url\" content=\"https:\/\/www.copealcoy.es\/es\/carlos-pastor-sera-el-diputado-comarcal-del-pp-en-la-diputacion-de-alicante\/\" \/>\n<meta property=\"og:site_name\" content=\"COPE Alcoy\" \/>\n<meta property=\"article:published_time\" content=\"2023-07-10T07:15:01+00:00\" \/>\n<meta property=\"article:modified_time\" content=\"2023-07-10T10:48:13+00:00\" \/>\n<meta property=\"og:image\" content=\"https:\/\/www.copealcoy.es\/wp-content\/uploads\/2022\/10\/Carlos-Pastor-Candidato-PP-Alcoy-e1665486550142.jpg\" \/>\n\t<meta property=\"og:image:width\" content=\"1080\" \/>\n\t<meta property=\"og:image:height\" content=\"675\" \/>\n\t<meta property=\"og:image:type\" content=\"image\/jpeg\" \/>\n<meta name=\"author\" content=\"Cope Alcoy\" \/>\n<meta name=\"twitter:label1\" content=\"Escrito por\" \/>\n\t<meta name=\"twitter:data1\" content=\"Cope Alcoy\" \/>\n\t<meta name=\"twitter:label2\" content=\"Tiempo de lectura\" \/>\n\t<meta name=\"twitter:data2\" content=\"2 minutos\" \/>\n<script type=\"application\/ld+json\" class=\"yoast-schema-graph\">{\"@context\":\"https:\\\/\\\/schema.org\",\"@graph\":[{\"@type\":\"Article\",\"@id\":\"https:\\\/\\\/www.copealcoy.es\\\/es\\\/carlos-pastor-sera-el-diputado-comarcal-del-pp-en-la-diputacion-de-alicante\\\/#article\",\"isPartOf\":{\"@id\":\"https:\\\/\\\/www.copealcoy.es\\\/es\\\/carlos-pastor-sera-el-diputado-comarcal-del-pp-en-la-diputacion-de-alicante\\\/\"},\"author\":{\"name\":\"Cope Alcoy\",\"@id\":\"https:\\\/\\\/www.copealcoy.es\\\/es\\\/#\\\/schema\\\/person\\\/e777c87fa024e57d40170af9df39882c\"},\"headline\":\"Carlos Pastor ser\u00e1 el diputado comarcal del PP en la Diputaci\u00f3n de Alicante\",\"datePublished\":\"2023-07-10T07:15:01+00:00\",\"dateModified\":\"2023-07-10T10:48:13+00:00\",\"mainEntityOfPage\":{\"@id\":\"https:\\\/\\\/www.copealcoy.es\\\/es\\\/carlos-pastor-sera-el-diputado-comarcal-del-pp-en-la-diputacion-de-alicante\\\/\"},\"wordCount\":378,\"commentCount\":0,\"image\":{\"@id\":\"https:\\\/\\\/www.copealcoy.es\\\/es\\\/carlos-pastor-sera-el-diputado-comarcal-del-pp-en-la-diputacion-de-alicante\\\/#primaryimage\"},\"thumbnailUrl\":\"https:\\\/\\\/www.copealcoy.es\\\/wp-content\\\/uploads\\\/2022\\\/10\\\/Carlos-Pastor-Candidato-PP-Alcoy-e1665486550142.jpg\",\"keywords\":[\"Carlos Pastor\",\"designaci\u00f3n\",\"Diputado Provincial\",\"Partido Popular\"],\"articleSection\":[\"Actualidad\",\"Alcoy\",\"Noticias\",\"Pol\u00edtica y Econom\u00eda\"],\"inLanguage\":\"es\"},{\"@type\":\"WebPage\",\"@id\":\"https:\\\/\\\/www.copealcoy.es\\\/es\\\/carlos-pastor-sera-el-diputado-comarcal-del-pp-en-la-diputacion-de-alicante\\\/\",\"url\":\"https:\\\/\\\/www.copealcoy.es\\\/es\\\/carlos-pastor-sera-el-diputado-comarcal-del-pp-en-la-diputacion-de-alicante\\\/\",\"name\":\"Carlos Pastor ser\u00e1 el diputado comarcal del PP en la Diputaci\u00f3n de Alicante - COPE Alcoy\",\"isPartOf\":{\"@id\":\"https:\\\/\\\/www.copealcoy.es\\\/es\\\/#website\"},\"primaryImageOfPage\":{\"@id\":\"https:\\\/\\\/www.copealcoy.es\\\/es\\\/carlos-pastor-sera-el-diputado-comarcal-del-pp-en-la-diputacion-de-alicante\\\/#primaryimage\"},\"image\":{\"@id\":\"https:\\\/\\\/www.copealcoy.es\\\/es\\\/carlos-pastor-sera-el-diputado-comarcal-del-pp-en-la-diputacion-de-alicante\\\/#primaryimage\"},\"thumbnailUrl\":\"https:\\\/\\\/www.copealcoy.es\\\/wp-content\\\/uploads\\\/2022\\\/10\\\/Carlos-Pastor-Candidato-PP-Alcoy-e1665486550142.jpg\",\"datePublished\":\"2023-07-10T07:15:01+00:00\",\"dateModified\":\"2023-07-10T10:48:13+00:00\",\"author\":{\"@id\":\"https:\\\/\\\/www.copealcoy.es\\\/es\\\/#\\\/schema\\\/person\\\/e777c87fa024e57d40170af9df39882c\"},\"breadcrumb\":{\"@id\":\"https:\\\/\\\/www.copealcoy.es\\\/es\\\/carlos-pastor-sera-el-diputado-comarcal-del-pp-en-la-diputacion-de-alicante\\\/#breadcrumb\"},\"inLanguage\":\"es\",\"potentialAction\":[{\"@type\":\"ReadAction\",\"target\":[\"https:\\\/\\\/www.copealcoy.es\\\/es\\\/carlos-pastor-sera-el-diputado-comarcal-del-pp-en-la-diputacion-de-alicante\\\/\"]}]},{\"@type\":\"ImageObject\",\"inLanguage\":\"es\",\"@id\":\"https:\\\/\\\/www.copealcoy.es\\\/es\\\/carlos-pastor-sera-el-diputado-comarcal-del-pp-en-la-diputacion-de-alicante\\\/#primaryimage\",\"url\":\"https:\\\/\\\/www.copealcoy.es\\\/wp-content\\\/uploads\\\/2022\\\/10\\\/Carlos-Pastor-Candidato-PP-Alcoy-e1665486550142.jpg\",\"contentUrl\":\"https:\\\/\\\/www.copealcoy.es\\\/wp-content\\\/uploads\\\/2022\\\/10\\\/Carlos-Pastor-Candidato-PP-Alcoy-e1665486550142.jpg\",\"width\":1080,\"height\":675},{\"@type\":\"BreadcrumbList\",\"@id\":\"https:\\\/\\\/www.copealcoy.es\\\/es\\\/carlos-pastor-sera-el-diputado-comarcal-del-pp-en-la-diputacion-de-alicante\\\/#breadcrumb\",\"itemListElement\":[{\"@type\":\"ListItem\",\"position\":1,\"name\":\"Portada\",\"item\":\"https:\\\/\\\/www.copealcoy.es\\\/es\\\/\"},{\"@type\":\"ListItem\",\"position\":2,\"name\":\"Carlos Pastor ser\u00e1 el diputado comarcal del PP en la Diputaci\u00f3n de Alicante\"}]},{\"@type\":\"WebSite\",\"@id\":\"https:\\\/\\\/www.copealcoy.es\\\/es\\\/#website\",\"url\":\"https:\\\/\\\/www.copealcoy.es\\\/es\\\/\",\"name\":\"COPE Alcoy\",\"description\":\"Emisora COPE de radio local con emisi\u00f3n online. Pont de Sant Jordi 8-10 03803 Alcoy\",\"potentialAction\":[{\"@type\":\"SearchAction\",\"target\":{\"@type\":\"EntryPoint\",\"urlTemplate\":\"https:\\\/\\\/www.copealcoy.es\\\/es\\\/?s={search_term_string}\"},\"query-input\":{\"@type\":\"PropertyValueSpecification\",\"valueRequired\":true,\"valueName\":\"search_term_string\"}}],\"inLanguage\":\"es\"},{\"@type\":\"Person\",\"@id\":\"https:\\\/\\\/www.copealcoy.es\\\/es\\\/#\\\/schema\\\/person\\\/e777c87fa024e57d40170af9df39882c\",\"name\":\"Cope Alcoy\",\"image\":{\"@type\":\"ImageObject\",\"inLanguage\":\"es\",\"@id\":\"https:\\\/\\\/secure.gravatar.com\\\/avatar\\\/bb65d0283347e303893ba14f0692005417c1e0e690a325a4c5d8bb2b3943ee14?s=96&d=mm&r=g\",\"url\":\"https:\\\/\\\/secure.gravatar.com\\\/avatar\\\/bb65d0283347e303893ba14f0692005417c1e0e690a325a4c5d8bb2b3943ee14?s=96&d=mm&r=g\",\"contentUrl\":\"https:\\\/\\\/secure.gravatar.com\\\/avatar\\\/bb65d0283347e303893ba14f0692005417c1e0e690a325a4c5d8bb2b3943ee14?s=96&d=mm&r=g\",\"caption\":\"Cope Alcoy\"}}]}<\/script>\n<!-- \/ Yoast SEO plugin. -->","yoast_head_json":{"title":"Carlos Pastor ser\u00e1 el diputado comarcal del PP en la Diputaci\u00f3n de Alicante - COPE Alcoy","robots":{"index":"index","follow":"follow","max-snippet":"max-snippet:-1","max-image-preview":"max-image-preview:large","max-video-preview":"max-video-preview:-1"},"canonical":"https:\/\/www.copealcoy.es\/es\/carlos-pastor-sera-el-diputado-comarcal-del-pp-en-la-diputacion-de-alicante\/","og_locale":"es_ES","og_type":"article","og_title":"Carlos Pastor ser\u00e1 el diputado comarcal del PP en la Diputaci\u00f3n de Alicante - COPE Alcoy","og_description":"El Partido Popular ha designado ya a qui\u00e9n ser\u00e1 el diputado de estas comarcas en la corporaci\u00f3n provincial que se...","og_url":"https:\/\/www.copealcoy.es\/es\/carlos-pastor-sera-el-diputado-comarcal-del-pp-en-la-diputacion-de-alicante\/","og_site_name":"COPE Alcoy","article_published_time":"2023-07-10T07:15:01+00:00","article_modified_time":"2023-07-10T10:48:13+00:00","og_image":[{"width":1080,"height":675,"url":"https:\/\/www.copealcoy.es\/wp-content\/uploads\/2022\/10\/Carlos-Pastor-Candidato-PP-Alcoy-e1665486550142.jpg","type":"image\/jpeg"}],"author":"Cope Alcoy","twitter_misc":{"Escrito por":"Cope Alcoy","Tiempo de lectura":"2 minutos"},"schema":{"@context":"https:\/\/schema.org","@graph":[{"@type":"Article","@id":"https:\/\/www.copealcoy.es\/es\/carlos-pastor-sera-el-diputado-comarcal-del-pp-en-la-diputacion-de-alicante\/#article","isPartOf":{"@id":"https:\/\/www.copealcoy.es\/es\/carlos-pastor-sera-el-diputado-comarcal-del-pp-en-la-diputacion-de-alicante\/"},"author":{"name":"Cope Alcoy","@id":"https:\/\/www.copealcoy.es\/es\/#\/schema\/person\/e777c87fa024e57d40170af9df39882c"},"headline":"Carlos Pastor ser\u00e1 el diputado comarcal del PP en la Diputaci\u00f3n de Alicante","datePublished":"2023-07-10T07:15:01+00:00","dateModified":"2023-07-10T10:48:13+00:00","mainEntityOfPage":{"@id":"https:\/\/www.copealcoy.es\/es\/carlos-pastor-sera-el-diputado-comarcal-del-pp-en-la-diputacion-de-alicante\/"},"wordCount":378,"commentCount":0,"image":{"@id":"https:\/\/www.copealcoy.es\/es\/carlos-pastor-sera-el-diputado-comarcal-del-pp-en-la-diputacion-de-alicante\/#primaryimage"},"thumbnailUrl":"https:\/\/www.copealcoy.es\/wp-content\/uploads\/2022\/10\/Carlos-Pastor-Candidato-PP-Alcoy-e1665486550142.jpg","keywords":["Carlos Pastor","designaci\u00f3n","Diputado Provincial","Partido Popular"],"articleSection":["Actualidad","Alcoy","Noticias","Pol\u00edtica y Econom\u00eda"],"inLanguage":"es"},{"@type":"WebPage","@id":"https:\/\/www.copealcoy.es\/es\/carlos-pastor-sera-el-diputado-comarcal-del-pp-en-la-diputacion-de-alicante\/","url":"https:\/\/www.copealcoy.es\/es\/carlos-pastor-sera-el-diputado-comarcal-del-pp-en-la-diputacion-de-alicante\/","name":"Carlos Pastor ser\u00e1 el diputado comarcal del PP en la Diputaci\u00f3n de Alicante - COPE Alcoy","isPartOf":{"@id":"https:\/\/www.copealcoy.es\/es\/#website"},"primaryImageOfPage":{"@id":"https:\/\/www.copealcoy.es\/es\/carlos-pastor-sera-el-diputado-comarcal-del-pp-en-la-diputacion-de-alicante\/#primaryimage"},"image":{"@id":"https:\/\/www.copealcoy.es\/es\/carlos-pastor-sera-el-diputado-comarcal-del-pp-en-la-diputacion-de-alicante\/#primaryimage"},"thumbnailUrl":"https:\/\/www.copealcoy.es\/wp-content\/uploads\/2022\/10\/Carlos-Pastor-Candidato-PP-Alcoy-e1665486550142.jpg","datePublished":"2023-07-10T07:15:01+00:00","dateModified":"2023-07-10T10:48:13+00:00","author":{"@id":"https:\/\/www.copealcoy.es\/es\/#\/schema\/person\/e777c87fa024e57d40170af9df39882c"},"breadcrumb":{"@id":"https:\/\/www.copealcoy.es\/es\/carlos-pastor-sera-el-diputado-comarcal-del-pp-en-la-diputacion-de-alicante\/#breadcrumb"},"inLanguage":"es","potentialAction":[{"@type":"ReadAction","target":["https:\/\/www.copealcoy.es\/es\/carlos-pastor-sera-el-diputado-comarcal-del-pp-en-la-diputacion-de-alicante\/"]}]},{"@type":"ImageObject","inLanguage":"es","@id":"https:\/\/www.copealcoy.es\/es\/carlos-pastor-sera-el-diputado-comarcal-del-pp-en-la-diputacion-de-alicante\/#primaryimage","url":"https:\/\/www.copealcoy.es\/wp-content\/uploads\/2022\/10\/Carlos-Pastor-Candidato-PP-Alcoy-e1665486550142.jpg","contentUrl":"https:\/\/www.copealcoy.es\/wp-content\/uploads\/2022\/10\/Carlos-Pastor-Candidato-PP-Alcoy-e1665486550142.jpg","width":1080,"height":675},{"@type":"BreadcrumbList","@id":"https:\/\/www.copealcoy.es\/es\/carlos-pastor-sera-el-diputado-comarcal-del-pp-en-la-diputacion-de-alicante\/#breadcrumb","itemListElement":[{"@type":"ListItem","position":1,"name":"Portada","item":"https:\/\/www.copealcoy.es\/es\/"},{"@type":"ListItem","position":2,"name":"Carlos Pastor ser\u00e1 el diputado comarcal del PP en la Diputaci\u00f3n de Alicante"}]},{"@type":"WebSite","@id":"https:\/\/www.copealcoy.es\/es\/#website","url":"https:\/\/www.copealcoy.es\/es\/","name":"COPE Alcoy","description":"Emisora COPE de radio local con emisi\u00f3n online. Pont de Sant Jordi 8-10 03803 Alcoy","potentialAction":[{"@type":"SearchAction","target":{"@type":"EntryPoint","urlTemplate":"https:\/\/www.copealcoy.es\/es\/?s={search_term_string}"},"query-input":{"@type":"PropertyValueSpecification","valueRequired":true,"valueName":"search_term_string"}}],"inLanguage":"es"},{"@type":"Person","@id":"https:\/\/www.copealcoy.es\/es\/#\/schema\/person\/e777c87fa024e57d40170af9df39882c","name":"Cope Alcoy","image":{"@type":"ImageObject","inLanguage":"es","@id":"https:\/\/secure.gravatar.com\/avatar\/bb65d0283347e303893ba14f0692005417c1e0e690a325a4c5d8bb2b3943ee14?s=96&d=mm&r=g","url":"https:\/\/secure.gravatar.com\/avatar\/bb65d0283347e303893ba14f0692005417c1e0e690a325a4c5d8bb2b3943ee14?s=96&d=mm&r=g","contentUrl":"https:\/\/secure.gravatar.com\/avatar\/bb65d0283347e303893ba14f0692005417c1e0e690a325a4c5d8bb2b3943ee14?s=96&d=mm&r=g","caption":"Cope Alcoy"}}]}},"_links":{"self":[{"href":"https:\/\/www.copealcoy.es\/es\/wp-json\/wp\/v2\/posts\/119364","targetHints":{"allow":["GET"]}}],"collection":[{"href":"https:\/\/www.copealcoy.es\/es\/wp-json\/wp\/v2\/posts"}],"about":[{"href":"https:\/\/www.copealcoy.es\/es\/wp-json\/wp\/v2\/types\/post"}],"author":[{"embeddable":true,"href":"https:\/\/www.copealcoy.es\/es\/wp-json\/wp\/v2\/users\/1"}],"replies":[{"embeddable":true,"href":"https:\/\/www.copealcoy.es\/es\/wp-json\/wp\/v2\/comments?post=119364"}],"version-history":[{"count":0,"href":"https:\/\/www.copealcoy.es\/es\/wp-json\/wp\/v2\/posts\/119364\/revisions"}],"wp:featuredmedia":[{"embeddable":true,"href":"https:\/\/www.copealcoy.es\/es\/wp-json\/wp\/v2\/media\/92790"}],"wp:attachment":[{"href":"https:\/\/www.copealcoy.es\/es\/wp-json\/wp\/v2\/media?parent=119364"}],"wp:term":[{"taxonomy":"category","embeddable":true,"href":"https:\/\/www.copealcoy.es\/es\/wp-json\/wp\/v2\/categories?post=119364"},{"taxonomy":"post_tag","embeddable":true,"href":"https:\/\/www.copealcoy.es\/es\/wp-json\/wp\/v2\/tags?post=119364"}],"curies":[{"name":"wp","href":"https:\/\/api.w.org\/{rel}","templated":true}]}}