{"id":119325,"date":"2023-07-10T07:20:27","date_gmt":"2023-07-10T06:20:27","guid":{"rendered":"https:\/\/www.copealcoy.es\/?p=119325"},"modified":"2023-07-10T07:20:27","modified_gmt":"2023-07-10T06:20:27","slug":"informativo-matinal-lunes-10-de-julio-2023-0720h","status":"publish","type":"post","link":"https:\/\/www.copealcoy.es\/es\/informativo-matinal-lunes-10-de-julio-2023-0720h\/","title":{"rendered":"Informativo matinal lunes 10 de julio 2023 (07:20h)"},"content":{"rendered":"<p><iframe loading=\"lazy\" title=\"Informatiu Matinal Dilluns 10 De Juliol 2023 (07:20h)\" width=\"100%\" height=\"120\" src=\"https:\/\/www.mixcloud.com\/widget\/iframe\/?feed=https%3A%2F%2Fwww.mixcloud.com%2FCOPEAlcoy%2Finformatiu-matinal-dilluns-10-de-juliol-2023-0720h%2F&amp;hide_cover=1\" frameborder=\"0\"><\/iframe><\/p>\n<p>La <strong>opini\u00f3n de los ciudadanos sobre que el 23 de abril de 2024 sea d\u00eda laborable<\/strong> y las <strong>altas temperaturas que se alcanzar\u00e1n esta semana<\/strong> son algunas de las noticias destacadas de este 10 de julio de 2023.<\/p>\n<p style=\"text-align: justify;\">El verano nos tiene reservada <strong>una masa de calor africano<\/strong> que barrer\u00e1 las comarcas de l&#8217;Alcoi\u00e0 i el Comtat en la pr\u00f3xima semana. Esta situaci\u00f3n climatol\u00f3gica <strong>har\u00e1 que las temperaturas m\u00e1ximas alcancen en Alcoy<\/strong>, por ejemplo, <strong>los 43 grados<\/strong> en la jornada del martes; hecho que ha llevado al Ayuntamiento de la ciudad a <strong>activar el protocolo<\/strong> de actuaci\u00f3n ante elevadas temperaturas.<\/p>\n<p style=\"text-align: justify;\">Desde el Consistorio alcoyano explican que <strong>se ha mantenido una reuni\u00f3n con la empresa encargada del servicio de la limpieza viaria de las calles<\/strong>, as\u00ed como de la recogida de residuos, y recuerdan que en este encuentro se ha informado sobre <strong>la regulaci\u00f3n de los horarios laborales<\/strong> para evitar que los operarios trabajen en las horas de mayor incidencia del calor. Una decisi\u00f3n similar se ha adoptado para los servicios de las brigadas municipales de obras y servicios &#8220;<em>la prioridad del Ayuntamiento es asegurar las condiciones dignas a todos los trabajadores y la seguridad de la ciudadan\u00eda en general. Insistimos en la prevenci\u00f3n pero adem\u00e1s, trabajamos en una planificaci\u00f3n estrat\u00e9gica para conseguir que la ciudad sea m\u00e1s resiliente ante el cambio clim\u00e1tico y est\u00e9 mejor preparada para afrontar y contrarrestar sus efectos, con diversos proyectos de renaturalizaci\u00f3n, creaci\u00f3n y mejora de espacios verdes<\/em>&#8220;, afirma la edil <strong>Tere Sanju\u00e1n<\/strong>.<\/p>\n<p><strong><span style=\"color: #0000ff;\">La previsi\u00f3n para toda la semana<\/span><\/strong><\/p>\n<p style=\"text-align: justify;\">La Agencia Estatal de Meteorolog\u00eda (AEMET) anuncia para <strong>este fin de semana<\/strong> cielos despejados con predominio del sol, tanto el s\u00e1bado como el domingo, al igual que advierte de la subida de las temperaturas m\u00e1ximas hasta los 37 grados durante los dos d\u00edas. Por su parte las m\u00ednimas ser\u00e1n de 19 grados durante los pr\u00f3ximos dos d\u00edas. El<strong> lunes<\/strong> comenzar\u00edamos la semana con una situaci\u00f3n id\u00e9ntica, llegando las m\u00e1ximas a los 39 grados y las m\u00ednimas a los 23, y el <strong>martes<\/strong> ser\u00eda una jornada t\u00f3rrida con una temperatura m\u00e1xima de 43 grados en Alcoy estando prevista una m\u00ednima de 25. El <strong>resto de la semana<\/strong> seguir\u00e1 luciendo el sol con cielos despejados, paso de nubes por las tardes, y m\u00e1ximas que oscilar\u00e1n entre los 34 y los 36 grados. Por \u00faltimo las m\u00ednimas se quedar\u00e1n en torno a los 19 grados hasta pr\u00e1cticamente el pr\u00f3ximo 19.<\/p>\n","protected":false},"excerpt":{"rendered":"<p>La opini\u00f3n de los ciudadanos sobre que el 23 de abril de 2024 sea d\u00eda laborable y las altas temperaturas&#8230;<\/p>\n","protected":false},"author":1,"featured_media":110612,"comment_status":"open","ping_status":"open","sticky":false,"template":"","format":"standard","meta":{"footnotes":""},"categories":[6909,89,91],"tags":[],"class_list":["post-119325","post","type-post","status-publish","format-standard","has-post-thumbnail","hentry","category-actualidad","category-audiosdelosprogramas","category-informativos"],"yoast_head":"<!-- This site is optimized with the Yoast SEO plugin v27.3 - https:\/\/yoast.com\/product\/yoast-seo-wordpress\/ -->\n<title>Informativo matinal lunes 10 de julio 2023 (07:20h) - COPE Alcoy<\/title>\n<meta name=\"description\" content=\"La opini\u00f3n de los ciudadanos sobre que el 23 de abril de 2024 sea d\u00eda laborable y las altas temperaturas que se alcanzar\u00e1n esta semana son algunas de las noticias destacadas de este 10 de julio de 2023.\" \/>\n<meta name=\"robots\" content=\"index, follow, max-snippet:-1, max-image-preview:large, max-video-preview:-1\" \/>\n<link rel=\"canonical\" href=\"https:\/\/www.copealcoy.es\/es\/informativo-matinal-lunes-10-de-julio-2023-0720h\/\" \/>\n<meta property=\"og:locale\" content=\"es_ES\" \/>\n<meta property=\"og:type\" content=\"article\" \/>\n<meta property=\"og:title\" content=\"Informativo matinal lunes 10 de julio 2023 (07:20h) - COPE Alcoy\" \/>\n<meta property=\"og:description\" content=\"La opini\u00f3n de los ciudadanos sobre que el 23 de abril de 2024 sea d\u00eda laborable y las altas temperaturas que se alcanzar\u00e1n esta semana son algunas de las noticias destacadas de este 10 de julio de 2023.\" \/>\n<meta property=\"og:url\" content=\"https:\/\/www.copealcoy.es\/es\/informativo-matinal-lunes-10-de-julio-2023-0720h\/\" \/>\n<meta property=\"og:site_name\" content=\"COPE Alcoy\" \/>\n<meta property=\"article:published_time\" content=\"2023-07-10T06:20:27+00:00\" \/>\n<meta property=\"og:image\" content=\"https:\/\/www.copealcoy.es\/wp-content\/uploads\/2023\/02\/Herrera-en-COPE-Alcoy-4.png\" \/>\n\t<meta property=\"og:image:width\" content=\"357\" \/>\n\t<meta property=\"og:image:height\" content=\"290\" \/>\n\t<meta property=\"og:image:type\" content=\"image\/png\" \/>\n<meta name=\"author\" content=\"Cope Alcoy\" \/>\n<meta name=\"twitter:label1\" content=\"Escrito por\" \/>\n\t<meta name=\"twitter:data1\" content=\"Cope Alcoy\" \/>\n\t<meta name=\"twitter:label2\" content=\"Tiempo de lectura\" \/>\n\t<meta name=\"twitter:data2\" content=\"3 minutos\" \/>\n<script type=\"application\/ld+json\" class=\"yoast-schema-graph\">{\"@context\":\"https:\\\/\\\/schema.org\",\"@graph\":[{\"@type\":\"Article\",\"@id\":\"https:\\\/\\\/www.copealcoy.es\\\/es\\\/informativo-matinal-lunes-10-de-julio-2023-0720h\\\/#article\",\"isPartOf\":{\"@id\":\"https:\\\/\\\/www.copealcoy.es\\\/es\\\/informativo-matinal-lunes-10-de-julio-2023-0720h\\\/\"},\"author\":{\"name\":\"Cope Alcoy\",\"@id\":\"https:\\\/\\\/www.copealcoy.es\\\/es\\\/#\\\/schema\\\/person\\\/e777c87fa024e57d40170af9df39882c\"},\"headline\":\"Informativo matinal lunes 10 de julio 2023 (07:20h)\",\"datePublished\":\"2023-07-10T06:20:27+00:00\",\"mainEntityOfPage\":{\"@id\":\"https:\\\/\\\/www.copealcoy.es\\\/es\\\/informativo-matinal-lunes-10-de-julio-2023-0720h\\\/\"},\"wordCount\":447,\"commentCount\":0,\"image\":{\"@id\":\"https:\\\/\\\/www.copealcoy.es\\\/es\\\/informativo-matinal-lunes-10-de-julio-2023-0720h\\\/#primaryimage\"},\"thumbnailUrl\":\"https:\\\/\\\/www.copealcoy.es\\\/wp-content\\\/uploads\\\/2023\\\/02\\\/Herrera-en-COPE-Alcoy-4.png\",\"articleSection\":[\"Actualidad\",\"Audios de los programas\",\"Informativos\"],\"inLanguage\":\"es\"},{\"@type\":\"WebPage\",\"@id\":\"https:\\\/\\\/www.copealcoy.es\\\/es\\\/informativo-matinal-lunes-10-de-julio-2023-0720h\\\/\",\"url\":\"https:\\\/\\\/www.copealcoy.es\\\/es\\\/informativo-matinal-lunes-10-de-julio-2023-0720h\\\/\",\"name\":\"Informativo matinal lunes 10 de julio 2023 (07:20h) - COPE Alcoy\",\"isPartOf\":{\"@id\":\"https:\\\/\\\/www.copealcoy.es\\\/es\\\/#website\"},\"primaryImageOfPage\":{\"@id\":\"https:\\\/\\\/www.copealcoy.es\\\/es\\\/informativo-matinal-lunes-10-de-julio-2023-0720h\\\/#primaryimage\"},\"image\":{\"@id\":\"https:\\\/\\\/www.copealcoy.es\\\/es\\\/informativo-matinal-lunes-10-de-julio-2023-0720h\\\/#primaryimage\"},\"thumbnailUrl\":\"https:\\\/\\\/www.copealcoy.es\\\/wp-content\\\/uploads\\\/2023\\\/02\\\/Herrera-en-COPE-Alcoy-4.png\",\"datePublished\":\"2023-07-10T06:20:27+00:00\",\"author\":{\"@id\":\"https:\\\/\\\/www.copealcoy.es\\\/es\\\/#\\\/schema\\\/person\\\/e777c87fa024e57d40170af9df39882c\"},\"description\":\"La opini\u00f3n de los ciudadanos sobre que el 23 de abril de 2024 sea d\u00eda laborable y las altas temperaturas que se alcanzar\u00e1n esta semana son algunas de las noticias destacadas de este 10 de julio de 2023.\",\"breadcrumb\":{\"@id\":\"https:\\\/\\\/www.copealcoy.es\\\/es\\\/informativo-matinal-lunes-10-de-julio-2023-0720h\\\/#breadcrumb\"},\"inLanguage\":\"es\",\"potentialAction\":[{\"@type\":\"ReadAction\",\"target\":[\"https:\\\/\\\/www.copealcoy.es\\\/es\\\/informativo-matinal-lunes-10-de-julio-2023-0720h\\\/\"]}]},{\"@type\":\"ImageObject\",\"inLanguage\":\"es\",\"@id\":\"https:\\\/\\\/www.copealcoy.es\\\/es\\\/informativo-matinal-lunes-10-de-julio-2023-0720h\\\/#primaryimage\",\"url\":\"https:\\\/\\\/www.copealcoy.es\\\/wp-content\\\/uploads\\\/2023\\\/02\\\/Herrera-en-COPE-Alcoy-4.png\",\"contentUrl\":\"https:\\\/\\\/www.copealcoy.es\\\/wp-content\\\/uploads\\\/2023\\\/02\\\/Herrera-en-COPE-Alcoy-4.png\",\"width\":357,\"height\":290},{\"@type\":\"BreadcrumbList\",\"@id\":\"https:\\\/\\\/www.copealcoy.es\\\/es\\\/informativo-matinal-lunes-10-de-julio-2023-0720h\\\/#breadcrumb\",\"itemListElement\":[{\"@type\":\"ListItem\",\"position\":1,\"name\":\"Portada\",\"item\":\"https:\\\/\\\/www.copealcoy.es\\\/es\\\/\"},{\"@type\":\"ListItem\",\"position\":2,\"name\":\"Informativo matinal lunes 10 de julio 2023 (07:20h)\"}]},{\"@type\":\"WebSite\",\"@id\":\"https:\\\/\\\/www.copealcoy.es\\\/es\\\/#website\",\"url\":\"https:\\\/\\\/www.copealcoy.es\\\/es\\\/\",\"name\":\"COPE Alcoy\",\"description\":\"Emisora COPE de radio local con emisi\u00f3n online. Pont de Sant Jordi 8-10 03803 Alcoy\",\"potentialAction\":[{\"@type\":\"SearchAction\",\"target\":{\"@type\":\"EntryPoint\",\"urlTemplate\":\"https:\\\/\\\/www.copealcoy.es\\\/es\\\/?s={search_term_string}\"},\"query-input\":{\"@type\":\"PropertyValueSpecification\",\"valueRequired\":true,\"valueName\":\"search_term_string\"}}],\"inLanguage\":\"es\"},{\"@type\":\"Person\",\"@id\":\"https:\\\/\\\/www.copealcoy.es\\\/es\\\/#\\\/schema\\\/person\\\/e777c87fa024e57d40170af9df39882c\",\"name\":\"Cope Alcoy\",\"image\":{\"@type\":\"ImageObject\",\"inLanguage\":\"es\",\"@id\":\"https:\\\/\\\/secure.gravatar.com\\\/avatar\\\/bb65d0283347e303893ba14f0692005417c1e0e690a325a4c5d8bb2b3943ee14?s=96&d=mm&r=g\",\"url\":\"https:\\\/\\\/secure.gravatar.com\\\/avatar\\\/bb65d0283347e303893ba14f0692005417c1e0e690a325a4c5d8bb2b3943ee14?s=96&d=mm&r=g\",\"contentUrl\":\"https:\\\/\\\/secure.gravatar.com\\\/avatar\\\/bb65d0283347e303893ba14f0692005417c1e0e690a325a4c5d8bb2b3943ee14?s=96&d=mm&r=g\",\"caption\":\"Cope Alcoy\"}}]}<\/script>\n<!-- \/ Yoast SEO plugin. -->","yoast_head_json":{"title":"Informativo matinal lunes 10 de julio 2023 (07:20h) - COPE Alcoy","description":"La opini\u00f3n de los ciudadanos sobre que el 23 de abril de 2024 sea d\u00eda laborable y las altas temperaturas que se alcanzar\u00e1n esta semana son algunas de las noticias destacadas de este 10 de julio de 2023.","robots":{"index":"index","follow":"follow","max-snippet":"max-snippet:-1","max-image-preview":"max-image-preview:large","max-video-preview":"max-video-preview:-1"},"canonical":"https:\/\/www.copealcoy.es\/es\/informativo-matinal-lunes-10-de-julio-2023-0720h\/","og_locale":"es_ES","og_type":"article","og_title":"Informativo matinal lunes 10 de julio 2023 (07:20h) - COPE Alcoy","og_description":"La opini\u00f3n de los ciudadanos sobre que el 23 de abril de 2024 sea d\u00eda laborable y las altas temperaturas que se alcanzar\u00e1n esta semana son algunas de las noticias destacadas de este 10 de julio de 2023.","og_url":"https:\/\/www.copealcoy.es\/es\/informativo-matinal-lunes-10-de-julio-2023-0720h\/","og_site_name":"COPE Alcoy","article_published_time":"2023-07-10T06:20:27+00:00","og_image":[{"width":357,"height":290,"url":"https:\/\/www.copealcoy.es\/wp-content\/uploads\/2023\/02\/Herrera-en-COPE-Alcoy-4.png","type":"image\/png"}],"author":"Cope Alcoy","twitter_misc":{"Escrito por":"Cope Alcoy","Tiempo de lectura":"3 minutos"},"schema":{"@context":"https:\/\/schema.org","@graph":[{"@type":"Article","@id":"https:\/\/www.copealcoy.es\/es\/informativo-matinal-lunes-10-de-julio-2023-0720h\/#article","isPartOf":{"@id":"https:\/\/www.copealcoy.es\/es\/informativo-matinal-lunes-10-de-julio-2023-0720h\/"},"author":{"name":"Cope Alcoy","@id":"https:\/\/www.copealcoy.es\/es\/#\/schema\/person\/e777c87fa024e57d40170af9df39882c"},"headline":"Informativo matinal lunes 10 de julio 2023 (07:20h)","datePublished":"2023-07-10T06:20:27+00:00","mainEntityOfPage":{"@id":"https:\/\/www.copealcoy.es\/es\/informativo-matinal-lunes-10-de-julio-2023-0720h\/"},"wordCount":447,"commentCount":0,"image":{"@id":"https:\/\/www.copealcoy.es\/es\/informativo-matinal-lunes-10-de-julio-2023-0720h\/#primaryimage"},"thumbnailUrl":"https:\/\/www.copealcoy.es\/wp-content\/uploads\/2023\/02\/Herrera-en-COPE-Alcoy-4.png","articleSection":["Actualidad","Audios de los programas","Informativos"],"inLanguage":"es"},{"@type":"WebPage","@id":"https:\/\/www.copealcoy.es\/es\/informativo-matinal-lunes-10-de-julio-2023-0720h\/","url":"https:\/\/www.copealcoy.es\/es\/informativo-matinal-lunes-10-de-julio-2023-0720h\/","name":"Informativo matinal lunes 10 de julio 2023 (07:20h) - COPE Alcoy","isPartOf":{"@id":"https:\/\/www.copealcoy.es\/es\/#website"},"primaryImageOfPage":{"@id":"https:\/\/www.copealcoy.es\/es\/informativo-matinal-lunes-10-de-julio-2023-0720h\/#primaryimage"},"image":{"@id":"https:\/\/www.copealcoy.es\/es\/informativo-matinal-lunes-10-de-julio-2023-0720h\/#primaryimage"},"thumbnailUrl":"https:\/\/www.copealcoy.es\/wp-content\/uploads\/2023\/02\/Herrera-en-COPE-Alcoy-4.png","datePublished":"2023-07-10T06:20:27+00:00","author":{"@id":"https:\/\/www.copealcoy.es\/es\/#\/schema\/person\/e777c87fa024e57d40170af9df39882c"},"description":"La opini\u00f3n de los ciudadanos sobre que el 23 de abril de 2024 sea d\u00eda laborable y las altas temperaturas que se alcanzar\u00e1n esta semana son algunas de las noticias destacadas de este 10 de julio de 2023.","breadcrumb":{"@id":"https:\/\/www.copealcoy.es\/es\/informativo-matinal-lunes-10-de-julio-2023-0720h\/#breadcrumb"},"inLanguage":"es","potentialAction":[{"@type":"ReadAction","target":["https:\/\/www.copealcoy.es\/es\/informativo-matinal-lunes-10-de-julio-2023-0720h\/"]}]},{"@type":"ImageObject","inLanguage":"es","@id":"https:\/\/www.copealcoy.es\/es\/informativo-matinal-lunes-10-de-julio-2023-0720h\/#primaryimage","url":"https:\/\/www.copealcoy.es\/wp-content\/uploads\/2023\/02\/Herrera-en-COPE-Alcoy-4.png","contentUrl":"https:\/\/www.copealcoy.es\/wp-content\/uploads\/2023\/02\/Herrera-en-COPE-Alcoy-4.png","width":357,"height":290},{"@type":"BreadcrumbList","@id":"https:\/\/www.copealcoy.es\/es\/informativo-matinal-lunes-10-de-julio-2023-0720h\/#breadcrumb","itemListElement":[{"@type":"ListItem","position":1,"name":"Portada","item":"https:\/\/www.copealcoy.es\/es\/"},{"@type":"ListItem","position":2,"name":"Informativo matinal lunes 10 de julio 2023 (07:20h)"}]},{"@type":"WebSite","@id":"https:\/\/www.copealcoy.es\/es\/#website","url":"https:\/\/www.copealcoy.es\/es\/","name":"COPE Alcoy","description":"Emisora COPE de radio local con emisi\u00f3n online. Pont de Sant Jordi 8-10 03803 Alcoy","potentialAction":[{"@type":"SearchAction","target":{"@type":"EntryPoint","urlTemplate":"https:\/\/www.copealcoy.es\/es\/?s={search_term_string}"},"query-input":{"@type":"PropertyValueSpecification","valueRequired":true,"valueName":"search_term_string"}}],"inLanguage":"es"},{"@type":"Person","@id":"https:\/\/www.copealcoy.es\/es\/#\/schema\/person\/e777c87fa024e57d40170af9df39882c","name":"Cope Alcoy","image":{"@type":"ImageObject","inLanguage":"es","@id":"https:\/\/secure.gravatar.com\/avatar\/bb65d0283347e303893ba14f0692005417c1e0e690a325a4c5d8bb2b3943ee14?s=96&d=mm&r=g","url":"https:\/\/secure.gravatar.com\/avatar\/bb65d0283347e303893ba14f0692005417c1e0e690a325a4c5d8bb2b3943ee14?s=96&d=mm&r=g","contentUrl":"https:\/\/secure.gravatar.com\/avatar\/bb65d0283347e303893ba14f0692005417c1e0e690a325a4c5d8bb2b3943ee14?s=96&d=mm&r=g","caption":"Cope Alcoy"}}]}},"_links":{"self":[{"href":"https:\/\/www.copealcoy.es\/es\/wp-json\/wp\/v2\/posts\/119325","targetHints":{"allow":["GET"]}}],"collection":[{"href":"https:\/\/www.copealcoy.es\/es\/wp-json\/wp\/v2\/posts"}],"about":[{"href":"https:\/\/www.copealcoy.es\/es\/wp-json\/wp\/v2\/types\/post"}],"author":[{"embeddable":true,"href":"https:\/\/www.copealcoy.es\/es\/wp-json\/wp\/v2\/users\/1"}],"replies":[{"embeddable":true,"href":"https:\/\/www.copealcoy.es\/es\/wp-json\/wp\/v2\/comments?post=119325"}],"version-history":[{"count":0,"href":"https:\/\/www.copealcoy.es\/es\/wp-json\/wp\/v2\/posts\/119325\/revisions"}],"wp:featuredmedia":[{"embeddable":true,"href":"https:\/\/www.copealcoy.es\/es\/wp-json\/wp\/v2\/media\/110612"}],"wp:attachment":[{"href":"https:\/\/www.copealcoy.es\/es\/wp-json\/wp\/v2\/media?parent=119325"}],"wp:term":[{"taxonomy":"category","embeddable":true,"href":"https:\/\/www.copealcoy.es\/es\/wp-json\/wp\/v2\/categories?post=119325"},{"taxonomy":"post_tag","embeddable":true,"href":"https:\/\/www.copealcoy.es\/es\/wp-json\/wp\/v2\/tags?post=119325"}],"curies":[{"name":"wp","href":"https:\/\/api.w.org\/{rel}","templated":true}]}}