{"id":119317,"date":"2023-06-12T23:25:54","date_gmt":"2023-06-12T22:25:54","guid":{"rendered":"https:\/\/www.copealcoy.es\/?p=119317"},"modified":"2023-07-08T23:31:44","modified_gmt":"2023-07-08T22:31:44","slug":"muro-mantiene-viva-la-tradicion-del-corpus-christi","status":"publish","type":"post","link":"https:\/\/www.copealcoy.es\/es\/muro-mantiene-viva-la-tradicion-del-corpus-christi\/","title":{"rendered":"Muro mantiene viva la tradici\u00f3n del Corpus Christi"},"content":{"rendered":"<p style=\"text-align: justify;\">El domingo 11 de junio <strong>se celebr\u00f3 la festividad del Corpus Christi<\/strong> y de nuevo en Muro se llevaron a cabo varios actos religiosos en los que tuvieron un papel protagonista <strong>los peque\u00f1os que han recibido este a\u00f1o la Primera Comuni\u00f3n<\/strong>. Los actos incluyeron este a\u00f1o algunas novedades y comenzaron el jueves anterior en la parroquia de San Juan Bautista con <strong>una vigilia de oraci\u00f3n<\/strong> con car\u00e1cter extraordinario que fue seguida por varios fieles. Un d\u00eda despu\u00e9s fueron los j\u00f3venes quienes tuvieron oportunidad de compartir <strong>un momento de oraci\u00f3n ante el Sant\u00edsimo Sacramento<\/strong> por medio de una actividad preparada con ocasi\u00f3n del Corpus Christi y bautizada con el nombre de \u2018Un encuentro con Jes\u00fas\u2019.<\/p>\n<p style=\"text-align: justify;\">Ya el domingo, las campanas del templo parroquial sonaron con fuerza durante la ma\u00f1ana <strong>para anunciar la misa solemne del Corpus<\/strong> que dio inicio a las doce del mediod\u00eda y que finaliz\u00f3 con la exposici\u00f3n del Sant\u00edsimo. A partir de ah\u00ed se abrieron <strong>turnos de vela<\/strong>, con la parroquia abierta durante toda la tarde, hasta que a las 18:30h se rezaron <strong>las v\u00edsperas<\/strong> con la presencia de un buen n\u00famero de devotos. Sobre las 20:00h, desde la misma Parroquia de San Juan Bautista, arranc\u00f3 <strong>la solemne procesi\u00f3n<\/strong> en la que los comuniantes precedieron al Sant\u00edsimo Sacramento, portado bajo palio, por el n\u00facleo hist\u00f3rico murero, De nuevo <strong>se engalanaron las calles con hierbas arom\u00e1ticas de la Serra de Mariola<\/strong> y <strong>se colocaron cubrebalcones en buena parte de las viviendas situadas en el trayecto<\/strong> por donde discurri\u00f3 la procesi\u00f3n. Asimismo, se instalaron <strong>altares ornamentados<\/strong> con flores en determinados puntos del recorrido, donde la comitiva se detuvo para<strong> la adoraci\u00f3n al Sant\u00edsimo<\/strong>, y la actividad finaliz\u00f3 de nuevo dentro de la parroquia pasadas las nueve de la noche con una oraci\u00f3n final.<\/p>\n<p style=\"text-align: justify;\">La festividad del Corpus Christi <strong>vino precedida de las tradicionales &#8216;Danses de Palacio&#8217;<\/strong> que fueron protagonistas a lo largo de la semana. El s\u00e1bado numerosos vecinos aplaudieron la &#8216;gran dans\u00e0&#8217; que parti\u00f3 desde el panel cer\u00e1mico que representa al Sant\u00edsimo Sacramento hasta concluir en el centro de la misma Pla\u00e7a del Palau de la Senyoria.<\/p>\n","protected":false},"excerpt":{"rendered":"<p>El domingo 11 de junio se celebr\u00f3 la festividad del Corpus Christi y de nuevo en Muro se llevaron a&#8230;<\/p>\n","protected":false},"author":1,"featured_media":119318,"comment_status":"open","ping_status":"open","sticky":false,"template":"","format":"standard","meta":{"footnotes":""},"categories":[6909,98,75],"tags":[1202,6997,135,917,447],"class_list":["post-119317","post","type-post","status-publish","format-standard","has-post-thumbnail","hentry","category-actualidad","category-comarcas","category-noticias","tag-corpus-christi","tag-festividad","tag-muro","tag-procesion","tag-tradiciones"],"yoast_head":"<!-- This site is optimized with the Yoast SEO plugin v27.3 - https:\/\/yoast.com\/product\/yoast-seo-wordpress\/ -->\n<title>Muro mantiene viva la tradici\u00f3n del Corpus Christi - COPE Alcoy<\/title>\n<meta name=\"description\" content=\"El domingo 11 de junio se celebr\u00f3 la festividad del Corpus Christi y de nuevo en Muro los comuniantes tuvieron un protagonismo destacado\" \/>\n<meta name=\"robots\" content=\"index, follow, max-snippet:-1, max-image-preview:large, max-video-preview:-1\" \/>\n<link rel=\"canonical\" href=\"https:\/\/www.copealcoy.es\/es\/muro-mantiene-viva-la-tradicion-del-corpus-christi\/\" \/>\n<meta property=\"og:locale\" content=\"es_ES\" \/>\n<meta property=\"og:type\" content=\"article\" \/>\n<meta property=\"og:title\" content=\"Muro mantiene viva la tradici\u00f3n del Corpus Christi - COPE Alcoy\" \/>\n<meta property=\"og:description\" content=\"El domingo 11 de junio se celebr\u00f3 la festividad del Corpus Christi y de nuevo en Muro los comuniantes tuvieron un protagonismo destacado\" \/>\n<meta property=\"og:url\" content=\"https:\/\/www.copealcoy.es\/es\/muro-mantiene-viva-la-tradicion-del-corpus-christi\/\" \/>\n<meta property=\"og:site_name\" content=\"COPE Alcoy\" \/>\n<meta property=\"article:published_time\" content=\"2023-06-12T22:25:54+00:00\" \/>\n<meta property=\"article:modified_time\" content=\"2023-07-08T22:31:44+00:00\" \/>\n<meta property=\"og:image\" content=\"https:\/\/www.copealcoy.es\/wp-content\/uploads\/2023\/07\/7-La-procesion-recorrio-las-principales-calles-del-casco-antiguo-Foto-Cofradia-Virgen-de-los-Desamparados-scaled.jpg\" \/>\n\t<meta property=\"og:image:width\" content=\"1920\" \/>\n\t<meta property=\"og:image:height\" content=\"864\" \/>\n\t<meta property=\"og:image:type\" content=\"image\/jpeg\" \/>\n<meta name=\"author\" content=\"Cope Alcoy\" \/>\n<meta name=\"twitter:label1\" content=\"Escrito por\" \/>\n\t<meta name=\"twitter:data1\" content=\"Cope Alcoy\" \/>\n\t<meta name=\"twitter:label2\" content=\"Tiempo de lectura\" \/>\n\t<meta name=\"twitter:data2\" content=\"2 minutos\" \/>\n<script type=\"application\/ld+json\" class=\"yoast-schema-graph\">{\"@context\":\"https:\\\/\\\/schema.org\",\"@graph\":[{\"@type\":\"Article\",\"@id\":\"https:\\\/\\\/www.copealcoy.es\\\/es\\\/muro-mantiene-viva-la-tradicion-del-corpus-christi\\\/#article\",\"isPartOf\":{\"@id\":\"https:\\\/\\\/www.copealcoy.es\\\/es\\\/muro-mantiene-viva-la-tradicion-del-corpus-christi\\\/\"},\"author\":{\"name\":\"Cope Alcoy\",\"@id\":\"https:\\\/\\\/www.copealcoy.es\\\/es\\\/#\\\/schema\\\/person\\\/e777c87fa024e57d40170af9df39882c\"},\"headline\":\"Muro mantiene viva la tradici\u00f3n del Corpus Christi\",\"datePublished\":\"2023-06-12T22:25:54+00:00\",\"dateModified\":\"2023-07-08T22:31:44+00:00\",\"mainEntityOfPage\":{\"@id\":\"https:\\\/\\\/www.copealcoy.es\\\/es\\\/muro-mantiene-viva-la-tradicion-del-corpus-christi\\\/\"},\"wordCount\":388,\"commentCount\":0,\"image\":{\"@id\":\"https:\\\/\\\/www.copealcoy.es\\\/es\\\/muro-mantiene-viva-la-tradicion-del-corpus-christi\\\/#primaryimage\"},\"thumbnailUrl\":\"https:\\\/\\\/www.copealcoy.es\\\/wp-content\\\/uploads\\\/2023\\\/07\\\/7-La-procesion-recorrio-las-principales-calles-del-casco-antiguo-Foto-Cofradia-Virgen-de-los-Desamparados-scaled.jpg\",\"keywords\":[\"Corpus Christi\",\"festividad\",\"Muro\",\"Procesi\u00f3n\",\"Tradiciones\"],\"articleSection\":[\"Actualidad\",\"Comarcas\",\"Noticias\"],\"inLanguage\":\"es\"},{\"@type\":\"WebPage\",\"@id\":\"https:\\\/\\\/www.copealcoy.es\\\/es\\\/muro-mantiene-viva-la-tradicion-del-corpus-christi\\\/\",\"url\":\"https:\\\/\\\/www.copealcoy.es\\\/es\\\/muro-mantiene-viva-la-tradicion-del-corpus-christi\\\/\",\"name\":\"Muro mantiene viva la tradici\u00f3n del Corpus Christi - COPE Alcoy\",\"isPartOf\":{\"@id\":\"https:\\\/\\\/www.copealcoy.es\\\/es\\\/#website\"},\"primaryImageOfPage\":{\"@id\":\"https:\\\/\\\/www.copealcoy.es\\\/es\\\/muro-mantiene-viva-la-tradicion-del-corpus-christi\\\/#primaryimage\"},\"image\":{\"@id\":\"https:\\\/\\\/www.copealcoy.es\\\/es\\\/muro-mantiene-viva-la-tradicion-del-corpus-christi\\\/#primaryimage\"},\"thumbnailUrl\":\"https:\\\/\\\/www.copealcoy.es\\\/wp-content\\\/uploads\\\/2023\\\/07\\\/7-La-procesion-recorrio-las-principales-calles-del-casco-antiguo-Foto-Cofradia-Virgen-de-los-Desamparados-scaled.jpg\",\"datePublished\":\"2023-06-12T22:25:54+00:00\",\"dateModified\":\"2023-07-08T22:31:44+00:00\",\"author\":{\"@id\":\"https:\\\/\\\/www.copealcoy.es\\\/es\\\/#\\\/schema\\\/person\\\/e777c87fa024e57d40170af9df39882c\"},\"description\":\"El domingo 11 de junio se celebr\u00f3 la festividad del Corpus Christi y de nuevo en Muro los comuniantes tuvieron un protagonismo destacado\",\"breadcrumb\":{\"@id\":\"https:\\\/\\\/www.copealcoy.es\\\/es\\\/muro-mantiene-viva-la-tradicion-del-corpus-christi\\\/#breadcrumb\"},\"inLanguage\":\"es\",\"potentialAction\":[{\"@type\":\"ReadAction\",\"target\":[\"https:\\\/\\\/www.copealcoy.es\\\/es\\\/muro-mantiene-viva-la-tradicion-del-corpus-christi\\\/\"]}]},{\"@type\":\"ImageObject\",\"inLanguage\":\"es\",\"@id\":\"https:\\\/\\\/www.copealcoy.es\\\/es\\\/muro-mantiene-viva-la-tradicion-del-corpus-christi\\\/#primaryimage\",\"url\":\"https:\\\/\\\/www.copealcoy.es\\\/wp-content\\\/uploads\\\/2023\\\/07\\\/7-La-procesion-recorrio-las-principales-calles-del-casco-antiguo-Foto-Cofradia-Virgen-de-los-Desamparados-scaled.jpg\",\"contentUrl\":\"https:\\\/\\\/www.copealcoy.es\\\/wp-content\\\/uploads\\\/2023\\\/07\\\/7-La-procesion-recorrio-las-principales-calles-del-casco-antiguo-Foto-Cofradia-Virgen-de-los-Desamparados-scaled.jpg\",\"width\":1920,\"height\":864},{\"@type\":\"BreadcrumbList\",\"@id\":\"https:\\\/\\\/www.copealcoy.es\\\/es\\\/muro-mantiene-viva-la-tradicion-del-corpus-christi\\\/#breadcrumb\",\"itemListElement\":[{\"@type\":\"ListItem\",\"position\":1,\"name\":\"Portada\",\"item\":\"https:\\\/\\\/www.copealcoy.es\\\/es\\\/\"},{\"@type\":\"ListItem\",\"position\":2,\"name\":\"Muro mantiene viva la tradici\u00f3n del Corpus Christi\"}]},{\"@type\":\"WebSite\",\"@id\":\"https:\\\/\\\/www.copealcoy.es\\\/es\\\/#website\",\"url\":\"https:\\\/\\\/www.copealcoy.es\\\/es\\\/\",\"name\":\"COPE Alcoy\",\"description\":\"Emisora COPE de radio local con emisi\u00f3n online. Pont de Sant Jordi 8-10 03803 Alcoy\",\"potentialAction\":[{\"@type\":\"SearchAction\",\"target\":{\"@type\":\"EntryPoint\",\"urlTemplate\":\"https:\\\/\\\/www.copealcoy.es\\\/es\\\/?s={search_term_string}\"},\"query-input\":{\"@type\":\"PropertyValueSpecification\",\"valueRequired\":true,\"valueName\":\"search_term_string\"}}],\"inLanguage\":\"es\"},{\"@type\":\"Person\",\"@id\":\"https:\\\/\\\/www.copealcoy.es\\\/es\\\/#\\\/schema\\\/person\\\/e777c87fa024e57d40170af9df39882c\",\"name\":\"Cope Alcoy\",\"image\":{\"@type\":\"ImageObject\",\"inLanguage\":\"es\",\"@id\":\"https:\\\/\\\/secure.gravatar.com\\\/avatar\\\/bb65d0283347e303893ba14f0692005417c1e0e690a325a4c5d8bb2b3943ee14?s=96&d=mm&r=g\",\"url\":\"https:\\\/\\\/secure.gravatar.com\\\/avatar\\\/bb65d0283347e303893ba14f0692005417c1e0e690a325a4c5d8bb2b3943ee14?s=96&d=mm&r=g\",\"contentUrl\":\"https:\\\/\\\/secure.gravatar.com\\\/avatar\\\/bb65d0283347e303893ba14f0692005417c1e0e690a325a4c5d8bb2b3943ee14?s=96&d=mm&r=g\",\"caption\":\"Cope Alcoy\"}}]}<\/script>\n<!-- \/ Yoast SEO plugin. -->","yoast_head_json":{"title":"Muro mantiene viva la tradici\u00f3n del Corpus Christi - COPE Alcoy","description":"El domingo 11 de junio se celebr\u00f3 la festividad del Corpus Christi y de nuevo en Muro los comuniantes tuvieron un protagonismo destacado","robots":{"index":"index","follow":"follow","max-snippet":"max-snippet:-1","max-image-preview":"max-image-preview:large","max-video-preview":"max-video-preview:-1"},"canonical":"https:\/\/www.copealcoy.es\/es\/muro-mantiene-viva-la-tradicion-del-corpus-christi\/","og_locale":"es_ES","og_type":"article","og_title":"Muro mantiene viva la tradici\u00f3n del Corpus Christi - COPE Alcoy","og_description":"El domingo 11 de junio se celebr\u00f3 la festividad del Corpus Christi y de nuevo en Muro los comuniantes tuvieron un protagonismo destacado","og_url":"https:\/\/www.copealcoy.es\/es\/muro-mantiene-viva-la-tradicion-del-corpus-christi\/","og_site_name":"COPE Alcoy","article_published_time":"2023-06-12T22:25:54+00:00","article_modified_time":"2023-07-08T22:31:44+00:00","og_image":[{"width":1920,"height":864,"url":"https:\/\/www.copealcoy.es\/wp-content\/uploads\/2023\/07\/7-La-procesion-recorrio-las-principales-calles-del-casco-antiguo-Foto-Cofradia-Virgen-de-los-Desamparados-scaled.jpg","type":"image\/jpeg"}],"author":"Cope Alcoy","twitter_misc":{"Escrito por":"Cope Alcoy","Tiempo de lectura":"2 minutos"},"schema":{"@context":"https:\/\/schema.org","@graph":[{"@type":"Article","@id":"https:\/\/www.copealcoy.es\/es\/muro-mantiene-viva-la-tradicion-del-corpus-christi\/#article","isPartOf":{"@id":"https:\/\/www.copealcoy.es\/es\/muro-mantiene-viva-la-tradicion-del-corpus-christi\/"},"author":{"name":"Cope Alcoy","@id":"https:\/\/www.copealcoy.es\/es\/#\/schema\/person\/e777c87fa024e57d40170af9df39882c"},"headline":"Muro mantiene viva la tradici\u00f3n del Corpus Christi","datePublished":"2023-06-12T22:25:54+00:00","dateModified":"2023-07-08T22:31:44+00:00","mainEntityOfPage":{"@id":"https:\/\/www.copealcoy.es\/es\/muro-mantiene-viva-la-tradicion-del-corpus-christi\/"},"wordCount":388,"commentCount":0,"image":{"@id":"https:\/\/www.copealcoy.es\/es\/muro-mantiene-viva-la-tradicion-del-corpus-christi\/#primaryimage"},"thumbnailUrl":"https:\/\/www.copealcoy.es\/wp-content\/uploads\/2023\/07\/7-La-procesion-recorrio-las-principales-calles-del-casco-antiguo-Foto-Cofradia-Virgen-de-los-Desamparados-scaled.jpg","keywords":["Corpus Christi","festividad","Muro","Procesi\u00f3n","Tradiciones"],"articleSection":["Actualidad","Comarcas","Noticias"],"inLanguage":"es"},{"@type":"WebPage","@id":"https:\/\/www.copealcoy.es\/es\/muro-mantiene-viva-la-tradicion-del-corpus-christi\/","url":"https:\/\/www.copealcoy.es\/es\/muro-mantiene-viva-la-tradicion-del-corpus-christi\/","name":"Muro mantiene viva la tradici\u00f3n del Corpus Christi - COPE Alcoy","isPartOf":{"@id":"https:\/\/www.copealcoy.es\/es\/#website"},"primaryImageOfPage":{"@id":"https:\/\/www.copealcoy.es\/es\/muro-mantiene-viva-la-tradicion-del-corpus-christi\/#primaryimage"},"image":{"@id":"https:\/\/www.copealcoy.es\/es\/muro-mantiene-viva-la-tradicion-del-corpus-christi\/#primaryimage"},"thumbnailUrl":"https:\/\/www.copealcoy.es\/wp-content\/uploads\/2023\/07\/7-La-procesion-recorrio-las-principales-calles-del-casco-antiguo-Foto-Cofradia-Virgen-de-los-Desamparados-scaled.jpg","datePublished":"2023-06-12T22:25:54+00:00","dateModified":"2023-07-08T22:31:44+00:00","author":{"@id":"https:\/\/www.copealcoy.es\/es\/#\/schema\/person\/e777c87fa024e57d40170af9df39882c"},"description":"El domingo 11 de junio se celebr\u00f3 la festividad del Corpus Christi y de nuevo en Muro los comuniantes tuvieron un protagonismo destacado","breadcrumb":{"@id":"https:\/\/www.copealcoy.es\/es\/muro-mantiene-viva-la-tradicion-del-corpus-christi\/#breadcrumb"},"inLanguage":"es","potentialAction":[{"@type":"ReadAction","target":["https:\/\/www.copealcoy.es\/es\/muro-mantiene-viva-la-tradicion-del-corpus-christi\/"]}]},{"@type":"ImageObject","inLanguage":"es","@id":"https:\/\/www.copealcoy.es\/es\/muro-mantiene-viva-la-tradicion-del-corpus-christi\/#primaryimage","url":"https:\/\/www.copealcoy.es\/wp-content\/uploads\/2023\/07\/7-La-procesion-recorrio-las-principales-calles-del-casco-antiguo-Foto-Cofradia-Virgen-de-los-Desamparados-scaled.jpg","contentUrl":"https:\/\/www.copealcoy.es\/wp-content\/uploads\/2023\/07\/7-La-procesion-recorrio-las-principales-calles-del-casco-antiguo-Foto-Cofradia-Virgen-de-los-Desamparados-scaled.jpg","width":1920,"height":864},{"@type":"BreadcrumbList","@id":"https:\/\/www.copealcoy.es\/es\/muro-mantiene-viva-la-tradicion-del-corpus-christi\/#breadcrumb","itemListElement":[{"@type":"ListItem","position":1,"name":"Portada","item":"https:\/\/www.copealcoy.es\/es\/"},{"@type":"ListItem","position":2,"name":"Muro mantiene viva la tradici\u00f3n del Corpus Christi"}]},{"@type":"WebSite","@id":"https:\/\/www.copealcoy.es\/es\/#website","url":"https:\/\/www.copealcoy.es\/es\/","name":"COPE Alcoy","description":"Emisora COPE de radio local con emisi\u00f3n online. Pont de Sant Jordi 8-10 03803 Alcoy","potentialAction":[{"@type":"SearchAction","target":{"@type":"EntryPoint","urlTemplate":"https:\/\/www.copealcoy.es\/es\/?s={search_term_string}"},"query-input":{"@type":"PropertyValueSpecification","valueRequired":true,"valueName":"search_term_string"}}],"inLanguage":"es"},{"@type":"Person","@id":"https:\/\/www.copealcoy.es\/es\/#\/schema\/person\/e777c87fa024e57d40170af9df39882c","name":"Cope Alcoy","image":{"@type":"ImageObject","inLanguage":"es","@id":"https:\/\/secure.gravatar.com\/avatar\/bb65d0283347e303893ba14f0692005417c1e0e690a325a4c5d8bb2b3943ee14?s=96&d=mm&r=g","url":"https:\/\/secure.gravatar.com\/avatar\/bb65d0283347e303893ba14f0692005417c1e0e690a325a4c5d8bb2b3943ee14?s=96&d=mm&r=g","contentUrl":"https:\/\/secure.gravatar.com\/avatar\/bb65d0283347e303893ba14f0692005417c1e0e690a325a4c5d8bb2b3943ee14?s=96&d=mm&r=g","caption":"Cope Alcoy"}}]}},"_links":{"self":[{"href":"https:\/\/www.copealcoy.es\/es\/wp-json\/wp\/v2\/posts\/119317","targetHints":{"allow":["GET"]}}],"collection":[{"href":"https:\/\/www.copealcoy.es\/es\/wp-json\/wp\/v2\/posts"}],"about":[{"href":"https:\/\/www.copealcoy.es\/es\/wp-json\/wp\/v2\/types\/post"}],"author":[{"embeddable":true,"href":"https:\/\/www.copealcoy.es\/es\/wp-json\/wp\/v2\/users\/1"}],"replies":[{"embeddable":true,"href":"https:\/\/www.copealcoy.es\/es\/wp-json\/wp\/v2\/comments?post=119317"}],"version-history":[{"count":0,"href":"https:\/\/www.copealcoy.es\/es\/wp-json\/wp\/v2\/posts\/119317\/revisions"}],"wp:featuredmedia":[{"embeddable":true,"href":"https:\/\/www.copealcoy.es\/es\/wp-json\/wp\/v2\/media\/119318"}],"wp:attachment":[{"href":"https:\/\/www.copealcoy.es\/es\/wp-json\/wp\/v2\/media?parent=119317"}],"wp:term":[{"taxonomy":"category","embeddable":true,"href":"https:\/\/www.copealcoy.es\/es\/wp-json\/wp\/v2\/categories?post=119317"},{"taxonomy":"post_tag","embeddable":true,"href":"https:\/\/www.copealcoy.es\/es\/wp-json\/wp\/v2\/tags?post=119317"}],"curies":[{"name":"wp","href":"https:\/\/api.w.org\/{rel}","templated":true}]}}