{"id":119302,"date":"2023-07-03T22:02:39","date_gmt":"2023-07-03T21:02:39","guid":{"rendered":"https:\/\/www.copealcoy.es\/?p=119302"},"modified":"2023-07-08T22:39:35","modified_gmt":"2023-07-08T21:39:35","slug":"la-festa-de-cocentaina-ya-conoce-a-los-cargos-de-2023","status":"publish","type":"post","link":"https:\/\/www.copealcoy.es\/es\/la-festa-de-cocentaina-ya-conoce-a-los-cargos-de-2023\/","title":{"rendered":"La Festa de Cocentaina ya conoce a los cargos de 2023"},"content":{"rendered":"<p style=\"text-align: justify;\">La cuenta atr\u00e1s hacia<strong> las Fiestas de Moros y Cristianos de Cocentaina<\/strong> no se detiene y despu\u00e9s de La Publicaci\u00f3 lleg\u00f3 el momento de conocer a<strong> los m\u00e1ximos protagonistas de los festejos<\/strong> en honor a San Hip\u00f3lito M\u00e1rtir del 2023. El pasado s\u00e1bado 1 de julio se llev\u00f3 a cabo en el patio de armas del Palau Comtal<strong> la presentaci\u00f3n de los cargos<\/strong> en el transcurso de una ceremonia que estuvo conducida por la locutora de Radio Cocentaina; <strong>Milagro Sell\u00e9s<\/strong>.<\/p>\n<p style=\"text-align: justify;\">Durante la gala se dio a conocer a<strong> I\u00f1aki Lekumberri Camps<\/strong> como <strong>director del Himno de Fiestas<\/strong> al mismo tiempo que vio la luz el <strong>cartel de las Fiestas<\/strong>, creaci\u00f3n que este a\u00f1o ha hecho posible la artista local <strong>Ana Reig<\/strong> <strong>Castell\u00f3<\/strong>. La obra destaca por la presencia de la figura de San Hip\u00f3lito en la parte central, en alusi\u00f3n al Monumento que la misma autora ide\u00f3 en el a\u00f1o 2000 con motivo del IV Centenario del patronazgo del santo, y que se alza en la Plaza Alcalde Reig. Tambi\u00e9n podemos ver duplicado el rostro del patr\u00f3n con los colores verde y rojo haci\u00e9ndose as\u00ed referencia a los bandos de la cruz y de la media luna. Completan la composici\u00f3n las 16 Filaes, la silueta del Castell o varias notas musicales sin olvidar las fechas en las que se va a desarrollar la trilog\u00eda.<\/p>\n<p style=\"text-align: justify;\"><a href=\"https:\/\/www.copealcoy.es\/wp-content\/uploads\/2023\/07\/DSC_9683.jpg\"><img loading=\"lazy\" decoding=\"async\" class=\"aligncenter wp-image-119305 size-large\" src=\"https:\/\/www.copealcoy.es\/wp-content\/uploads\/2023\/07\/DSC_9683-980x588.jpg\" alt=\"\" width=\"980\" height=\"588\" \/><\/a><\/p>\n<p style=\"text-align: justify;\">La velada avanz\u00f3 con la intervenci\u00f3n del <strong>Presidente de la <a href=\"https:\/\/www.facebook.com\/federacionjuntafiestas.cocentaina\" target=\"_blank\" rel=\"noopener\"><span style=\"color: #0000ff;\">Junta de Festes<\/span><\/a><\/strong>, <strong>Rafael Monar<\/strong>, y despu\u00e9s fueron presentados oficialmente <strong>los cuatro cargos<\/strong>. En esta ocasi\u00f3n las fuerzas moras est\u00e1n capitaneas por la <strong>Fil\u00e0<\/strong> <strong>Llana<\/strong>, con <strong>Marcos Giner<\/strong> al frente, mientras que el joven <strong>Pascual Botella<\/strong> ser\u00e1 el Abanderado de la <strong>Fil\u00e0 Guardia Jalifiana-Sahorins<\/strong>. Por su parte el bando cristiano tendr\u00e1 a <strong>Marcos Castell\u00f3<\/strong> como Capit\u00e1n de la <strong>Fil\u00e0 Cavalleria Ministerial<\/strong> y <strong>Juan Lu\u00eds Mahiques<\/strong> ser\u00e1 el abanderado por la <strong>Fil\u00e0 Gentils<\/strong>. Todos ellos recibieron un recuerdo conmemorativo de la jornada y despu\u00e9s lleg\u00f3 el turno de escuchar al <strong>mantenedor<\/strong>, papel que este a\u00f1o recay\u00f3 en el franciscano <strong>Fray Jos\u00e9 Manuel Sanch\u00eds<\/strong> y el cual habl\u00f3 de su vinculaci\u00f3n a la emblem\u00e1tica <strong>Fil\u00e0 Cavallets<\/strong> al igual que hizo menci\u00f3n a <strong>los diferentes sentimientos<\/strong> que despierta la Festa entre los contestanos y las contestanas.<\/p>\n<p style=\"text-align: justify;\">El acto de Presentaci\u00f3n de Cargos finaliz\u00f3 con las palabras de <strong>Jordi Pla Valor<\/strong>, alcalde de Cocentaina. Un primer discurso ante el \u00e1mbito festero de la Villa Condal en el que el primer edil felicit\u00f3 a todos los protagonistas del acto al igual que anim\u00f3 a disfrutar de unas Fiestas de Moros y Cristianos que se van a celebrar entre el 11 y el 14 de agosto.<\/p>\n","protected":false},"excerpt":{"rendered":"<p>La cuenta atr\u00e1s hacia las Fiestas de Moros y Cristianos de Cocentaina no se detiene y despu\u00e9s de La Publicaci\u00f3&#8230;<\/p>\n","protected":false},"author":1,"featured_media":119303,"comment_status":"open","ping_status":"open","sticky":false,"template":"","format":"standard","meta":{"footnotes":""},"categories":[6909,98,75],"tags":[132,565,609,4354,4488],"class_list":["post-119302","post","type-post","status-publish","format-standard","has-post-thumbnail","hentry","category-actualidad","category-comarcas","category-noticias","tag-cocentaina","tag-fiestas","tag-moros-y-cristianos","tag-presentacion-de-cargos","tag-san-hipolito-martir"],"yoast_head":"<!-- This site is optimized with the Yoast SEO plugin v27.3 - https:\/\/yoast.com\/product\/yoast-seo-wordpress\/ -->\n<title>La Festa de Cocentaina ya conoce a los cargos de 2023 - COPE Alcoy<\/title>\n<meta name=\"description\" content=\"El patio de armas del Palau Comtal de Cocentaina acogi\u00f3 la presentaci\u00f3n de los cargos festeros el s\u00e1bado 1 de julio\" \/>\n<meta name=\"robots\" content=\"index, follow, max-snippet:-1, max-image-preview:large, max-video-preview:-1\" \/>\n<link rel=\"canonical\" href=\"https:\/\/www.copealcoy.es\/es\/la-festa-de-cocentaina-ya-conoce-a-los-cargos-de-2023\/\" \/>\n<meta property=\"og:locale\" content=\"es_ES\" \/>\n<meta property=\"og:type\" content=\"article\" \/>\n<meta property=\"og:title\" content=\"La Festa de Cocentaina ya conoce a los cargos de 2023 - COPE Alcoy\" \/>\n<meta property=\"og:description\" content=\"El patio de armas del Palau Comtal de Cocentaina acogi\u00f3 la presentaci\u00f3n de los cargos festeros el s\u00e1bado 1 de julio\" \/>\n<meta property=\"og:url\" content=\"https:\/\/www.copealcoy.es\/es\/la-festa-de-cocentaina-ya-conoce-a-los-cargos-de-2023\/\" \/>\n<meta property=\"og:site_name\" content=\"COPE Alcoy\" \/>\n<meta property=\"article:published_time\" content=\"2023-07-03T21:02:39+00:00\" \/>\n<meta property=\"article:modified_time\" content=\"2023-07-08T21:39:35+00:00\" \/>\n<meta property=\"og:image\" content=\"https:\/\/www.copealcoy.es\/wp-content\/uploads\/2023\/07\/DSC_4865-scaled-e1688851348253.jpg\" \/>\n\t<meta property=\"og:image:width\" content=\"640\" \/>\n\t<meta property=\"og:image:height\" content=\"425\" \/>\n\t<meta property=\"og:image:type\" content=\"image\/jpeg\" \/>\n<meta name=\"author\" content=\"Cope Alcoy\" \/>\n<meta name=\"twitter:label1\" content=\"Escrito por\" \/>\n\t<meta name=\"twitter:data1\" content=\"Cope Alcoy\" \/>\n\t<meta name=\"twitter:label2\" content=\"Tiempo de lectura\" \/>\n\t<meta name=\"twitter:data2\" content=\"3 minutos\" \/>\n<script type=\"application\/ld+json\" class=\"yoast-schema-graph\">{\"@context\":\"https:\\\/\\\/schema.org\",\"@graph\":[{\"@type\":\"Article\",\"@id\":\"https:\\\/\\\/www.copealcoy.es\\\/es\\\/la-festa-de-cocentaina-ya-conoce-a-los-cargos-de-2023\\\/#article\",\"isPartOf\":{\"@id\":\"https:\\\/\\\/www.copealcoy.es\\\/es\\\/la-festa-de-cocentaina-ya-conoce-a-los-cargos-de-2023\\\/\"},\"author\":{\"name\":\"Cope Alcoy\",\"@id\":\"https:\\\/\\\/www.copealcoy.es\\\/es\\\/#\\\/schema\\\/person\\\/e777c87fa024e57d40170af9df39882c\"},\"headline\":\"La Festa de Cocentaina ya conoce a los cargos de 2023\",\"datePublished\":\"2023-07-03T21:02:39+00:00\",\"dateModified\":\"2023-07-08T21:39:35+00:00\",\"mainEntityOfPage\":{\"@id\":\"https:\\\/\\\/www.copealcoy.es\\\/es\\\/la-festa-de-cocentaina-ya-conoce-a-los-cargos-de-2023\\\/\"},\"wordCount\":470,\"commentCount\":0,\"image\":{\"@id\":\"https:\\\/\\\/www.copealcoy.es\\\/es\\\/la-festa-de-cocentaina-ya-conoce-a-los-cargos-de-2023\\\/#primaryimage\"},\"thumbnailUrl\":\"https:\\\/\\\/www.copealcoy.es\\\/wp-content\\\/uploads\\\/2023\\\/07\\\/DSC_4865-scaled-e1688851348253.jpg\",\"keywords\":[\"Cocentaina\",\"Fiestas\",\"Moros Y Cristianos\",\"Presentaci\u00f3n de Cargos\",\"San Hip\u00f3lito M\u00e1rtir\"],\"articleSection\":[\"Actualidad\",\"Comarcas\",\"Noticias\"],\"inLanguage\":\"es\"},{\"@type\":\"WebPage\",\"@id\":\"https:\\\/\\\/www.copealcoy.es\\\/es\\\/la-festa-de-cocentaina-ya-conoce-a-los-cargos-de-2023\\\/\",\"url\":\"https:\\\/\\\/www.copealcoy.es\\\/es\\\/la-festa-de-cocentaina-ya-conoce-a-los-cargos-de-2023\\\/\",\"name\":\"La Festa de Cocentaina ya conoce a los cargos de 2023 - COPE Alcoy\",\"isPartOf\":{\"@id\":\"https:\\\/\\\/www.copealcoy.es\\\/es\\\/#website\"},\"primaryImageOfPage\":{\"@id\":\"https:\\\/\\\/www.copealcoy.es\\\/es\\\/la-festa-de-cocentaina-ya-conoce-a-los-cargos-de-2023\\\/#primaryimage\"},\"image\":{\"@id\":\"https:\\\/\\\/www.copealcoy.es\\\/es\\\/la-festa-de-cocentaina-ya-conoce-a-los-cargos-de-2023\\\/#primaryimage\"},\"thumbnailUrl\":\"https:\\\/\\\/www.copealcoy.es\\\/wp-content\\\/uploads\\\/2023\\\/07\\\/DSC_4865-scaled-e1688851348253.jpg\",\"datePublished\":\"2023-07-03T21:02:39+00:00\",\"dateModified\":\"2023-07-08T21:39:35+00:00\",\"author\":{\"@id\":\"https:\\\/\\\/www.copealcoy.es\\\/es\\\/#\\\/schema\\\/person\\\/e777c87fa024e57d40170af9df39882c\"},\"description\":\"El patio de armas del Palau Comtal de Cocentaina acogi\u00f3 la presentaci\u00f3n de los cargos festeros el s\u00e1bado 1 de julio\",\"breadcrumb\":{\"@id\":\"https:\\\/\\\/www.copealcoy.es\\\/es\\\/la-festa-de-cocentaina-ya-conoce-a-los-cargos-de-2023\\\/#breadcrumb\"},\"inLanguage\":\"es\",\"potentialAction\":[{\"@type\":\"ReadAction\",\"target\":[\"https:\\\/\\\/www.copealcoy.es\\\/es\\\/la-festa-de-cocentaina-ya-conoce-a-los-cargos-de-2023\\\/\"]}]},{\"@type\":\"ImageObject\",\"inLanguage\":\"es\",\"@id\":\"https:\\\/\\\/www.copealcoy.es\\\/es\\\/la-festa-de-cocentaina-ya-conoce-a-los-cargos-de-2023\\\/#primaryimage\",\"url\":\"https:\\\/\\\/www.copealcoy.es\\\/wp-content\\\/uploads\\\/2023\\\/07\\\/DSC_4865-scaled-e1688851348253.jpg\",\"contentUrl\":\"https:\\\/\\\/www.copealcoy.es\\\/wp-content\\\/uploads\\\/2023\\\/07\\\/DSC_4865-scaled-e1688851348253.jpg\",\"width\":640,\"height\":425},{\"@type\":\"BreadcrumbList\",\"@id\":\"https:\\\/\\\/www.copealcoy.es\\\/es\\\/la-festa-de-cocentaina-ya-conoce-a-los-cargos-de-2023\\\/#breadcrumb\",\"itemListElement\":[{\"@type\":\"ListItem\",\"position\":1,\"name\":\"Portada\",\"item\":\"https:\\\/\\\/www.copealcoy.es\\\/es\\\/\"},{\"@type\":\"ListItem\",\"position\":2,\"name\":\"La Festa de Cocentaina ya conoce a los cargos de 2023\"}]},{\"@type\":\"WebSite\",\"@id\":\"https:\\\/\\\/www.copealcoy.es\\\/es\\\/#website\",\"url\":\"https:\\\/\\\/www.copealcoy.es\\\/es\\\/\",\"name\":\"COPE Alcoy\",\"description\":\"Emisora COPE de radio local con emisi\u00f3n online. Pont de Sant Jordi 8-10 03803 Alcoy\",\"potentialAction\":[{\"@type\":\"SearchAction\",\"target\":{\"@type\":\"EntryPoint\",\"urlTemplate\":\"https:\\\/\\\/www.copealcoy.es\\\/es\\\/?s={search_term_string}\"},\"query-input\":{\"@type\":\"PropertyValueSpecification\",\"valueRequired\":true,\"valueName\":\"search_term_string\"}}],\"inLanguage\":\"es\"},{\"@type\":\"Person\",\"@id\":\"https:\\\/\\\/www.copealcoy.es\\\/es\\\/#\\\/schema\\\/person\\\/e777c87fa024e57d40170af9df39882c\",\"name\":\"Cope Alcoy\",\"image\":{\"@type\":\"ImageObject\",\"inLanguage\":\"es\",\"@id\":\"https:\\\/\\\/secure.gravatar.com\\\/avatar\\\/bb65d0283347e303893ba14f0692005417c1e0e690a325a4c5d8bb2b3943ee14?s=96&d=mm&r=g\",\"url\":\"https:\\\/\\\/secure.gravatar.com\\\/avatar\\\/bb65d0283347e303893ba14f0692005417c1e0e690a325a4c5d8bb2b3943ee14?s=96&d=mm&r=g\",\"contentUrl\":\"https:\\\/\\\/secure.gravatar.com\\\/avatar\\\/bb65d0283347e303893ba14f0692005417c1e0e690a325a4c5d8bb2b3943ee14?s=96&d=mm&r=g\",\"caption\":\"Cope Alcoy\"}}]}<\/script>\n<!-- \/ Yoast SEO plugin. -->","yoast_head_json":{"title":"La Festa de Cocentaina ya conoce a los cargos de 2023 - COPE Alcoy","description":"El patio de armas del Palau Comtal de Cocentaina acogi\u00f3 la presentaci\u00f3n de los cargos festeros el s\u00e1bado 1 de julio","robots":{"index":"index","follow":"follow","max-snippet":"max-snippet:-1","max-image-preview":"max-image-preview:large","max-video-preview":"max-video-preview:-1"},"canonical":"https:\/\/www.copealcoy.es\/es\/la-festa-de-cocentaina-ya-conoce-a-los-cargos-de-2023\/","og_locale":"es_ES","og_type":"article","og_title":"La Festa de Cocentaina ya conoce a los cargos de 2023 - COPE Alcoy","og_description":"El patio de armas del Palau Comtal de Cocentaina acogi\u00f3 la presentaci\u00f3n de los cargos festeros el s\u00e1bado 1 de julio","og_url":"https:\/\/www.copealcoy.es\/es\/la-festa-de-cocentaina-ya-conoce-a-los-cargos-de-2023\/","og_site_name":"COPE Alcoy","article_published_time":"2023-07-03T21:02:39+00:00","article_modified_time":"2023-07-08T21:39:35+00:00","og_image":[{"width":640,"height":425,"url":"https:\/\/www.copealcoy.es\/wp-content\/uploads\/2023\/07\/DSC_4865-scaled-e1688851348253.jpg","type":"image\/jpeg"}],"author":"Cope Alcoy","twitter_misc":{"Escrito por":"Cope Alcoy","Tiempo de lectura":"3 minutos"},"schema":{"@context":"https:\/\/schema.org","@graph":[{"@type":"Article","@id":"https:\/\/www.copealcoy.es\/es\/la-festa-de-cocentaina-ya-conoce-a-los-cargos-de-2023\/#article","isPartOf":{"@id":"https:\/\/www.copealcoy.es\/es\/la-festa-de-cocentaina-ya-conoce-a-los-cargos-de-2023\/"},"author":{"name":"Cope Alcoy","@id":"https:\/\/www.copealcoy.es\/es\/#\/schema\/person\/e777c87fa024e57d40170af9df39882c"},"headline":"La Festa de Cocentaina ya conoce a los cargos de 2023","datePublished":"2023-07-03T21:02:39+00:00","dateModified":"2023-07-08T21:39:35+00:00","mainEntityOfPage":{"@id":"https:\/\/www.copealcoy.es\/es\/la-festa-de-cocentaina-ya-conoce-a-los-cargos-de-2023\/"},"wordCount":470,"commentCount":0,"image":{"@id":"https:\/\/www.copealcoy.es\/es\/la-festa-de-cocentaina-ya-conoce-a-los-cargos-de-2023\/#primaryimage"},"thumbnailUrl":"https:\/\/www.copealcoy.es\/wp-content\/uploads\/2023\/07\/DSC_4865-scaled-e1688851348253.jpg","keywords":["Cocentaina","Fiestas","Moros Y Cristianos","Presentaci\u00f3n de Cargos","San Hip\u00f3lito M\u00e1rtir"],"articleSection":["Actualidad","Comarcas","Noticias"],"inLanguage":"es"},{"@type":"WebPage","@id":"https:\/\/www.copealcoy.es\/es\/la-festa-de-cocentaina-ya-conoce-a-los-cargos-de-2023\/","url":"https:\/\/www.copealcoy.es\/es\/la-festa-de-cocentaina-ya-conoce-a-los-cargos-de-2023\/","name":"La Festa de Cocentaina ya conoce a los cargos de 2023 - COPE Alcoy","isPartOf":{"@id":"https:\/\/www.copealcoy.es\/es\/#website"},"primaryImageOfPage":{"@id":"https:\/\/www.copealcoy.es\/es\/la-festa-de-cocentaina-ya-conoce-a-los-cargos-de-2023\/#primaryimage"},"image":{"@id":"https:\/\/www.copealcoy.es\/es\/la-festa-de-cocentaina-ya-conoce-a-los-cargos-de-2023\/#primaryimage"},"thumbnailUrl":"https:\/\/www.copealcoy.es\/wp-content\/uploads\/2023\/07\/DSC_4865-scaled-e1688851348253.jpg","datePublished":"2023-07-03T21:02:39+00:00","dateModified":"2023-07-08T21:39:35+00:00","author":{"@id":"https:\/\/www.copealcoy.es\/es\/#\/schema\/person\/e777c87fa024e57d40170af9df39882c"},"description":"El patio de armas del Palau Comtal de Cocentaina acogi\u00f3 la presentaci\u00f3n de los cargos festeros el s\u00e1bado 1 de julio","breadcrumb":{"@id":"https:\/\/www.copealcoy.es\/es\/la-festa-de-cocentaina-ya-conoce-a-los-cargos-de-2023\/#breadcrumb"},"inLanguage":"es","potentialAction":[{"@type":"ReadAction","target":["https:\/\/www.copealcoy.es\/es\/la-festa-de-cocentaina-ya-conoce-a-los-cargos-de-2023\/"]}]},{"@type":"ImageObject","inLanguage":"es","@id":"https:\/\/www.copealcoy.es\/es\/la-festa-de-cocentaina-ya-conoce-a-los-cargos-de-2023\/#primaryimage","url":"https:\/\/www.copealcoy.es\/wp-content\/uploads\/2023\/07\/DSC_4865-scaled-e1688851348253.jpg","contentUrl":"https:\/\/www.copealcoy.es\/wp-content\/uploads\/2023\/07\/DSC_4865-scaled-e1688851348253.jpg","width":640,"height":425},{"@type":"BreadcrumbList","@id":"https:\/\/www.copealcoy.es\/es\/la-festa-de-cocentaina-ya-conoce-a-los-cargos-de-2023\/#breadcrumb","itemListElement":[{"@type":"ListItem","position":1,"name":"Portada","item":"https:\/\/www.copealcoy.es\/es\/"},{"@type":"ListItem","position":2,"name":"La Festa de Cocentaina ya conoce a los cargos de 2023"}]},{"@type":"WebSite","@id":"https:\/\/www.copealcoy.es\/es\/#website","url":"https:\/\/www.copealcoy.es\/es\/","name":"COPE Alcoy","description":"Emisora COPE de radio local con emisi\u00f3n online. Pont de Sant Jordi 8-10 03803 Alcoy","potentialAction":[{"@type":"SearchAction","target":{"@type":"EntryPoint","urlTemplate":"https:\/\/www.copealcoy.es\/es\/?s={search_term_string}"},"query-input":{"@type":"PropertyValueSpecification","valueRequired":true,"valueName":"search_term_string"}}],"inLanguage":"es"},{"@type":"Person","@id":"https:\/\/www.copealcoy.es\/es\/#\/schema\/person\/e777c87fa024e57d40170af9df39882c","name":"Cope Alcoy","image":{"@type":"ImageObject","inLanguage":"es","@id":"https:\/\/secure.gravatar.com\/avatar\/bb65d0283347e303893ba14f0692005417c1e0e690a325a4c5d8bb2b3943ee14?s=96&d=mm&r=g","url":"https:\/\/secure.gravatar.com\/avatar\/bb65d0283347e303893ba14f0692005417c1e0e690a325a4c5d8bb2b3943ee14?s=96&d=mm&r=g","contentUrl":"https:\/\/secure.gravatar.com\/avatar\/bb65d0283347e303893ba14f0692005417c1e0e690a325a4c5d8bb2b3943ee14?s=96&d=mm&r=g","caption":"Cope Alcoy"}}]}},"_links":{"self":[{"href":"https:\/\/www.copealcoy.es\/es\/wp-json\/wp\/v2\/posts\/119302","targetHints":{"allow":["GET"]}}],"collection":[{"href":"https:\/\/www.copealcoy.es\/es\/wp-json\/wp\/v2\/posts"}],"about":[{"href":"https:\/\/www.copealcoy.es\/es\/wp-json\/wp\/v2\/types\/post"}],"author":[{"embeddable":true,"href":"https:\/\/www.copealcoy.es\/es\/wp-json\/wp\/v2\/users\/1"}],"replies":[{"embeddable":true,"href":"https:\/\/www.copealcoy.es\/es\/wp-json\/wp\/v2\/comments?post=119302"}],"version-history":[{"count":0,"href":"https:\/\/www.copealcoy.es\/es\/wp-json\/wp\/v2\/posts\/119302\/revisions"}],"wp:featuredmedia":[{"embeddable":true,"href":"https:\/\/www.copealcoy.es\/es\/wp-json\/wp\/v2\/media\/119303"}],"wp:attachment":[{"href":"https:\/\/www.copealcoy.es\/es\/wp-json\/wp\/v2\/media?parent=119302"}],"wp:term":[{"taxonomy":"category","embeddable":true,"href":"https:\/\/www.copealcoy.es\/es\/wp-json\/wp\/v2\/categories?post=119302"},{"taxonomy":"post_tag","embeddable":true,"href":"https:\/\/www.copealcoy.es\/es\/wp-json\/wp\/v2\/tags?post=119302"}],"curies":[{"name":"wp","href":"https:\/\/api.w.org\/{rel}","templated":true}]}}