{"id":119230,"date":"2023-07-07T08:14:18","date_gmt":"2023-07-07T07:14:18","guid":{"rendered":"https:\/\/www.copealcoy.es\/?p=119230"},"modified":"2023-07-07T08:14:18","modified_gmt":"2023-07-07T07:14:18","slug":"del-sabado-20-al-lunes-22-de-abril-asi-queda-en-alcoy-la-trilogia-festera-2024","status":"publish","type":"post","link":"https:\/\/www.copealcoy.es\/es\/del-sabado-20-al-lunes-22-de-abril-asi-queda-en-alcoy-la-trilogia-festera-2024\/","title":{"rendered":"Del s\u00e1bado 20 al lunes 22 de abril, as\u00ed queda en Alcoy la Trilog\u00eda festera 2024"},"content":{"rendered":"<p>Las <strong>Fiestas de Moros y Cristianos 2024<\/strong> ser\u00e1n finalmente <strong>los d\u00edas 20, 21 y 22 de abril<\/strong>. As\u00ed lo ha aprobado por unanimidad el <strong>Consejo Econ\u00f3mico y Social (CES)<\/strong> de Alcoy, que se reuni\u00f3 este mi\u00e9rcoles 5 de julio.<\/p>\n<p>De esta forma,<strong> los festivos locales ser\u00e1n el s\u00e1bado 20 de abril y el lunes 22<\/strong>. En el Consejo se valor\u00f3 <strong>la propuesta que hizo la Asociaci\u00f3n de San Jorge para que la Trilog\u00eda se celebrara del 21 al 23 de abril<\/strong>, pero finalmente se ha adelantado un d\u00eda.<\/p>\n<p>En ese caso, a falta de que <strong>se aprueben las fechas en el Pleno Municipal del d\u00eda 14 de julio<\/strong>, las Fiestas de 2024 quedar\u00e1n de la siguiente manera. <strong>El viernes 19 de abril ser\u00e1 el D\u00eda de los M\u00fasicos; el s\u00e1bado 20, la Entrada; el domingo 21, San Jorge, y el lunes 22, el Alardo<\/strong>.<\/p>\n<p>Y el <strong>23 de abril<\/strong>, verdadero D\u00eda del patr\u00f3n, <strong>ser\u00e1 el d\u00eda del descanso<\/strong>, aunque no ser\u00e1 festivo y para muchos tocar\u00e1 trabajar.<\/p>\n<p><strong>D\u00eda 19 de abril, festivo en Cocentaina<\/strong><\/p>\n<p>En Alcoy se celebrar\u00e1 el D\u00eda de los M\u00fasicos\/M\u00fasicos, pero el 19 de abril es festivo en <strong>Cocentaina<\/strong>, puesto que coincide con el D\u00eda de la Mare de D\u00e9u de Miracle.<\/p>\n","protected":false},"excerpt":{"rendered":"<p>Las Fiestas de Moros y Cristianos 2024 ser\u00e1n finalmente los d\u00edas 20, 21 y 22 de abril. As\u00ed lo ha&#8230;<\/p>\n","protected":false},"author":1,"featured_media":114771,"comment_status":"open","ping_status":"open","sticky":false,"template":"","format":"standard","meta":{"footnotes":""},"categories":[6909,97,78,75,125],"tags":[1494,2001,876,5486],"class_list":["post-119230","post","type-post","status-publish","format-standard","has-post-thumbnail","hentry","category-actualidad","category-alcoy","category-fiestaycultura","category-noticias","category-portada","tag-alcoy","tag-fiestas-de-moros-y-cristianos","tag-san-jorge","tag-trilogia-festera"],"yoast_head":"<!-- This site is optimized with the Yoast SEO plugin v27.3 - https:\/\/yoast.com\/product\/yoast-seo-wordpress\/ -->\n<title>Del s\u00e1bado 20 al lunes 22 de abril, as\u00ed queda en Alcoy la Trilog\u00eda festera 2024 - COPE Alcoy<\/title>\n<meta name=\"description\" content=\"Las Fiestas de Moros y Cristianos 2024 ser\u00e1n finalmente los d\u00edas 20, 21 y 22 de abril. As\u00ed lo ha aprobado por unanimidad el Consejo Econ\u00f3mico y Social (CES) de Alcoy, que se reuni\u00f3 este mi\u00e9rcoles 5 de julio.\" \/>\n<meta name=\"robots\" content=\"index, follow, max-snippet:-1, max-image-preview:large, max-video-preview:-1\" \/>\n<link rel=\"canonical\" href=\"https:\/\/www.copealcoy.es\/es\/del-sabado-20-al-lunes-22-de-abril-asi-queda-en-alcoy-la-trilogia-festera-2024\/\" \/>\n<meta property=\"og:locale\" content=\"es_ES\" \/>\n<meta property=\"og:type\" content=\"article\" \/>\n<meta property=\"og:title\" content=\"Del s\u00e1bado 20 al lunes 22 de abril, as\u00ed queda en Alcoy la Trilog\u00eda festera 2024 - COPE Alcoy\" \/>\n<meta property=\"og:description\" content=\"Las Fiestas de Moros y Cristianos 2024 ser\u00e1n finalmente los d\u00edas 20, 21 y 22 de abril. As\u00ed lo ha aprobado por unanimidad el Consejo Econ\u00f3mico y Social (CES) de Alcoy, que se reuni\u00f3 este mi\u00e9rcoles 5 de julio.\" \/>\n<meta property=\"og:url\" content=\"https:\/\/www.copealcoy.es\/es\/del-sabado-20-al-lunes-22-de-abril-asi-queda-en-alcoy-la-trilogia-festera-2024\/\" \/>\n<meta property=\"og:site_name\" content=\"COPE Alcoy\" \/>\n<meta property=\"article:published_time\" content=\"2023-07-07T07:14:18+00:00\" \/>\n<meta property=\"og:image\" content=\"https:\/\/www.copealcoy.es\/wp-content\/uploads\/2023\/04\/unnamed-1-31-scaled.jpg\" \/>\n\t<meta property=\"og:image:width\" content=\"1666\" \/>\n\t<meta property=\"og:image:height\" content=\"1080\" \/>\n\t<meta property=\"og:image:type\" content=\"image\/jpeg\" \/>\n<meta name=\"author\" content=\"Cope Alcoy\" \/>\n<meta name=\"twitter:label1\" content=\"Escrito por\" \/>\n\t<meta name=\"twitter:data1\" content=\"Cope Alcoy\" \/>\n\t<meta name=\"twitter:label2\" content=\"Tiempo de lectura\" \/>\n\t<meta name=\"twitter:data2\" content=\"2 minutos\" \/>\n<script type=\"application\/ld+json\" class=\"yoast-schema-graph\">{\"@context\":\"https:\\\/\\\/schema.org\",\"@graph\":[{\"@type\":\"Article\",\"@id\":\"https:\\\/\\\/www.copealcoy.es\\\/es\\\/del-sabado-20-al-lunes-22-de-abril-asi-queda-en-alcoy-la-trilogia-festera-2024\\\/#article\",\"isPartOf\":{\"@id\":\"https:\\\/\\\/www.copealcoy.es\\\/es\\\/del-sabado-20-al-lunes-22-de-abril-asi-queda-en-alcoy-la-trilogia-festera-2024\\\/\"},\"author\":{\"name\":\"Cope Alcoy\",\"@id\":\"https:\\\/\\\/www.copealcoy.es\\\/es\\\/#\\\/schema\\\/person\\\/e777c87fa024e57d40170af9df39882c\"},\"headline\":\"Del s\u00e1bado 20 al lunes 22 de abril, as\u00ed queda en Alcoy la Trilog\u00eda festera 2024\",\"datePublished\":\"2023-07-07T07:14:18+00:00\",\"mainEntityOfPage\":{\"@id\":\"https:\\\/\\\/www.copealcoy.es\\\/es\\\/del-sabado-20-al-lunes-22-de-abril-asi-queda-en-alcoy-la-trilogia-festera-2024\\\/\"},\"wordCount\":226,\"commentCount\":0,\"image\":{\"@id\":\"https:\\\/\\\/www.copealcoy.es\\\/es\\\/del-sabado-20-al-lunes-22-de-abril-asi-queda-en-alcoy-la-trilogia-festera-2024\\\/#primaryimage\"},\"thumbnailUrl\":\"https:\\\/\\\/www.copealcoy.es\\\/wp-content\\\/uploads\\\/2023\\\/04\\\/unnamed-1-31-scaled.jpg\",\"keywords\":[\"Alcoy\",\"Fiestas de Moros y Cristianos\",\"San Jorge\",\"trilog\u00eda festera\"],\"articleSection\":[\"Actualidad\",\"Alcoy\",\"Fiesta y Cultura\",\"Noticias\",\"Portada\"],\"inLanguage\":\"es\"},{\"@type\":\"WebPage\",\"@id\":\"https:\\\/\\\/www.copealcoy.es\\\/es\\\/del-sabado-20-al-lunes-22-de-abril-asi-queda-en-alcoy-la-trilogia-festera-2024\\\/\",\"url\":\"https:\\\/\\\/www.copealcoy.es\\\/es\\\/del-sabado-20-al-lunes-22-de-abril-asi-queda-en-alcoy-la-trilogia-festera-2024\\\/\",\"name\":\"Del s\u00e1bado 20 al lunes 22 de abril, as\u00ed queda en Alcoy la Trilog\u00eda festera 2024 - COPE Alcoy\",\"isPartOf\":{\"@id\":\"https:\\\/\\\/www.copealcoy.es\\\/es\\\/#website\"},\"primaryImageOfPage\":{\"@id\":\"https:\\\/\\\/www.copealcoy.es\\\/es\\\/del-sabado-20-al-lunes-22-de-abril-asi-queda-en-alcoy-la-trilogia-festera-2024\\\/#primaryimage\"},\"image\":{\"@id\":\"https:\\\/\\\/www.copealcoy.es\\\/es\\\/del-sabado-20-al-lunes-22-de-abril-asi-queda-en-alcoy-la-trilogia-festera-2024\\\/#primaryimage\"},\"thumbnailUrl\":\"https:\\\/\\\/www.copealcoy.es\\\/wp-content\\\/uploads\\\/2023\\\/04\\\/unnamed-1-31-scaled.jpg\",\"datePublished\":\"2023-07-07T07:14:18+00:00\",\"author\":{\"@id\":\"https:\\\/\\\/www.copealcoy.es\\\/es\\\/#\\\/schema\\\/person\\\/e777c87fa024e57d40170af9df39882c\"},\"description\":\"Las Fiestas de Moros y Cristianos 2024 ser\u00e1n finalmente los d\u00edas 20, 21 y 22 de abril. As\u00ed lo ha aprobado por unanimidad el Consejo Econ\u00f3mico y Social (CES) de Alcoy, que se reuni\u00f3 este mi\u00e9rcoles 5 de julio.\",\"breadcrumb\":{\"@id\":\"https:\\\/\\\/www.copealcoy.es\\\/es\\\/del-sabado-20-al-lunes-22-de-abril-asi-queda-en-alcoy-la-trilogia-festera-2024\\\/#breadcrumb\"},\"inLanguage\":\"es\",\"potentialAction\":[{\"@type\":\"ReadAction\",\"target\":[\"https:\\\/\\\/www.copealcoy.es\\\/es\\\/del-sabado-20-al-lunes-22-de-abril-asi-queda-en-alcoy-la-trilogia-festera-2024\\\/\"]}]},{\"@type\":\"ImageObject\",\"inLanguage\":\"es\",\"@id\":\"https:\\\/\\\/www.copealcoy.es\\\/es\\\/del-sabado-20-al-lunes-22-de-abril-asi-queda-en-alcoy-la-trilogia-festera-2024\\\/#primaryimage\",\"url\":\"https:\\\/\\\/www.copealcoy.es\\\/wp-content\\\/uploads\\\/2023\\\/04\\\/unnamed-1-31-scaled.jpg\",\"contentUrl\":\"https:\\\/\\\/www.copealcoy.es\\\/wp-content\\\/uploads\\\/2023\\\/04\\\/unnamed-1-31-scaled.jpg\",\"width\":1666,\"height\":1080},{\"@type\":\"BreadcrumbList\",\"@id\":\"https:\\\/\\\/www.copealcoy.es\\\/es\\\/del-sabado-20-al-lunes-22-de-abril-asi-queda-en-alcoy-la-trilogia-festera-2024\\\/#breadcrumb\",\"itemListElement\":[{\"@type\":\"ListItem\",\"position\":1,\"name\":\"Portada\",\"item\":\"https:\\\/\\\/www.copealcoy.es\\\/es\\\/\"},{\"@type\":\"ListItem\",\"position\":2,\"name\":\"Del s\u00e1bado 20 al lunes 22 de abril, as\u00ed queda en Alcoy la Trilog\u00eda festera 2024\"}]},{\"@type\":\"WebSite\",\"@id\":\"https:\\\/\\\/www.copealcoy.es\\\/es\\\/#website\",\"url\":\"https:\\\/\\\/www.copealcoy.es\\\/es\\\/\",\"name\":\"COPE Alcoy\",\"description\":\"Emisora COPE de radio local con emisi\u00f3n online. Pont de Sant Jordi 8-10 03803 Alcoy\",\"potentialAction\":[{\"@type\":\"SearchAction\",\"target\":{\"@type\":\"EntryPoint\",\"urlTemplate\":\"https:\\\/\\\/www.copealcoy.es\\\/es\\\/?s={search_term_string}\"},\"query-input\":{\"@type\":\"PropertyValueSpecification\",\"valueRequired\":true,\"valueName\":\"search_term_string\"}}],\"inLanguage\":\"es\"},{\"@type\":\"Person\",\"@id\":\"https:\\\/\\\/www.copealcoy.es\\\/es\\\/#\\\/schema\\\/person\\\/e777c87fa024e57d40170af9df39882c\",\"name\":\"Cope Alcoy\",\"image\":{\"@type\":\"ImageObject\",\"inLanguage\":\"es\",\"@id\":\"https:\\\/\\\/secure.gravatar.com\\\/avatar\\\/bb65d0283347e303893ba14f0692005417c1e0e690a325a4c5d8bb2b3943ee14?s=96&d=mm&r=g\",\"url\":\"https:\\\/\\\/secure.gravatar.com\\\/avatar\\\/bb65d0283347e303893ba14f0692005417c1e0e690a325a4c5d8bb2b3943ee14?s=96&d=mm&r=g\",\"contentUrl\":\"https:\\\/\\\/secure.gravatar.com\\\/avatar\\\/bb65d0283347e303893ba14f0692005417c1e0e690a325a4c5d8bb2b3943ee14?s=96&d=mm&r=g\",\"caption\":\"Cope Alcoy\"}}]}<\/script>\n<!-- \/ Yoast SEO plugin. -->","yoast_head_json":{"title":"Del s\u00e1bado 20 al lunes 22 de abril, as\u00ed queda en Alcoy la Trilog\u00eda festera 2024 - COPE Alcoy","description":"Las Fiestas de Moros y Cristianos 2024 ser\u00e1n finalmente los d\u00edas 20, 21 y 22 de abril. As\u00ed lo ha aprobado por unanimidad el Consejo Econ\u00f3mico y Social (CES) de Alcoy, que se reuni\u00f3 este mi\u00e9rcoles 5 de julio.","robots":{"index":"index","follow":"follow","max-snippet":"max-snippet:-1","max-image-preview":"max-image-preview:large","max-video-preview":"max-video-preview:-1"},"canonical":"https:\/\/www.copealcoy.es\/es\/del-sabado-20-al-lunes-22-de-abril-asi-queda-en-alcoy-la-trilogia-festera-2024\/","og_locale":"es_ES","og_type":"article","og_title":"Del s\u00e1bado 20 al lunes 22 de abril, as\u00ed queda en Alcoy la Trilog\u00eda festera 2024 - COPE Alcoy","og_description":"Las Fiestas de Moros y Cristianos 2024 ser\u00e1n finalmente los d\u00edas 20, 21 y 22 de abril. As\u00ed lo ha aprobado por unanimidad el Consejo Econ\u00f3mico y Social (CES) de Alcoy, que se reuni\u00f3 este mi\u00e9rcoles 5 de julio.","og_url":"https:\/\/www.copealcoy.es\/es\/del-sabado-20-al-lunes-22-de-abril-asi-queda-en-alcoy-la-trilogia-festera-2024\/","og_site_name":"COPE Alcoy","article_published_time":"2023-07-07T07:14:18+00:00","og_image":[{"width":1666,"height":1080,"url":"https:\/\/www.copealcoy.es\/wp-content\/uploads\/2023\/04\/unnamed-1-31-scaled.jpg","type":"image\/jpeg"}],"author":"Cope Alcoy","twitter_misc":{"Escrito por":"Cope Alcoy","Tiempo de lectura":"2 minutos"},"schema":{"@context":"https:\/\/schema.org","@graph":[{"@type":"Article","@id":"https:\/\/www.copealcoy.es\/es\/del-sabado-20-al-lunes-22-de-abril-asi-queda-en-alcoy-la-trilogia-festera-2024\/#article","isPartOf":{"@id":"https:\/\/www.copealcoy.es\/es\/del-sabado-20-al-lunes-22-de-abril-asi-queda-en-alcoy-la-trilogia-festera-2024\/"},"author":{"name":"Cope Alcoy","@id":"https:\/\/www.copealcoy.es\/es\/#\/schema\/person\/e777c87fa024e57d40170af9df39882c"},"headline":"Del s\u00e1bado 20 al lunes 22 de abril, as\u00ed queda en Alcoy la Trilog\u00eda festera 2024","datePublished":"2023-07-07T07:14:18+00:00","mainEntityOfPage":{"@id":"https:\/\/www.copealcoy.es\/es\/del-sabado-20-al-lunes-22-de-abril-asi-queda-en-alcoy-la-trilogia-festera-2024\/"},"wordCount":226,"commentCount":0,"image":{"@id":"https:\/\/www.copealcoy.es\/es\/del-sabado-20-al-lunes-22-de-abril-asi-queda-en-alcoy-la-trilogia-festera-2024\/#primaryimage"},"thumbnailUrl":"https:\/\/www.copealcoy.es\/wp-content\/uploads\/2023\/04\/unnamed-1-31-scaled.jpg","keywords":["Alcoy","Fiestas de Moros y Cristianos","San Jorge","trilog\u00eda festera"],"articleSection":["Actualidad","Alcoy","Fiesta y Cultura","Noticias","Portada"],"inLanguage":"es"},{"@type":"WebPage","@id":"https:\/\/www.copealcoy.es\/es\/del-sabado-20-al-lunes-22-de-abril-asi-queda-en-alcoy-la-trilogia-festera-2024\/","url":"https:\/\/www.copealcoy.es\/es\/del-sabado-20-al-lunes-22-de-abril-asi-queda-en-alcoy-la-trilogia-festera-2024\/","name":"Del s\u00e1bado 20 al lunes 22 de abril, as\u00ed queda en Alcoy la Trilog\u00eda festera 2024 - COPE Alcoy","isPartOf":{"@id":"https:\/\/www.copealcoy.es\/es\/#website"},"primaryImageOfPage":{"@id":"https:\/\/www.copealcoy.es\/es\/del-sabado-20-al-lunes-22-de-abril-asi-queda-en-alcoy-la-trilogia-festera-2024\/#primaryimage"},"image":{"@id":"https:\/\/www.copealcoy.es\/es\/del-sabado-20-al-lunes-22-de-abril-asi-queda-en-alcoy-la-trilogia-festera-2024\/#primaryimage"},"thumbnailUrl":"https:\/\/www.copealcoy.es\/wp-content\/uploads\/2023\/04\/unnamed-1-31-scaled.jpg","datePublished":"2023-07-07T07:14:18+00:00","author":{"@id":"https:\/\/www.copealcoy.es\/es\/#\/schema\/person\/e777c87fa024e57d40170af9df39882c"},"description":"Las Fiestas de Moros y Cristianos 2024 ser\u00e1n finalmente los d\u00edas 20, 21 y 22 de abril. As\u00ed lo ha aprobado por unanimidad el Consejo Econ\u00f3mico y Social (CES) de Alcoy, que se reuni\u00f3 este mi\u00e9rcoles 5 de julio.","breadcrumb":{"@id":"https:\/\/www.copealcoy.es\/es\/del-sabado-20-al-lunes-22-de-abril-asi-queda-en-alcoy-la-trilogia-festera-2024\/#breadcrumb"},"inLanguage":"es","potentialAction":[{"@type":"ReadAction","target":["https:\/\/www.copealcoy.es\/es\/del-sabado-20-al-lunes-22-de-abril-asi-queda-en-alcoy-la-trilogia-festera-2024\/"]}]},{"@type":"ImageObject","inLanguage":"es","@id":"https:\/\/www.copealcoy.es\/es\/del-sabado-20-al-lunes-22-de-abril-asi-queda-en-alcoy-la-trilogia-festera-2024\/#primaryimage","url":"https:\/\/www.copealcoy.es\/wp-content\/uploads\/2023\/04\/unnamed-1-31-scaled.jpg","contentUrl":"https:\/\/www.copealcoy.es\/wp-content\/uploads\/2023\/04\/unnamed-1-31-scaled.jpg","width":1666,"height":1080},{"@type":"BreadcrumbList","@id":"https:\/\/www.copealcoy.es\/es\/del-sabado-20-al-lunes-22-de-abril-asi-queda-en-alcoy-la-trilogia-festera-2024\/#breadcrumb","itemListElement":[{"@type":"ListItem","position":1,"name":"Portada","item":"https:\/\/www.copealcoy.es\/es\/"},{"@type":"ListItem","position":2,"name":"Del s\u00e1bado 20 al lunes 22 de abril, as\u00ed queda en Alcoy la Trilog\u00eda festera 2024"}]},{"@type":"WebSite","@id":"https:\/\/www.copealcoy.es\/es\/#website","url":"https:\/\/www.copealcoy.es\/es\/","name":"COPE Alcoy","description":"Emisora COPE de radio local con emisi\u00f3n online. Pont de Sant Jordi 8-10 03803 Alcoy","potentialAction":[{"@type":"SearchAction","target":{"@type":"EntryPoint","urlTemplate":"https:\/\/www.copealcoy.es\/es\/?s={search_term_string}"},"query-input":{"@type":"PropertyValueSpecification","valueRequired":true,"valueName":"search_term_string"}}],"inLanguage":"es"},{"@type":"Person","@id":"https:\/\/www.copealcoy.es\/es\/#\/schema\/person\/e777c87fa024e57d40170af9df39882c","name":"Cope Alcoy","image":{"@type":"ImageObject","inLanguage":"es","@id":"https:\/\/secure.gravatar.com\/avatar\/bb65d0283347e303893ba14f0692005417c1e0e690a325a4c5d8bb2b3943ee14?s=96&d=mm&r=g","url":"https:\/\/secure.gravatar.com\/avatar\/bb65d0283347e303893ba14f0692005417c1e0e690a325a4c5d8bb2b3943ee14?s=96&d=mm&r=g","contentUrl":"https:\/\/secure.gravatar.com\/avatar\/bb65d0283347e303893ba14f0692005417c1e0e690a325a4c5d8bb2b3943ee14?s=96&d=mm&r=g","caption":"Cope Alcoy"}}]}},"_links":{"self":[{"href":"https:\/\/www.copealcoy.es\/es\/wp-json\/wp\/v2\/posts\/119230","targetHints":{"allow":["GET"]}}],"collection":[{"href":"https:\/\/www.copealcoy.es\/es\/wp-json\/wp\/v2\/posts"}],"about":[{"href":"https:\/\/www.copealcoy.es\/es\/wp-json\/wp\/v2\/types\/post"}],"author":[{"embeddable":true,"href":"https:\/\/www.copealcoy.es\/es\/wp-json\/wp\/v2\/users\/1"}],"replies":[{"embeddable":true,"href":"https:\/\/www.copealcoy.es\/es\/wp-json\/wp\/v2\/comments?post=119230"}],"version-history":[{"count":0,"href":"https:\/\/www.copealcoy.es\/es\/wp-json\/wp\/v2\/posts\/119230\/revisions"}],"wp:featuredmedia":[{"embeddable":true,"href":"https:\/\/www.copealcoy.es\/es\/wp-json\/wp\/v2\/media\/114771"}],"wp:attachment":[{"href":"https:\/\/www.copealcoy.es\/es\/wp-json\/wp\/v2\/media?parent=119230"}],"wp:term":[{"taxonomy":"category","embeddable":true,"href":"https:\/\/www.copealcoy.es\/es\/wp-json\/wp\/v2\/categories?post=119230"},{"taxonomy":"post_tag","embeddable":true,"href":"https:\/\/www.copealcoy.es\/es\/wp-json\/wp\/v2\/tags?post=119230"}],"curies":[{"name":"wp","href":"https:\/\/api.w.org\/{rel}","templated":true}]}}