{"id":118990,"date":"2023-07-04T07:31:45","date_gmt":"2023-07-04T06:31:45","guid":{"rendered":"https:\/\/www.copealcoy.es\/?p=118990"},"modified":"2023-07-04T08:09:03","modified_gmt":"2023-07-04T07:09:03","slug":"piden-cuatro-anos-de-carcel-para-una-mujer-por-estafar-al-hombre-al-que-cuidaba-en-cocentaina","status":"publish","type":"post","link":"https:\/\/www.copealcoy.es\/es\/piden-cuatro-anos-de-carcel-para-una-mujer-por-estafar-al-hombre-al-que-cuidaba-en-cocentaina\/","title":{"rendered":"Piden cuatro a\u00f1os de c\u00e1rcel para una mujer por estafar al hombre al que cuidaba en Cocentaina"},"content":{"rendered":"<p>Este martes 4 de julio se celebra, en la secci\u00f3n primera de la <strong>Audiencia Provincial de Alicante<\/strong>, el <strong>juicio contra una mujer que -presuntamente- sac\u00f3 dinero del banco de la cuenta del hombre para el que trabajaba<\/strong>. Se le imputa un delito de estafa y<strong> la Fiscal\u00eda pide cuatro a\u00f1os de prisi\u00f3n <\/strong>para ella.<\/p>\n<p>Los hechos tuvieron lugar, concretamente, en <strong>abril de 2019 en Cocentaina<\/strong>. La acusada cuidaba a un <strong>hombre de 89 a\u00f1os de edad<\/strong> y aprovech\u00f3 la relaci\u00f3n de confianza que manten\u00eda con \u00e9l para estafarle.<\/p>\n<p>La mujer<strong> consigui\u00f3 que la v\u00edctima le proporcionara la clave pin de su tarjeta<\/strong> y, con varios movimientos, ella lleg\u00f3 a extraer 3.000 euros de su cuenta bancaria.<\/p>\n<p><strong>Otros sucesos en Cocentaina<\/strong><\/p>\n<p style=\"text-align: justify;\">Droga incautada en <strong>Cocentaina<\/strong>. Los hechos tuvieron lugar <strong>el pasado jueves 22 de junio<\/strong>. La <strong>Polic\u00eda Local<\/strong> de la Villa Condal <strong>intercept\u00f3 un veh\u00edculo que transportaba estupefacientes<\/strong>.<\/p>\n<p style=\"text-align: justify;\">En concreto, dentro del autom\u00f3vil se encontraron <strong>diversas cantidades de droga, una planta de cannabis, material que suele emplearse para la manipulaci\u00f3n de sustancias y un cuchillo de grandes dimensiones<\/strong>. Los agentes incautaron estos objetos y sustancias y levantaron acta para su posterior traslado a la <strong>Subdelegaci\u00f3n del Gobierno en Alicante<\/strong>.<\/p>\n<p style=\"text-align: justify;\">Por su parte, <strong>el conductor dio positivo en el test de drogas<\/strong> y el veh\u00edculo tuvo que ser trasladado al dep\u00f3sito municipal porque <strong>carec\u00eda de la autorizaci\u00f3n necesaria para poder circular<\/strong>.<\/p>\n<p style=\"text-align: justify;\"><strong>Cocentaina<\/strong> arranc\u00f3 la \u00faltima semana del mes de junio con la <strong>detenci\u00f3n de una persona que estaba en busca y captura<\/strong>. Se trata de un hombre que ten\u00eda causas judiciales abiertas.<\/p>\n<p style=\"text-align: justify;\">En concreto, <strong>fue la Polic\u00eda Local de la Villa Condal la que detuvo<\/strong> al individuo. Este estaba siendo buscado por un <strong>delito de robo en una vivienda<\/strong>. Tras la lectura de sus derechos y un reconocimiento m\u00e9dico, el detenido pas\u00f3 a disposici\u00f3n judicial.<\/p>\n<p>Imagen: Cope<\/p>\n","protected":false},"excerpt":{"rendered":"<p>Este martes 4 de julio se celebra, en la secci\u00f3n primera de la Audiencia Provincial de Alicante, el juicio contra&#8230;<\/p>\n","protected":false},"author":1,"featured_media":0,"comment_status":"open","ping_status":"open","sticky":false,"template":"","format":"standard","meta":{"footnotes":""},"categories":[6909,97,75,125,80],"tags":[132,14302,4297,14680],"class_list":["post-118990","post","type-post","status-publish","format-standard","hentry","category-actualidad","category-alcoy","category-noticias","category-portada","category-sucesos","tag-cocentaina","tag-juicio","tag-robo","tag-suceso"],"yoast_head":"<!-- This site is optimized with the Yoast SEO plugin v27.3 - https:\/\/yoast.com\/product\/yoast-seo-wordpress\/ -->\n<title>Piden cuatro a\u00f1os de c\u00e1rcel para una mujer por estafar al hombre al que cuidaba en Cocentaina - COPE Alcoy<\/title>\n<meta name=\"description\" content=\"Este martes 4 de julio se celebra, en la secci\u00f3n primera de la Audiencia Provincial de Alicante, el juicio contra una mujer que -presuntamente- sac\u00f3 dinero del banco de la cuenta del hombre para el que trabajaba. Se le imputa un delito de estafa y la Fiscal\u00eda pide cuatro a\u00f1os de prisi\u00f3n para ella.\" \/>\n<meta name=\"robots\" content=\"index, follow, max-snippet:-1, max-image-preview:large, max-video-preview:-1\" \/>\n<link rel=\"canonical\" href=\"https:\/\/www.copealcoy.es\/es\/piden-cuatro-anos-de-carcel-para-una-mujer-por-estafar-al-hombre-al-que-cuidaba-en-cocentaina\/\" \/>\n<meta property=\"og:locale\" content=\"es_ES\" \/>\n<meta property=\"og:type\" content=\"article\" \/>\n<meta property=\"og:title\" content=\"Piden cuatro a\u00f1os de c\u00e1rcel para una mujer por estafar al hombre al que cuidaba en Cocentaina - COPE Alcoy\" \/>\n<meta property=\"og:description\" content=\"Este martes 4 de julio se celebra, en la secci\u00f3n primera de la Audiencia Provincial de Alicante, el juicio contra una mujer que -presuntamente- sac\u00f3 dinero del banco de la cuenta del hombre para el que trabajaba. Se le imputa un delito de estafa y la Fiscal\u00eda pide cuatro a\u00f1os de prisi\u00f3n para ella.\" \/>\n<meta property=\"og:url\" content=\"https:\/\/www.copealcoy.es\/es\/piden-cuatro-anos-de-carcel-para-una-mujer-por-estafar-al-hombre-al-que-cuidaba-en-cocentaina\/\" \/>\n<meta property=\"og:site_name\" content=\"COPE Alcoy\" \/>\n<meta property=\"article:published_time\" content=\"2023-07-04T06:31:45+00:00\" \/>\n<meta property=\"article:modified_time\" content=\"2023-07-04T07:09:03+00:00\" \/>\n<meta name=\"author\" content=\"Cope Alcoy\" \/>\n<meta name=\"twitter:label1\" content=\"Escrito por\" \/>\n\t<meta name=\"twitter:data1\" content=\"Cope Alcoy\" \/>\n\t<meta name=\"twitter:label2\" content=\"Tiempo de lectura\" \/>\n\t<meta name=\"twitter:data2\" content=\"2 minutos\" \/>\n<script type=\"application\/ld+json\" class=\"yoast-schema-graph\">{\"@context\":\"https:\\\/\\\/schema.org\",\"@graph\":[{\"@type\":\"Article\",\"@id\":\"https:\\\/\\\/www.copealcoy.es\\\/es\\\/piden-cuatro-anos-de-carcel-para-una-mujer-por-estafar-al-hombre-al-que-cuidaba-en-cocentaina\\\/#article\",\"isPartOf\":{\"@id\":\"https:\\\/\\\/www.copealcoy.es\\\/es\\\/piden-cuatro-anos-de-carcel-para-una-mujer-por-estafar-al-hombre-al-que-cuidaba-en-cocentaina\\\/\"},\"author\":{\"name\":\"Cope Alcoy\",\"@id\":\"https:\\\/\\\/www.copealcoy.es\\\/es\\\/#\\\/schema\\\/person\\\/e777c87fa024e57d40170af9df39882c\"},\"headline\":\"Piden cuatro a\u00f1os de c\u00e1rcel para una mujer por estafar al hombre al que cuidaba en Cocentaina\",\"datePublished\":\"2023-07-04T06:31:45+00:00\",\"dateModified\":\"2023-07-04T07:09:03+00:00\",\"mainEntityOfPage\":{\"@id\":\"https:\\\/\\\/www.copealcoy.es\\\/es\\\/piden-cuatro-anos-de-carcel-para-una-mujer-por-estafar-al-hombre-al-que-cuidaba-en-cocentaina\\\/\"},\"wordCount\":341,\"commentCount\":0,\"keywords\":[\"Cocentaina\",\"juicio\",\"Robo\",\"suceso\"],\"articleSection\":[\"Actualidad\",\"Alcoy\",\"Noticias\",\"Portada\",\"Sucesos\"],\"inLanguage\":\"es\"},{\"@type\":\"WebPage\",\"@id\":\"https:\\\/\\\/www.copealcoy.es\\\/es\\\/piden-cuatro-anos-de-carcel-para-una-mujer-por-estafar-al-hombre-al-que-cuidaba-en-cocentaina\\\/\",\"url\":\"https:\\\/\\\/www.copealcoy.es\\\/es\\\/piden-cuatro-anos-de-carcel-para-una-mujer-por-estafar-al-hombre-al-que-cuidaba-en-cocentaina\\\/\",\"name\":\"Piden cuatro a\u00f1os de c\u00e1rcel para una mujer por estafar al hombre al que cuidaba en Cocentaina - COPE Alcoy\",\"isPartOf\":{\"@id\":\"https:\\\/\\\/www.copealcoy.es\\\/es\\\/#website\"},\"datePublished\":\"2023-07-04T06:31:45+00:00\",\"dateModified\":\"2023-07-04T07:09:03+00:00\",\"author\":{\"@id\":\"https:\\\/\\\/www.copealcoy.es\\\/es\\\/#\\\/schema\\\/person\\\/e777c87fa024e57d40170af9df39882c\"},\"description\":\"Este martes 4 de julio se celebra, en la secci\u00f3n primera de la Audiencia Provincial de Alicante, el juicio contra una mujer que -presuntamente- sac\u00f3 dinero del banco de la cuenta del hombre para el que trabajaba. Se le imputa un delito de estafa y la Fiscal\u00eda pide cuatro a\u00f1os de prisi\u00f3n para ella.\",\"breadcrumb\":{\"@id\":\"https:\\\/\\\/www.copealcoy.es\\\/es\\\/piden-cuatro-anos-de-carcel-para-una-mujer-por-estafar-al-hombre-al-que-cuidaba-en-cocentaina\\\/#breadcrumb\"},\"inLanguage\":\"es\",\"potentialAction\":[{\"@type\":\"ReadAction\",\"target\":[\"https:\\\/\\\/www.copealcoy.es\\\/es\\\/piden-cuatro-anos-de-carcel-para-una-mujer-por-estafar-al-hombre-al-que-cuidaba-en-cocentaina\\\/\"]}]},{\"@type\":\"BreadcrumbList\",\"@id\":\"https:\\\/\\\/www.copealcoy.es\\\/es\\\/piden-cuatro-anos-de-carcel-para-una-mujer-por-estafar-al-hombre-al-que-cuidaba-en-cocentaina\\\/#breadcrumb\",\"itemListElement\":[{\"@type\":\"ListItem\",\"position\":1,\"name\":\"Portada\",\"item\":\"https:\\\/\\\/www.copealcoy.es\\\/es\\\/\"},{\"@type\":\"ListItem\",\"position\":2,\"name\":\"Piden cuatro a\u00f1os de c\u00e1rcel para una mujer por estafar al hombre al que cuidaba en Cocentaina\"}]},{\"@type\":\"WebSite\",\"@id\":\"https:\\\/\\\/www.copealcoy.es\\\/es\\\/#website\",\"url\":\"https:\\\/\\\/www.copealcoy.es\\\/es\\\/\",\"name\":\"COPE Alcoy\",\"description\":\"Emisora COPE de radio local con emisi\u00f3n online. Pont de Sant Jordi 8-10 03803 Alcoy\",\"potentialAction\":[{\"@type\":\"SearchAction\",\"target\":{\"@type\":\"EntryPoint\",\"urlTemplate\":\"https:\\\/\\\/www.copealcoy.es\\\/es\\\/?s={search_term_string}\"},\"query-input\":{\"@type\":\"PropertyValueSpecification\",\"valueRequired\":true,\"valueName\":\"search_term_string\"}}],\"inLanguage\":\"es\"},{\"@type\":\"Person\",\"@id\":\"https:\\\/\\\/www.copealcoy.es\\\/es\\\/#\\\/schema\\\/person\\\/e777c87fa024e57d40170af9df39882c\",\"name\":\"Cope Alcoy\",\"image\":{\"@type\":\"ImageObject\",\"inLanguage\":\"es\",\"@id\":\"https:\\\/\\\/secure.gravatar.com\\\/avatar\\\/bb65d0283347e303893ba14f0692005417c1e0e690a325a4c5d8bb2b3943ee14?s=96&d=mm&r=g\",\"url\":\"https:\\\/\\\/secure.gravatar.com\\\/avatar\\\/bb65d0283347e303893ba14f0692005417c1e0e690a325a4c5d8bb2b3943ee14?s=96&d=mm&r=g\",\"contentUrl\":\"https:\\\/\\\/secure.gravatar.com\\\/avatar\\\/bb65d0283347e303893ba14f0692005417c1e0e690a325a4c5d8bb2b3943ee14?s=96&d=mm&r=g\",\"caption\":\"Cope Alcoy\"}}]}<\/script>\n<!-- \/ Yoast SEO plugin. -->","yoast_head_json":{"title":"Piden cuatro a\u00f1os de c\u00e1rcel para una mujer por estafar al hombre al que cuidaba en Cocentaina - COPE Alcoy","description":"Este martes 4 de julio se celebra, en la secci\u00f3n primera de la Audiencia Provincial de Alicante, el juicio contra una mujer que -presuntamente- sac\u00f3 dinero del banco de la cuenta del hombre para el que trabajaba. Se le imputa un delito de estafa y la Fiscal\u00eda pide cuatro a\u00f1os de prisi\u00f3n para ella.","robots":{"index":"index","follow":"follow","max-snippet":"max-snippet:-1","max-image-preview":"max-image-preview:large","max-video-preview":"max-video-preview:-1"},"canonical":"https:\/\/www.copealcoy.es\/es\/piden-cuatro-anos-de-carcel-para-una-mujer-por-estafar-al-hombre-al-que-cuidaba-en-cocentaina\/","og_locale":"es_ES","og_type":"article","og_title":"Piden cuatro a\u00f1os de c\u00e1rcel para una mujer por estafar al hombre al que cuidaba en Cocentaina - COPE Alcoy","og_description":"Este martes 4 de julio se celebra, en la secci\u00f3n primera de la Audiencia Provincial de Alicante, el juicio contra una mujer que -presuntamente- sac\u00f3 dinero del banco de la cuenta del hombre para el que trabajaba. Se le imputa un delito de estafa y la Fiscal\u00eda pide cuatro a\u00f1os de prisi\u00f3n para ella.","og_url":"https:\/\/www.copealcoy.es\/es\/piden-cuatro-anos-de-carcel-para-una-mujer-por-estafar-al-hombre-al-que-cuidaba-en-cocentaina\/","og_site_name":"COPE Alcoy","article_published_time":"2023-07-04T06:31:45+00:00","article_modified_time":"2023-07-04T07:09:03+00:00","author":"Cope Alcoy","twitter_misc":{"Escrito por":"Cope Alcoy","Tiempo de lectura":"2 minutos"},"schema":{"@context":"https:\/\/schema.org","@graph":[{"@type":"Article","@id":"https:\/\/www.copealcoy.es\/es\/piden-cuatro-anos-de-carcel-para-una-mujer-por-estafar-al-hombre-al-que-cuidaba-en-cocentaina\/#article","isPartOf":{"@id":"https:\/\/www.copealcoy.es\/es\/piden-cuatro-anos-de-carcel-para-una-mujer-por-estafar-al-hombre-al-que-cuidaba-en-cocentaina\/"},"author":{"name":"Cope Alcoy","@id":"https:\/\/www.copealcoy.es\/es\/#\/schema\/person\/e777c87fa024e57d40170af9df39882c"},"headline":"Piden cuatro a\u00f1os de c\u00e1rcel para una mujer por estafar al hombre al que cuidaba en Cocentaina","datePublished":"2023-07-04T06:31:45+00:00","dateModified":"2023-07-04T07:09:03+00:00","mainEntityOfPage":{"@id":"https:\/\/www.copealcoy.es\/es\/piden-cuatro-anos-de-carcel-para-una-mujer-por-estafar-al-hombre-al-que-cuidaba-en-cocentaina\/"},"wordCount":341,"commentCount":0,"keywords":["Cocentaina","juicio","Robo","suceso"],"articleSection":["Actualidad","Alcoy","Noticias","Portada","Sucesos"],"inLanguage":"es"},{"@type":"WebPage","@id":"https:\/\/www.copealcoy.es\/es\/piden-cuatro-anos-de-carcel-para-una-mujer-por-estafar-al-hombre-al-que-cuidaba-en-cocentaina\/","url":"https:\/\/www.copealcoy.es\/es\/piden-cuatro-anos-de-carcel-para-una-mujer-por-estafar-al-hombre-al-que-cuidaba-en-cocentaina\/","name":"Piden cuatro a\u00f1os de c\u00e1rcel para una mujer por estafar al hombre al que cuidaba en Cocentaina - COPE Alcoy","isPartOf":{"@id":"https:\/\/www.copealcoy.es\/es\/#website"},"datePublished":"2023-07-04T06:31:45+00:00","dateModified":"2023-07-04T07:09:03+00:00","author":{"@id":"https:\/\/www.copealcoy.es\/es\/#\/schema\/person\/e777c87fa024e57d40170af9df39882c"},"description":"Este martes 4 de julio se celebra, en la secci\u00f3n primera de la Audiencia Provincial de Alicante, el juicio contra una mujer que -presuntamente- sac\u00f3 dinero del banco de la cuenta del hombre para el que trabajaba. Se le imputa un delito de estafa y la Fiscal\u00eda pide cuatro a\u00f1os de prisi\u00f3n para ella.","breadcrumb":{"@id":"https:\/\/www.copealcoy.es\/es\/piden-cuatro-anos-de-carcel-para-una-mujer-por-estafar-al-hombre-al-que-cuidaba-en-cocentaina\/#breadcrumb"},"inLanguage":"es","potentialAction":[{"@type":"ReadAction","target":["https:\/\/www.copealcoy.es\/es\/piden-cuatro-anos-de-carcel-para-una-mujer-por-estafar-al-hombre-al-que-cuidaba-en-cocentaina\/"]}]},{"@type":"BreadcrumbList","@id":"https:\/\/www.copealcoy.es\/es\/piden-cuatro-anos-de-carcel-para-una-mujer-por-estafar-al-hombre-al-que-cuidaba-en-cocentaina\/#breadcrumb","itemListElement":[{"@type":"ListItem","position":1,"name":"Portada","item":"https:\/\/www.copealcoy.es\/es\/"},{"@type":"ListItem","position":2,"name":"Piden cuatro a\u00f1os de c\u00e1rcel para una mujer por estafar al hombre al que cuidaba en Cocentaina"}]},{"@type":"WebSite","@id":"https:\/\/www.copealcoy.es\/es\/#website","url":"https:\/\/www.copealcoy.es\/es\/","name":"COPE Alcoy","description":"Emisora COPE de radio local con emisi\u00f3n online. Pont de Sant Jordi 8-10 03803 Alcoy","potentialAction":[{"@type":"SearchAction","target":{"@type":"EntryPoint","urlTemplate":"https:\/\/www.copealcoy.es\/es\/?s={search_term_string}"},"query-input":{"@type":"PropertyValueSpecification","valueRequired":true,"valueName":"search_term_string"}}],"inLanguage":"es"},{"@type":"Person","@id":"https:\/\/www.copealcoy.es\/es\/#\/schema\/person\/e777c87fa024e57d40170af9df39882c","name":"Cope Alcoy","image":{"@type":"ImageObject","inLanguage":"es","@id":"https:\/\/secure.gravatar.com\/avatar\/bb65d0283347e303893ba14f0692005417c1e0e690a325a4c5d8bb2b3943ee14?s=96&d=mm&r=g","url":"https:\/\/secure.gravatar.com\/avatar\/bb65d0283347e303893ba14f0692005417c1e0e690a325a4c5d8bb2b3943ee14?s=96&d=mm&r=g","contentUrl":"https:\/\/secure.gravatar.com\/avatar\/bb65d0283347e303893ba14f0692005417c1e0e690a325a4c5d8bb2b3943ee14?s=96&d=mm&r=g","caption":"Cope Alcoy"}}]}},"_links":{"self":[{"href":"https:\/\/www.copealcoy.es\/es\/wp-json\/wp\/v2\/posts\/118990","targetHints":{"allow":["GET"]}}],"collection":[{"href":"https:\/\/www.copealcoy.es\/es\/wp-json\/wp\/v2\/posts"}],"about":[{"href":"https:\/\/www.copealcoy.es\/es\/wp-json\/wp\/v2\/types\/post"}],"author":[{"embeddable":true,"href":"https:\/\/www.copealcoy.es\/es\/wp-json\/wp\/v2\/users\/1"}],"replies":[{"embeddable":true,"href":"https:\/\/www.copealcoy.es\/es\/wp-json\/wp\/v2\/comments?post=118990"}],"version-history":[{"count":0,"href":"https:\/\/www.copealcoy.es\/es\/wp-json\/wp\/v2\/posts\/118990\/revisions"}],"wp:attachment":[{"href":"https:\/\/www.copealcoy.es\/es\/wp-json\/wp\/v2\/media?parent=118990"}],"wp:term":[{"taxonomy":"category","embeddable":true,"href":"https:\/\/www.copealcoy.es\/es\/wp-json\/wp\/v2\/categories?post=118990"},{"taxonomy":"post_tag","embeddable":true,"href":"https:\/\/www.copealcoy.es\/es\/wp-json\/wp\/v2\/tags?post=118990"}],"curies":[{"name":"wp","href":"https:\/\/api.w.org\/{rel}","templated":true}]}}