{"id":118655,"date":"2023-07-03T07:15:57","date_gmt":"2023-07-03T06:15:57","guid":{"rendered":"https:\/\/www.copealcoy.es\/?p=118655"},"modified":"2023-07-03T11:15:55","modified_gmt":"2023-07-03T10:15:55","slug":"lista-de-espera-de-dos-meses-para-pasar-la-itv-en-alcoy","status":"publish","type":"post","link":"https:\/\/www.copealcoy.es\/es\/lista-de-espera-de-dos-meses-para-pasar-la-itv-en-alcoy\/","title":{"rendered":"Lista de espera de dos meses para pasar la ITV en Alcoy"},"content":{"rendered":"<p>Si se acerca el momento de <strong>pasar la ITV<\/strong> de tu veh\u00edculo, es mejor pidas cita previa cuanto antes. Al menos en <strong>Alcoy<\/strong>, porque <strong>la lista de espera es, aproximadamente, de dos meses<\/strong>. Ahora mismo, <strong>la primera fecha disponible es el 23 de agosto<\/strong>, concretamente, a las 11 y media de la ma\u00f1ana.<\/p>\n<p>As\u00ed que toca esperar pr\u00e1cticamente dos meses o ir a otro municipio a pasarla. Por ejemplo, <strong>Ontinyent<\/strong>, aunque la situaci\u00f3n no es mucho mejor all\u00ed. Hasta el 11 de agosto no hay fecha disponible. Otra opci\u00f3n ser\u00eda <strong>Elda<\/strong> que, aunque est\u00e1 m\u00e1s lejos de Alcoy, permite pedir cita previa para el 5 de julio.<\/p>\n<p>Y es que, como contaba <strong>Cope Alcoy<\/strong>, el pasado mes de febrero se produjo la <strong><span style=\"color: #000080;\"><a style=\"color: #000080;\" href=\"https:\/\/www.copealcoy.es\/?s=ITV\" target=\"_blank\" rel=\"noopener\">reversi\u00f3n p\u00fablica de buena parte de las ITV valencianas<\/a><\/span><\/strong>. Entre ellas, la estaci\u00f3n de Alcoy. Uno de los cambios que trajo esta reversi\u00f3n fue la creaci\u00f3n de una p\u00e1gina web com\u00fan a partir de la cual hab\u00eda que pedir cita previa para pasar la inspecci\u00f3n.<\/p>\n<p>En Cope Alcoy hemos querido saber qu\u00e9 opina la ciudadan\u00eda. <strong>Los alcoyanos critican los retrasos en la cita previa<\/strong>. &#8220;Es nefasto. Es una necesidad primordial en los veh\u00edculo y <strong>habr\u00eda que buscar los medios para que la cosa fuera m\u00e1s ligera<\/strong>&#8220;, ha asegurado un vecino de la ciudad. &#8220;<strong>Es mucho tiempo<\/strong> de espera el que hay&#8221;, ha a\u00f1adido otra.<\/p>\n<p>Tambi\u00e9n a trav\u00e9s de <strong>redes sociales<\/strong>, desde algunas cuentas se han quejado de estos retrasos. &#8220;Pues eso, que est\u00e1 a tope y no admiten sin cita previa. Yo he pedido cita en Villena que tienen para una semana&#8221;, publicaba una usuaria.<\/p>\n<p>Sin embargo, esto no es algo que est\u00e9 ocurriendo desde que tuvo lugar la reversi\u00f3n p\u00fablica en p\u00fablica en febrero. <strong>A finales de mayo, por ejemplo, se pod\u00eda pedir cita previa con un menor margen de tiempo<\/strong>. Algo que tambi\u00e9n resaltan algunos usuarios en las redes. &#8220;Yo la pas\u00e9 hace 40 d\u00edas sin problema. Cog\u00ed cita diez d\u00edas antes y puntual, tampoco hab\u00eda demasiada cola&#8221;.<\/p>\n","protected":false},"excerpt":{"rendered":"<p>Si se acerca el momento de pasar la ITV de tu veh\u00edculo, es mejor pidas cita previa cuanto antes. Al&#8230;<\/p>\n","protected":false},"author":1,"featured_media":111113,"comment_status":"open","ping_status":"open","sticky":false,"template":"","format":"standard","meta":{"footnotes":""},"categories":[6909,97,75,125],"tags":[1494,7643,11833,15080],"class_list":["post-118655","post","type-post","status-publish","format-standard","has-post-thumbnail","hentry","category-actualidad","category-alcoy","category-noticias","category-portada","tag-alcoy","tag-cita-previa","tag-itv","tag-lista-de-espera"],"yoast_head":"<!-- This site is optimized with the Yoast SEO plugin v27.3 - https:\/\/yoast.com\/product\/yoast-seo-wordpress\/ -->\n<title>Lista de espera de dos meses para pasar la ITV en Alcoy - COPE Alcoy<\/title>\n<meta name=\"robots\" content=\"index, follow, max-snippet:-1, max-image-preview:large, max-video-preview:-1\" \/>\n<link rel=\"canonical\" href=\"https:\/\/www.copealcoy.es\/es\/lista-de-espera-de-dos-meses-para-pasar-la-itv-en-alcoy\/\" \/>\n<meta property=\"og:locale\" content=\"es_ES\" \/>\n<meta property=\"og:type\" content=\"article\" \/>\n<meta property=\"og:title\" content=\"Lista de espera de dos meses para pasar la ITV en Alcoy - COPE Alcoy\" \/>\n<meta property=\"og:description\" content=\"Si se acerca el momento de pasar la ITV de tu veh\u00edculo, es mejor pidas cita previa cuanto antes. Al...\" \/>\n<meta property=\"og:url\" content=\"https:\/\/www.copealcoy.es\/es\/lista-de-espera-de-dos-meses-para-pasar-la-itv-en-alcoy\/\" \/>\n<meta property=\"og:site_name\" content=\"COPE Alcoy\" \/>\n<meta property=\"article:published_time\" content=\"2023-07-03T06:15:57+00:00\" \/>\n<meta property=\"article:modified_time\" content=\"2023-07-03T10:15:55+00:00\" \/>\n<meta property=\"og:image\" content=\"https:\/\/www.copealcoy.es\/wp-content\/uploads\/2023\/02\/1667451255191.jpg\" \/>\n\t<meta property=\"og:image:width\" content=\"976\" \/>\n\t<meta property=\"og:image:height\" content=\"651\" \/>\n\t<meta property=\"og:image:type\" content=\"image\/jpeg\" \/>\n<meta name=\"author\" content=\"Cope Alcoy\" \/>\n<meta name=\"twitter:label1\" content=\"Escrito por\" \/>\n\t<meta name=\"twitter:data1\" content=\"Cope Alcoy\" \/>\n\t<meta name=\"twitter:label2\" content=\"Tiempo de lectura\" \/>\n\t<meta name=\"twitter:data2\" content=\"2 minutos\" \/>\n<script type=\"application\/ld+json\" class=\"yoast-schema-graph\">{\"@context\":\"https:\\\/\\\/schema.org\",\"@graph\":[{\"@type\":\"Article\",\"@id\":\"https:\\\/\\\/www.copealcoy.es\\\/es\\\/lista-de-espera-de-dos-meses-para-pasar-la-itv-en-alcoy\\\/#article\",\"isPartOf\":{\"@id\":\"https:\\\/\\\/www.copealcoy.es\\\/es\\\/lista-de-espera-de-dos-meses-para-pasar-la-itv-en-alcoy\\\/\"},\"author\":{\"name\":\"Cope Alcoy\",\"@id\":\"https:\\\/\\\/www.copealcoy.es\\\/es\\\/#\\\/schema\\\/person\\\/e777c87fa024e57d40170af9df39882c\"},\"headline\":\"Lista de espera de dos meses para pasar la ITV en Alcoy\",\"datePublished\":\"2023-07-03T06:15:57+00:00\",\"dateModified\":\"2023-07-03T10:15:55+00:00\",\"mainEntityOfPage\":{\"@id\":\"https:\\\/\\\/www.copealcoy.es\\\/es\\\/lista-de-espera-de-dos-meses-para-pasar-la-itv-en-alcoy\\\/\"},\"wordCount\":370,\"commentCount\":0,\"image\":{\"@id\":\"https:\\\/\\\/www.copealcoy.es\\\/es\\\/lista-de-espera-de-dos-meses-para-pasar-la-itv-en-alcoy\\\/#primaryimage\"},\"thumbnailUrl\":\"https:\\\/\\\/www.copealcoy.es\\\/wp-content\\\/uploads\\\/2023\\\/02\\\/1667451255191.jpg\",\"keywords\":[\"Alcoy\",\"cita previa\",\"ITV\",\"lista de espera\"],\"articleSection\":[\"Actualidad\",\"Alcoy\",\"Noticias\",\"Portada\"],\"inLanguage\":\"es\"},{\"@type\":\"WebPage\",\"@id\":\"https:\\\/\\\/www.copealcoy.es\\\/es\\\/lista-de-espera-de-dos-meses-para-pasar-la-itv-en-alcoy\\\/\",\"url\":\"https:\\\/\\\/www.copealcoy.es\\\/es\\\/lista-de-espera-de-dos-meses-para-pasar-la-itv-en-alcoy\\\/\",\"name\":\"Lista de espera de dos meses para pasar la ITV en Alcoy - COPE Alcoy\",\"isPartOf\":{\"@id\":\"https:\\\/\\\/www.copealcoy.es\\\/es\\\/#website\"},\"primaryImageOfPage\":{\"@id\":\"https:\\\/\\\/www.copealcoy.es\\\/es\\\/lista-de-espera-de-dos-meses-para-pasar-la-itv-en-alcoy\\\/#primaryimage\"},\"image\":{\"@id\":\"https:\\\/\\\/www.copealcoy.es\\\/es\\\/lista-de-espera-de-dos-meses-para-pasar-la-itv-en-alcoy\\\/#primaryimage\"},\"thumbnailUrl\":\"https:\\\/\\\/www.copealcoy.es\\\/wp-content\\\/uploads\\\/2023\\\/02\\\/1667451255191.jpg\",\"datePublished\":\"2023-07-03T06:15:57+00:00\",\"dateModified\":\"2023-07-03T10:15:55+00:00\",\"author\":{\"@id\":\"https:\\\/\\\/www.copealcoy.es\\\/es\\\/#\\\/schema\\\/person\\\/e777c87fa024e57d40170af9df39882c\"},\"breadcrumb\":{\"@id\":\"https:\\\/\\\/www.copealcoy.es\\\/es\\\/lista-de-espera-de-dos-meses-para-pasar-la-itv-en-alcoy\\\/#breadcrumb\"},\"inLanguage\":\"es\",\"potentialAction\":[{\"@type\":\"ReadAction\",\"target\":[\"https:\\\/\\\/www.copealcoy.es\\\/es\\\/lista-de-espera-de-dos-meses-para-pasar-la-itv-en-alcoy\\\/\"]}]},{\"@type\":\"ImageObject\",\"inLanguage\":\"es\",\"@id\":\"https:\\\/\\\/www.copealcoy.es\\\/es\\\/lista-de-espera-de-dos-meses-para-pasar-la-itv-en-alcoy\\\/#primaryimage\",\"url\":\"https:\\\/\\\/www.copealcoy.es\\\/wp-content\\\/uploads\\\/2023\\\/02\\\/1667451255191.jpg\",\"contentUrl\":\"https:\\\/\\\/www.copealcoy.es\\\/wp-content\\\/uploads\\\/2023\\\/02\\\/1667451255191.jpg\",\"width\":976,\"height\":651},{\"@type\":\"BreadcrumbList\",\"@id\":\"https:\\\/\\\/www.copealcoy.es\\\/es\\\/lista-de-espera-de-dos-meses-para-pasar-la-itv-en-alcoy\\\/#breadcrumb\",\"itemListElement\":[{\"@type\":\"ListItem\",\"position\":1,\"name\":\"Portada\",\"item\":\"https:\\\/\\\/www.copealcoy.es\\\/es\\\/\"},{\"@type\":\"ListItem\",\"position\":2,\"name\":\"Lista de espera de dos meses para pasar la ITV en Alcoy\"}]},{\"@type\":\"WebSite\",\"@id\":\"https:\\\/\\\/www.copealcoy.es\\\/es\\\/#website\",\"url\":\"https:\\\/\\\/www.copealcoy.es\\\/es\\\/\",\"name\":\"COPE Alcoy\",\"description\":\"Emisora COPE de radio local con emisi\u00f3n online. Pont de Sant Jordi 8-10 03803 Alcoy\",\"potentialAction\":[{\"@type\":\"SearchAction\",\"target\":{\"@type\":\"EntryPoint\",\"urlTemplate\":\"https:\\\/\\\/www.copealcoy.es\\\/es\\\/?s={search_term_string}\"},\"query-input\":{\"@type\":\"PropertyValueSpecification\",\"valueRequired\":true,\"valueName\":\"search_term_string\"}}],\"inLanguage\":\"es\"},{\"@type\":\"Person\",\"@id\":\"https:\\\/\\\/www.copealcoy.es\\\/es\\\/#\\\/schema\\\/person\\\/e777c87fa024e57d40170af9df39882c\",\"name\":\"Cope Alcoy\",\"image\":{\"@type\":\"ImageObject\",\"inLanguage\":\"es\",\"@id\":\"https:\\\/\\\/secure.gravatar.com\\\/avatar\\\/bb65d0283347e303893ba14f0692005417c1e0e690a325a4c5d8bb2b3943ee14?s=96&d=mm&r=g\",\"url\":\"https:\\\/\\\/secure.gravatar.com\\\/avatar\\\/bb65d0283347e303893ba14f0692005417c1e0e690a325a4c5d8bb2b3943ee14?s=96&d=mm&r=g\",\"contentUrl\":\"https:\\\/\\\/secure.gravatar.com\\\/avatar\\\/bb65d0283347e303893ba14f0692005417c1e0e690a325a4c5d8bb2b3943ee14?s=96&d=mm&r=g\",\"caption\":\"Cope Alcoy\"}}]}<\/script>\n<!-- \/ Yoast SEO plugin. -->","yoast_head_json":{"title":"Lista de espera de dos meses para pasar la ITV en Alcoy - COPE Alcoy","robots":{"index":"index","follow":"follow","max-snippet":"max-snippet:-1","max-image-preview":"max-image-preview:large","max-video-preview":"max-video-preview:-1"},"canonical":"https:\/\/www.copealcoy.es\/es\/lista-de-espera-de-dos-meses-para-pasar-la-itv-en-alcoy\/","og_locale":"es_ES","og_type":"article","og_title":"Lista de espera de dos meses para pasar la ITV en Alcoy - COPE Alcoy","og_description":"Si se acerca el momento de pasar la ITV de tu veh\u00edculo, es mejor pidas cita previa cuanto antes. Al...","og_url":"https:\/\/www.copealcoy.es\/es\/lista-de-espera-de-dos-meses-para-pasar-la-itv-en-alcoy\/","og_site_name":"COPE Alcoy","article_published_time":"2023-07-03T06:15:57+00:00","article_modified_time":"2023-07-03T10:15:55+00:00","og_image":[{"width":976,"height":651,"url":"https:\/\/www.copealcoy.es\/wp-content\/uploads\/2023\/02\/1667451255191.jpg","type":"image\/jpeg"}],"author":"Cope Alcoy","twitter_misc":{"Escrito por":"Cope Alcoy","Tiempo de lectura":"2 minutos"},"schema":{"@context":"https:\/\/schema.org","@graph":[{"@type":"Article","@id":"https:\/\/www.copealcoy.es\/es\/lista-de-espera-de-dos-meses-para-pasar-la-itv-en-alcoy\/#article","isPartOf":{"@id":"https:\/\/www.copealcoy.es\/es\/lista-de-espera-de-dos-meses-para-pasar-la-itv-en-alcoy\/"},"author":{"name":"Cope Alcoy","@id":"https:\/\/www.copealcoy.es\/es\/#\/schema\/person\/e777c87fa024e57d40170af9df39882c"},"headline":"Lista de espera de dos meses para pasar la ITV en Alcoy","datePublished":"2023-07-03T06:15:57+00:00","dateModified":"2023-07-03T10:15:55+00:00","mainEntityOfPage":{"@id":"https:\/\/www.copealcoy.es\/es\/lista-de-espera-de-dos-meses-para-pasar-la-itv-en-alcoy\/"},"wordCount":370,"commentCount":0,"image":{"@id":"https:\/\/www.copealcoy.es\/es\/lista-de-espera-de-dos-meses-para-pasar-la-itv-en-alcoy\/#primaryimage"},"thumbnailUrl":"https:\/\/www.copealcoy.es\/wp-content\/uploads\/2023\/02\/1667451255191.jpg","keywords":["Alcoy","cita previa","ITV","lista de espera"],"articleSection":["Actualidad","Alcoy","Noticias","Portada"],"inLanguage":"es"},{"@type":"WebPage","@id":"https:\/\/www.copealcoy.es\/es\/lista-de-espera-de-dos-meses-para-pasar-la-itv-en-alcoy\/","url":"https:\/\/www.copealcoy.es\/es\/lista-de-espera-de-dos-meses-para-pasar-la-itv-en-alcoy\/","name":"Lista de espera de dos meses para pasar la ITV en Alcoy - COPE Alcoy","isPartOf":{"@id":"https:\/\/www.copealcoy.es\/es\/#website"},"primaryImageOfPage":{"@id":"https:\/\/www.copealcoy.es\/es\/lista-de-espera-de-dos-meses-para-pasar-la-itv-en-alcoy\/#primaryimage"},"image":{"@id":"https:\/\/www.copealcoy.es\/es\/lista-de-espera-de-dos-meses-para-pasar-la-itv-en-alcoy\/#primaryimage"},"thumbnailUrl":"https:\/\/www.copealcoy.es\/wp-content\/uploads\/2023\/02\/1667451255191.jpg","datePublished":"2023-07-03T06:15:57+00:00","dateModified":"2023-07-03T10:15:55+00:00","author":{"@id":"https:\/\/www.copealcoy.es\/es\/#\/schema\/person\/e777c87fa024e57d40170af9df39882c"},"breadcrumb":{"@id":"https:\/\/www.copealcoy.es\/es\/lista-de-espera-de-dos-meses-para-pasar-la-itv-en-alcoy\/#breadcrumb"},"inLanguage":"es","potentialAction":[{"@type":"ReadAction","target":["https:\/\/www.copealcoy.es\/es\/lista-de-espera-de-dos-meses-para-pasar-la-itv-en-alcoy\/"]}]},{"@type":"ImageObject","inLanguage":"es","@id":"https:\/\/www.copealcoy.es\/es\/lista-de-espera-de-dos-meses-para-pasar-la-itv-en-alcoy\/#primaryimage","url":"https:\/\/www.copealcoy.es\/wp-content\/uploads\/2023\/02\/1667451255191.jpg","contentUrl":"https:\/\/www.copealcoy.es\/wp-content\/uploads\/2023\/02\/1667451255191.jpg","width":976,"height":651},{"@type":"BreadcrumbList","@id":"https:\/\/www.copealcoy.es\/es\/lista-de-espera-de-dos-meses-para-pasar-la-itv-en-alcoy\/#breadcrumb","itemListElement":[{"@type":"ListItem","position":1,"name":"Portada","item":"https:\/\/www.copealcoy.es\/es\/"},{"@type":"ListItem","position":2,"name":"Lista de espera de dos meses para pasar la ITV en Alcoy"}]},{"@type":"WebSite","@id":"https:\/\/www.copealcoy.es\/es\/#website","url":"https:\/\/www.copealcoy.es\/es\/","name":"COPE Alcoy","description":"Emisora COPE de radio local con emisi\u00f3n online. Pont de Sant Jordi 8-10 03803 Alcoy","potentialAction":[{"@type":"SearchAction","target":{"@type":"EntryPoint","urlTemplate":"https:\/\/www.copealcoy.es\/es\/?s={search_term_string}"},"query-input":{"@type":"PropertyValueSpecification","valueRequired":true,"valueName":"search_term_string"}}],"inLanguage":"es"},{"@type":"Person","@id":"https:\/\/www.copealcoy.es\/es\/#\/schema\/person\/e777c87fa024e57d40170af9df39882c","name":"Cope Alcoy","image":{"@type":"ImageObject","inLanguage":"es","@id":"https:\/\/secure.gravatar.com\/avatar\/bb65d0283347e303893ba14f0692005417c1e0e690a325a4c5d8bb2b3943ee14?s=96&d=mm&r=g","url":"https:\/\/secure.gravatar.com\/avatar\/bb65d0283347e303893ba14f0692005417c1e0e690a325a4c5d8bb2b3943ee14?s=96&d=mm&r=g","contentUrl":"https:\/\/secure.gravatar.com\/avatar\/bb65d0283347e303893ba14f0692005417c1e0e690a325a4c5d8bb2b3943ee14?s=96&d=mm&r=g","caption":"Cope Alcoy"}}]}},"_links":{"self":[{"href":"https:\/\/www.copealcoy.es\/es\/wp-json\/wp\/v2\/posts\/118655","targetHints":{"allow":["GET"]}}],"collection":[{"href":"https:\/\/www.copealcoy.es\/es\/wp-json\/wp\/v2\/posts"}],"about":[{"href":"https:\/\/www.copealcoy.es\/es\/wp-json\/wp\/v2\/types\/post"}],"author":[{"embeddable":true,"href":"https:\/\/www.copealcoy.es\/es\/wp-json\/wp\/v2\/users\/1"}],"replies":[{"embeddable":true,"href":"https:\/\/www.copealcoy.es\/es\/wp-json\/wp\/v2\/comments?post=118655"}],"version-history":[{"count":0,"href":"https:\/\/www.copealcoy.es\/es\/wp-json\/wp\/v2\/posts\/118655\/revisions"}],"wp:featuredmedia":[{"embeddable":true,"href":"https:\/\/www.copealcoy.es\/es\/wp-json\/wp\/v2\/media\/111113"}],"wp:attachment":[{"href":"https:\/\/www.copealcoy.es\/es\/wp-json\/wp\/v2\/media?parent=118655"}],"wp:term":[{"taxonomy":"category","embeddable":true,"href":"https:\/\/www.copealcoy.es\/es\/wp-json\/wp\/v2\/categories?post=118655"},{"taxonomy":"post_tag","embeddable":true,"href":"https:\/\/www.copealcoy.es\/es\/wp-json\/wp\/v2\/tags?post=118655"}],"curies":[{"name":"wp","href":"https:\/\/api.w.org\/{rel}","templated":true}]}}