{"id":118553,"date":"2023-06-29T08:00:48","date_gmt":"2023-06-29T07:00:48","guid":{"rendered":"https:\/\/www.copealcoy.es\/?p=118553"},"modified":"2023-06-29T09:23:23","modified_gmt":"2023-06-29T08:23:23","slug":"el-asfaltado-de-santa-rosa-generara-problemas-en-la-circulacion-en-alcoy","status":"publish","type":"post","link":"https:\/\/www.copealcoy.es\/es\/el-asfaltado-de-santa-rosa-generara-problemas-en-la-circulacion-en-alcoy\/","title":{"rendered":"El asfaltado de Santa Rosa generar\u00e1 &#8220;problemas&#8221; en la circulaci\u00f3n en Alcoy"},"content":{"rendered":"<p style=\"text-align: justify;\">En unas semanas comenzar\u00e1n las <strong>obras para el asfaltado general del barrio de Santa Rosa<\/strong>. As\u00ed lo ha anunciado este martes <strong>Jordi Mart\u00ednez<\/strong>, concejal de Obras y Servicios, en declaraciones a <strong>Cope Alcoy<\/strong>.<\/p>\n<p style=\"text-align: justify;\">Se trata de unas actuaciones que <strong>complicar\u00e1n el tr\u00e1nsito en la zona<\/strong>, igual que est\u00e1 ocurriendo <span style=\"color: #000080;\"><a style=\"color: #000080;\" href=\"https:\/\/www.copealcoy.es\/es\/atascos-y-caos-en-la-alameda-de-alcoy-por-las-obras-del-carril-bici\/\" target=\"_blank\" rel=\"noopener\">en la Alameda por las obras del carril bici<\/a><\/span>. &#8220;<strong>Va a generar problemas, pero creo que mejora todo los que son las infraestructuras de la ciudad<\/strong>&#8220;, ha asegurado Mart\u00ednez.<\/p>\n<p style=\"text-align: justify;\">El proyecto para asfaltar la calle Santa Rosa desde el Barranquet de Soler hasta la rotonda de Oliver sali\u00f3 a concurso p\u00fablico a principios del mes de abril. El plazo de ejecuci\u00f3n de estas actuaciones es de tres semanas.<\/p>\n<p style=\"text-align: justify;\"><strong>Complicaciones en la circulaci\u00f3n en la Alameda<\/strong><\/p>\n<p style=\"text-align: justify;\">Mientras duren las obras habr\u00e1 una reordenaci\u00f3n de la circulaci\u00f3n, unas medidas que podr\u00edan complicar el tr\u00e1nsito. Y eso es lo que est\u00e1 ocurriendo estos d\u00edas en la Alameda en las horas de m\u00e1s tr\u00e1fico por las obras del carril bici.<\/p>\n<p style=\"text-align: justify;\">A primera hora de este mi\u00e9rcoles <strong>se han visto colas y atascos<\/strong>. Lo mismo sucedi\u00f3 durante la ma\u00f1ana del martes, debido a que uno de los dos \u00fanicos carriles por los que se puede circular est\u00e1 cortado en el tramo en el que se encuentra la maquinaria de obra.<\/p>\n<p style=\"text-align: justify;\">Y esto\u00a0<strong>ha complicado tambi\u00e9n el paso de algunas ambulancias<\/strong>\u00a0que llevaban activadas las sirenas de emergencia. \u00abEsto es una verg\u00fcenza.\u00a0<strong>La ambulancia tiene una emergencia y no puede ni pasar<\/strong>. Llevo parado unos cinco minutos y la ambulancia tambi\u00e9n\u00bb, ha denunciado un ciudadano que se encontraba en el atasco en declaraciones a\u00a0<strong>Cope Alcoy<\/strong>.<\/p>\n<p style=\"text-align: justify;\">Las <strong>cr\u00edticas de la ciudadan\u00eda<\/strong> se han dejado ver tambi\u00e9n redes sociales, donde han publicado comentarios como \u00ab\u00bfCada d\u00eda est\u00e1 m\u00e1s dif\u00edcil circular, retrasos en los autobuses urbanos e interurbanos, dificultad para las ambulancias, carriles que han quedado muy estrechos&#8230;.No s\u00e9 qu\u00e9 se gana con todo esto\u00bb.<\/p>\n","protected":false},"excerpt":{"rendered":"<p>En unas semanas comenzar\u00e1n las obras para el asfaltado general del barrio de Santa Rosa. As\u00ed lo ha anunciado este&#8230;<\/p>\n","protected":false},"author":1,"featured_media":118588,"comment_status":"open","ping_status":"open","sticky":false,"template":"","format":"standard","meta":{"footnotes":""},"categories":[6909,97,75],"tags":[1494,4713,3097,821],"class_list":["post-118553","post","type-post","status-publish","format-standard","has-post-thumbnail","hentry","category-actualidad","category-alcoy","category-noticias","tag-alcoy","tag-asfaltado","tag-circulacion","tag-santa-rosa"],"yoast_head":"<!-- This site is optimized with the Yoast SEO plugin v27.3 - https:\/\/yoast.com\/product\/yoast-seo-wordpress\/ -->\n<title>El asfaltado de Santa Rosa generar\u00e1 &quot;problemas&quot; en la circulaci\u00f3n en Alcoy - COPE Alcoy<\/title>\n<meta name=\"robots\" content=\"index, follow, max-snippet:-1, max-image-preview:large, max-video-preview:-1\" \/>\n<link rel=\"canonical\" href=\"https:\/\/www.copealcoy.es\/es\/el-asfaltado-de-santa-rosa-generara-problemas-en-la-circulacion-en-alcoy\/\" \/>\n<meta property=\"og:locale\" content=\"es_ES\" \/>\n<meta property=\"og:type\" content=\"article\" \/>\n<meta property=\"og:title\" content=\"El asfaltado de Santa Rosa generar\u00e1 &quot;problemas&quot; en la circulaci\u00f3n en Alcoy - COPE Alcoy\" \/>\n<meta property=\"og:description\" content=\"En unas semanas comenzar\u00e1n las obras para el asfaltado general del barrio de Santa Rosa. As\u00ed lo ha anunciado este...\" \/>\n<meta property=\"og:url\" content=\"https:\/\/www.copealcoy.es\/es\/el-asfaltado-de-santa-rosa-generara-problemas-en-la-circulacion-en-alcoy\/\" \/>\n<meta property=\"og:site_name\" content=\"COPE Alcoy\" \/>\n<meta property=\"article:published_time\" content=\"2023-06-29T07:00:48+00:00\" \/>\n<meta property=\"article:modified_time\" content=\"2023-06-29T08:23:23+00:00\" \/>\n<meta property=\"og:image\" content=\"https:\/\/www.copealcoy.es\/wp-content\/uploads\/2023\/06\/IMG_8146.jpg\" \/>\n\t<meta property=\"og:image:width\" content=\"640\" \/>\n\t<meta property=\"og:image:height\" content=\"480\" \/>\n\t<meta property=\"og:image:type\" content=\"image\/jpeg\" \/>\n<meta name=\"author\" content=\"Cope Alcoy\" \/>\n<meta name=\"twitter:label1\" content=\"Escrito por\" \/>\n\t<meta name=\"twitter:data1\" content=\"Cope Alcoy\" \/>\n\t<meta name=\"twitter:label2\" content=\"Tiempo de lectura\" \/>\n\t<meta name=\"twitter:data2\" content=\"2 minutos\" \/>\n<script type=\"application\/ld+json\" class=\"yoast-schema-graph\">{\"@context\":\"https:\\\/\\\/schema.org\",\"@graph\":[{\"@type\":\"Article\",\"@id\":\"https:\\\/\\\/www.copealcoy.es\\\/es\\\/el-asfaltado-de-santa-rosa-generara-problemas-en-la-circulacion-en-alcoy\\\/#article\",\"isPartOf\":{\"@id\":\"https:\\\/\\\/www.copealcoy.es\\\/es\\\/el-asfaltado-de-santa-rosa-generara-problemas-en-la-circulacion-en-alcoy\\\/\"},\"author\":{\"name\":\"Cope Alcoy\",\"@id\":\"https:\\\/\\\/www.copealcoy.es\\\/es\\\/#\\\/schema\\\/person\\\/e777c87fa024e57d40170af9df39882c\"},\"headline\":\"El asfaltado de Santa Rosa generar\u00e1 &#8220;problemas&#8221; en la circulaci\u00f3n en Alcoy\",\"datePublished\":\"2023-06-29T07:00:48+00:00\",\"dateModified\":\"2023-06-29T08:23:23+00:00\",\"mainEntityOfPage\":{\"@id\":\"https:\\\/\\\/www.copealcoy.es\\\/es\\\/el-asfaltado-de-santa-rosa-generara-problemas-en-la-circulacion-en-alcoy\\\/\"},\"wordCount\":356,\"commentCount\":0,\"image\":{\"@id\":\"https:\\\/\\\/www.copealcoy.es\\\/es\\\/el-asfaltado-de-santa-rosa-generara-problemas-en-la-circulacion-en-alcoy\\\/#primaryimage\"},\"thumbnailUrl\":\"https:\\\/\\\/www.copealcoy.es\\\/wp-content\\\/uploads\\\/2023\\\/06\\\/IMG_8146.jpg\",\"keywords\":[\"Alcoy\",\"asfaltado\",\"Circulaci\u00f3n\",\"Santa Rosa\"],\"articleSection\":[\"Actualidad\",\"Alcoy\",\"Noticias\"],\"inLanguage\":\"es\"},{\"@type\":\"WebPage\",\"@id\":\"https:\\\/\\\/www.copealcoy.es\\\/es\\\/el-asfaltado-de-santa-rosa-generara-problemas-en-la-circulacion-en-alcoy\\\/\",\"url\":\"https:\\\/\\\/www.copealcoy.es\\\/es\\\/el-asfaltado-de-santa-rosa-generara-problemas-en-la-circulacion-en-alcoy\\\/\",\"name\":\"El asfaltado de Santa Rosa generar\u00e1 \\\"problemas\\\" en la circulaci\u00f3n en Alcoy - COPE Alcoy\",\"isPartOf\":{\"@id\":\"https:\\\/\\\/www.copealcoy.es\\\/es\\\/#website\"},\"primaryImageOfPage\":{\"@id\":\"https:\\\/\\\/www.copealcoy.es\\\/es\\\/el-asfaltado-de-santa-rosa-generara-problemas-en-la-circulacion-en-alcoy\\\/#primaryimage\"},\"image\":{\"@id\":\"https:\\\/\\\/www.copealcoy.es\\\/es\\\/el-asfaltado-de-santa-rosa-generara-problemas-en-la-circulacion-en-alcoy\\\/#primaryimage\"},\"thumbnailUrl\":\"https:\\\/\\\/www.copealcoy.es\\\/wp-content\\\/uploads\\\/2023\\\/06\\\/IMG_8146.jpg\",\"datePublished\":\"2023-06-29T07:00:48+00:00\",\"dateModified\":\"2023-06-29T08:23:23+00:00\",\"author\":{\"@id\":\"https:\\\/\\\/www.copealcoy.es\\\/es\\\/#\\\/schema\\\/person\\\/e777c87fa024e57d40170af9df39882c\"},\"breadcrumb\":{\"@id\":\"https:\\\/\\\/www.copealcoy.es\\\/es\\\/el-asfaltado-de-santa-rosa-generara-problemas-en-la-circulacion-en-alcoy\\\/#breadcrumb\"},\"inLanguage\":\"es\",\"potentialAction\":[{\"@type\":\"ReadAction\",\"target\":[\"https:\\\/\\\/www.copealcoy.es\\\/es\\\/el-asfaltado-de-santa-rosa-generara-problemas-en-la-circulacion-en-alcoy\\\/\"]}]},{\"@type\":\"ImageObject\",\"inLanguage\":\"es\",\"@id\":\"https:\\\/\\\/www.copealcoy.es\\\/es\\\/el-asfaltado-de-santa-rosa-generara-problemas-en-la-circulacion-en-alcoy\\\/#primaryimage\",\"url\":\"https:\\\/\\\/www.copealcoy.es\\\/wp-content\\\/uploads\\\/2023\\\/06\\\/IMG_8146.jpg\",\"contentUrl\":\"https:\\\/\\\/www.copealcoy.es\\\/wp-content\\\/uploads\\\/2023\\\/06\\\/IMG_8146.jpg\",\"width\":640,\"height\":480},{\"@type\":\"BreadcrumbList\",\"@id\":\"https:\\\/\\\/www.copealcoy.es\\\/es\\\/el-asfaltado-de-santa-rosa-generara-problemas-en-la-circulacion-en-alcoy\\\/#breadcrumb\",\"itemListElement\":[{\"@type\":\"ListItem\",\"position\":1,\"name\":\"Portada\",\"item\":\"https:\\\/\\\/www.copealcoy.es\\\/es\\\/\"},{\"@type\":\"ListItem\",\"position\":2,\"name\":\"El asfaltado de Santa Rosa generar\u00e1 &#8220;problemas&#8221; en la circulaci\u00f3n en Alcoy\"}]},{\"@type\":\"WebSite\",\"@id\":\"https:\\\/\\\/www.copealcoy.es\\\/es\\\/#website\",\"url\":\"https:\\\/\\\/www.copealcoy.es\\\/es\\\/\",\"name\":\"COPE Alcoy\",\"description\":\"Emisora COPE de radio local con emisi\u00f3n online. Pont de Sant Jordi 8-10 03803 Alcoy\",\"potentialAction\":[{\"@type\":\"SearchAction\",\"target\":{\"@type\":\"EntryPoint\",\"urlTemplate\":\"https:\\\/\\\/www.copealcoy.es\\\/es\\\/?s={search_term_string}\"},\"query-input\":{\"@type\":\"PropertyValueSpecification\",\"valueRequired\":true,\"valueName\":\"search_term_string\"}}],\"inLanguage\":\"es\"},{\"@type\":\"Person\",\"@id\":\"https:\\\/\\\/www.copealcoy.es\\\/es\\\/#\\\/schema\\\/person\\\/e777c87fa024e57d40170af9df39882c\",\"name\":\"Cope Alcoy\",\"image\":{\"@type\":\"ImageObject\",\"inLanguage\":\"es\",\"@id\":\"https:\\\/\\\/secure.gravatar.com\\\/avatar\\\/bb65d0283347e303893ba14f0692005417c1e0e690a325a4c5d8bb2b3943ee14?s=96&d=mm&r=g\",\"url\":\"https:\\\/\\\/secure.gravatar.com\\\/avatar\\\/bb65d0283347e303893ba14f0692005417c1e0e690a325a4c5d8bb2b3943ee14?s=96&d=mm&r=g\",\"contentUrl\":\"https:\\\/\\\/secure.gravatar.com\\\/avatar\\\/bb65d0283347e303893ba14f0692005417c1e0e690a325a4c5d8bb2b3943ee14?s=96&d=mm&r=g\",\"caption\":\"Cope Alcoy\"}}]}<\/script>\n<!-- \/ Yoast SEO plugin. -->","yoast_head_json":{"title":"El asfaltado de Santa Rosa generar\u00e1 \"problemas\" en la circulaci\u00f3n en Alcoy - COPE Alcoy","robots":{"index":"index","follow":"follow","max-snippet":"max-snippet:-1","max-image-preview":"max-image-preview:large","max-video-preview":"max-video-preview:-1"},"canonical":"https:\/\/www.copealcoy.es\/es\/el-asfaltado-de-santa-rosa-generara-problemas-en-la-circulacion-en-alcoy\/","og_locale":"es_ES","og_type":"article","og_title":"El asfaltado de Santa Rosa generar\u00e1 \"problemas\" en la circulaci\u00f3n en Alcoy - COPE Alcoy","og_description":"En unas semanas comenzar\u00e1n las obras para el asfaltado general del barrio de Santa Rosa. As\u00ed lo ha anunciado este...","og_url":"https:\/\/www.copealcoy.es\/es\/el-asfaltado-de-santa-rosa-generara-problemas-en-la-circulacion-en-alcoy\/","og_site_name":"COPE Alcoy","article_published_time":"2023-06-29T07:00:48+00:00","article_modified_time":"2023-06-29T08:23:23+00:00","og_image":[{"width":640,"height":480,"url":"https:\/\/www.copealcoy.es\/wp-content\/uploads\/2023\/06\/IMG_8146.jpg","type":"image\/jpeg"}],"author":"Cope Alcoy","twitter_misc":{"Escrito por":"Cope Alcoy","Tiempo de lectura":"2 minutos"},"schema":{"@context":"https:\/\/schema.org","@graph":[{"@type":"Article","@id":"https:\/\/www.copealcoy.es\/es\/el-asfaltado-de-santa-rosa-generara-problemas-en-la-circulacion-en-alcoy\/#article","isPartOf":{"@id":"https:\/\/www.copealcoy.es\/es\/el-asfaltado-de-santa-rosa-generara-problemas-en-la-circulacion-en-alcoy\/"},"author":{"name":"Cope Alcoy","@id":"https:\/\/www.copealcoy.es\/es\/#\/schema\/person\/e777c87fa024e57d40170af9df39882c"},"headline":"El asfaltado de Santa Rosa generar\u00e1 &#8220;problemas&#8221; en la circulaci\u00f3n en Alcoy","datePublished":"2023-06-29T07:00:48+00:00","dateModified":"2023-06-29T08:23:23+00:00","mainEntityOfPage":{"@id":"https:\/\/www.copealcoy.es\/es\/el-asfaltado-de-santa-rosa-generara-problemas-en-la-circulacion-en-alcoy\/"},"wordCount":356,"commentCount":0,"image":{"@id":"https:\/\/www.copealcoy.es\/es\/el-asfaltado-de-santa-rosa-generara-problemas-en-la-circulacion-en-alcoy\/#primaryimage"},"thumbnailUrl":"https:\/\/www.copealcoy.es\/wp-content\/uploads\/2023\/06\/IMG_8146.jpg","keywords":["Alcoy","asfaltado","Circulaci\u00f3n","Santa Rosa"],"articleSection":["Actualidad","Alcoy","Noticias"],"inLanguage":"es"},{"@type":"WebPage","@id":"https:\/\/www.copealcoy.es\/es\/el-asfaltado-de-santa-rosa-generara-problemas-en-la-circulacion-en-alcoy\/","url":"https:\/\/www.copealcoy.es\/es\/el-asfaltado-de-santa-rosa-generara-problemas-en-la-circulacion-en-alcoy\/","name":"El asfaltado de Santa Rosa generar\u00e1 \"problemas\" en la circulaci\u00f3n en Alcoy - COPE Alcoy","isPartOf":{"@id":"https:\/\/www.copealcoy.es\/es\/#website"},"primaryImageOfPage":{"@id":"https:\/\/www.copealcoy.es\/es\/el-asfaltado-de-santa-rosa-generara-problemas-en-la-circulacion-en-alcoy\/#primaryimage"},"image":{"@id":"https:\/\/www.copealcoy.es\/es\/el-asfaltado-de-santa-rosa-generara-problemas-en-la-circulacion-en-alcoy\/#primaryimage"},"thumbnailUrl":"https:\/\/www.copealcoy.es\/wp-content\/uploads\/2023\/06\/IMG_8146.jpg","datePublished":"2023-06-29T07:00:48+00:00","dateModified":"2023-06-29T08:23:23+00:00","author":{"@id":"https:\/\/www.copealcoy.es\/es\/#\/schema\/person\/e777c87fa024e57d40170af9df39882c"},"breadcrumb":{"@id":"https:\/\/www.copealcoy.es\/es\/el-asfaltado-de-santa-rosa-generara-problemas-en-la-circulacion-en-alcoy\/#breadcrumb"},"inLanguage":"es","potentialAction":[{"@type":"ReadAction","target":["https:\/\/www.copealcoy.es\/es\/el-asfaltado-de-santa-rosa-generara-problemas-en-la-circulacion-en-alcoy\/"]}]},{"@type":"ImageObject","inLanguage":"es","@id":"https:\/\/www.copealcoy.es\/es\/el-asfaltado-de-santa-rosa-generara-problemas-en-la-circulacion-en-alcoy\/#primaryimage","url":"https:\/\/www.copealcoy.es\/wp-content\/uploads\/2023\/06\/IMG_8146.jpg","contentUrl":"https:\/\/www.copealcoy.es\/wp-content\/uploads\/2023\/06\/IMG_8146.jpg","width":640,"height":480},{"@type":"BreadcrumbList","@id":"https:\/\/www.copealcoy.es\/es\/el-asfaltado-de-santa-rosa-generara-problemas-en-la-circulacion-en-alcoy\/#breadcrumb","itemListElement":[{"@type":"ListItem","position":1,"name":"Portada","item":"https:\/\/www.copealcoy.es\/es\/"},{"@type":"ListItem","position":2,"name":"El asfaltado de Santa Rosa generar\u00e1 &#8220;problemas&#8221; en la circulaci\u00f3n en Alcoy"}]},{"@type":"WebSite","@id":"https:\/\/www.copealcoy.es\/es\/#website","url":"https:\/\/www.copealcoy.es\/es\/","name":"COPE Alcoy","description":"Emisora COPE de radio local con emisi\u00f3n online. Pont de Sant Jordi 8-10 03803 Alcoy","potentialAction":[{"@type":"SearchAction","target":{"@type":"EntryPoint","urlTemplate":"https:\/\/www.copealcoy.es\/es\/?s={search_term_string}"},"query-input":{"@type":"PropertyValueSpecification","valueRequired":true,"valueName":"search_term_string"}}],"inLanguage":"es"},{"@type":"Person","@id":"https:\/\/www.copealcoy.es\/es\/#\/schema\/person\/e777c87fa024e57d40170af9df39882c","name":"Cope Alcoy","image":{"@type":"ImageObject","inLanguage":"es","@id":"https:\/\/secure.gravatar.com\/avatar\/bb65d0283347e303893ba14f0692005417c1e0e690a325a4c5d8bb2b3943ee14?s=96&d=mm&r=g","url":"https:\/\/secure.gravatar.com\/avatar\/bb65d0283347e303893ba14f0692005417c1e0e690a325a4c5d8bb2b3943ee14?s=96&d=mm&r=g","contentUrl":"https:\/\/secure.gravatar.com\/avatar\/bb65d0283347e303893ba14f0692005417c1e0e690a325a4c5d8bb2b3943ee14?s=96&d=mm&r=g","caption":"Cope Alcoy"}}]}},"_links":{"self":[{"href":"https:\/\/www.copealcoy.es\/es\/wp-json\/wp\/v2\/posts\/118553","targetHints":{"allow":["GET"]}}],"collection":[{"href":"https:\/\/www.copealcoy.es\/es\/wp-json\/wp\/v2\/posts"}],"about":[{"href":"https:\/\/www.copealcoy.es\/es\/wp-json\/wp\/v2\/types\/post"}],"author":[{"embeddable":true,"href":"https:\/\/www.copealcoy.es\/es\/wp-json\/wp\/v2\/users\/1"}],"replies":[{"embeddable":true,"href":"https:\/\/www.copealcoy.es\/es\/wp-json\/wp\/v2\/comments?post=118553"}],"version-history":[{"count":0,"href":"https:\/\/www.copealcoy.es\/es\/wp-json\/wp\/v2\/posts\/118553\/revisions"}],"wp:featuredmedia":[{"embeddable":true,"href":"https:\/\/www.copealcoy.es\/es\/wp-json\/wp\/v2\/media\/118588"}],"wp:attachment":[{"href":"https:\/\/www.copealcoy.es\/es\/wp-json\/wp\/v2\/media?parent=118553"}],"wp:term":[{"taxonomy":"category","embeddable":true,"href":"https:\/\/www.copealcoy.es\/es\/wp-json\/wp\/v2\/categories?post=118553"},{"taxonomy":"post_tag","embeddable":true,"href":"https:\/\/www.copealcoy.es\/es\/wp-json\/wp\/v2\/tags?post=118553"}],"curies":[{"name":"wp","href":"https:\/\/api.w.org\/{rel}","templated":true}]}}