{"id":118478,"date":"2023-06-27T11:28:58","date_gmt":"2023-06-27T10:28:58","guid":{"rendered":"https:\/\/www.copealcoy.es\/?p=118478"},"modified":"2023-06-27T11:45:10","modified_gmt":"2023-06-27T10:45:10","slug":"atascos-y-caos-en-la-alameda-de-alcoy-por-las-obras-del-carril-bici","status":"publish","type":"post","link":"https:\/\/www.copealcoy.es\/es\/atascos-y-caos-en-la-alameda-de-alcoy-por-las-obras-del-carril-bici\/","title":{"rendered":"Atascos y caos en la Alameda de Alcoy por las obras del carril bici"},"content":{"rendered":"<p style=\"text-align: justify;\">Las<strong> restricciones en el tr\u00e1nsito por las obras del carril bici complican la circulaci\u00f3n en la Alameda Camilo Sesto<\/strong>. A lo largo de toda la ma\u00f1ana de este martes <strong>se han visto colas y atascos<\/strong> debido a que uno de los dos \u00fanicos carriles por los que se puede circular est\u00e1 cortado en el tramo en el que se encuentra la maquinaria de obra.<\/p>\n<p style=\"text-align: justify;\">Y esto <strong>ha complicado tambi\u00e9n el paso de algunas ambulancias<\/strong> que llevaban activadas las sirenas de emergencia. &#8220;Esto es una verg\u00fcenza. <strong>La ambulancia tiene una emergencia y no puede ni pasar<\/strong>. Llevo parado unos cinco minutos y la ambulancia tambi\u00e9n&#8221;, ha denunciado un ciudadano que se encontraba en el atasco en declaraciones a <strong>Cope Alcoy<\/strong>.<\/p>\n<audio class=\"wp-audio-shortcode\" id=\"audio-118478-1\" preload=\"none\" style=\"width: 100%;\" controls=\"controls\"><source type=\"audio\/mpeg\" src=\"https:\/\/www.copealcoy.es\/wp-content\/uploads\/2023\/06\/2023.06.27.-AMBULANCIA-CARRIL.mp3?_=1\" \/><a href=\"https:\/\/www.copealcoy.es\/wp-content\/uploads\/2023\/06\/2023.06.27.-AMBULANCIA-CARRIL.mp3\">https:\/\/www.copealcoy.es\/wp-content\/uploads\/2023\/06\/2023.06.27.-AMBULANCIA-CARRIL.mp3<\/a><\/audio>\n<p style=\"text-align: justify;\">\n<p style=\"text-align: justify;\">Desde el <strong>Ayuntamiento de la ciudad<\/strong> avisaron de que a lo largo de toda la semana habr\u00eda <span style=\"color: #000080;\"><a style=\"color: #000080;\" href=\"https:\/\/www.copealcoy.es\/es\/las-obras-del-carril-bici-de-alcoy-afectaran-al-trafico-esta-semana\/\" target=\"_blank\" rel=\"noopener\">restricciones en la circulaci\u00f3n<\/a><\/span> en la <strong>Avenida Juan Gilabert, la calle Valencia y los cruces de la Alameda Camilo Sesto<\/strong>.<\/p>\n<p style=\"text-align: justify;\">La <strong>cr\u00edticas de la ciudadan\u00eda<\/strong> se han dejado ver tambi\u00e9n redes sociales, donde han publicado comentarios como &#8220;\u00bfLos justificantes para el trabajo d\u00f3nde los recogemos?&#8221; o &#8220;Afecta desde que comenzaron&#8221;.<\/p>\n<p style=\"text-align: justify;\"><strong>Evitar transitar por la zona<\/strong><\/p>\n<p style=\"text-align: justify;\"><strong>Las restricciones se mantendr\u00e1n a lo largo de toda la semana<\/strong>, hasta el viernes 30 de junio. <strong>La maquinaria de obra ocupar\u00e1 uno de los dos carriles<\/strong>\u00a0disponibles y avanzar\u00e1 a medida que lo hagan las obras por el recorrido. En cuanto a<strong>\u00a0los cruces de la Alameda, se cortar\u00e1n en algunos momentos<\/strong>, por lo que el tr\u00e1nsito se desplazar\u00e1 a calles adyacentes.<\/p>\n<p style=\"text-align: justify;\">El Ayuntamiento pide a la ciudadan\u00eda que\u00a0<strong>evite transitar por esta zona en el horario en el que se est\u00e9 trabajando<\/strong>\u00a0en el carril, es decir,\u00a0<strong>desde las ocho de la ma\u00f1ana hasta las seis de la tarde<\/strong>. Sin embargo, este horario coincide con las horas centrales del d\u00eda y en las que m\u00e1s afluencia hay.<\/p>\n","protected":false},"excerpt":{"rendered":"<p>Las restricciones en el tr\u00e1nsito por las obras del carril bici complican la circulaci\u00f3n en la Alameda Camilo Sesto. A&#8230;<\/p>\n","protected":false},"author":1,"featured_media":118479,"comment_status":"open","ping_status":"open","sticky":false,"template":"","format":"standard","meta":{"footnotes":""},"categories":[6909,97,75,125],"tags":[1494,15049,15048,5050],"class_list":["post-118478","post","type-post","status-publish","format-standard","has-post-thumbnail","hentry","category-actualidad","category-alcoy","category-noticias","category-portada","tag-alcoy","tag-ambulancia","tag-atascos","tag-carril-bici"],"yoast_head":"<!-- This site is optimized with the Yoast SEO plugin v27.3 - https:\/\/yoast.com\/product\/yoast-seo-wordpress\/ -->\n<title>Atascos y caos en la Alameda de Alcoy por las obras del carril bici - COPE Alcoy<\/title>\n<meta name=\"description\" content=\"Las restricciones en el tr\u00e1nsito por las obras del carril bici complican la circulaci\u00f3n en la Alameda Camilo Sesto. A lo largo de toda la ma\u00f1ana de este martes se han visto colas y atascos debido a que uno de los dos \u00fanicos carriles por los que se puede circular est\u00e1 cortado en el tramo en el que se encuentra la maquinaria de obra.\" \/>\n<meta name=\"robots\" content=\"index, follow, max-snippet:-1, max-image-preview:large, max-video-preview:-1\" \/>\n<link rel=\"canonical\" href=\"https:\/\/www.copealcoy.es\/es\/atascos-y-caos-en-la-alameda-de-alcoy-por-las-obras-del-carril-bici\/\" \/>\n<meta property=\"og:locale\" content=\"es_ES\" \/>\n<meta property=\"og:type\" content=\"article\" \/>\n<meta property=\"og:title\" content=\"Atascos y caos en la Alameda de Alcoy por las obras del carril bici - COPE Alcoy\" \/>\n<meta property=\"og:description\" content=\"Las restricciones en el tr\u00e1nsito por las obras del carril bici complican la circulaci\u00f3n en la Alameda Camilo Sesto. A lo largo de toda la ma\u00f1ana de este martes se han visto colas y atascos debido a que uno de los dos \u00fanicos carriles por los que se puede circular est\u00e1 cortado en el tramo en el que se encuentra la maquinaria de obra.\" \/>\n<meta property=\"og:url\" content=\"https:\/\/www.copealcoy.es\/es\/atascos-y-caos-en-la-alameda-de-alcoy-por-las-obras-del-carril-bici\/\" \/>\n<meta property=\"og:site_name\" content=\"COPE Alcoy\" \/>\n<meta property=\"article:published_time\" content=\"2023-06-27T10:28:58+00:00\" \/>\n<meta property=\"article:modified_time\" content=\"2023-06-27T10:45:10+00:00\" \/>\n<meta property=\"og:image\" content=\"https:\/\/www.copealcoy.es\/wp-content\/uploads\/2023\/06\/IMG_8136.jpg\" \/>\n\t<meta property=\"og:image:width\" content=\"828\" \/>\n\t<meta property=\"og:image:height\" content=\"730\" \/>\n\t<meta property=\"og:image:type\" content=\"image\/jpeg\" \/>\n<meta name=\"author\" content=\"Cope Alcoy\" \/>\n<meta name=\"twitter:label1\" content=\"Escrito por\" \/>\n\t<meta name=\"twitter:data1\" content=\"Cope Alcoy\" \/>\n\t<meta name=\"twitter:label2\" content=\"Tiempo de lectura\" \/>\n\t<meta name=\"twitter:data2\" content=\"2 minutos\" \/>\n<script type=\"application\/ld+json\" class=\"yoast-schema-graph\">{\"@context\":\"https:\\\/\\\/schema.org\",\"@graph\":[{\"@type\":\"Article\",\"@id\":\"https:\\\/\\\/www.copealcoy.es\\\/es\\\/atascos-y-caos-en-la-alameda-de-alcoy-por-las-obras-del-carril-bici\\\/#article\",\"isPartOf\":{\"@id\":\"https:\\\/\\\/www.copealcoy.es\\\/es\\\/atascos-y-caos-en-la-alameda-de-alcoy-por-las-obras-del-carril-bici\\\/\"},\"author\":{\"name\":\"Cope Alcoy\",\"@id\":\"https:\\\/\\\/www.copealcoy.es\\\/es\\\/#\\\/schema\\\/person\\\/e777c87fa024e57d40170af9df39882c\"},\"headline\":\"Atascos y caos en la Alameda de Alcoy por las obras del carril bici\",\"datePublished\":\"2023-06-27T10:28:58+00:00\",\"dateModified\":\"2023-06-27T10:45:10+00:00\",\"mainEntityOfPage\":{\"@id\":\"https:\\\/\\\/www.copealcoy.es\\\/es\\\/atascos-y-caos-en-la-alameda-de-alcoy-por-las-obras-del-carril-bici\\\/\"},\"wordCount\":353,\"commentCount\":0,\"image\":{\"@id\":\"https:\\\/\\\/www.copealcoy.es\\\/es\\\/atascos-y-caos-en-la-alameda-de-alcoy-por-las-obras-del-carril-bici\\\/#primaryimage\"},\"thumbnailUrl\":\"https:\\\/\\\/www.copealcoy.es\\\/wp-content\\\/uploads\\\/2023\\\/06\\\/IMG_8136.jpg\",\"keywords\":[\"Alcoy\",\"ambulancia\",\"atascos\",\"carril bici\"],\"articleSection\":[\"Actualidad\",\"Alcoy\",\"Noticias\",\"Portada\"],\"inLanguage\":\"es\"},{\"@type\":\"WebPage\",\"@id\":\"https:\\\/\\\/www.copealcoy.es\\\/es\\\/atascos-y-caos-en-la-alameda-de-alcoy-por-las-obras-del-carril-bici\\\/\",\"url\":\"https:\\\/\\\/www.copealcoy.es\\\/es\\\/atascos-y-caos-en-la-alameda-de-alcoy-por-las-obras-del-carril-bici\\\/\",\"name\":\"Atascos y caos en la Alameda de Alcoy por las obras del carril bici - COPE Alcoy\",\"isPartOf\":{\"@id\":\"https:\\\/\\\/www.copealcoy.es\\\/es\\\/#website\"},\"primaryImageOfPage\":{\"@id\":\"https:\\\/\\\/www.copealcoy.es\\\/es\\\/atascos-y-caos-en-la-alameda-de-alcoy-por-las-obras-del-carril-bici\\\/#primaryimage\"},\"image\":{\"@id\":\"https:\\\/\\\/www.copealcoy.es\\\/es\\\/atascos-y-caos-en-la-alameda-de-alcoy-por-las-obras-del-carril-bici\\\/#primaryimage\"},\"thumbnailUrl\":\"https:\\\/\\\/www.copealcoy.es\\\/wp-content\\\/uploads\\\/2023\\\/06\\\/IMG_8136.jpg\",\"datePublished\":\"2023-06-27T10:28:58+00:00\",\"dateModified\":\"2023-06-27T10:45:10+00:00\",\"author\":{\"@id\":\"https:\\\/\\\/www.copealcoy.es\\\/es\\\/#\\\/schema\\\/person\\\/e777c87fa024e57d40170af9df39882c\"},\"description\":\"Las restricciones en el tr\u00e1nsito por las obras del carril bici complican la circulaci\u00f3n en la Alameda Camilo Sesto. A lo largo de toda la ma\u00f1ana de este martes se han visto colas y atascos debido a que uno de los dos \u00fanicos carriles por los que se puede circular est\u00e1 cortado en el tramo en el que se encuentra la maquinaria de obra.\",\"breadcrumb\":{\"@id\":\"https:\\\/\\\/www.copealcoy.es\\\/es\\\/atascos-y-caos-en-la-alameda-de-alcoy-por-las-obras-del-carril-bici\\\/#breadcrumb\"},\"inLanguage\":\"es\",\"potentialAction\":[{\"@type\":\"ReadAction\",\"target\":[\"https:\\\/\\\/www.copealcoy.es\\\/es\\\/atascos-y-caos-en-la-alameda-de-alcoy-por-las-obras-del-carril-bici\\\/\"]}]},{\"@type\":\"ImageObject\",\"inLanguage\":\"es\",\"@id\":\"https:\\\/\\\/www.copealcoy.es\\\/es\\\/atascos-y-caos-en-la-alameda-de-alcoy-por-las-obras-del-carril-bici\\\/#primaryimage\",\"url\":\"https:\\\/\\\/www.copealcoy.es\\\/wp-content\\\/uploads\\\/2023\\\/06\\\/IMG_8136.jpg\",\"contentUrl\":\"https:\\\/\\\/www.copealcoy.es\\\/wp-content\\\/uploads\\\/2023\\\/06\\\/IMG_8136.jpg\",\"width\":828,\"height\":730},{\"@type\":\"BreadcrumbList\",\"@id\":\"https:\\\/\\\/www.copealcoy.es\\\/es\\\/atascos-y-caos-en-la-alameda-de-alcoy-por-las-obras-del-carril-bici\\\/#breadcrumb\",\"itemListElement\":[{\"@type\":\"ListItem\",\"position\":1,\"name\":\"Portada\",\"item\":\"https:\\\/\\\/www.copealcoy.es\\\/es\\\/\"},{\"@type\":\"ListItem\",\"position\":2,\"name\":\"Atascos y caos en la Alameda de Alcoy por las obras del carril bici\"}]},{\"@type\":\"WebSite\",\"@id\":\"https:\\\/\\\/www.copealcoy.es\\\/es\\\/#website\",\"url\":\"https:\\\/\\\/www.copealcoy.es\\\/es\\\/\",\"name\":\"COPE Alcoy\",\"description\":\"Emisora COPE de radio local con emisi\u00f3n online. Pont de Sant Jordi 8-10 03803 Alcoy\",\"potentialAction\":[{\"@type\":\"SearchAction\",\"target\":{\"@type\":\"EntryPoint\",\"urlTemplate\":\"https:\\\/\\\/www.copealcoy.es\\\/es\\\/?s={search_term_string}\"},\"query-input\":{\"@type\":\"PropertyValueSpecification\",\"valueRequired\":true,\"valueName\":\"search_term_string\"}}],\"inLanguage\":\"es\"},{\"@type\":\"Person\",\"@id\":\"https:\\\/\\\/www.copealcoy.es\\\/es\\\/#\\\/schema\\\/person\\\/e777c87fa024e57d40170af9df39882c\",\"name\":\"Cope Alcoy\",\"image\":{\"@type\":\"ImageObject\",\"inLanguage\":\"es\",\"@id\":\"https:\\\/\\\/secure.gravatar.com\\\/avatar\\\/bb65d0283347e303893ba14f0692005417c1e0e690a325a4c5d8bb2b3943ee14?s=96&d=mm&r=g\",\"url\":\"https:\\\/\\\/secure.gravatar.com\\\/avatar\\\/bb65d0283347e303893ba14f0692005417c1e0e690a325a4c5d8bb2b3943ee14?s=96&d=mm&r=g\",\"contentUrl\":\"https:\\\/\\\/secure.gravatar.com\\\/avatar\\\/bb65d0283347e303893ba14f0692005417c1e0e690a325a4c5d8bb2b3943ee14?s=96&d=mm&r=g\",\"caption\":\"Cope Alcoy\"}}]}<\/script>\n<!-- \/ Yoast SEO plugin. -->","yoast_head_json":{"title":"Atascos y caos en la Alameda de Alcoy por las obras del carril bici - COPE Alcoy","description":"Las restricciones en el tr\u00e1nsito por las obras del carril bici complican la circulaci\u00f3n en la Alameda Camilo Sesto. A lo largo de toda la ma\u00f1ana de este martes se han visto colas y atascos debido a que uno de los dos \u00fanicos carriles por los que se puede circular est\u00e1 cortado en el tramo en el que se encuentra la maquinaria de obra.","robots":{"index":"index","follow":"follow","max-snippet":"max-snippet:-1","max-image-preview":"max-image-preview:large","max-video-preview":"max-video-preview:-1"},"canonical":"https:\/\/www.copealcoy.es\/es\/atascos-y-caos-en-la-alameda-de-alcoy-por-las-obras-del-carril-bici\/","og_locale":"es_ES","og_type":"article","og_title":"Atascos y caos en la Alameda de Alcoy por las obras del carril bici - COPE Alcoy","og_description":"Las restricciones en el tr\u00e1nsito por las obras del carril bici complican la circulaci\u00f3n en la Alameda Camilo Sesto. A lo largo de toda la ma\u00f1ana de este martes se han visto colas y atascos debido a que uno de los dos \u00fanicos carriles por los que se puede circular est\u00e1 cortado en el tramo en el que se encuentra la maquinaria de obra.","og_url":"https:\/\/www.copealcoy.es\/es\/atascos-y-caos-en-la-alameda-de-alcoy-por-las-obras-del-carril-bici\/","og_site_name":"COPE Alcoy","article_published_time":"2023-06-27T10:28:58+00:00","article_modified_time":"2023-06-27T10:45:10+00:00","og_image":[{"width":828,"height":730,"url":"https:\/\/www.copealcoy.es\/wp-content\/uploads\/2023\/06\/IMG_8136.jpg","type":"image\/jpeg"}],"author":"Cope Alcoy","twitter_misc":{"Escrito por":"Cope Alcoy","Tiempo de lectura":"2 minutos"},"schema":{"@context":"https:\/\/schema.org","@graph":[{"@type":"Article","@id":"https:\/\/www.copealcoy.es\/es\/atascos-y-caos-en-la-alameda-de-alcoy-por-las-obras-del-carril-bici\/#article","isPartOf":{"@id":"https:\/\/www.copealcoy.es\/es\/atascos-y-caos-en-la-alameda-de-alcoy-por-las-obras-del-carril-bici\/"},"author":{"name":"Cope Alcoy","@id":"https:\/\/www.copealcoy.es\/es\/#\/schema\/person\/e777c87fa024e57d40170af9df39882c"},"headline":"Atascos y caos en la Alameda de Alcoy por las obras del carril bici","datePublished":"2023-06-27T10:28:58+00:00","dateModified":"2023-06-27T10:45:10+00:00","mainEntityOfPage":{"@id":"https:\/\/www.copealcoy.es\/es\/atascos-y-caos-en-la-alameda-de-alcoy-por-las-obras-del-carril-bici\/"},"wordCount":353,"commentCount":0,"image":{"@id":"https:\/\/www.copealcoy.es\/es\/atascos-y-caos-en-la-alameda-de-alcoy-por-las-obras-del-carril-bici\/#primaryimage"},"thumbnailUrl":"https:\/\/www.copealcoy.es\/wp-content\/uploads\/2023\/06\/IMG_8136.jpg","keywords":["Alcoy","ambulancia","atascos","carril bici"],"articleSection":["Actualidad","Alcoy","Noticias","Portada"],"inLanguage":"es"},{"@type":"WebPage","@id":"https:\/\/www.copealcoy.es\/es\/atascos-y-caos-en-la-alameda-de-alcoy-por-las-obras-del-carril-bici\/","url":"https:\/\/www.copealcoy.es\/es\/atascos-y-caos-en-la-alameda-de-alcoy-por-las-obras-del-carril-bici\/","name":"Atascos y caos en la Alameda de Alcoy por las obras del carril bici - COPE Alcoy","isPartOf":{"@id":"https:\/\/www.copealcoy.es\/es\/#website"},"primaryImageOfPage":{"@id":"https:\/\/www.copealcoy.es\/es\/atascos-y-caos-en-la-alameda-de-alcoy-por-las-obras-del-carril-bici\/#primaryimage"},"image":{"@id":"https:\/\/www.copealcoy.es\/es\/atascos-y-caos-en-la-alameda-de-alcoy-por-las-obras-del-carril-bici\/#primaryimage"},"thumbnailUrl":"https:\/\/www.copealcoy.es\/wp-content\/uploads\/2023\/06\/IMG_8136.jpg","datePublished":"2023-06-27T10:28:58+00:00","dateModified":"2023-06-27T10:45:10+00:00","author":{"@id":"https:\/\/www.copealcoy.es\/es\/#\/schema\/person\/e777c87fa024e57d40170af9df39882c"},"description":"Las restricciones en el tr\u00e1nsito por las obras del carril bici complican la circulaci\u00f3n en la Alameda Camilo Sesto. A lo largo de toda la ma\u00f1ana de este martes se han visto colas y atascos debido a que uno de los dos \u00fanicos carriles por los que se puede circular est\u00e1 cortado en el tramo en el que se encuentra la maquinaria de obra.","breadcrumb":{"@id":"https:\/\/www.copealcoy.es\/es\/atascos-y-caos-en-la-alameda-de-alcoy-por-las-obras-del-carril-bici\/#breadcrumb"},"inLanguage":"es","potentialAction":[{"@type":"ReadAction","target":["https:\/\/www.copealcoy.es\/es\/atascos-y-caos-en-la-alameda-de-alcoy-por-las-obras-del-carril-bici\/"]}]},{"@type":"ImageObject","inLanguage":"es","@id":"https:\/\/www.copealcoy.es\/es\/atascos-y-caos-en-la-alameda-de-alcoy-por-las-obras-del-carril-bici\/#primaryimage","url":"https:\/\/www.copealcoy.es\/wp-content\/uploads\/2023\/06\/IMG_8136.jpg","contentUrl":"https:\/\/www.copealcoy.es\/wp-content\/uploads\/2023\/06\/IMG_8136.jpg","width":828,"height":730},{"@type":"BreadcrumbList","@id":"https:\/\/www.copealcoy.es\/es\/atascos-y-caos-en-la-alameda-de-alcoy-por-las-obras-del-carril-bici\/#breadcrumb","itemListElement":[{"@type":"ListItem","position":1,"name":"Portada","item":"https:\/\/www.copealcoy.es\/es\/"},{"@type":"ListItem","position":2,"name":"Atascos y caos en la Alameda de Alcoy por las obras del carril bici"}]},{"@type":"WebSite","@id":"https:\/\/www.copealcoy.es\/es\/#website","url":"https:\/\/www.copealcoy.es\/es\/","name":"COPE Alcoy","description":"Emisora COPE de radio local con emisi\u00f3n online. Pont de Sant Jordi 8-10 03803 Alcoy","potentialAction":[{"@type":"SearchAction","target":{"@type":"EntryPoint","urlTemplate":"https:\/\/www.copealcoy.es\/es\/?s={search_term_string}"},"query-input":{"@type":"PropertyValueSpecification","valueRequired":true,"valueName":"search_term_string"}}],"inLanguage":"es"},{"@type":"Person","@id":"https:\/\/www.copealcoy.es\/es\/#\/schema\/person\/e777c87fa024e57d40170af9df39882c","name":"Cope Alcoy","image":{"@type":"ImageObject","inLanguage":"es","@id":"https:\/\/secure.gravatar.com\/avatar\/bb65d0283347e303893ba14f0692005417c1e0e690a325a4c5d8bb2b3943ee14?s=96&d=mm&r=g","url":"https:\/\/secure.gravatar.com\/avatar\/bb65d0283347e303893ba14f0692005417c1e0e690a325a4c5d8bb2b3943ee14?s=96&d=mm&r=g","contentUrl":"https:\/\/secure.gravatar.com\/avatar\/bb65d0283347e303893ba14f0692005417c1e0e690a325a4c5d8bb2b3943ee14?s=96&d=mm&r=g","caption":"Cope Alcoy"}}]}},"_links":{"self":[{"href":"https:\/\/www.copealcoy.es\/es\/wp-json\/wp\/v2\/posts\/118478","targetHints":{"allow":["GET"]}}],"collection":[{"href":"https:\/\/www.copealcoy.es\/es\/wp-json\/wp\/v2\/posts"}],"about":[{"href":"https:\/\/www.copealcoy.es\/es\/wp-json\/wp\/v2\/types\/post"}],"author":[{"embeddable":true,"href":"https:\/\/www.copealcoy.es\/es\/wp-json\/wp\/v2\/users\/1"}],"replies":[{"embeddable":true,"href":"https:\/\/www.copealcoy.es\/es\/wp-json\/wp\/v2\/comments?post=118478"}],"version-history":[{"count":0,"href":"https:\/\/www.copealcoy.es\/es\/wp-json\/wp\/v2\/posts\/118478\/revisions"}],"wp:featuredmedia":[{"embeddable":true,"href":"https:\/\/www.copealcoy.es\/es\/wp-json\/wp\/v2\/media\/118479"}],"wp:attachment":[{"href":"https:\/\/www.copealcoy.es\/es\/wp-json\/wp\/v2\/media?parent=118478"}],"wp:term":[{"taxonomy":"category","embeddable":true,"href":"https:\/\/www.copealcoy.es\/es\/wp-json\/wp\/v2\/categories?post=118478"},{"taxonomy":"post_tag","embeddable":true,"href":"https:\/\/www.copealcoy.es\/es\/wp-json\/wp\/v2\/tags?post=118478"}],"curies":[{"name":"wp","href":"https:\/\/api.w.org\/{rel}","templated":true}]}}