{"id":118461,"date":"2023-06-27T09:20:50","date_gmt":"2023-06-27T08:20:50","guid":{"rendered":"https:\/\/www.copealcoy.es\/?p=118461"},"modified":"2023-06-27T11:25:54","modified_gmt":"2023-06-27T10:25:54","slug":"interceptado-un-vehiculo-en-cocentaina-con-una-planta-de-cannabis-y-otras-drogas","status":"publish","type":"post","link":"https:\/\/www.copealcoy.es\/es\/interceptado-un-vehiculo-en-cocentaina-con-una-planta-de-cannabis-y-otras-drogas\/","title":{"rendered":"Interceptado un veh\u00edculo en Cocentaina con una planta de cannabis y otras drogas"},"content":{"rendered":"<p style=\"text-align: justify;\">Droga incautada en <strong>Cocentaina<\/strong>. Los hechos tuvieron lugar <strong>el pasado jueves 22 de junio<\/strong>. La <strong>Polic\u00eda Local<\/strong> de la Villa Condal <strong>intercept\u00f3 un veh\u00edculo que transportaba estupefacientes<\/strong>.<\/p>\n<p style=\"text-align: justify;\">En concreto, dentro del autom\u00f3vil se encontraron <strong>diversas cantidades de droga, una planta de cannabis, material que suele emplearse para la manipulaci\u00f3n de sustancias y un cuchillo de grandes dimensiones<\/strong>. Los agentes incautaron estos objetos y sustancias y levantaron acta para su posterior traslado a la <strong>Subdelegaci\u00f3n del Gobierno en Alicante<\/strong>.<\/p>\n<p style=\"text-align: justify;\">Por su parte, <strong>el conductor dio positivo en el test de drogas<\/strong> y el veh\u00edculo tuvo que ser trasladado al dep\u00f3sito municipal porque <strong>carec\u00eda de la autorizaci\u00f3n necesaria para circular<\/strong>.<\/p>\n<p style=\"text-align: justify;\">La Polic\u00eda Local de Cocentaina ha informado tambi\u00e9n en sus redes sociales de que <strong>&#8220;La Publicaci\u00f3&#8221;<\/strong>, celebrada durante el fin de semana, se ha desarrollado sin ning\u00fan incidente rese\u00f1able. Los agentes estuvieron presentes para garantizar la seguridad y pusieron en marcha dispositivos policiales de prevenci\u00f3n y seguridad ciudadana.<\/p>\n<p style=\"text-align: justify;\">Gracias a estos, se pusieron tres denuncias por conducir bajo los efectos del alcohol, una por conducir con presencia de drogas y siete actas por tenencia o consumo de drogas.<\/p>\n<p style=\"text-align: justify;\"><strong>M\u00e1s sucesos en Cocentaina<\/strong><\/p>\n<p style=\"text-align: justify;\">Pero este no ha sido el \u00fanico suceso en la Villa Condal durante los \u00faltimos d\u00edas. <strong>Cocentaina<\/strong>\u00a0ha arrancado la \u00faltima semana del mes de junio con la\u00a0<span style=\"color: #000080;\"><a style=\"color: #000080;\" href=\"https:\/\/www.copealcoy.es\/es\/detenido-un-hombre-un-hombre-en-busca-y-captura-en-cocentaina\/\" target=\"_blank\" rel=\"noopener\"><strong>detenci\u00f3n de una persona que estaba en busca y captura<\/strong><\/a><\/span>. Se trata de un hombre que ten\u00eda causas judiciales abiertas.<\/p>\n<p style=\"text-align: justify;\">En concreto,\u00a0<strong>ha sido la Polic\u00eda Local de la Villa Condal la que ha detenido<\/strong>\u00a0al individuo. Este estaba siendo buscado por un\u00a0<strong>delito de robo en una vivienda<\/strong>.\u00a0Tras la lectura de sus derechos y un reconocimiento m\u00e9dico, el detenido a pasado a disposici\u00f3n judicial.<\/p>\n<div dir=\"auto\" style=\"text-align: justify;\">Y el pasado martes los agentes tuvieron que actuar ante una queja vecinal por <strong>des\u00f3rdenes en la v\u00eda p\u00fablica<\/strong>. En este caso se denunci\u00f3 administrativamente a dos varones, por alteraci\u00f3n del orden y porque uno de ellos llevaba un arma prohibida.<\/div>\n<div dir=\"auto\" style=\"text-align: justify;\"><\/div>\n","protected":false},"excerpt":{"rendered":"<p>Droga incautada en Cocentaina. Los hechos tuvieron lugar el pasado jueves 22 de junio. La Polic\u00eda Local de la Villa&#8230;<\/p>\n","protected":false},"author":1,"featured_media":118466,"comment_status":"open","ping_status":"open","sticky":false,"template":"","format":"standard","meta":{"footnotes":""},"categories":[6909,97,75,80],"tags":[132,10918,12315,846,14680],"class_list":["post-118461","post","type-post","status-publish","format-standard","has-post-thumbnail","hentry","category-actualidad","category-alcoy","category-noticias","category-sucesos","tag-cocentaina","tag-droga","tag-incautacion","tag-policia-local","tag-suceso"],"yoast_head":"<!-- This site is optimized with the Yoast SEO plugin v27.3 - https:\/\/yoast.com\/product\/yoast-seo-wordpress\/ -->\n<title>Interceptado un veh\u00edculo en Cocentaina con una planta de cannabis y otras drogas - COPE Alcoy<\/title>\n<meta name=\"description\" content=\"Droga incautada en Cocentaina. Los hechos tuvieron lugar el pasado jueves 22 de junio. La Polic\u00eda Local de la Villa Condal intercept\u00f3 un veh\u00edculo que transportaba estupefacientes.\" \/>\n<meta name=\"robots\" content=\"index, follow, max-snippet:-1, max-image-preview:large, max-video-preview:-1\" \/>\n<link rel=\"canonical\" href=\"https:\/\/www.copealcoy.es\/es\/interceptado-un-vehiculo-en-cocentaina-con-una-planta-de-cannabis-y-otras-drogas\/\" \/>\n<meta property=\"og:locale\" content=\"es_ES\" \/>\n<meta property=\"og:type\" content=\"article\" \/>\n<meta property=\"og:title\" content=\"Interceptado un veh\u00edculo en Cocentaina con una planta de cannabis y otras drogas - COPE Alcoy\" \/>\n<meta property=\"og:description\" content=\"Droga incautada en Cocentaina. Los hechos tuvieron lugar el pasado jueves 22 de junio. La Polic\u00eda Local de la Villa Condal intercept\u00f3 un veh\u00edculo que transportaba estupefacientes.\" \/>\n<meta property=\"og:url\" content=\"https:\/\/www.copealcoy.es\/es\/interceptado-un-vehiculo-en-cocentaina-con-una-planta-de-cannabis-y-otras-drogas\/\" \/>\n<meta property=\"og:site_name\" content=\"COPE Alcoy\" \/>\n<meta property=\"article:published_time\" content=\"2023-06-27T08:20:50+00:00\" \/>\n<meta property=\"article:modified_time\" content=\"2023-06-27T10:25:54+00:00\" \/>\n<meta property=\"og:image\" content=\"https:\/\/www.copealcoy.es\/wp-content\/uploads\/2023\/06\/355837149_795056608869642_5649528214778192787_n-1.jpg\" \/>\n\t<meta property=\"og:image:width\" content=\"843\" \/>\n\t<meta property=\"og:image:height\" content=\"700\" \/>\n\t<meta property=\"og:image:type\" content=\"image\/jpeg\" \/>\n<meta name=\"author\" content=\"Cope Alcoy\" \/>\n<meta name=\"twitter:label1\" content=\"Escrito por\" \/>\n\t<meta name=\"twitter:data1\" content=\"Cope Alcoy\" \/>\n\t<meta name=\"twitter:label2\" content=\"Tiempo de lectura\" \/>\n\t<meta name=\"twitter:data2\" content=\"2 minutos\" \/>\n<script type=\"application\/ld+json\" class=\"yoast-schema-graph\">{\"@context\":\"https:\\\/\\\/schema.org\",\"@graph\":[{\"@type\":\"Article\",\"@id\":\"https:\\\/\\\/www.copealcoy.es\\\/es\\\/interceptado-un-vehiculo-en-cocentaina-con-una-planta-de-cannabis-y-otras-drogas\\\/#article\",\"isPartOf\":{\"@id\":\"https:\\\/\\\/www.copealcoy.es\\\/es\\\/interceptado-un-vehiculo-en-cocentaina-con-una-planta-de-cannabis-y-otras-drogas\\\/\"},\"author\":{\"name\":\"Cope Alcoy\",\"@id\":\"https:\\\/\\\/www.copealcoy.es\\\/es\\\/#\\\/schema\\\/person\\\/e777c87fa024e57d40170af9df39882c\"},\"headline\":\"Interceptado un veh\u00edculo en Cocentaina con una planta de cannabis y otras drogas\",\"datePublished\":\"2023-06-27T08:20:50+00:00\",\"dateModified\":\"2023-06-27T10:25:54+00:00\",\"mainEntityOfPage\":{\"@id\":\"https:\\\/\\\/www.copealcoy.es\\\/es\\\/interceptado-un-vehiculo-en-cocentaina-con-una-planta-de-cannabis-y-otras-drogas\\\/\"},\"wordCount\":363,\"commentCount\":0,\"image\":{\"@id\":\"https:\\\/\\\/www.copealcoy.es\\\/es\\\/interceptado-un-vehiculo-en-cocentaina-con-una-planta-de-cannabis-y-otras-drogas\\\/#primaryimage\"},\"thumbnailUrl\":\"https:\\\/\\\/www.copealcoy.es\\\/wp-content\\\/uploads\\\/2023\\\/06\\\/355837149_795056608869642_5649528214778192787_n-1.jpg\",\"keywords\":[\"Cocentaina\",\"droga\",\"incautaci\u00f3n\",\"Polic\u00eda Local\",\"suceso\"],\"articleSection\":[\"Actualidad\",\"Alcoy\",\"Noticias\",\"Sucesos\"],\"inLanguage\":\"es\"},{\"@type\":\"WebPage\",\"@id\":\"https:\\\/\\\/www.copealcoy.es\\\/es\\\/interceptado-un-vehiculo-en-cocentaina-con-una-planta-de-cannabis-y-otras-drogas\\\/\",\"url\":\"https:\\\/\\\/www.copealcoy.es\\\/es\\\/interceptado-un-vehiculo-en-cocentaina-con-una-planta-de-cannabis-y-otras-drogas\\\/\",\"name\":\"Interceptado un veh\u00edculo en Cocentaina con una planta de cannabis y otras drogas - COPE Alcoy\",\"isPartOf\":{\"@id\":\"https:\\\/\\\/www.copealcoy.es\\\/es\\\/#website\"},\"primaryImageOfPage\":{\"@id\":\"https:\\\/\\\/www.copealcoy.es\\\/es\\\/interceptado-un-vehiculo-en-cocentaina-con-una-planta-de-cannabis-y-otras-drogas\\\/#primaryimage\"},\"image\":{\"@id\":\"https:\\\/\\\/www.copealcoy.es\\\/es\\\/interceptado-un-vehiculo-en-cocentaina-con-una-planta-de-cannabis-y-otras-drogas\\\/#primaryimage\"},\"thumbnailUrl\":\"https:\\\/\\\/www.copealcoy.es\\\/wp-content\\\/uploads\\\/2023\\\/06\\\/355837149_795056608869642_5649528214778192787_n-1.jpg\",\"datePublished\":\"2023-06-27T08:20:50+00:00\",\"dateModified\":\"2023-06-27T10:25:54+00:00\",\"author\":{\"@id\":\"https:\\\/\\\/www.copealcoy.es\\\/es\\\/#\\\/schema\\\/person\\\/e777c87fa024e57d40170af9df39882c\"},\"description\":\"Droga incautada en Cocentaina. Los hechos tuvieron lugar el pasado jueves 22 de junio. La Polic\u00eda Local de la Villa Condal intercept\u00f3 un veh\u00edculo que transportaba estupefacientes.\",\"breadcrumb\":{\"@id\":\"https:\\\/\\\/www.copealcoy.es\\\/es\\\/interceptado-un-vehiculo-en-cocentaina-con-una-planta-de-cannabis-y-otras-drogas\\\/#breadcrumb\"},\"inLanguage\":\"es\",\"potentialAction\":[{\"@type\":\"ReadAction\",\"target\":[\"https:\\\/\\\/www.copealcoy.es\\\/es\\\/interceptado-un-vehiculo-en-cocentaina-con-una-planta-de-cannabis-y-otras-drogas\\\/\"]}]},{\"@type\":\"ImageObject\",\"inLanguage\":\"es\",\"@id\":\"https:\\\/\\\/www.copealcoy.es\\\/es\\\/interceptado-un-vehiculo-en-cocentaina-con-una-planta-de-cannabis-y-otras-drogas\\\/#primaryimage\",\"url\":\"https:\\\/\\\/www.copealcoy.es\\\/wp-content\\\/uploads\\\/2023\\\/06\\\/355837149_795056608869642_5649528214778192787_n-1.jpg\",\"contentUrl\":\"https:\\\/\\\/www.copealcoy.es\\\/wp-content\\\/uploads\\\/2023\\\/06\\\/355837149_795056608869642_5649528214778192787_n-1.jpg\",\"width\":843,\"height\":700},{\"@type\":\"BreadcrumbList\",\"@id\":\"https:\\\/\\\/www.copealcoy.es\\\/es\\\/interceptado-un-vehiculo-en-cocentaina-con-una-planta-de-cannabis-y-otras-drogas\\\/#breadcrumb\",\"itemListElement\":[{\"@type\":\"ListItem\",\"position\":1,\"name\":\"Portada\",\"item\":\"https:\\\/\\\/www.copealcoy.es\\\/es\\\/\"},{\"@type\":\"ListItem\",\"position\":2,\"name\":\"Interceptado un veh\u00edculo en Cocentaina con una planta de cannabis y otras drogas\"}]},{\"@type\":\"WebSite\",\"@id\":\"https:\\\/\\\/www.copealcoy.es\\\/es\\\/#website\",\"url\":\"https:\\\/\\\/www.copealcoy.es\\\/es\\\/\",\"name\":\"COPE Alcoy\",\"description\":\"Emisora COPE de radio local con emisi\u00f3n online. Pont de Sant Jordi 8-10 03803 Alcoy\",\"potentialAction\":[{\"@type\":\"SearchAction\",\"target\":{\"@type\":\"EntryPoint\",\"urlTemplate\":\"https:\\\/\\\/www.copealcoy.es\\\/es\\\/?s={search_term_string}\"},\"query-input\":{\"@type\":\"PropertyValueSpecification\",\"valueRequired\":true,\"valueName\":\"search_term_string\"}}],\"inLanguage\":\"es\"},{\"@type\":\"Person\",\"@id\":\"https:\\\/\\\/www.copealcoy.es\\\/es\\\/#\\\/schema\\\/person\\\/e777c87fa024e57d40170af9df39882c\",\"name\":\"Cope Alcoy\",\"image\":{\"@type\":\"ImageObject\",\"inLanguage\":\"es\",\"@id\":\"https:\\\/\\\/secure.gravatar.com\\\/avatar\\\/bb65d0283347e303893ba14f0692005417c1e0e690a325a4c5d8bb2b3943ee14?s=96&d=mm&r=g\",\"url\":\"https:\\\/\\\/secure.gravatar.com\\\/avatar\\\/bb65d0283347e303893ba14f0692005417c1e0e690a325a4c5d8bb2b3943ee14?s=96&d=mm&r=g\",\"contentUrl\":\"https:\\\/\\\/secure.gravatar.com\\\/avatar\\\/bb65d0283347e303893ba14f0692005417c1e0e690a325a4c5d8bb2b3943ee14?s=96&d=mm&r=g\",\"caption\":\"Cope Alcoy\"}}]}<\/script>\n<!-- \/ Yoast SEO plugin. -->","yoast_head_json":{"title":"Interceptado un veh\u00edculo en Cocentaina con una planta de cannabis y otras drogas - COPE Alcoy","description":"Droga incautada en Cocentaina. Los hechos tuvieron lugar el pasado jueves 22 de junio. La Polic\u00eda Local de la Villa Condal intercept\u00f3 un veh\u00edculo que transportaba estupefacientes.","robots":{"index":"index","follow":"follow","max-snippet":"max-snippet:-1","max-image-preview":"max-image-preview:large","max-video-preview":"max-video-preview:-1"},"canonical":"https:\/\/www.copealcoy.es\/es\/interceptado-un-vehiculo-en-cocentaina-con-una-planta-de-cannabis-y-otras-drogas\/","og_locale":"es_ES","og_type":"article","og_title":"Interceptado un veh\u00edculo en Cocentaina con una planta de cannabis y otras drogas - COPE Alcoy","og_description":"Droga incautada en Cocentaina. Los hechos tuvieron lugar el pasado jueves 22 de junio. La Polic\u00eda Local de la Villa Condal intercept\u00f3 un veh\u00edculo que transportaba estupefacientes.","og_url":"https:\/\/www.copealcoy.es\/es\/interceptado-un-vehiculo-en-cocentaina-con-una-planta-de-cannabis-y-otras-drogas\/","og_site_name":"COPE Alcoy","article_published_time":"2023-06-27T08:20:50+00:00","article_modified_time":"2023-06-27T10:25:54+00:00","og_image":[{"width":843,"height":700,"url":"https:\/\/www.copealcoy.es\/wp-content\/uploads\/2023\/06\/355837149_795056608869642_5649528214778192787_n-1.jpg","type":"image\/jpeg"}],"author":"Cope Alcoy","twitter_misc":{"Escrito por":"Cope Alcoy","Tiempo de lectura":"2 minutos"},"schema":{"@context":"https:\/\/schema.org","@graph":[{"@type":"Article","@id":"https:\/\/www.copealcoy.es\/es\/interceptado-un-vehiculo-en-cocentaina-con-una-planta-de-cannabis-y-otras-drogas\/#article","isPartOf":{"@id":"https:\/\/www.copealcoy.es\/es\/interceptado-un-vehiculo-en-cocentaina-con-una-planta-de-cannabis-y-otras-drogas\/"},"author":{"name":"Cope Alcoy","@id":"https:\/\/www.copealcoy.es\/es\/#\/schema\/person\/e777c87fa024e57d40170af9df39882c"},"headline":"Interceptado un veh\u00edculo en Cocentaina con una planta de cannabis y otras drogas","datePublished":"2023-06-27T08:20:50+00:00","dateModified":"2023-06-27T10:25:54+00:00","mainEntityOfPage":{"@id":"https:\/\/www.copealcoy.es\/es\/interceptado-un-vehiculo-en-cocentaina-con-una-planta-de-cannabis-y-otras-drogas\/"},"wordCount":363,"commentCount":0,"image":{"@id":"https:\/\/www.copealcoy.es\/es\/interceptado-un-vehiculo-en-cocentaina-con-una-planta-de-cannabis-y-otras-drogas\/#primaryimage"},"thumbnailUrl":"https:\/\/www.copealcoy.es\/wp-content\/uploads\/2023\/06\/355837149_795056608869642_5649528214778192787_n-1.jpg","keywords":["Cocentaina","droga","incautaci\u00f3n","Polic\u00eda Local","suceso"],"articleSection":["Actualidad","Alcoy","Noticias","Sucesos"],"inLanguage":"es"},{"@type":"WebPage","@id":"https:\/\/www.copealcoy.es\/es\/interceptado-un-vehiculo-en-cocentaina-con-una-planta-de-cannabis-y-otras-drogas\/","url":"https:\/\/www.copealcoy.es\/es\/interceptado-un-vehiculo-en-cocentaina-con-una-planta-de-cannabis-y-otras-drogas\/","name":"Interceptado un veh\u00edculo en Cocentaina con una planta de cannabis y otras drogas - COPE Alcoy","isPartOf":{"@id":"https:\/\/www.copealcoy.es\/es\/#website"},"primaryImageOfPage":{"@id":"https:\/\/www.copealcoy.es\/es\/interceptado-un-vehiculo-en-cocentaina-con-una-planta-de-cannabis-y-otras-drogas\/#primaryimage"},"image":{"@id":"https:\/\/www.copealcoy.es\/es\/interceptado-un-vehiculo-en-cocentaina-con-una-planta-de-cannabis-y-otras-drogas\/#primaryimage"},"thumbnailUrl":"https:\/\/www.copealcoy.es\/wp-content\/uploads\/2023\/06\/355837149_795056608869642_5649528214778192787_n-1.jpg","datePublished":"2023-06-27T08:20:50+00:00","dateModified":"2023-06-27T10:25:54+00:00","author":{"@id":"https:\/\/www.copealcoy.es\/es\/#\/schema\/person\/e777c87fa024e57d40170af9df39882c"},"description":"Droga incautada en Cocentaina. Los hechos tuvieron lugar el pasado jueves 22 de junio. La Polic\u00eda Local de la Villa Condal intercept\u00f3 un veh\u00edculo que transportaba estupefacientes.","breadcrumb":{"@id":"https:\/\/www.copealcoy.es\/es\/interceptado-un-vehiculo-en-cocentaina-con-una-planta-de-cannabis-y-otras-drogas\/#breadcrumb"},"inLanguage":"es","potentialAction":[{"@type":"ReadAction","target":["https:\/\/www.copealcoy.es\/es\/interceptado-un-vehiculo-en-cocentaina-con-una-planta-de-cannabis-y-otras-drogas\/"]}]},{"@type":"ImageObject","inLanguage":"es","@id":"https:\/\/www.copealcoy.es\/es\/interceptado-un-vehiculo-en-cocentaina-con-una-planta-de-cannabis-y-otras-drogas\/#primaryimage","url":"https:\/\/www.copealcoy.es\/wp-content\/uploads\/2023\/06\/355837149_795056608869642_5649528214778192787_n-1.jpg","contentUrl":"https:\/\/www.copealcoy.es\/wp-content\/uploads\/2023\/06\/355837149_795056608869642_5649528214778192787_n-1.jpg","width":843,"height":700},{"@type":"BreadcrumbList","@id":"https:\/\/www.copealcoy.es\/es\/interceptado-un-vehiculo-en-cocentaina-con-una-planta-de-cannabis-y-otras-drogas\/#breadcrumb","itemListElement":[{"@type":"ListItem","position":1,"name":"Portada","item":"https:\/\/www.copealcoy.es\/es\/"},{"@type":"ListItem","position":2,"name":"Interceptado un veh\u00edculo en Cocentaina con una planta de cannabis y otras drogas"}]},{"@type":"WebSite","@id":"https:\/\/www.copealcoy.es\/es\/#website","url":"https:\/\/www.copealcoy.es\/es\/","name":"COPE Alcoy","description":"Emisora COPE de radio local con emisi\u00f3n online. Pont de Sant Jordi 8-10 03803 Alcoy","potentialAction":[{"@type":"SearchAction","target":{"@type":"EntryPoint","urlTemplate":"https:\/\/www.copealcoy.es\/es\/?s={search_term_string}"},"query-input":{"@type":"PropertyValueSpecification","valueRequired":true,"valueName":"search_term_string"}}],"inLanguage":"es"},{"@type":"Person","@id":"https:\/\/www.copealcoy.es\/es\/#\/schema\/person\/e777c87fa024e57d40170af9df39882c","name":"Cope Alcoy","image":{"@type":"ImageObject","inLanguage":"es","@id":"https:\/\/secure.gravatar.com\/avatar\/bb65d0283347e303893ba14f0692005417c1e0e690a325a4c5d8bb2b3943ee14?s=96&d=mm&r=g","url":"https:\/\/secure.gravatar.com\/avatar\/bb65d0283347e303893ba14f0692005417c1e0e690a325a4c5d8bb2b3943ee14?s=96&d=mm&r=g","contentUrl":"https:\/\/secure.gravatar.com\/avatar\/bb65d0283347e303893ba14f0692005417c1e0e690a325a4c5d8bb2b3943ee14?s=96&d=mm&r=g","caption":"Cope Alcoy"}}]}},"_links":{"self":[{"href":"https:\/\/www.copealcoy.es\/es\/wp-json\/wp\/v2\/posts\/118461","targetHints":{"allow":["GET"]}}],"collection":[{"href":"https:\/\/www.copealcoy.es\/es\/wp-json\/wp\/v2\/posts"}],"about":[{"href":"https:\/\/www.copealcoy.es\/es\/wp-json\/wp\/v2\/types\/post"}],"author":[{"embeddable":true,"href":"https:\/\/www.copealcoy.es\/es\/wp-json\/wp\/v2\/users\/1"}],"replies":[{"embeddable":true,"href":"https:\/\/www.copealcoy.es\/es\/wp-json\/wp\/v2\/comments?post=118461"}],"version-history":[{"count":0,"href":"https:\/\/www.copealcoy.es\/es\/wp-json\/wp\/v2\/posts\/118461\/revisions"}],"wp:featuredmedia":[{"embeddable":true,"href":"https:\/\/www.copealcoy.es\/es\/wp-json\/wp\/v2\/media\/118466"}],"wp:attachment":[{"href":"https:\/\/www.copealcoy.es\/es\/wp-json\/wp\/v2\/media?parent=118461"}],"wp:term":[{"taxonomy":"category","embeddable":true,"href":"https:\/\/www.copealcoy.es\/es\/wp-json\/wp\/v2\/categories?post=118461"},{"taxonomy":"post_tag","embeddable":true,"href":"https:\/\/www.copealcoy.es\/es\/wp-json\/wp\/v2\/tags?post=118461"}],"curies":[{"name":"wp","href":"https:\/\/api.w.org\/{rel}","templated":true}]}}