{"id":11841,"date":"2015-03-31T00:00:32","date_gmt":"2015-03-31T00:00:32","guid":{"rendered":"http:\/\/copealcoi.es\/new\/?p=11841"},"modified":"2015-04-04T00:24:58","modified_gmt":"2015-04-04T00:24:58","slug":"cocentaina-y-muro-celebran-la-semana-santa","status":"publish","type":"post","link":"https:\/\/www.copealcoy.es\/es\/cocentaina-y-muro-celebran-la-semana-santa\/","title":{"rendered":"Cocentaina y Muro celebran la Semana Santa"},"content":{"rendered":"<p style=\"text-align: justify;\">La Semana Santa tambi\u00e9n se vive en la comarca con numerosos actos. En Cocentaina el Jueves Santo todas las parroquias acoger\u00e1n las celebraciones de la Cena Vespertina del Se\u00f1or y seguidamente se cumplir\u00e1 con la tradici\u00f3n de la visita a los monumentos. A medianoche se celebrar\u00e1 la procesi\u00f3n del silencio que partir\u00e1 desde la iglesia de Santa Mar\u00eda con la presencia de la antiqu\u00edsima talla del Crist dels Llauradors. Por \u00faltimo durante la madrugada se celebrar\u00e1 la Adoraci\u00f3n Nocturna para mujeres, hombres y j\u00f3venes en la iglesia de las Clarisas, la parroquia de Santa Mar\u00eda y la iglesia del Salvador, respectivamente. El Viernes Santo comenzar\u00e1 en la Villa Condal con una novedad, y es que el V\u00eda Crucis interparroquial saldr\u00e1 desde el Monasterio de la Mare de D\u00e9u del Miracle, y se trasladar\u00e1 hasta el calvario de los Padres Franciscanos acompa\u00f1ando a la imagen del Nazareno. Por la tarde se realizar\u00e1n los habituales oficios en cada iglesia y a partir de las 20:30h se celebrar\u00e1 la procesi\u00f3n del Santo Entierro con la participaci\u00f3n de todas las cofrad\u00edas contestanas. \u00a0El S\u00e1bado Santo destacar\u00e1 por la Vigilia Pascual en las diferentes iglesias y el domingo se desarrollar\u00e1 el Encuentro Glorioso en el Pla entre la Dolorosa, el Resucitado y la imagen de San Juan poniendo as\u00ed el punto y final a la Semana Santa.<\/p>\n<p style=\"text-align: justify;\">En Muro el Jueves Santo contar\u00e1 con la misa y el V\u00eda Crucis a medianoche. Ma\u00f1ana Viernes Santo el templo parroquial ser\u00e1 escenario de la celebraci\u00f3n de la Pasi\u00f3n del Se\u00f1or a mediod\u00eda y por la noche, a las nueve, partir\u00e1 la procesi\u00f3n. Finalmente el S\u00e1bado Santo culminar\u00e1n las celebraciones con la Vigilia Pascual a medianoche, el disparo de una traca al finalizar y el canto de la Aurora.<\/p>\n<p style=\"text-align: justify;\">\n","protected":false},"excerpt":{"rendered":"<p>La Semana Santa tambi\u00e9n se vive en la comarca con numerosos actos. En Cocentaina el Jueves Santo todas las parroquias&#8230;<\/p>\n","protected":false},"author":1,"featured_media":11842,"comment_status":"open","ping_status":"open","sticky":false,"template":"","format":"standard","meta":{"footnotes":""},"categories":[98,75],"tags":[132,237,414,745,413],"class_list":["post-11841","post","type-post","status-publish","format-standard","has-post-thumbnail","hentry","category-comarcas","category-noticias","tag-cocentaina","tag-comtat","tag-cultura","tag-semana-santa","tag-tradicion"],"yoast_head":"<!-- This site is optimized with the Yoast SEO plugin v27.3 - https:\/\/yoast.com\/product\/yoast-seo-wordpress\/ -->\n<title>Cocentaina y Muro celebran la Semana Santa - COPE Alcoy<\/title>\n<meta name=\"robots\" content=\"index, follow, max-snippet:-1, max-image-preview:large, max-video-preview:-1\" \/>\n<link rel=\"canonical\" href=\"https:\/\/www.copealcoy.es\/es\/cocentaina-y-muro-celebran-la-semana-santa\/\" \/>\n<meta property=\"og:locale\" content=\"es_ES\" \/>\n<meta property=\"og:type\" content=\"article\" \/>\n<meta property=\"og:title\" content=\"Cocentaina y Muro celebran la Semana Santa - COPE Alcoy\" \/>\n<meta property=\"og:description\" content=\"La Semana Santa tambi\u00e9n se vive en la comarca con numerosos actos. En Cocentaina el Jueves Santo todas las parroquias...\" \/>\n<meta property=\"og:url\" content=\"https:\/\/www.copealcoy.es\/es\/cocentaina-y-muro-celebran-la-semana-santa\/\" \/>\n<meta property=\"og:site_name\" content=\"COPE Alcoy\" \/>\n<meta property=\"article:published_time\" content=\"2015-03-31T00:00:32+00:00\" \/>\n<meta property=\"article:modified_time\" content=\"2015-04-04T00:24:58+00:00\" \/>\n<meta property=\"og:image\" content=\"https:\/\/www.copealcoy.es\/wp-content\/uploads\/2015\/04\/11082491_10200484923201128_337472544017543227_o.jpg\" \/>\n\t<meta property=\"og:image:width\" content=\"629\" \/>\n\t<meta property=\"og:image:height\" content=\"399\" \/>\n\t<meta property=\"og:image:type\" content=\"image\/jpeg\" \/>\n<meta name=\"author\" content=\"Cope Alcoy\" \/>\n<meta name=\"twitter:label1\" content=\"Escrito por\" \/>\n\t<meta name=\"twitter:data1\" content=\"Cope Alcoy\" \/>\n\t<meta name=\"twitter:label2\" content=\"Tiempo de lectura\" \/>\n\t<meta name=\"twitter:data2\" content=\"2 minutos\" \/>\n<script type=\"application\/ld+json\" class=\"yoast-schema-graph\">{\"@context\":\"https:\\\/\\\/schema.org\",\"@graph\":[{\"@type\":\"Article\",\"@id\":\"https:\\\/\\\/www.copealcoy.es\\\/es\\\/cocentaina-y-muro-celebran-la-semana-santa\\\/#article\",\"isPartOf\":{\"@id\":\"https:\\\/\\\/www.copealcoy.es\\\/es\\\/cocentaina-y-muro-celebran-la-semana-santa\\\/\"},\"author\":{\"name\":\"Cope Alcoy\",\"@id\":\"https:\\\/\\\/www.copealcoy.es\\\/es\\\/#\\\/schema\\\/person\\\/e777c87fa024e57d40170af9df39882c\"},\"headline\":\"Cocentaina y Muro celebran la Semana Santa\",\"datePublished\":\"2015-03-31T00:00:32+00:00\",\"dateModified\":\"2015-04-04T00:24:58+00:00\",\"mainEntityOfPage\":{\"@id\":\"https:\\\/\\\/www.copealcoy.es\\\/es\\\/cocentaina-y-muro-celebran-la-semana-santa\\\/\"},\"wordCount\":325,\"commentCount\":0,\"image\":{\"@id\":\"https:\\\/\\\/www.copealcoy.es\\\/es\\\/cocentaina-y-muro-celebran-la-semana-santa\\\/#primaryimage\"},\"thumbnailUrl\":\"https:\\\/\\\/www.copealcoy.es\\\/wp-content\\\/uploads\\\/2015\\\/04\\\/11082491_10200484923201128_337472544017543227_o.jpg\",\"keywords\":[\"Cocentaina\",\"Comtat\",\"Cultura\",\"Semana Santa\",\"Tradici\u00f3n\"],\"articleSection\":[\"Comarcas\",\"Noticias\"],\"inLanguage\":\"es\"},{\"@type\":\"WebPage\",\"@id\":\"https:\\\/\\\/www.copealcoy.es\\\/es\\\/cocentaina-y-muro-celebran-la-semana-santa\\\/\",\"url\":\"https:\\\/\\\/www.copealcoy.es\\\/es\\\/cocentaina-y-muro-celebran-la-semana-santa\\\/\",\"name\":\"Cocentaina y Muro celebran la Semana Santa - COPE Alcoy\",\"isPartOf\":{\"@id\":\"https:\\\/\\\/www.copealcoy.es\\\/es\\\/#website\"},\"primaryImageOfPage\":{\"@id\":\"https:\\\/\\\/www.copealcoy.es\\\/es\\\/cocentaina-y-muro-celebran-la-semana-santa\\\/#primaryimage\"},\"image\":{\"@id\":\"https:\\\/\\\/www.copealcoy.es\\\/es\\\/cocentaina-y-muro-celebran-la-semana-santa\\\/#primaryimage\"},\"thumbnailUrl\":\"https:\\\/\\\/www.copealcoy.es\\\/wp-content\\\/uploads\\\/2015\\\/04\\\/11082491_10200484923201128_337472544017543227_o.jpg\",\"datePublished\":\"2015-03-31T00:00:32+00:00\",\"dateModified\":\"2015-04-04T00:24:58+00:00\",\"author\":{\"@id\":\"https:\\\/\\\/www.copealcoy.es\\\/es\\\/#\\\/schema\\\/person\\\/e777c87fa024e57d40170af9df39882c\"},\"breadcrumb\":{\"@id\":\"https:\\\/\\\/www.copealcoy.es\\\/es\\\/cocentaina-y-muro-celebran-la-semana-santa\\\/#breadcrumb\"},\"inLanguage\":\"es\",\"potentialAction\":[{\"@type\":\"ReadAction\",\"target\":[\"https:\\\/\\\/www.copealcoy.es\\\/es\\\/cocentaina-y-muro-celebran-la-semana-santa\\\/\"]}]},{\"@type\":\"ImageObject\",\"inLanguage\":\"es\",\"@id\":\"https:\\\/\\\/www.copealcoy.es\\\/es\\\/cocentaina-y-muro-celebran-la-semana-santa\\\/#primaryimage\",\"url\":\"https:\\\/\\\/www.copealcoy.es\\\/wp-content\\\/uploads\\\/2015\\\/04\\\/11082491_10200484923201128_337472544017543227_o.jpg\",\"contentUrl\":\"https:\\\/\\\/www.copealcoy.es\\\/wp-content\\\/uploads\\\/2015\\\/04\\\/11082491_10200484923201128_337472544017543227_o.jpg\",\"width\":629,\"height\":399,\"caption\":\"Procesi\u00f3n de La Dolorosa el domingo en Cocentaina. Foto: Paco Sempere\"},{\"@type\":\"BreadcrumbList\",\"@id\":\"https:\\\/\\\/www.copealcoy.es\\\/es\\\/cocentaina-y-muro-celebran-la-semana-santa\\\/#breadcrumb\",\"itemListElement\":[{\"@type\":\"ListItem\",\"position\":1,\"name\":\"Portada\",\"item\":\"https:\\\/\\\/www.copealcoy.es\\\/es\\\/\"},{\"@type\":\"ListItem\",\"position\":2,\"name\":\"Cocentaina y Muro celebran la Semana Santa\"}]},{\"@type\":\"WebSite\",\"@id\":\"https:\\\/\\\/www.copealcoy.es\\\/es\\\/#website\",\"url\":\"https:\\\/\\\/www.copealcoy.es\\\/es\\\/\",\"name\":\"COPE Alcoy\",\"description\":\"Emisora COPE de radio local con emisi\u00f3n online. Pont de Sant Jordi 8-10 03803 Alcoy\",\"potentialAction\":[{\"@type\":\"SearchAction\",\"target\":{\"@type\":\"EntryPoint\",\"urlTemplate\":\"https:\\\/\\\/www.copealcoy.es\\\/es\\\/?s={search_term_string}\"},\"query-input\":{\"@type\":\"PropertyValueSpecification\",\"valueRequired\":true,\"valueName\":\"search_term_string\"}}],\"inLanguage\":\"es\"},{\"@type\":\"Person\",\"@id\":\"https:\\\/\\\/www.copealcoy.es\\\/es\\\/#\\\/schema\\\/person\\\/e777c87fa024e57d40170af9df39882c\",\"name\":\"Cope Alcoy\",\"image\":{\"@type\":\"ImageObject\",\"inLanguage\":\"es\",\"@id\":\"https:\\\/\\\/secure.gravatar.com\\\/avatar\\\/bb65d0283347e303893ba14f0692005417c1e0e690a325a4c5d8bb2b3943ee14?s=96&d=mm&r=g\",\"url\":\"https:\\\/\\\/secure.gravatar.com\\\/avatar\\\/bb65d0283347e303893ba14f0692005417c1e0e690a325a4c5d8bb2b3943ee14?s=96&d=mm&r=g\",\"contentUrl\":\"https:\\\/\\\/secure.gravatar.com\\\/avatar\\\/bb65d0283347e303893ba14f0692005417c1e0e690a325a4c5d8bb2b3943ee14?s=96&d=mm&r=g\",\"caption\":\"Cope Alcoy\"}}]}<\/script>\n<!-- \/ Yoast SEO plugin. -->","yoast_head_json":{"title":"Cocentaina y Muro celebran la Semana Santa - COPE Alcoy","robots":{"index":"index","follow":"follow","max-snippet":"max-snippet:-1","max-image-preview":"max-image-preview:large","max-video-preview":"max-video-preview:-1"},"canonical":"https:\/\/www.copealcoy.es\/es\/cocentaina-y-muro-celebran-la-semana-santa\/","og_locale":"es_ES","og_type":"article","og_title":"Cocentaina y Muro celebran la Semana Santa - COPE Alcoy","og_description":"La Semana Santa tambi\u00e9n se vive en la comarca con numerosos actos. En Cocentaina el Jueves Santo todas las parroquias...","og_url":"https:\/\/www.copealcoy.es\/es\/cocentaina-y-muro-celebran-la-semana-santa\/","og_site_name":"COPE Alcoy","article_published_time":"2015-03-31T00:00:32+00:00","article_modified_time":"2015-04-04T00:24:58+00:00","og_image":[{"width":629,"height":399,"url":"https:\/\/www.copealcoy.es\/wp-content\/uploads\/2015\/04\/11082491_10200484923201128_337472544017543227_o.jpg","type":"image\/jpeg"}],"author":"Cope Alcoy","twitter_misc":{"Escrito por":"Cope Alcoy","Tiempo de lectura":"2 minutos"},"schema":{"@context":"https:\/\/schema.org","@graph":[{"@type":"Article","@id":"https:\/\/www.copealcoy.es\/es\/cocentaina-y-muro-celebran-la-semana-santa\/#article","isPartOf":{"@id":"https:\/\/www.copealcoy.es\/es\/cocentaina-y-muro-celebran-la-semana-santa\/"},"author":{"name":"Cope Alcoy","@id":"https:\/\/www.copealcoy.es\/es\/#\/schema\/person\/e777c87fa024e57d40170af9df39882c"},"headline":"Cocentaina y Muro celebran la Semana Santa","datePublished":"2015-03-31T00:00:32+00:00","dateModified":"2015-04-04T00:24:58+00:00","mainEntityOfPage":{"@id":"https:\/\/www.copealcoy.es\/es\/cocentaina-y-muro-celebran-la-semana-santa\/"},"wordCount":325,"commentCount":0,"image":{"@id":"https:\/\/www.copealcoy.es\/es\/cocentaina-y-muro-celebran-la-semana-santa\/#primaryimage"},"thumbnailUrl":"https:\/\/www.copealcoy.es\/wp-content\/uploads\/2015\/04\/11082491_10200484923201128_337472544017543227_o.jpg","keywords":["Cocentaina","Comtat","Cultura","Semana Santa","Tradici\u00f3n"],"articleSection":["Comarcas","Noticias"],"inLanguage":"es"},{"@type":"WebPage","@id":"https:\/\/www.copealcoy.es\/es\/cocentaina-y-muro-celebran-la-semana-santa\/","url":"https:\/\/www.copealcoy.es\/es\/cocentaina-y-muro-celebran-la-semana-santa\/","name":"Cocentaina y Muro celebran la Semana Santa - COPE Alcoy","isPartOf":{"@id":"https:\/\/www.copealcoy.es\/es\/#website"},"primaryImageOfPage":{"@id":"https:\/\/www.copealcoy.es\/es\/cocentaina-y-muro-celebran-la-semana-santa\/#primaryimage"},"image":{"@id":"https:\/\/www.copealcoy.es\/es\/cocentaina-y-muro-celebran-la-semana-santa\/#primaryimage"},"thumbnailUrl":"https:\/\/www.copealcoy.es\/wp-content\/uploads\/2015\/04\/11082491_10200484923201128_337472544017543227_o.jpg","datePublished":"2015-03-31T00:00:32+00:00","dateModified":"2015-04-04T00:24:58+00:00","author":{"@id":"https:\/\/www.copealcoy.es\/es\/#\/schema\/person\/e777c87fa024e57d40170af9df39882c"},"breadcrumb":{"@id":"https:\/\/www.copealcoy.es\/es\/cocentaina-y-muro-celebran-la-semana-santa\/#breadcrumb"},"inLanguage":"es","potentialAction":[{"@type":"ReadAction","target":["https:\/\/www.copealcoy.es\/es\/cocentaina-y-muro-celebran-la-semana-santa\/"]}]},{"@type":"ImageObject","inLanguage":"es","@id":"https:\/\/www.copealcoy.es\/es\/cocentaina-y-muro-celebran-la-semana-santa\/#primaryimage","url":"https:\/\/www.copealcoy.es\/wp-content\/uploads\/2015\/04\/11082491_10200484923201128_337472544017543227_o.jpg","contentUrl":"https:\/\/www.copealcoy.es\/wp-content\/uploads\/2015\/04\/11082491_10200484923201128_337472544017543227_o.jpg","width":629,"height":399,"caption":"Procesi\u00f3n de La Dolorosa el domingo en Cocentaina. Foto: Paco Sempere"},{"@type":"BreadcrumbList","@id":"https:\/\/www.copealcoy.es\/es\/cocentaina-y-muro-celebran-la-semana-santa\/#breadcrumb","itemListElement":[{"@type":"ListItem","position":1,"name":"Portada","item":"https:\/\/www.copealcoy.es\/es\/"},{"@type":"ListItem","position":2,"name":"Cocentaina y Muro celebran la Semana Santa"}]},{"@type":"WebSite","@id":"https:\/\/www.copealcoy.es\/es\/#website","url":"https:\/\/www.copealcoy.es\/es\/","name":"COPE Alcoy","description":"Emisora COPE de radio local con emisi\u00f3n online. Pont de Sant Jordi 8-10 03803 Alcoy","potentialAction":[{"@type":"SearchAction","target":{"@type":"EntryPoint","urlTemplate":"https:\/\/www.copealcoy.es\/es\/?s={search_term_string}"},"query-input":{"@type":"PropertyValueSpecification","valueRequired":true,"valueName":"search_term_string"}}],"inLanguage":"es"},{"@type":"Person","@id":"https:\/\/www.copealcoy.es\/es\/#\/schema\/person\/e777c87fa024e57d40170af9df39882c","name":"Cope Alcoy","image":{"@type":"ImageObject","inLanguage":"es","@id":"https:\/\/secure.gravatar.com\/avatar\/bb65d0283347e303893ba14f0692005417c1e0e690a325a4c5d8bb2b3943ee14?s=96&d=mm&r=g","url":"https:\/\/secure.gravatar.com\/avatar\/bb65d0283347e303893ba14f0692005417c1e0e690a325a4c5d8bb2b3943ee14?s=96&d=mm&r=g","contentUrl":"https:\/\/secure.gravatar.com\/avatar\/bb65d0283347e303893ba14f0692005417c1e0e690a325a4c5d8bb2b3943ee14?s=96&d=mm&r=g","caption":"Cope Alcoy"}}]}},"_links":{"self":[{"href":"https:\/\/www.copealcoy.es\/es\/wp-json\/wp\/v2\/posts\/11841","targetHints":{"allow":["GET"]}}],"collection":[{"href":"https:\/\/www.copealcoy.es\/es\/wp-json\/wp\/v2\/posts"}],"about":[{"href":"https:\/\/www.copealcoy.es\/es\/wp-json\/wp\/v2\/types\/post"}],"author":[{"embeddable":true,"href":"https:\/\/www.copealcoy.es\/es\/wp-json\/wp\/v2\/users\/1"}],"replies":[{"embeddable":true,"href":"https:\/\/www.copealcoy.es\/es\/wp-json\/wp\/v2\/comments?post=11841"}],"version-history":[{"count":0,"href":"https:\/\/www.copealcoy.es\/es\/wp-json\/wp\/v2\/posts\/11841\/revisions"}],"wp:featuredmedia":[{"embeddable":true,"href":"https:\/\/www.copealcoy.es\/es\/wp-json\/wp\/v2\/media\/11842"}],"wp:attachment":[{"href":"https:\/\/www.copealcoy.es\/es\/wp-json\/wp\/v2\/media?parent=11841"}],"wp:term":[{"taxonomy":"category","embeddable":true,"href":"https:\/\/www.copealcoy.es\/es\/wp-json\/wp\/v2\/categories?post=11841"},{"taxonomy":"post_tag","embeddable":true,"href":"https:\/\/www.copealcoy.es\/es\/wp-json\/wp\/v2\/tags?post=11841"}],"curies":[{"name":"wp","href":"https:\/\/api.w.org\/{rel}","templated":true}]}}