{"id":118406,"date":"2023-06-26T11:21:31","date_gmt":"2023-06-26T10:21:31","guid":{"rendered":"https:\/\/www.copealcoy.es\/?p=118406"},"modified":"2023-06-26T12:39:21","modified_gmt":"2023-06-26T11:39:21","slug":"alcoy-y-comarca-el-destino-de-interior-perfecto-para-los-que-buscan-la-tranquilidad-este-verano","status":"publish","type":"post","link":"https:\/\/www.copealcoy.es\/es\/alcoy-y-comarca-el-destino-de-interior-perfecto-para-los-que-buscan-la-tranquilidad-este-verano\/","title":{"rendered":"Alcoy y comarca, el destino de interior perfecto para los que buscan la tranquilidad este verano"},"content":{"rendered":"<audio class=\"wp-audio-shortcode\" id=\"audio-118406-1\" preload=\"none\" style=\"width: 100%;\" controls=\"controls\"><source type=\"audio\/mpeg\" src=\"https:\/\/www.copealcoy.es\/wp-content\/uploads\/2023\/06\/ENTREVISTA-INDIRA.mp3?_=1\" \/><a href=\"https:\/\/www.copealcoy.es\/wp-content\/uploads\/2023\/06\/ENTREVISTA-INDIRA.mp3\">https:\/\/www.copealcoy.es\/wp-content\/uploads\/2023\/06\/ENTREVISTA-INDIRA.mp3<\/a><\/audio>\n<p>&nbsp;<\/p>\n<p>En pleno verano, se acercan las vacaciones y <strong>comienza la temporada alta a nivel tur\u00edstico<\/strong>. Aunque <strong>Alcoy<\/strong> no recibe las grandes cantidades de gente que, por ejemplo, visitan Benidorm en verano, s\u00ed que <strong>se posiciona como una opci\u00f3n que va ganando m\u00e1s fuerza cada vez: el turismo de interior<\/strong>.<\/p>\n<p>&#8220;El interior de Alicante se presenta como una alternativa tanto para los que quieren lugares destinos como repetir, porque <strong>ofrecemos un destino tranquilo, en el que no hay competencia<\/strong>&#8220;, ha asegurado <strong>Indira Amaya<\/strong>, presidenta de la<strong> Asociaci\u00f3n Alicante Interior<\/strong>, en declaraciones a <strong>Cope Alcoy<\/strong>.<\/p>\n<p>Y es que, por el momento, a\u00fan hay disponibilidad para este tipo de destinos. &#8220;Hay alojamientos en ciudad, en pueblos y en el entorno rural. Son una alternativa porque <strong>no hay a\u00fan una ocupaci\u00f3n al 100%<\/strong>. Todav\u00eda hay muchas posibilidades de reserva en estos sitios para asegurarse un descanso y unas vacaciones agradables&#8221;, a\u00f1ade Amaya.<\/p>\n<p><strong>\u00bfQu\u00e9 ofrece la comarca?<\/strong><\/p>\n<p>El entorno privilegiado, con una <strong>orograf\u00eda \u00fanica<\/strong>, con el que cuenta el interior de Alicante -y, en concreto, Alcoy y la comarca-, ofrecen posibilidades enfocadas a un turismo de monta\u00f1a. Cuenta con m\u00faltiples <strong>rutas para hacer senderismo, ciclismo, paseos a caballo&#8230;<\/strong><\/p>\n<p>&#8220;El entorno invita a los que buscan tranquilidad. Adem\u00e1s, nuestra zona <strong>ofrece platos t\u00edpicos y \u00fanicos: pericana, arroz de monta\u00f1a, pimientos rellenos&#8230;<\/strong>&#8220;, explica Amaya.<\/p>\n<p><strong>Un turismo de fin de semana<\/strong><\/p>\n<p>El turismo que la zona de Alcoy ofrece se basa, asegura Amaya, en el visitante nacional. &#8220;El nuestro no es un destino donde podamos asegurar una ocupaci\u00f3n en verano gracias a los extranjeros. <strong>El turismo que tenemos es de proximidad. El visitante busca solo venir los fines de semana<\/strong>&#8220;. Y esto es algo en lo que trabajan para poder cambiarlo. &#8220;A nosotros nos vendr\u00eda muy bien poder aumentar esa ocupaci\u00f3n tambi\u00e9n de domingo a jueves. <strong>Promocionar el destino y darnos a conocer es una carrera de fondo<\/strong>&#8220;. Para conseguirlo se necesita una actuaci\u00f3n conjunta. &#8220;No solo depende de los asociaciones, tambi\u00e9n de las autoridades, de las personas, de los comercios&#8230;&#8221;.<\/p>\n","protected":false},"excerpt":{"rendered":"<p>&nbsp; En pleno verano, se acercan las vacaciones y comienza la temporada alta a nivel tur\u00edstico. Aunque Alcoy no recibe&#8230;<\/p>\n","protected":false},"author":1,"featured_media":76593,"comment_status":"open","ping_status":"open","sticky":false,"template":"","format":"standard","meta":{"footnotes":""},"categories":[6909,97,75],"tags":[1494,3474,514,1149],"class_list":["post-118406","post","type-post","status-publish","format-standard","has-post-thumbnail","hentry","category-actualidad","category-alcoy","category-noticias","tag-alcoy","tag-alicante-interior","tag-turismo","tag-verano"],"yoast_head":"<!-- This site is optimized with the Yoast SEO plugin v27.3 - https:\/\/yoast.com\/product\/yoast-seo-wordpress\/ -->\n<title>Alcoy y comarca, el destino de interior perfecto para los que buscan la tranquilidad este verano - COPE Alcoy<\/title>\n<meta name=\"description\" content=\"En pleno verano, se acercan las vacaciones comienza la temporada alta a nivel tur\u00edstico. Aunque Alcoy no recibe las grandes cantidades de gente que, por ejemplo, visitan Benidorm en verano, s\u00ed que se posiciona como una opci\u00f3n que va ganando m\u00e1s fuerza cada vez: el turismo de interior.\" \/>\n<meta name=\"robots\" content=\"index, follow, max-snippet:-1, max-image-preview:large, max-video-preview:-1\" \/>\n<link rel=\"canonical\" href=\"https:\/\/www.copealcoy.es\/es\/alcoy-y-comarca-el-destino-de-interior-perfecto-para-los-que-buscan-la-tranquilidad-este-verano\/\" \/>\n<meta property=\"og:locale\" content=\"es_ES\" \/>\n<meta property=\"og:type\" content=\"article\" \/>\n<meta property=\"og:title\" content=\"Alcoy y comarca, el destino de interior perfecto para los que buscan la tranquilidad este verano - COPE Alcoy\" \/>\n<meta property=\"og:description\" content=\"En pleno verano, se acercan las vacaciones comienza la temporada alta a nivel tur\u00edstico. Aunque Alcoy no recibe las grandes cantidades de gente que, por ejemplo, visitan Benidorm en verano, s\u00ed que se posiciona como una opci\u00f3n que va ganando m\u00e1s fuerza cada vez: el turismo de interior.\" \/>\n<meta property=\"og:url\" content=\"https:\/\/www.copealcoy.es\/es\/alcoy-y-comarca-el-destino-de-interior-perfecto-para-los-que-buscan-la-tranquilidad-este-verano\/\" \/>\n<meta property=\"og:site_name\" content=\"COPE Alcoy\" \/>\n<meta property=\"article:published_time\" content=\"2023-06-26T10:21:31+00:00\" \/>\n<meta property=\"article:modified_time\" content=\"2023-06-26T11:39:21+00:00\" \/>\n<meta property=\"og:image\" content=\"https:\/\/www.copealcoy.es\/wp-content\/uploads\/2021\/08\/unnamed-scaled.jpg\" \/>\n\t<meta property=\"og:image:width\" content=\"2560\" \/>\n\t<meta property=\"og:image:height\" content=\"1549\" \/>\n\t<meta property=\"og:image:type\" content=\"image\/jpeg\" \/>\n<meta name=\"author\" content=\"Cope Alcoy\" \/>\n<meta name=\"twitter:label1\" content=\"Escrito por\" \/>\n\t<meta name=\"twitter:data1\" content=\"Cope Alcoy\" \/>\n\t<meta name=\"twitter:label2\" content=\"Tiempo de lectura\" \/>\n\t<meta name=\"twitter:data2\" content=\"2 minutos\" \/>\n<script type=\"application\/ld+json\" class=\"yoast-schema-graph\">{\"@context\":\"https:\\\/\\\/schema.org\",\"@graph\":[{\"@type\":\"Article\",\"@id\":\"https:\\\/\\\/www.copealcoy.es\\\/es\\\/alcoy-y-comarca-el-destino-de-interior-perfecto-para-los-que-buscan-la-tranquilidad-este-verano\\\/#article\",\"isPartOf\":{\"@id\":\"https:\\\/\\\/www.copealcoy.es\\\/es\\\/alcoy-y-comarca-el-destino-de-interior-perfecto-para-los-que-buscan-la-tranquilidad-este-verano\\\/\"},\"author\":{\"name\":\"Cope Alcoy\",\"@id\":\"https:\\\/\\\/www.copealcoy.es\\\/es\\\/#\\\/schema\\\/person\\\/e777c87fa024e57d40170af9df39882c\"},\"headline\":\"Alcoy y comarca, el destino de interior perfecto para los que buscan la tranquilidad este verano\",\"datePublished\":\"2023-06-26T10:21:31+00:00\",\"dateModified\":\"2023-06-26T11:39:21+00:00\",\"mainEntityOfPage\":{\"@id\":\"https:\\\/\\\/www.copealcoy.es\\\/es\\\/alcoy-y-comarca-el-destino-de-interior-perfecto-para-los-que-buscan-la-tranquilidad-este-verano\\\/\"},\"wordCount\":381,\"commentCount\":0,\"image\":{\"@id\":\"https:\\\/\\\/www.copealcoy.es\\\/es\\\/alcoy-y-comarca-el-destino-de-interior-perfecto-para-los-que-buscan-la-tranquilidad-este-verano\\\/#primaryimage\"},\"thumbnailUrl\":\"https:\\\/\\\/www.copealcoy.es\\\/wp-content\\\/uploads\\\/2021\\\/08\\\/unnamed-scaled.jpg\",\"keywords\":[\"Alcoy\",\"Alicante Interior\",\"Turismo\",\"Verano\"],\"articleSection\":[\"Actualidad\",\"Alcoy\",\"Noticias\"],\"inLanguage\":\"es\"},{\"@type\":\"WebPage\",\"@id\":\"https:\\\/\\\/www.copealcoy.es\\\/es\\\/alcoy-y-comarca-el-destino-de-interior-perfecto-para-los-que-buscan-la-tranquilidad-este-verano\\\/\",\"url\":\"https:\\\/\\\/www.copealcoy.es\\\/es\\\/alcoy-y-comarca-el-destino-de-interior-perfecto-para-los-que-buscan-la-tranquilidad-este-verano\\\/\",\"name\":\"Alcoy y comarca, el destino de interior perfecto para los que buscan la tranquilidad este verano - COPE Alcoy\",\"isPartOf\":{\"@id\":\"https:\\\/\\\/www.copealcoy.es\\\/es\\\/#website\"},\"primaryImageOfPage\":{\"@id\":\"https:\\\/\\\/www.copealcoy.es\\\/es\\\/alcoy-y-comarca-el-destino-de-interior-perfecto-para-los-que-buscan-la-tranquilidad-este-verano\\\/#primaryimage\"},\"image\":{\"@id\":\"https:\\\/\\\/www.copealcoy.es\\\/es\\\/alcoy-y-comarca-el-destino-de-interior-perfecto-para-los-que-buscan-la-tranquilidad-este-verano\\\/#primaryimage\"},\"thumbnailUrl\":\"https:\\\/\\\/www.copealcoy.es\\\/wp-content\\\/uploads\\\/2021\\\/08\\\/unnamed-scaled.jpg\",\"datePublished\":\"2023-06-26T10:21:31+00:00\",\"dateModified\":\"2023-06-26T11:39:21+00:00\",\"author\":{\"@id\":\"https:\\\/\\\/www.copealcoy.es\\\/es\\\/#\\\/schema\\\/person\\\/e777c87fa024e57d40170af9df39882c\"},\"description\":\"En pleno verano, se acercan las vacaciones comienza la temporada alta a nivel tur\u00edstico. Aunque Alcoy no recibe las grandes cantidades de gente que, por ejemplo, visitan Benidorm en verano, s\u00ed que se posiciona como una opci\u00f3n que va ganando m\u00e1s fuerza cada vez: el turismo de interior.\",\"breadcrumb\":{\"@id\":\"https:\\\/\\\/www.copealcoy.es\\\/es\\\/alcoy-y-comarca-el-destino-de-interior-perfecto-para-los-que-buscan-la-tranquilidad-este-verano\\\/#breadcrumb\"},\"inLanguage\":\"es\",\"potentialAction\":[{\"@type\":\"ReadAction\",\"target\":[\"https:\\\/\\\/www.copealcoy.es\\\/es\\\/alcoy-y-comarca-el-destino-de-interior-perfecto-para-los-que-buscan-la-tranquilidad-este-verano\\\/\"]}]},{\"@type\":\"ImageObject\",\"inLanguage\":\"es\",\"@id\":\"https:\\\/\\\/www.copealcoy.es\\\/es\\\/alcoy-y-comarca-el-destino-de-interior-perfecto-para-los-que-buscan-la-tranquilidad-este-verano\\\/#primaryimage\",\"url\":\"https:\\\/\\\/www.copealcoy.es\\\/wp-content\\\/uploads\\\/2021\\\/08\\\/unnamed-scaled.jpg\",\"contentUrl\":\"https:\\\/\\\/www.copealcoy.es\\\/wp-content\\\/uploads\\\/2021\\\/08\\\/unnamed-scaled.jpg\",\"width\":2560,\"height\":1549},{\"@type\":\"BreadcrumbList\",\"@id\":\"https:\\\/\\\/www.copealcoy.es\\\/es\\\/alcoy-y-comarca-el-destino-de-interior-perfecto-para-los-que-buscan-la-tranquilidad-este-verano\\\/#breadcrumb\",\"itemListElement\":[{\"@type\":\"ListItem\",\"position\":1,\"name\":\"Portada\",\"item\":\"https:\\\/\\\/www.copealcoy.es\\\/es\\\/\"},{\"@type\":\"ListItem\",\"position\":2,\"name\":\"Alcoy y comarca, el destino de interior perfecto para los que buscan la tranquilidad este verano\"}]},{\"@type\":\"WebSite\",\"@id\":\"https:\\\/\\\/www.copealcoy.es\\\/es\\\/#website\",\"url\":\"https:\\\/\\\/www.copealcoy.es\\\/es\\\/\",\"name\":\"COPE Alcoy\",\"description\":\"Emisora COPE de radio local con emisi\u00f3n online. Pont de Sant Jordi 8-10 03803 Alcoy\",\"potentialAction\":[{\"@type\":\"SearchAction\",\"target\":{\"@type\":\"EntryPoint\",\"urlTemplate\":\"https:\\\/\\\/www.copealcoy.es\\\/es\\\/?s={search_term_string}\"},\"query-input\":{\"@type\":\"PropertyValueSpecification\",\"valueRequired\":true,\"valueName\":\"search_term_string\"}}],\"inLanguage\":\"es\"},{\"@type\":\"Person\",\"@id\":\"https:\\\/\\\/www.copealcoy.es\\\/es\\\/#\\\/schema\\\/person\\\/e777c87fa024e57d40170af9df39882c\",\"name\":\"Cope Alcoy\",\"image\":{\"@type\":\"ImageObject\",\"inLanguage\":\"es\",\"@id\":\"https:\\\/\\\/secure.gravatar.com\\\/avatar\\\/bb65d0283347e303893ba14f0692005417c1e0e690a325a4c5d8bb2b3943ee14?s=96&d=mm&r=g\",\"url\":\"https:\\\/\\\/secure.gravatar.com\\\/avatar\\\/bb65d0283347e303893ba14f0692005417c1e0e690a325a4c5d8bb2b3943ee14?s=96&d=mm&r=g\",\"contentUrl\":\"https:\\\/\\\/secure.gravatar.com\\\/avatar\\\/bb65d0283347e303893ba14f0692005417c1e0e690a325a4c5d8bb2b3943ee14?s=96&d=mm&r=g\",\"caption\":\"Cope Alcoy\"}}]}<\/script>\n<!-- \/ Yoast SEO plugin. -->","yoast_head_json":{"title":"Alcoy y comarca, el destino de interior perfecto para los que buscan la tranquilidad este verano - COPE Alcoy","description":"En pleno verano, se acercan las vacaciones comienza la temporada alta a nivel tur\u00edstico. Aunque Alcoy no recibe las grandes cantidades de gente que, por ejemplo, visitan Benidorm en verano, s\u00ed que se posiciona como una opci\u00f3n que va ganando m\u00e1s fuerza cada vez: el turismo de interior.","robots":{"index":"index","follow":"follow","max-snippet":"max-snippet:-1","max-image-preview":"max-image-preview:large","max-video-preview":"max-video-preview:-1"},"canonical":"https:\/\/www.copealcoy.es\/es\/alcoy-y-comarca-el-destino-de-interior-perfecto-para-los-que-buscan-la-tranquilidad-este-verano\/","og_locale":"es_ES","og_type":"article","og_title":"Alcoy y comarca, el destino de interior perfecto para los que buscan la tranquilidad este verano - COPE Alcoy","og_description":"En pleno verano, se acercan las vacaciones comienza la temporada alta a nivel tur\u00edstico. Aunque Alcoy no recibe las grandes cantidades de gente que, por ejemplo, visitan Benidorm en verano, s\u00ed que se posiciona como una opci\u00f3n que va ganando m\u00e1s fuerza cada vez: el turismo de interior.","og_url":"https:\/\/www.copealcoy.es\/es\/alcoy-y-comarca-el-destino-de-interior-perfecto-para-los-que-buscan-la-tranquilidad-este-verano\/","og_site_name":"COPE Alcoy","article_published_time":"2023-06-26T10:21:31+00:00","article_modified_time":"2023-06-26T11:39:21+00:00","og_image":[{"width":2560,"height":1549,"url":"https:\/\/www.copealcoy.es\/wp-content\/uploads\/2021\/08\/unnamed-scaled.jpg","type":"image\/jpeg"}],"author":"Cope Alcoy","twitter_misc":{"Escrito por":"Cope Alcoy","Tiempo de lectura":"2 minutos"},"schema":{"@context":"https:\/\/schema.org","@graph":[{"@type":"Article","@id":"https:\/\/www.copealcoy.es\/es\/alcoy-y-comarca-el-destino-de-interior-perfecto-para-los-que-buscan-la-tranquilidad-este-verano\/#article","isPartOf":{"@id":"https:\/\/www.copealcoy.es\/es\/alcoy-y-comarca-el-destino-de-interior-perfecto-para-los-que-buscan-la-tranquilidad-este-verano\/"},"author":{"name":"Cope Alcoy","@id":"https:\/\/www.copealcoy.es\/es\/#\/schema\/person\/e777c87fa024e57d40170af9df39882c"},"headline":"Alcoy y comarca, el destino de interior perfecto para los que buscan la tranquilidad este verano","datePublished":"2023-06-26T10:21:31+00:00","dateModified":"2023-06-26T11:39:21+00:00","mainEntityOfPage":{"@id":"https:\/\/www.copealcoy.es\/es\/alcoy-y-comarca-el-destino-de-interior-perfecto-para-los-que-buscan-la-tranquilidad-este-verano\/"},"wordCount":381,"commentCount":0,"image":{"@id":"https:\/\/www.copealcoy.es\/es\/alcoy-y-comarca-el-destino-de-interior-perfecto-para-los-que-buscan-la-tranquilidad-este-verano\/#primaryimage"},"thumbnailUrl":"https:\/\/www.copealcoy.es\/wp-content\/uploads\/2021\/08\/unnamed-scaled.jpg","keywords":["Alcoy","Alicante Interior","Turismo","Verano"],"articleSection":["Actualidad","Alcoy","Noticias"],"inLanguage":"es"},{"@type":"WebPage","@id":"https:\/\/www.copealcoy.es\/es\/alcoy-y-comarca-el-destino-de-interior-perfecto-para-los-que-buscan-la-tranquilidad-este-verano\/","url":"https:\/\/www.copealcoy.es\/es\/alcoy-y-comarca-el-destino-de-interior-perfecto-para-los-que-buscan-la-tranquilidad-este-verano\/","name":"Alcoy y comarca, el destino de interior perfecto para los que buscan la tranquilidad este verano - COPE Alcoy","isPartOf":{"@id":"https:\/\/www.copealcoy.es\/es\/#website"},"primaryImageOfPage":{"@id":"https:\/\/www.copealcoy.es\/es\/alcoy-y-comarca-el-destino-de-interior-perfecto-para-los-que-buscan-la-tranquilidad-este-verano\/#primaryimage"},"image":{"@id":"https:\/\/www.copealcoy.es\/es\/alcoy-y-comarca-el-destino-de-interior-perfecto-para-los-que-buscan-la-tranquilidad-este-verano\/#primaryimage"},"thumbnailUrl":"https:\/\/www.copealcoy.es\/wp-content\/uploads\/2021\/08\/unnamed-scaled.jpg","datePublished":"2023-06-26T10:21:31+00:00","dateModified":"2023-06-26T11:39:21+00:00","author":{"@id":"https:\/\/www.copealcoy.es\/es\/#\/schema\/person\/e777c87fa024e57d40170af9df39882c"},"description":"En pleno verano, se acercan las vacaciones comienza la temporada alta a nivel tur\u00edstico. Aunque Alcoy no recibe las grandes cantidades de gente que, por ejemplo, visitan Benidorm en verano, s\u00ed que se posiciona como una opci\u00f3n que va ganando m\u00e1s fuerza cada vez: el turismo de interior.","breadcrumb":{"@id":"https:\/\/www.copealcoy.es\/es\/alcoy-y-comarca-el-destino-de-interior-perfecto-para-los-que-buscan-la-tranquilidad-este-verano\/#breadcrumb"},"inLanguage":"es","potentialAction":[{"@type":"ReadAction","target":["https:\/\/www.copealcoy.es\/es\/alcoy-y-comarca-el-destino-de-interior-perfecto-para-los-que-buscan-la-tranquilidad-este-verano\/"]}]},{"@type":"ImageObject","inLanguage":"es","@id":"https:\/\/www.copealcoy.es\/es\/alcoy-y-comarca-el-destino-de-interior-perfecto-para-los-que-buscan-la-tranquilidad-este-verano\/#primaryimage","url":"https:\/\/www.copealcoy.es\/wp-content\/uploads\/2021\/08\/unnamed-scaled.jpg","contentUrl":"https:\/\/www.copealcoy.es\/wp-content\/uploads\/2021\/08\/unnamed-scaled.jpg","width":2560,"height":1549},{"@type":"BreadcrumbList","@id":"https:\/\/www.copealcoy.es\/es\/alcoy-y-comarca-el-destino-de-interior-perfecto-para-los-que-buscan-la-tranquilidad-este-verano\/#breadcrumb","itemListElement":[{"@type":"ListItem","position":1,"name":"Portada","item":"https:\/\/www.copealcoy.es\/es\/"},{"@type":"ListItem","position":2,"name":"Alcoy y comarca, el destino de interior perfecto para los que buscan la tranquilidad este verano"}]},{"@type":"WebSite","@id":"https:\/\/www.copealcoy.es\/es\/#website","url":"https:\/\/www.copealcoy.es\/es\/","name":"COPE Alcoy","description":"Emisora COPE de radio local con emisi\u00f3n online. Pont de Sant Jordi 8-10 03803 Alcoy","potentialAction":[{"@type":"SearchAction","target":{"@type":"EntryPoint","urlTemplate":"https:\/\/www.copealcoy.es\/es\/?s={search_term_string}"},"query-input":{"@type":"PropertyValueSpecification","valueRequired":true,"valueName":"search_term_string"}}],"inLanguage":"es"},{"@type":"Person","@id":"https:\/\/www.copealcoy.es\/es\/#\/schema\/person\/e777c87fa024e57d40170af9df39882c","name":"Cope Alcoy","image":{"@type":"ImageObject","inLanguage":"es","@id":"https:\/\/secure.gravatar.com\/avatar\/bb65d0283347e303893ba14f0692005417c1e0e690a325a4c5d8bb2b3943ee14?s=96&d=mm&r=g","url":"https:\/\/secure.gravatar.com\/avatar\/bb65d0283347e303893ba14f0692005417c1e0e690a325a4c5d8bb2b3943ee14?s=96&d=mm&r=g","contentUrl":"https:\/\/secure.gravatar.com\/avatar\/bb65d0283347e303893ba14f0692005417c1e0e690a325a4c5d8bb2b3943ee14?s=96&d=mm&r=g","caption":"Cope Alcoy"}}]}},"_links":{"self":[{"href":"https:\/\/www.copealcoy.es\/es\/wp-json\/wp\/v2\/posts\/118406","targetHints":{"allow":["GET"]}}],"collection":[{"href":"https:\/\/www.copealcoy.es\/es\/wp-json\/wp\/v2\/posts"}],"about":[{"href":"https:\/\/www.copealcoy.es\/es\/wp-json\/wp\/v2\/types\/post"}],"author":[{"embeddable":true,"href":"https:\/\/www.copealcoy.es\/es\/wp-json\/wp\/v2\/users\/1"}],"replies":[{"embeddable":true,"href":"https:\/\/www.copealcoy.es\/es\/wp-json\/wp\/v2\/comments?post=118406"}],"version-history":[{"count":0,"href":"https:\/\/www.copealcoy.es\/es\/wp-json\/wp\/v2\/posts\/118406\/revisions"}],"wp:featuredmedia":[{"embeddable":true,"href":"https:\/\/www.copealcoy.es\/es\/wp-json\/wp\/v2\/media\/76593"}],"wp:attachment":[{"href":"https:\/\/www.copealcoy.es\/es\/wp-json\/wp\/v2\/media?parent=118406"}],"wp:term":[{"taxonomy":"category","embeddable":true,"href":"https:\/\/www.copealcoy.es\/es\/wp-json\/wp\/v2\/categories?post=118406"},{"taxonomy":"post_tag","embeddable":true,"href":"https:\/\/www.copealcoy.es\/es\/wp-json\/wp\/v2\/tags?post=118406"}],"curies":[{"name":"wp","href":"https:\/\/api.w.org\/{rel}","templated":true}]}}