{"id":118390,"date":"2023-06-26T08:59:41","date_gmt":"2023-06-26T07:59:41","guid":{"rendered":"https:\/\/www.copealcoy.es\/?p=118390"},"modified":"2023-06-26T11:11:08","modified_gmt":"2023-06-26T10:11:08","slug":"rescatado-un-hombre-con-helicoptero-este-fin-de-semana-en-alcoy","status":"publish","type":"post","link":"https:\/\/www.copealcoy.es\/es\/rescatado-un-hombre-con-helicoptero-este-fin-de-semana-en-alcoy\/","title":{"rendered":"Rescatado un hombre con helic\u00f3ptero este fin de semana en Alcoy"},"content":{"rendered":"<p style=\"text-align: justify;\"><span style=\"color: #000000;\">El fin de semana ha dejado varios sucesos en Alcoy. Previamente al terremoto de este domingo, el s\u00e1bado por la tarde <strong>se efectu\u00f3 el rescate de un hombre que hab\u00eda desaparecido por la ma\u00f1ana en el barrio de Santa Rosa<\/strong>. <\/span><\/p>\n<p style=\"text-align: justify;\"><span style=\"color: #000000;\">Desde el Ayuntamiento de Alcoy, a trav\u00e9s de las redes sociales, solicitaron el s\u00e1bado por la tarde colaboraci\u00f3n ciudadana para tratar de hallar a Fernando Corb\u00ed al mismo tiempo que <strong>los servicios de emergencia activaron un amplio dispositivo para iniciar su b\u00fasqueda<\/strong>. Participaron en el mismo\u00a0<\/span>efectivos de la Polic\u00eda Local, Polic\u00eda Nacional, voluntarios de Protecci\u00f3n Civil y bomberos del Consorcio de la Diputaci\u00f3n de Alicante. <strong>Sobre las nueve de la noche se pudo rescatar a Fernando en buen estado.<\/strong> Para ello se utiliz\u00f3 un helic\u00f3ptero, ya que fue encontrado en un punto de dif\u00edcil acceso situado entre El Salt, El Castellar y El Preventorio. Una vez asegurado en la aeronave fue trasladado al Hospital Virgen de los Lirios y desde la familia comunicaron anoche que se encontraba en buen estado.<\/p>\n<p style=\"text-align: justify;\">Este es el <strong>segundo hecho de similares caracter\u00edsticas<\/strong> que se produce en Alcoy en la misma semana. El mi\u00e9rcoles <a href=\"https:\/\/www.copealcoy.es\/es\/localizado-el-hombre-que-habia-desaparecido-en-alcoy\/\" target=\"_blank\" rel=\"noopener\"><strong><span style=\"color: #0000ff;\">fue localizado tambi\u00e9n en buen estado un hombre que desapareci\u00f3 por la ma\u00f1ana en el barrio de Batoi<\/span><\/strong><\/a>. Al igual que este s\u00e1bado se organiz\u00f3 un amplio dispositivo para tratar de encontrarle. En el operaitov trabajaron tanto medios a\u00e9reos como terrestres.<\/p>\n<p style=\"text-align: justify;\">En este caso, el hombre, de 78 a\u00f1os de edad, sali\u00f3 a caminar por la ma\u00f1ana y no volvi\u00f3 a su casa. Fue <strong>hallado horas despu\u00e9s en buenas condiciones<\/strong>, tan solo un poco desnutrido. R\u00e1pidamente fue trasladado al Hospital Virgen de los Lirios para hacerle las correspondientes revisiones.<\/p>\n<p style=\"text-align: justify;\">En la b\u00fasqueda trabajaron efectivos del Consorcio Provincial de Bomberos de la Diputaci\u00f3n de Alicante, Protecci\u00f3n Civil, Polic\u00eda Local, Brigadas y Voluntarios de ACIF. La familia tambi\u00e9n agradeci\u00f3 la implicaci\u00f3n de la ciudadan\u00eda para encontrarlo.<\/p>\n","protected":false},"excerpt":{"rendered":"<p>El fin de semana ha dejado varios sucesos en Alcoy. Previamente al terremoto de este domingo, el s\u00e1bado por la&#8230;<\/p>\n","protected":false},"author":1,"featured_media":118391,"comment_status":"open","ping_status":"open","sticky":false,"template":"","format":"standard","meta":{"footnotes":""},"categories":[6909,97,75,80],"tags":[1494,10645,10640,14680],"class_list":["post-118390","post","type-post","status-publish","format-standard","has-post-thumbnail","hentry","category-actualidad","category-alcoy","category-noticias","category-sucesos","tag-alcoy","tag-helicoptero","tag-rescate","tag-suceso"],"yoast_head":"<!-- This site is optimized with the Yoast SEO plugin v27.3 - https:\/\/yoast.com\/product\/yoast-seo-wordpress\/ -->\n<title>Rescatado un hombre con helic\u00f3ptero este fin de semana en Alcoy - COPE Alcoy<\/title>\n<meta name=\"description\" content=\"El fin de semana ha dejado varios sucesos en Alcoy. Previamente al terremoto de este domingo, el s\u00e1bado por la tarde se efectu\u00f3 el rescate de un hombre que hab\u00eda desaparecido por la ma\u00f1ana en el barrio de Santa Rosa.\" \/>\n<meta name=\"robots\" content=\"index, follow, max-snippet:-1, max-image-preview:large, max-video-preview:-1\" \/>\n<link rel=\"canonical\" href=\"https:\/\/www.copealcoy.es\/es\/rescatado-un-hombre-con-helicoptero-este-fin-de-semana-en-alcoy\/\" \/>\n<meta property=\"og:locale\" content=\"es_ES\" \/>\n<meta property=\"og:type\" content=\"article\" \/>\n<meta property=\"og:title\" content=\"Rescatado un hombre con helic\u00f3ptero este fin de semana en Alcoy - COPE Alcoy\" \/>\n<meta property=\"og:description\" content=\"El fin de semana ha dejado varios sucesos en Alcoy. Previamente al terremoto de este domingo, el s\u00e1bado por la tarde se efectu\u00f3 el rescate de un hombre que hab\u00eda desaparecido por la ma\u00f1ana en el barrio de Santa Rosa.\" \/>\n<meta property=\"og:url\" content=\"https:\/\/www.copealcoy.es\/es\/rescatado-un-hombre-con-helicoptero-este-fin-de-semana-en-alcoy\/\" \/>\n<meta property=\"og:site_name\" content=\"COPE Alcoy\" \/>\n<meta property=\"article:published_time\" content=\"2023-06-26T07:59:41+00:00\" \/>\n<meta property=\"article:modified_time\" content=\"2023-06-26T10:11:08+00:00\" \/>\n<meta property=\"og:image\" content=\"https:\/\/www.copealcoy.es\/wp-content\/uploads\/2023\/06\/rescate.png\" \/>\n\t<meta property=\"og:image:width\" content=\"503\" \/>\n\t<meta property=\"og:image:height\" content=\"412\" \/>\n\t<meta property=\"og:image:type\" content=\"image\/png\" \/>\n<meta name=\"author\" content=\"Cope Alcoy\" \/>\n<meta name=\"twitter:label1\" content=\"Escrito por\" \/>\n\t<meta name=\"twitter:data1\" content=\"Cope Alcoy\" \/>\n\t<meta name=\"twitter:label2\" content=\"Tiempo de lectura\" \/>\n\t<meta name=\"twitter:data2\" content=\"2 minutos\" \/>\n<script type=\"application\/ld+json\" class=\"yoast-schema-graph\">{\"@context\":\"https:\\\/\\\/schema.org\",\"@graph\":[{\"@type\":\"Article\",\"@id\":\"https:\\\/\\\/www.copealcoy.es\\\/es\\\/rescatado-un-hombre-con-helicoptero-este-fin-de-semana-en-alcoy\\\/#article\",\"isPartOf\":{\"@id\":\"https:\\\/\\\/www.copealcoy.es\\\/es\\\/rescatado-un-hombre-con-helicoptero-este-fin-de-semana-en-alcoy\\\/\"},\"author\":{\"name\":\"Cope Alcoy\",\"@id\":\"https:\\\/\\\/www.copealcoy.es\\\/es\\\/#\\\/schema\\\/person\\\/e777c87fa024e57d40170af9df39882c\"},\"headline\":\"Rescatado un hombre con helic\u00f3ptero este fin de semana en Alcoy\",\"datePublished\":\"2023-06-26T07:59:41+00:00\",\"dateModified\":\"2023-06-26T10:11:08+00:00\",\"mainEntityOfPage\":{\"@id\":\"https:\\\/\\\/www.copealcoy.es\\\/es\\\/rescatado-un-hombre-con-helicoptero-este-fin-de-semana-en-alcoy\\\/\"},\"wordCount\":355,\"commentCount\":0,\"image\":{\"@id\":\"https:\\\/\\\/www.copealcoy.es\\\/es\\\/rescatado-un-hombre-con-helicoptero-este-fin-de-semana-en-alcoy\\\/#primaryimage\"},\"thumbnailUrl\":\"https:\\\/\\\/www.copealcoy.es\\\/wp-content\\\/uploads\\\/2023\\\/06\\\/rescate.png\",\"keywords\":[\"Alcoy\",\"Helic\u00f3ptero\",\"Rescate\",\"suceso\"],\"articleSection\":[\"Actualidad\",\"Alcoy\",\"Noticias\",\"Sucesos\"],\"inLanguage\":\"es\"},{\"@type\":\"WebPage\",\"@id\":\"https:\\\/\\\/www.copealcoy.es\\\/es\\\/rescatado-un-hombre-con-helicoptero-este-fin-de-semana-en-alcoy\\\/\",\"url\":\"https:\\\/\\\/www.copealcoy.es\\\/es\\\/rescatado-un-hombre-con-helicoptero-este-fin-de-semana-en-alcoy\\\/\",\"name\":\"Rescatado un hombre con helic\u00f3ptero este fin de semana en Alcoy - COPE Alcoy\",\"isPartOf\":{\"@id\":\"https:\\\/\\\/www.copealcoy.es\\\/es\\\/#website\"},\"primaryImageOfPage\":{\"@id\":\"https:\\\/\\\/www.copealcoy.es\\\/es\\\/rescatado-un-hombre-con-helicoptero-este-fin-de-semana-en-alcoy\\\/#primaryimage\"},\"image\":{\"@id\":\"https:\\\/\\\/www.copealcoy.es\\\/es\\\/rescatado-un-hombre-con-helicoptero-este-fin-de-semana-en-alcoy\\\/#primaryimage\"},\"thumbnailUrl\":\"https:\\\/\\\/www.copealcoy.es\\\/wp-content\\\/uploads\\\/2023\\\/06\\\/rescate.png\",\"datePublished\":\"2023-06-26T07:59:41+00:00\",\"dateModified\":\"2023-06-26T10:11:08+00:00\",\"author\":{\"@id\":\"https:\\\/\\\/www.copealcoy.es\\\/es\\\/#\\\/schema\\\/person\\\/e777c87fa024e57d40170af9df39882c\"},\"description\":\"El fin de semana ha dejado varios sucesos en Alcoy. Previamente al terremoto de este domingo, el s\u00e1bado por la tarde se efectu\u00f3 el rescate de un hombre que hab\u00eda desaparecido por la ma\u00f1ana en el barrio de Santa Rosa.\",\"breadcrumb\":{\"@id\":\"https:\\\/\\\/www.copealcoy.es\\\/es\\\/rescatado-un-hombre-con-helicoptero-este-fin-de-semana-en-alcoy\\\/#breadcrumb\"},\"inLanguage\":\"es\",\"potentialAction\":[{\"@type\":\"ReadAction\",\"target\":[\"https:\\\/\\\/www.copealcoy.es\\\/es\\\/rescatado-un-hombre-con-helicoptero-este-fin-de-semana-en-alcoy\\\/\"]}]},{\"@type\":\"ImageObject\",\"inLanguage\":\"es\",\"@id\":\"https:\\\/\\\/www.copealcoy.es\\\/es\\\/rescatado-un-hombre-con-helicoptero-este-fin-de-semana-en-alcoy\\\/#primaryimage\",\"url\":\"https:\\\/\\\/www.copealcoy.es\\\/wp-content\\\/uploads\\\/2023\\\/06\\\/rescate.png\",\"contentUrl\":\"https:\\\/\\\/www.copealcoy.es\\\/wp-content\\\/uploads\\\/2023\\\/06\\\/rescate.png\",\"width\":503,\"height\":412},{\"@type\":\"BreadcrumbList\",\"@id\":\"https:\\\/\\\/www.copealcoy.es\\\/es\\\/rescatado-un-hombre-con-helicoptero-este-fin-de-semana-en-alcoy\\\/#breadcrumb\",\"itemListElement\":[{\"@type\":\"ListItem\",\"position\":1,\"name\":\"Portada\",\"item\":\"https:\\\/\\\/www.copealcoy.es\\\/es\\\/\"},{\"@type\":\"ListItem\",\"position\":2,\"name\":\"Rescatado un hombre con helic\u00f3ptero este fin de semana en Alcoy\"}]},{\"@type\":\"WebSite\",\"@id\":\"https:\\\/\\\/www.copealcoy.es\\\/es\\\/#website\",\"url\":\"https:\\\/\\\/www.copealcoy.es\\\/es\\\/\",\"name\":\"COPE Alcoy\",\"description\":\"Emisora COPE de radio local con emisi\u00f3n online. Pont de Sant Jordi 8-10 03803 Alcoy\",\"potentialAction\":[{\"@type\":\"SearchAction\",\"target\":{\"@type\":\"EntryPoint\",\"urlTemplate\":\"https:\\\/\\\/www.copealcoy.es\\\/es\\\/?s={search_term_string}\"},\"query-input\":{\"@type\":\"PropertyValueSpecification\",\"valueRequired\":true,\"valueName\":\"search_term_string\"}}],\"inLanguage\":\"es\"},{\"@type\":\"Person\",\"@id\":\"https:\\\/\\\/www.copealcoy.es\\\/es\\\/#\\\/schema\\\/person\\\/e777c87fa024e57d40170af9df39882c\",\"name\":\"Cope Alcoy\",\"image\":{\"@type\":\"ImageObject\",\"inLanguage\":\"es\",\"@id\":\"https:\\\/\\\/secure.gravatar.com\\\/avatar\\\/bb65d0283347e303893ba14f0692005417c1e0e690a325a4c5d8bb2b3943ee14?s=96&d=mm&r=g\",\"url\":\"https:\\\/\\\/secure.gravatar.com\\\/avatar\\\/bb65d0283347e303893ba14f0692005417c1e0e690a325a4c5d8bb2b3943ee14?s=96&d=mm&r=g\",\"contentUrl\":\"https:\\\/\\\/secure.gravatar.com\\\/avatar\\\/bb65d0283347e303893ba14f0692005417c1e0e690a325a4c5d8bb2b3943ee14?s=96&d=mm&r=g\",\"caption\":\"Cope Alcoy\"}}]}<\/script>\n<!-- \/ Yoast SEO plugin. -->","yoast_head_json":{"title":"Rescatado un hombre con helic\u00f3ptero este fin de semana en Alcoy - COPE Alcoy","description":"El fin de semana ha dejado varios sucesos en Alcoy. Previamente al terremoto de este domingo, el s\u00e1bado por la tarde se efectu\u00f3 el rescate de un hombre que hab\u00eda desaparecido por la ma\u00f1ana en el barrio de Santa Rosa.","robots":{"index":"index","follow":"follow","max-snippet":"max-snippet:-1","max-image-preview":"max-image-preview:large","max-video-preview":"max-video-preview:-1"},"canonical":"https:\/\/www.copealcoy.es\/es\/rescatado-un-hombre-con-helicoptero-este-fin-de-semana-en-alcoy\/","og_locale":"es_ES","og_type":"article","og_title":"Rescatado un hombre con helic\u00f3ptero este fin de semana en Alcoy - COPE Alcoy","og_description":"El fin de semana ha dejado varios sucesos en Alcoy. Previamente al terremoto de este domingo, el s\u00e1bado por la tarde se efectu\u00f3 el rescate de un hombre que hab\u00eda desaparecido por la ma\u00f1ana en el barrio de Santa Rosa.","og_url":"https:\/\/www.copealcoy.es\/es\/rescatado-un-hombre-con-helicoptero-este-fin-de-semana-en-alcoy\/","og_site_name":"COPE Alcoy","article_published_time":"2023-06-26T07:59:41+00:00","article_modified_time":"2023-06-26T10:11:08+00:00","og_image":[{"width":503,"height":412,"url":"https:\/\/www.copealcoy.es\/wp-content\/uploads\/2023\/06\/rescate.png","type":"image\/png"}],"author":"Cope Alcoy","twitter_misc":{"Escrito por":"Cope Alcoy","Tiempo de lectura":"2 minutos"},"schema":{"@context":"https:\/\/schema.org","@graph":[{"@type":"Article","@id":"https:\/\/www.copealcoy.es\/es\/rescatado-un-hombre-con-helicoptero-este-fin-de-semana-en-alcoy\/#article","isPartOf":{"@id":"https:\/\/www.copealcoy.es\/es\/rescatado-un-hombre-con-helicoptero-este-fin-de-semana-en-alcoy\/"},"author":{"name":"Cope Alcoy","@id":"https:\/\/www.copealcoy.es\/es\/#\/schema\/person\/e777c87fa024e57d40170af9df39882c"},"headline":"Rescatado un hombre con helic\u00f3ptero este fin de semana en Alcoy","datePublished":"2023-06-26T07:59:41+00:00","dateModified":"2023-06-26T10:11:08+00:00","mainEntityOfPage":{"@id":"https:\/\/www.copealcoy.es\/es\/rescatado-un-hombre-con-helicoptero-este-fin-de-semana-en-alcoy\/"},"wordCount":355,"commentCount":0,"image":{"@id":"https:\/\/www.copealcoy.es\/es\/rescatado-un-hombre-con-helicoptero-este-fin-de-semana-en-alcoy\/#primaryimage"},"thumbnailUrl":"https:\/\/www.copealcoy.es\/wp-content\/uploads\/2023\/06\/rescate.png","keywords":["Alcoy","Helic\u00f3ptero","Rescate","suceso"],"articleSection":["Actualidad","Alcoy","Noticias","Sucesos"],"inLanguage":"es"},{"@type":"WebPage","@id":"https:\/\/www.copealcoy.es\/es\/rescatado-un-hombre-con-helicoptero-este-fin-de-semana-en-alcoy\/","url":"https:\/\/www.copealcoy.es\/es\/rescatado-un-hombre-con-helicoptero-este-fin-de-semana-en-alcoy\/","name":"Rescatado un hombre con helic\u00f3ptero este fin de semana en Alcoy - COPE Alcoy","isPartOf":{"@id":"https:\/\/www.copealcoy.es\/es\/#website"},"primaryImageOfPage":{"@id":"https:\/\/www.copealcoy.es\/es\/rescatado-un-hombre-con-helicoptero-este-fin-de-semana-en-alcoy\/#primaryimage"},"image":{"@id":"https:\/\/www.copealcoy.es\/es\/rescatado-un-hombre-con-helicoptero-este-fin-de-semana-en-alcoy\/#primaryimage"},"thumbnailUrl":"https:\/\/www.copealcoy.es\/wp-content\/uploads\/2023\/06\/rescate.png","datePublished":"2023-06-26T07:59:41+00:00","dateModified":"2023-06-26T10:11:08+00:00","author":{"@id":"https:\/\/www.copealcoy.es\/es\/#\/schema\/person\/e777c87fa024e57d40170af9df39882c"},"description":"El fin de semana ha dejado varios sucesos en Alcoy. Previamente al terremoto de este domingo, el s\u00e1bado por la tarde se efectu\u00f3 el rescate de un hombre que hab\u00eda desaparecido por la ma\u00f1ana en el barrio de Santa Rosa.","breadcrumb":{"@id":"https:\/\/www.copealcoy.es\/es\/rescatado-un-hombre-con-helicoptero-este-fin-de-semana-en-alcoy\/#breadcrumb"},"inLanguage":"es","potentialAction":[{"@type":"ReadAction","target":["https:\/\/www.copealcoy.es\/es\/rescatado-un-hombre-con-helicoptero-este-fin-de-semana-en-alcoy\/"]}]},{"@type":"ImageObject","inLanguage":"es","@id":"https:\/\/www.copealcoy.es\/es\/rescatado-un-hombre-con-helicoptero-este-fin-de-semana-en-alcoy\/#primaryimage","url":"https:\/\/www.copealcoy.es\/wp-content\/uploads\/2023\/06\/rescate.png","contentUrl":"https:\/\/www.copealcoy.es\/wp-content\/uploads\/2023\/06\/rescate.png","width":503,"height":412},{"@type":"BreadcrumbList","@id":"https:\/\/www.copealcoy.es\/es\/rescatado-un-hombre-con-helicoptero-este-fin-de-semana-en-alcoy\/#breadcrumb","itemListElement":[{"@type":"ListItem","position":1,"name":"Portada","item":"https:\/\/www.copealcoy.es\/es\/"},{"@type":"ListItem","position":2,"name":"Rescatado un hombre con helic\u00f3ptero este fin de semana en Alcoy"}]},{"@type":"WebSite","@id":"https:\/\/www.copealcoy.es\/es\/#website","url":"https:\/\/www.copealcoy.es\/es\/","name":"COPE Alcoy","description":"Emisora COPE de radio local con emisi\u00f3n online. Pont de Sant Jordi 8-10 03803 Alcoy","potentialAction":[{"@type":"SearchAction","target":{"@type":"EntryPoint","urlTemplate":"https:\/\/www.copealcoy.es\/es\/?s={search_term_string}"},"query-input":{"@type":"PropertyValueSpecification","valueRequired":true,"valueName":"search_term_string"}}],"inLanguage":"es"},{"@type":"Person","@id":"https:\/\/www.copealcoy.es\/es\/#\/schema\/person\/e777c87fa024e57d40170af9df39882c","name":"Cope Alcoy","image":{"@type":"ImageObject","inLanguage":"es","@id":"https:\/\/secure.gravatar.com\/avatar\/bb65d0283347e303893ba14f0692005417c1e0e690a325a4c5d8bb2b3943ee14?s=96&d=mm&r=g","url":"https:\/\/secure.gravatar.com\/avatar\/bb65d0283347e303893ba14f0692005417c1e0e690a325a4c5d8bb2b3943ee14?s=96&d=mm&r=g","contentUrl":"https:\/\/secure.gravatar.com\/avatar\/bb65d0283347e303893ba14f0692005417c1e0e690a325a4c5d8bb2b3943ee14?s=96&d=mm&r=g","caption":"Cope Alcoy"}}]}},"_links":{"self":[{"href":"https:\/\/www.copealcoy.es\/es\/wp-json\/wp\/v2\/posts\/118390","targetHints":{"allow":["GET"]}}],"collection":[{"href":"https:\/\/www.copealcoy.es\/es\/wp-json\/wp\/v2\/posts"}],"about":[{"href":"https:\/\/www.copealcoy.es\/es\/wp-json\/wp\/v2\/types\/post"}],"author":[{"embeddable":true,"href":"https:\/\/www.copealcoy.es\/es\/wp-json\/wp\/v2\/users\/1"}],"replies":[{"embeddable":true,"href":"https:\/\/www.copealcoy.es\/es\/wp-json\/wp\/v2\/comments?post=118390"}],"version-history":[{"count":0,"href":"https:\/\/www.copealcoy.es\/es\/wp-json\/wp\/v2\/posts\/118390\/revisions"}],"wp:featuredmedia":[{"embeddable":true,"href":"https:\/\/www.copealcoy.es\/es\/wp-json\/wp\/v2\/media\/118391"}],"wp:attachment":[{"href":"https:\/\/www.copealcoy.es\/es\/wp-json\/wp\/v2\/media?parent=118390"}],"wp:term":[{"taxonomy":"category","embeddable":true,"href":"https:\/\/www.copealcoy.es\/es\/wp-json\/wp\/v2\/categories?post=118390"},{"taxonomy":"post_tag","embeddable":true,"href":"https:\/\/www.copealcoy.es\/es\/wp-json\/wp\/v2\/tags?post=118390"}],"curies":[{"name":"wp","href":"https:\/\/api.w.org\/{rel}","templated":true}]}}