{"id":11838,"date":"2015-04-01T21:05:02","date_gmt":"2015-04-01T21:05:02","guid":{"rendered":"http:\/\/copealcoi.es\/new\/?p=11838"},"modified":"2015-04-01T21:05:02","modified_gmt":"2015-04-01T21:05:02","slug":"la-oposicion-no-aprobara-el-presupuesto-municipal","status":"publish","type":"post","link":"https:\/\/www.copealcoy.es\/es\/la-oposicion-no-aprobara-el-presupuesto-municipal\/","title":{"rendered":"La oposici\u00f3n no aprobar\u00e1 el Presupuesto Municipal"},"content":{"rendered":"<p style=\"text-align: justify;\">El Partido Popular y Comprom\u00eds no aprobar\u00e1n los presupuestos municipales del 2015 en el pleno del pr\u00f3ximo martes 7 de abril. Ese es el resultado de la Comisi\u00f3n de Presupuestos celebrada en el Ayuntamiento de Alcoy en la ma\u00f1ana del mi\u00e9rcoles y previa al debate de las cuentas en la sesi\u00f3n plenaria de la semana que viene.<\/p>\n<p style=\"text-align: justify;\">La formaci\u00f3n nacionalista ha destacado que no se puede aprobar un presupuesto a dos meses de las elecciones y su portavoz, David Abad, insta a que el Gobierno Municipal retire la propuesta y adopte una soluci\u00f3n de urgencia para pagar las subvenciones a las entidades sociales de la ciudad &#8220;no tiene mucho sentido que se aprueben ahora unas cuentas que debe de gestionar otra Corporaci\u00f3n Municipal&#8221;, indica. Por \u00faltimo desde Comprom\u00eds piden al Ejecutivo que haga uso del super\u00e1vit de la liquidaci\u00f3n del Presupuesto de 2014 para pagar esas subvenciones &#8220;el alcalde culpa a la oposici\u00f3n y si hubiera hecho bien los deberes todo estar\u00eda pagado y las entidades habr\u00edan cobrado&#8221; concluye. \u00a0Desde el Partido Popular, seg\u00fan ha podido saber Cope Alcoy, tambi\u00e9n se ha votado en contra en esta comisi\u00f3n y mantendr\u00e1n esta postura en el pleno del martes.<\/p>\n<p style=\"text-align: justify;\">Ante esta situaci\u00f3n todo apunta a que el Presupuesto Municipal de este a\u00f1o no saldr\u00e1 adelante\u00a0aunque el proyecto\u00a0llega al pleno con dictamen favorable por la abstenci\u00f3n provisional de Comprom\u00eds. Recordar que, seg\u00fan explico el alcalde en Cope Alcoy, las cuentas ascender\u00e1n este a\u00f1o a los 50 millones de euros y contemplan un aumento de las partidas destinadas a inversiones siendo el proyecto principal la reurbanizaci\u00f3n de la calle Entenza, una actuaci\u00f3n que ser\u00e1\u00a0asumida en una parte por el Ministerio de Hacienda.<\/p>\n","protected":false},"excerpt":{"rendered":"<p>El Partido Popular y Comprom\u00eds no aprobar\u00e1n los presupuestos municipales del 2015 en el pleno del pr\u00f3ximo martes 7 de&#8230;<\/p>\n","protected":false},"author":1,"featured_media":11229,"comment_status":"open","ping_status":"open","sticky":false,"template":"","format":"standard","meta":{"footnotes":""},"categories":[97,75,125],"tags":[1494,152,390,227,316],"class_list":["post-11838","post","type-post","status-publish","format-standard","has-post-thumbnail","hentry","category-alcoy","category-noticias","category-portada","tag-alcoy","tag-compromis","tag-economia","tag-pp","tag-presupuestos"],"yoast_head":"<!-- This site is optimized with the Yoast SEO plugin v27.3 - https:\/\/yoast.com\/product\/yoast-seo-wordpress\/ -->\n<title>La oposici\u00f3n no aprobar\u00e1 el Presupuesto Municipal - COPE Alcoy<\/title>\n<meta name=\"robots\" content=\"index, follow, max-snippet:-1, max-image-preview:large, max-video-preview:-1\" \/>\n<link rel=\"canonical\" href=\"https:\/\/www.copealcoy.es\/es\/la-oposicion-no-aprobara-el-presupuesto-municipal\/\" \/>\n<meta property=\"og:locale\" content=\"es_ES\" \/>\n<meta property=\"og:type\" content=\"article\" \/>\n<meta property=\"og:title\" content=\"La oposici\u00f3n no aprobar\u00e1 el Presupuesto Municipal - COPE Alcoy\" \/>\n<meta property=\"og:description\" content=\"El Partido Popular y Comprom\u00eds no aprobar\u00e1n los presupuestos municipales del 2015 en el pleno del pr\u00f3ximo martes 7 de...\" \/>\n<meta property=\"og:url\" content=\"https:\/\/www.copealcoy.es\/es\/la-oposicion-no-aprobara-el-presupuesto-municipal\/\" \/>\n<meta property=\"og:site_name\" content=\"COPE Alcoy\" \/>\n<meta property=\"article:published_time\" content=\"2015-04-01T21:05:02+00:00\" \/>\n<meta property=\"og:image\" content=\"https:\/\/www.copealcoy.es\/wp-content\/uploads\/2015\/03\/image31.jpg\" \/>\n\t<meta property=\"og:image:width\" content=\"640\" \/>\n\t<meta property=\"og:image:height\" content=\"427\" \/>\n\t<meta property=\"og:image:type\" content=\"image\/jpeg\" \/>\n<meta name=\"author\" content=\"Cope Alcoy\" \/>\n<meta name=\"twitter:label1\" content=\"Escrito por\" \/>\n\t<meta name=\"twitter:data1\" content=\"Cope Alcoy\" \/>\n\t<meta name=\"twitter:label2\" content=\"Tiempo de lectura\" \/>\n\t<meta name=\"twitter:data2\" content=\"2 minutos\" \/>\n<script type=\"application\/ld+json\" class=\"yoast-schema-graph\">{\"@context\":\"https:\\\/\\\/schema.org\",\"@graph\":[{\"@type\":\"Article\",\"@id\":\"https:\\\/\\\/www.copealcoy.es\\\/es\\\/la-oposicion-no-aprobara-el-presupuesto-municipal\\\/#article\",\"isPartOf\":{\"@id\":\"https:\\\/\\\/www.copealcoy.es\\\/es\\\/la-oposicion-no-aprobara-el-presupuesto-municipal\\\/\"},\"author\":{\"name\":\"Cope Alcoy\",\"@id\":\"https:\\\/\\\/www.copealcoy.es\\\/es\\\/#\\\/schema\\\/person\\\/e777c87fa024e57d40170af9df39882c\"},\"headline\":\"La oposici\u00f3n no aprobar\u00e1 el Presupuesto Municipal\",\"datePublished\":\"2015-04-01T21:05:02+00:00\",\"mainEntityOfPage\":{\"@id\":\"https:\\\/\\\/www.copealcoy.es\\\/es\\\/la-oposicion-no-aprobara-el-presupuesto-municipal\\\/\"},\"wordCount\":314,\"commentCount\":0,\"image\":{\"@id\":\"https:\\\/\\\/www.copealcoy.es\\\/es\\\/la-oposicion-no-aprobara-el-presupuesto-municipal\\\/#primaryimage\"},\"thumbnailUrl\":\"https:\\\/\\\/www.copealcoy.es\\\/wp-content\\\/uploads\\\/2015\\\/03\\\/image31.jpg\",\"keywords\":[\"Alcoy\",\"Comprom\u00eds\",\"Econom\u00eda\",\"PP\",\"Presupuestos\"],\"articleSection\":[\"Alcoy\",\"Noticias\",\"Portada\"],\"inLanguage\":\"es\"},{\"@type\":\"WebPage\",\"@id\":\"https:\\\/\\\/www.copealcoy.es\\\/es\\\/la-oposicion-no-aprobara-el-presupuesto-municipal\\\/\",\"url\":\"https:\\\/\\\/www.copealcoy.es\\\/es\\\/la-oposicion-no-aprobara-el-presupuesto-municipal\\\/\",\"name\":\"La oposici\u00f3n no aprobar\u00e1 el Presupuesto Municipal - COPE Alcoy\",\"isPartOf\":{\"@id\":\"https:\\\/\\\/www.copealcoy.es\\\/es\\\/#website\"},\"primaryImageOfPage\":{\"@id\":\"https:\\\/\\\/www.copealcoy.es\\\/es\\\/la-oposicion-no-aprobara-el-presupuesto-municipal\\\/#primaryimage\"},\"image\":{\"@id\":\"https:\\\/\\\/www.copealcoy.es\\\/es\\\/la-oposicion-no-aprobara-el-presupuesto-municipal\\\/#primaryimage\"},\"thumbnailUrl\":\"https:\\\/\\\/www.copealcoy.es\\\/wp-content\\\/uploads\\\/2015\\\/03\\\/image31.jpg\",\"datePublished\":\"2015-04-01T21:05:02+00:00\",\"author\":{\"@id\":\"https:\\\/\\\/www.copealcoy.es\\\/es\\\/#\\\/schema\\\/person\\\/e777c87fa024e57d40170af9df39882c\"},\"breadcrumb\":{\"@id\":\"https:\\\/\\\/www.copealcoy.es\\\/es\\\/la-oposicion-no-aprobara-el-presupuesto-municipal\\\/#breadcrumb\"},\"inLanguage\":\"es\",\"potentialAction\":[{\"@type\":\"ReadAction\",\"target\":[\"https:\\\/\\\/www.copealcoy.es\\\/es\\\/la-oposicion-no-aprobara-el-presupuesto-municipal\\\/\"]}]},{\"@type\":\"ImageObject\",\"inLanguage\":\"es\",\"@id\":\"https:\\\/\\\/www.copealcoy.es\\\/es\\\/la-oposicion-no-aprobara-el-presupuesto-municipal\\\/#primaryimage\",\"url\":\"https:\\\/\\\/www.copealcoy.es\\\/wp-content\\\/uploads\\\/2015\\\/03\\\/image31.jpg\",\"contentUrl\":\"https:\\\/\\\/www.copealcoy.es\\\/wp-content\\\/uploads\\\/2015\\\/03\\\/image31.jpg\",\"width\":640,\"height\":427},{\"@type\":\"BreadcrumbList\",\"@id\":\"https:\\\/\\\/www.copealcoy.es\\\/es\\\/la-oposicion-no-aprobara-el-presupuesto-municipal\\\/#breadcrumb\",\"itemListElement\":[{\"@type\":\"ListItem\",\"position\":1,\"name\":\"Portada\",\"item\":\"https:\\\/\\\/www.copealcoy.es\\\/es\\\/\"},{\"@type\":\"ListItem\",\"position\":2,\"name\":\"La oposici\u00f3n no aprobar\u00e1 el Presupuesto Municipal\"}]},{\"@type\":\"WebSite\",\"@id\":\"https:\\\/\\\/www.copealcoy.es\\\/es\\\/#website\",\"url\":\"https:\\\/\\\/www.copealcoy.es\\\/es\\\/\",\"name\":\"COPE Alcoy\",\"description\":\"Emisora COPE de radio local con emisi\u00f3n online. Pont de Sant Jordi 8-10 03803 Alcoy\",\"potentialAction\":[{\"@type\":\"SearchAction\",\"target\":{\"@type\":\"EntryPoint\",\"urlTemplate\":\"https:\\\/\\\/www.copealcoy.es\\\/es\\\/?s={search_term_string}\"},\"query-input\":{\"@type\":\"PropertyValueSpecification\",\"valueRequired\":true,\"valueName\":\"search_term_string\"}}],\"inLanguage\":\"es\"},{\"@type\":\"Person\",\"@id\":\"https:\\\/\\\/www.copealcoy.es\\\/es\\\/#\\\/schema\\\/person\\\/e777c87fa024e57d40170af9df39882c\",\"name\":\"Cope Alcoy\",\"image\":{\"@type\":\"ImageObject\",\"inLanguage\":\"es\",\"@id\":\"https:\\\/\\\/secure.gravatar.com\\\/avatar\\\/bb65d0283347e303893ba14f0692005417c1e0e690a325a4c5d8bb2b3943ee14?s=96&d=mm&r=g\",\"url\":\"https:\\\/\\\/secure.gravatar.com\\\/avatar\\\/bb65d0283347e303893ba14f0692005417c1e0e690a325a4c5d8bb2b3943ee14?s=96&d=mm&r=g\",\"contentUrl\":\"https:\\\/\\\/secure.gravatar.com\\\/avatar\\\/bb65d0283347e303893ba14f0692005417c1e0e690a325a4c5d8bb2b3943ee14?s=96&d=mm&r=g\",\"caption\":\"Cope Alcoy\"}}]}<\/script>\n<!-- \/ Yoast SEO plugin. -->","yoast_head_json":{"title":"La oposici\u00f3n no aprobar\u00e1 el Presupuesto Municipal - COPE Alcoy","robots":{"index":"index","follow":"follow","max-snippet":"max-snippet:-1","max-image-preview":"max-image-preview:large","max-video-preview":"max-video-preview:-1"},"canonical":"https:\/\/www.copealcoy.es\/es\/la-oposicion-no-aprobara-el-presupuesto-municipal\/","og_locale":"es_ES","og_type":"article","og_title":"La oposici\u00f3n no aprobar\u00e1 el Presupuesto Municipal - COPE Alcoy","og_description":"El Partido Popular y Comprom\u00eds no aprobar\u00e1n los presupuestos municipales del 2015 en el pleno del pr\u00f3ximo martes 7 de...","og_url":"https:\/\/www.copealcoy.es\/es\/la-oposicion-no-aprobara-el-presupuesto-municipal\/","og_site_name":"COPE Alcoy","article_published_time":"2015-04-01T21:05:02+00:00","og_image":[{"width":640,"height":427,"url":"https:\/\/www.copealcoy.es\/wp-content\/uploads\/2015\/03\/image31.jpg","type":"image\/jpeg"}],"author":"Cope Alcoy","twitter_misc":{"Escrito por":"Cope Alcoy","Tiempo de lectura":"2 minutos"},"schema":{"@context":"https:\/\/schema.org","@graph":[{"@type":"Article","@id":"https:\/\/www.copealcoy.es\/es\/la-oposicion-no-aprobara-el-presupuesto-municipal\/#article","isPartOf":{"@id":"https:\/\/www.copealcoy.es\/es\/la-oposicion-no-aprobara-el-presupuesto-municipal\/"},"author":{"name":"Cope Alcoy","@id":"https:\/\/www.copealcoy.es\/es\/#\/schema\/person\/e777c87fa024e57d40170af9df39882c"},"headline":"La oposici\u00f3n no aprobar\u00e1 el Presupuesto Municipal","datePublished":"2015-04-01T21:05:02+00:00","mainEntityOfPage":{"@id":"https:\/\/www.copealcoy.es\/es\/la-oposicion-no-aprobara-el-presupuesto-municipal\/"},"wordCount":314,"commentCount":0,"image":{"@id":"https:\/\/www.copealcoy.es\/es\/la-oposicion-no-aprobara-el-presupuesto-municipal\/#primaryimage"},"thumbnailUrl":"https:\/\/www.copealcoy.es\/wp-content\/uploads\/2015\/03\/image31.jpg","keywords":["Alcoy","Comprom\u00eds","Econom\u00eda","PP","Presupuestos"],"articleSection":["Alcoy","Noticias","Portada"],"inLanguage":"es"},{"@type":"WebPage","@id":"https:\/\/www.copealcoy.es\/es\/la-oposicion-no-aprobara-el-presupuesto-municipal\/","url":"https:\/\/www.copealcoy.es\/es\/la-oposicion-no-aprobara-el-presupuesto-municipal\/","name":"La oposici\u00f3n no aprobar\u00e1 el Presupuesto Municipal - COPE Alcoy","isPartOf":{"@id":"https:\/\/www.copealcoy.es\/es\/#website"},"primaryImageOfPage":{"@id":"https:\/\/www.copealcoy.es\/es\/la-oposicion-no-aprobara-el-presupuesto-municipal\/#primaryimage"},"image":{"@id":"https:\/\/www.copealcoy.es\/es\/la-oposicion-no-aprobara-el-presupuesto-municipal\/#primaryimage"},"thumbnailUrl":"https:\/\/www.copealcoy.es\/wp-content\/uploads\/2015\/03\/image31.jpg","datePublished":"2015-04-01T21:05:02+00:00","author":{"@id":"https:\/\/www.copealcoy.es\/es\/#\/schema\/person\/e777c87fa024e57d40170af9df39882c"},"breadcrumb":{"@id":"https:\/\/www.copealcoy.es\/es\/la-oposicion-no-aprobara-el-presupuesto-municipal\/#breadcrumb"},"inLanguage":"es","potentialAction":[{"@type":"ReadAction","target":["https:\/\/www.copealcoy.es\/es\/la-oposicion-no-aprobara-el-presupuesto-municipal\/"]}]},{"@type":"ImageObject","inLanguage":"es","@id":"https:\/\/www.copealcoy.es\/es\/la-oposicion-no-aprobara-el-presupuesto-municipal\/#primaryimage","url":"https:\/\/www.copealcoy.es\/wp-content\/uploads\/2015\/03\/image31.jpg","contentUrl":"https:\/\/www.copealcoy.es\/wp-content\/uploads\/2015\/03\/image31.jpg","width":640,"height":427},{"@type":"BreadcrumbList","@id":"https:\/\/www.copealcoy.es\/es\/la-oposicion-no-aprobara-el-presupuesto-municipal\/#breadcrumb","itemListElement":[{"@type":"ListItem","position":1,"name":"Portada","item":"https:\/\/www.copealcoy.es\/es\/"},{"@type":"ListItem","position":2,"name":"La oposici\u00f3n no aprobar\u00e1 el Presupuesto Municipal"}]},{"@type":"WebSite","@id":"https:\/\/www.copealcoy.es\/es\/#website","url":"https:\/\/www.copealcoy.es\/es\/","name":"COPE Alcoy","description":"Emisora COPE de radio local con emisi\u00f3n online. Pont de Sant Jordi 8-10 03803 Alcoy","potentialAction":[{"@type":"SearchAction","target":{"@type":"EntryPoint","urlTemplate":"https:\/\/www.copealcoy.es\/es\/?s={search_term_string}"},"query-input":{"@type":"PropertyValueSpecification","valueRequired":true,"valueName":"search_term_string"}}],"inLanguage":"es"},{"@type":"Person","@id":"https:\/\/www.copealcoy.es\/es\/#\/schema\/person\/e777c87fa024e57d40170af9df39882c","name":"Cope Alcoy","image":{"@type":"ImageObject","inLanguage":"es","@id":"https:\/\/secure.gravatar.com\/avatar\/bb65d0283347e303893ba14f0692005417c1e0e690a325a4c5d8bb2b3943ee14?s=96&d=mm&r=g","url":"https:\/\/secure.gravatar.com\/avatar\/bb65d0283347e303893ba14f0692005417c1e0e690a325a4c5d8bb2b3943ee14?s=96&d=mm&r=g","contentUrl":"https:\/\/secure.gravatar.com\/avatar\/bb65d0283347e303893ba14f0692005417c1e0e690a325a4c5d8bb2b3943ee14?s=96&d=mm&r=g","caption":"Cope Alcoy"}}]}},"_links":{"self":[{"href":"https:\/\/www.copealcoy.es\/es\/wp-json\/wp\/v2\/posts\/11838","targetHints":{"allow":["GET"]}}],"collection":[{"href":"https:\/\/www.copealcoy.es\/es\/wp-json\/wp\/v2\/posts"}],"about":[{"href":"https:\/\/www.copealcoy.es\/es\/wp-json\/wp\/v2\/types\/post"}],"author":[{"embeddable":true,"href":"https:\/\/www.copealcoy.es\/es\/wp-json\/wp\/v2\/users\/1"}],"replies":[{"embeddable":true,"href":"https:\/\/www.copealcoy.es\/es\/wp-json\/wp\/v2\/comments?post=11838"}],"version-history":[{"count":0,"href":"https:\/\/www.copealcoy.es\/es\/wp-json\/wp\/v2\/posts\/11838\/revisions"}],"wp:featuredmedia":[{"embeddable":true,"href":"https:\/\/www.copealcoy.es\/es\/wp-json\/wp\/v2\/media\/11229"}],"wp:attachment":[{"href":"https:\/\/www.copealcoy.es\/es\/wp-json\/wp\/v2\/media?parent=11838"}],"wp:term":[{"taxonomy":"category","embeddable":true,"href":"https:\/\/www.copealcoy.es\/es\/wp-json\/wp\/v2\/categories?post=11838"},{"taxonomy":"post_tag","embeddable":true,"href":"https:\/\/www.copealcoy.es\/es\/wp-json\/wp\/v2\/tags?post=11838"}],"curies":[{"name":"wp","href":"https:\/\/api.w.org\/{rel}","templated":true}]}}