{"id":118334,"date":"2023-06-25T09:10:09","date_gmt":"2023-06-25T08:10:09","guid":{"rendered":"https:\/\/www.copealcoy.es\/?p=118334"},"modified":"2023-06-25T09:53:12","modified_gmt":"2023-06-25T08:53:12","slug":"una-calurosa-publicacio-da-la-bienvenida-a-las-fiestas-de-cocentaina","status":"publish","type":"post","link":"https:\/\/www.copealcoy.es\/es\/una-calurosa-publicacio-da-la-bienvenida-a-las-fiestas-de-cocentaina\/","title":{"rendered":"Una calurosa Publicaci\u00f3 da la bienvenida a las Fiestas de Cocentaina"},"content":{"rendered":"<p style=\"text-align: justify;\">Cocentaina ya ha empezado <strong>la cuenta atr\u00e1s<\/strong> hacia sus <a href=\"https:\/\/www.facebook.com\/federacionjuntafiestas.cocentaina\" target=\"_blank\" rel=\"noopener\"><span style=\"color: #0000ff;\"><strong>Fiestas de Moros y Cristianos en honor a San Hip\u00f3lito M\u00e1rtir<\/strong> <\/span><\/a>despu\u00e9s de que ayer s\u00e1bado <strong>se celebrase el acto de La Publicaci\u00f3<\/strong>, una cita esperada que este a\u00f1o adem\u00e1s <strong>coincidi\u00f3 con el festivo auton\u00f3mico del D\u00eda de San Juan<\/strong>. Centenares de contestanos salieron a la calle <strong>para aplaudir a los representantes adultos e infantiles<\/strong> en una jornada adem\u00e1s calurosa en la que <strong>se sobrepasaron los 30 grados<\/strong> en la capital del Comtat.<\/p>\n<p style=\"text-align: justify;\">Minutos antes de las siete de la tarde <strong>comenzaron a llegar a la Plaza del Ayuntamiento los publicadores<\/strong>, acompa\u00f1ados de sus respectivas Filaes, as\u00ed como de las bandas de m\u00fasica que acompa\u00f1an a estas. Ya las 19:00h se hizo el silencio justo en el momento en el que <strong>Don Eduardo Rengel<\/strong>, titular de la Parroquia de Santa Mar\u00eda y Asesor Religioso de la Junta de Fiestas, efectuaba <strong>el rezo del \u00e1ngelus<\/strong> en memoria tambi\u00e9n de los festeros difuntos. A continuaci\u00f3n lleg\u00f3 uno de los instantes m\u00e1s esperados ya que<strong> el alcalde daba autorizaci\u00f3n simb\u00f3lica a la entidad festera para organizar las fiestas<\/strong> en un ritual protocolario que tanto Jordi Pla como Rafael Monar<strong> viv\u00edan por primera vez<\/strong> al frente de sus respectivas responsabilidades en Ayuntamiento y Junta de Festes:<\/p>\n<audio class=\"wp-audio-shortcode\" id=\"audio-118334-1\" preload=\"none\" style=\"width: 100%;\" controls=\"controls\"><source type=\"audio\/mpeg\" src=\"https:\/\/www.copealcoy.es\/wp-content\/uploads\/2023\/06\/PERMIS-ALCALDE.mp3?_=1\" \/><a href=\"https:\/\/www.copealcoy.es\/wp-content\/uploads\/2023\/06\/PERMIS-ALCALDE.mp3\">https:\/\/www.copealcoy.es\/wp-content\/uploads\/2023\/06\/PERMIS-ALCALDE.mp3<\/a><\/audio>\n<p>&nbsp;<\/p>\n<p style=\"text-align: justify;\"><strong>Jordi Pla<\/strong>, reci\u00e9n estrenado como alcalde de Cocentaina, destacaba la importancia del D\u00eda de La Publicaci\u00f3 y recordaba que este d\u00eda abre un verano intenso para el municipio. Tambi\u00e9n destacaba las muestras de cari\u00f1o que estaba recibiendo del mundo de la Fiesta y del pueblo en su primer acto oficial al frente del gobierno local:<\/p>\n<audio class=\"wp-audio-shortcode\" id=\"audio-118334-2\" preload=\"none\" style=\"width: 100%;\" controls=\"controls\"><source type=\"audio\/mpeg\" src=\"https:\/\/www.copealcoy.es\/wp-content\/uploads\/2023\/06\/TALL-JORDI-PLA.mp3?_=2\" \/><a href=\"https:\/\/www.copealcoy.es\/wp-content\/uploads\/2023\/06\/TALL-JORDI-PLA.mp3\">https:\/\/www.copealcoy.es\/wp-content\/uploads\/2023\/06\/TALL-JORDI-PLA.mp3<\/a><\/audio>\n<p>&nbsp;<\/p>\n<p style=\"text-align: justify;\"><strong>Javi Sansalvador<\/strong> se estrenaba tambi\u00e9n como nuevo edil de Fiestas en La Publicaci\u00f3. En sus primeras declaraciones a COPE ALCOY como tal manifestaba que afronta el reto con muchas ganas e ilusi\u00f3n puesto que ha vivido siempre la Fiesta desde peque\u00f1o:<\/p>\n<audio class=\"wp-audio-shortcode\" id=\"audio-118334-3\" preload=\"none\" style=\"width: 100%;\" controls=\"controls\"><source type=\"audio\/mpeg\" src=\"https:\/\/www.copealcoy.es\/wp-content\/uploads\/2023\/06\/TALL-JAVIER-SANSALVADOR.mp3?_=3\" \/><a href=\"https:\/\/www.copealcoy.es\/wp-content\/uploads\/2023\/06\/TALL-JAVIER-SANSALVADOR.mp3\">https:\/\/www.copealcoy.es\/wp-content\/uploads\/2023\/06\/TALL-JAVIER-SANSALVADOR.mp3<\/a><\/audio>\n<p>&nbsp;<\/p>\n<p>Y <strong>Rafael Monar Blanes<\/strong>, nuevo presidente de la Junta de Festes, comentaba que el primer acto de Fiestas estaba transcurriendo seg\u00fan lo previsto. Hac\u00eda menci\u00f3n tambi\u00e9n al fuerte calor que protagoniz\u00f3 la jornada:<\/p>\n<audio class=\"wp-audio-shortcode\" id=\"audio-118334-4\" preload=\"none\" style=\"width: 100%;\" controls=\"controls\"><source type=\"audio\/mpeg\" src=\"https:\/\/www.copealcoy.es\/wp-content\/uploads\/2023\/06\/TALL-RAFAEL-MONAR.mp3?_=4\" \/><a href=\"https:\/\/www.copealcoy.es\/wp-content\/uploads\/2023\/06\/TALL-RAFAEL-MONAR.mp3\">https:\/\/www.copealcoy.es\/wp-content\/uploads\/2023\/06\/TALL-RAFAEL-MONAR.mp3<\/a><\/audio>\n<p>&nbsp;<\/p>\n<p style=\"text-align: justify;\">La tarde avanz\u00f3 con <strong>la interpretaci\u00f3n del Himno de Fiestas<\/strong>, con letra del poeta Gerard Mur y m\u00fasica de Jos\u00e9 Insa Mart\u00ednez, y despu\u00e9s el Ateneu Musical abri\u00f3 la comitiva haciendo sonar precisamente la pieza <em>Als Amics\u00a0<\/em>de este \u00faltimo compositor. La <strong>Colla Mal Passet<\/strong> precedi\u00f3 a los publicadores mientras los m\u00fasicos interpretaban la composici\u00f3n\u00a0<em>T&#8217;ho mereixes\u00a0<\/em>de Francisco Valor Llorens. Los aplausos del p\u00fablico sonaron con fuerza tras ellos cuando <strong>los publicadores adultos del bando cristiano y del moro<\/strong> tomaron la Placeta de la Vila a los sones de <em>Sara\u00a0<\/em>(Jos\u00e9 Rafael Pascual) y\u00a0<em>Tur\u00e9gano\u00a0<\/em>de Sa\u00fcl G\u00f3mez i Soler, pasodobles que <strong>interpretaron respectivamente la Uni\u00f3n Musical Contestana y el Ateneu Musical<\/strong>. <strong>Marta Bosch y Marcos Giner<\/strong> fueron los formadores de cristianos y moros en representaci\u00f3n de <strong>las Filaes Cavalleria Ministerial y Llana<\/strong>, las cuales ostentan en 2023 las capitan\u00edas:<\/p>\n<audio class=\"wp-audio-shortcode\" id=\"audio-118334-5\" preload=\"none\" style=\"width: 100%;\" controls=\"controls\"><source type=\"audio\/mpeg\" src=\"https:\/\/www.copealcoy.es\/wp-content\/uploads\/2023\/06\/FORMADORA-CRISTIANA.mp3?_=5\" \/><a href=\"https:\/\/www.copealcoy.es\/wp-content\/uploads\/2023\/06\/FORMADORA-CRISTIANA.mp3\">https:\/\/www.copealcoy.es\/wp-content\/uploads\/2023\/06\/FORMADORA-CRISTIANA.mp3<\/a><\/audio>\n<p>&nbsp;<\/p>\n<audio class=\"wp-audio-shortcode\" id=\"audio-118334-6\" preload=\"none\" style=\"width: 100%;\" controls=\"controls\"><source type=\"audio\/mpeg\" src=\"https:\/\/www.copealcoy.es\/wp-content\/uploads\/2023\/06\/FORMADOR-MORO.mp3?_=6\" \/><a href=\"https:\/\/www.copealcoy.es\/wp-content\/uploads\/2023\/06\/FORMADOR-MORO.mp3\">https:\/\/www.copealcoy.es\/wp-content\/uploads\/2023\/06\/FORMADOR-MORO.mp3<\/a><\/audio>\n<p>&nbsp;<\/p>\n<p style=\"text-align: justify;\">Tras los adultos <strong>llegaron los publicadores infantiles<\/strong> mientras <strong>la banda de Llutxent<\/strong> interpretaba el internacional\u00a0<em>Paquito El Chocolatero,\u00a0<\/em>compuesto en Cocentaina en 1937 por Gustavo Pascual Falc\u00f3. <strong>Sof\u00eda Valls (Cavalleria Ministerial) y Jimena Giner (Llana)<\/strong> fueron las formadoras:<\/p>\n<audio class=\"wp-audio-shortcode\" id=\"audio-118334-7\" preload=\"none\" style=\"width: 100%;\" controls=\"controls\"><source type=\"audio\/mpeg\" src=\"https:\/\/www.copealcoy.es\/wp-content\/uploads\/2023\/06\/FORMADORA-CRISTIANA-INFANTIL.mp3?_=7\" \/><a href=\"https:\/\/www.copealcoy.es\/wp-content\/uploads\/2023\/06\/FORMADORA-CRISTIANA-INFANTIL.mp3\">https:\/\/www.copealcoy.es\/wp-content\/uploads\/2023\/06\/FORMADORA-CRISTIANA-INFANTIL.mp3<\/a><\/audio>\n<p>&nbsp;<\/p>\n<audio class=\"wp-audio-shortcode\" id=\"audio-118334-8\" preload=\"none\" style=\"width: 100%;\" controls=\"controls\"><source type=\"audio\/mpeg\" src=\"https:\/\/www.copealcoy.es\/wp-content\/uploads\/2023\/06\/TALL-FORMADORA-INFANTIL-MORA.mp3?_=8\" \/><a href=\"https:\/\/www.copealcoy.es\/wp-content\/uploads\/2023\/06\/TALL-FORMADORA-INFANTIL-MORA.mp3\">https:\/\/www.copealcoy.es\/wp-content\/uploads\/2023\/06\/TALL-FORMADORA-INFANTIL-MORA.mp3<\/a><\/audio>\n<p>&nbsp;<\/p>\n<p style=\"text-align: justify;\">Tras la\u00a0<em>arranc\u00e0\u00a0<\/em><strong>los peque\u00f1os se dirigieron al Monumento dedicado a San Hip\u00f3lito para hacer una ofrenda floral<\/strong> mientras que <strong>los publicadores mayores recorrieron las calles de La Vila y El Raval<\/strong> anunciando la Festa. Despu\u00e9s, <strong>confluyeron en el Passeig del Comtat para desfilar conjuntamente por la principal arteria contestana<\/strong> hasta finalizar el acto en la Plaza Alcalde Reig. Las <strong>primeras &#8216;Voltetes&#8217;<\/strong> del ciclo festero y <strong>una verbena<\/strong> en el recinto ferial alargaron el d\u00eda de La Publicaci\u00f3 hasta bien entrada la madrugada.<\/p>\n<div id='gallery-1' class='gallery galleryid-118334 gallery-columns-1 gallery-size-full'><figure class='gallery-item'>\n\t\t\t<div class='gallery-icon landscape'>\n\t\t\t\t<a href='https:\/\/www.copealcoy.es\/es\/unnamed-1-14-3\/'><img loading=\"lazy\" decoding=\"async\" width=\"1201\" height=\"707\" src=\"https:\/\/www.copealcoy.es\/wp-content\/uploads\/2023\/06\/unnamed-1-29.jpg\" class=\"attachment-full size-full\" alt=\"\" srcset=\"https:\/\/www.copealcoy.es\/wp-content\/uploads\/2023\/06\/unnamed-1-29.jpg 1201w, https:\/\/www.copealcoy.es\/wp-content\/uploads\/2023\/06\/unnamed-1-29-768x452.jpg 768w\" sizes=\"auto, (max-width: 1201px) 100vw, 1201px\" \/><\/a>\n\t\t\t<\/div><\/figure><figure class='gallery-item'>\n\t\t\t<div class='gallery-icon landscape'>\n\t\t\t\t<a href='https:\/\/www.copealcoy.es\/es\/una-calurosa-publicacio-da-la-bienvenida-a-las-fiestas-de-cocentaina\/353666100_10230741625344927_3407343008040353180_n\/'><img loading=\"lazy\" decoding=\"async\" width=\"1638\" height=\"1080\" src=\"https:\/\/www.copealcoy.es\/wp-content\/uploads\/2023\/06\/353666100_10230741625344927_3407343008040353180_n-scaled.jpg\" class=\"attachment-full size-full\" alt=\"\" srcset=\"https:\/\/www.copealcoy.es\/wp-content\/uploads\/2023\/06\/353666100_10230741625344927_3407343008040353180_n-scaled.jpg 1638w, https:\/\/www.copealcoy.es\/wp-content\/uploads\/2023\/06\/353666100_10230741625344927_3407343008040353180_n-768x506.jpg 768w, https:\/\/www.copealcoy.es\/wp-content\/uploads\/2023\/06\/353666100_10230741625344927_3407343008040353180_n-1536x1013.jpg 1536w\" sizes=\"auto, (max-width: 1638px) 100vw, 1638px\" \/><\/a>\n\t\t\t<\/div><\/figure><figure class='gallery-item'>\n\t\t\t<div class='gallery-icon portrait'>\n\t\t\t\t<a href='https:\/\/www.copealcoy.es\/es\/una-calurosa-publicacio-da-la-bienvenida-a-las-fiestas-de-cocentaina\/356254064_10230741625704936_4361818982098177024_n\/'><img loading=\"lazy\" decoding=\"async\" width=\"1011\" height=\"1080\" src=\"https:\/\/www.copealcoy.es\/wp-content\/uploads\/2023\/06\/356254064_10230741625704936_4361818982098177024_n-scaled.jpg\" class=\"attachment-full size-full\" alt=\"\" srcset=\"https:\/\/www.copealcoy.es\/wp-content\/uploads\/2023\/06\/356254064_10230741625704936_4361818982098177024_n-scaled.jpg 1011w, https:\/\/www.copealcoy.es\/wp-content\/uploads\/2023\/06\/356254064_10230741625704936_4361818982098177024_n-768x820.jpg 768w, https:\/\/www.copealcoy.es\/wp-content\/uploads\/2023\/06\/356254064_10230741625704936_4361818982098177024_n-1439x1536.jpg 1439w\" sizes=\"auto, (max-width: 1011px) 100vw, 1011px\" \/><\/a>\n\t\t\t<\/div><\/figure>\n\t\t<\/div>\n\n","protected":false},"excerpt":{"rendered":"<p>Cocentaina ya ha empezado la cuenta atr\u00e1s hacia sus Fiestas de Moros y Cristianos en honor a San Hip\u00f3lito M\u00e1rtir&#8230;<\/p>\n","protected":false},"author":1,"featured_media":118335,"comment_status":"open","ping_status":"open","sticky":false,"template":"","format":"standard","meta":{"footnotes":""},"categories":[1],"tags":[132,565,609,1220,4488],"class_list":["post-118334","post","type-post","status-publish","format-standard","has-post-thumbnail","hentry","category-sin-categorizar","tag-cocentaina","tag-fiestas","tag-moros-y-cristianos","tag-publicacio","tag-san-hipolito-martir"],"yoast_head":"<!-- This site is optimized with the Yoast SEO plugin v27.3 - https:\/\/yoast.com\/product\/yoast-seo-wordpress\/ -->\n<title>Una calurosa Publicaci\u00f3 da la bienvenida a las Fiestas de Cocentaina - COPE Alcoy<\/title>\n<meta name=\"description\" content=\"Cocentaina ya ha empezado la cuenta atr\u00e1s hacia sus Fiestas en honor a San Hip\u00f3lito M\u00e1rtir despu\u00e9s de que ayer s\u00e1bado se celebrase La Publicaci\u00f3\" \/>\n<meta name=\"robots\" content=\"index, follow, max-snippet:-1, max-image-preview:large, max-video-preview:-1\" \/>\n<link rel=\"canonical\" href=\"https:\/\/www.copealcoy.es\/es\/una-calurosa-publicacio-da-la-bienvenida-a-las-fiestas-de-cocentaina\/\" \/>\n<meta property=\"og:locale\" content=\"es_ES\" \/>\n<meta property=\"og:type\" content=\"article\" \/>\n<meta property=\"og:title\" content=\"Una calurosa Publicaci\u00f3 da la bienvenida a las Fiestas de Cocentaina - COPE Alcoy\" \/>\n<meta property=\"og:description\" content=\"Cocentaina ya ha empezado la cuenta atr\u00e1s hacia sus Fiestas en honor a San Hip\u00f3lito M\u00e1rtir despu\u00e9s de que ayer s\u00e1bado se celebrase La Publicaci\u00f3\" \/>\n<meta property=\"og:url\" content=\"https:\/\/www.copealcoy.es\/es\/una-calurosa-publicacio-da-la-bienvenida-a-las-fiestas-de-cocentaina\/\" \/>\n<meta property=\"og:site_name\" content=\"COPE Alcoy\" \/>\n<meta property=\"article:published_time\" content=\"2023-06-25T08:10:09+00:00\" \/>\n<meta property=\"article:modified_time\" content=\"2023-06-25T08:53:12+00:00\" \/>\n<meta property=\"og:image\" content=\"https:\/\/www.copealcoy.es\/wp-content\/uploads\/2023\/06\/unnamed-1-29.jpg\" \/>\n\t<meta property=\"og:image:width\" content=\"1201\" \/>\n\t<meta property=\"og:image:height\" content=\"707\" \/>\n\t<meta property=\"og:image:type\" content=\"image\/jpeg\" \/>\n<meta name=\"author\" content=\"Cope Alcoy\" \/>\n<meta name=\"twitter:label1\" content=\"Escrito por\" \/>\n\t<meta name=\"twitter:data1\" content=\"Cope Alcoy\" \/>\n\t<meta name=\"twitter:label2\" content=\"Tiempo de lectura\" \/>\n\t<meta name=\"twitter:data2\" content=\"4 minutos\" \/>\n<script type=\"application\/ld+json\" class=\"yoast-schema-graph\">{\"@context\":\"https:\\\/\\\/schema.org\",\"@graph\":[{\"@type\":\"Article\",\"@id\":\"https:\\\/\\\/www.copealcoy.es\\\/es\\\/una-calurosa-publicacio-da-la-bienvenida-a-las-fiestas-de-cocentaina\\\/#article\",\"isPartOf\":{\"@id\":\"https:\\\/\\\/www.copealcoy.es\\\/es\\\/una-calurosa-publicacio-da-la-bienvenida-a-las-fiestas-de-cocentaina\\\/\"},\"author\":{\"name\":\"Cope Alcoy\",\"@id\":\"https:\\\/\\\/www.copealcoy.es\\\/es\\\/#\\\/schema\\\/person\\\/e777c87fa024e57d40170af9df39882c\"},\"headline\":\"Una calurosa Publicaci\u00f3 da la bienvenida a las Fiestas de Cocentaina\",\"datePublished\":\"2023-06-25T08:10:09+00:00\",\"dateModified\":\"2023-06-25T08:53:12+00:00\",\"mainEntityOfPage\":{\"@id\":\"https:\\\/\\\/www.copealcoy.es\\\/es\\\/una-calurosa-publicacio-da-la-bienvenida-a-las-fiestas-de-cocentaina\\\/\"},\"wordCount\":762,\"commentCount\":0,\"image\":{\"@id\":\"https:\\\/\\\/www.copealcoy.es\\\/es\\\/una-calurosa-publicacio-da-la-bienvenida-a-las-fiestas-de-cocentaina\\\/#primaryimage\"},\"thumbnailUrl\":\"https:\\\/\\\/www.copealcoy.es\\\/wp-content\\\/uploads\\\/2023\\\/06\\\/unnamed-1-29.jpg\",\"keywords\":[\"Cocentaina\",\"Fiestas\",\"Moros Y Cristianos\",\"Publicaci\u00f3\",\"San Hip\u00f3lito M\u00e1rtir\"],\"articleSection\":[\"Sin categorizar\"],\"inLanguage\":\"es\"},{\"@type\":\"WebPage\",\"@id\":\"https:\\\/\\\/www.copealcoy.es\\\/es\\\/una-calurosa-publicacio-da-la-bienvenida-a-las-fiestas-de-cocentaina\\\/\",\"url\":\"https:\\\/\\\/www.copealcoy.es\\\/es\\\/una-calurosa-publicacio-da-la-bienvenida-a-las-fiestas-de-cocentaina\\\/\",\"name\":\"Una calurosa Publicaci\u00f3 da la bienvenida a las Fiestas de Cocentaina - COPE Alcoy\",\"isPartOf\":{\"@id\":\"https:\\\/\\\/www.copealcoy.es\\\/es\\\/#website\"},\"primaryImageOfPage\":{\"@id\":\"https:\\\/\\\/www.copealcoy.es\\\/es\\\/una-calurosa-publicacio-da-la-bienvenida-a-las-fiestas-de-cocentaina\\\/#primaryimage\"},\"image\":{\"@id\":\"https:\\\/\\\/www.copealcoy.es\\\/es\\\/una-calurosa-publicacio-da-la-bienvenida-a-las-fiestas-de-cocentaina\\\/#primaryimage\"},\"thumbnailUrl\":\"https:\\\/\\\/www.copealcoy.es\\\/wp-content\\\/uploads\\\/2023\\\/06\\\/unnamed-1-29.jpg\",\"datePublished\":\"2023-06-25T08:10:09+00:00\",\"dateModified\":\"2023-06-25T08:53:12+00:00\",\"author\":{\"@id\":\"https:\\\/\\\/www.copealcoy.es\\\/es\\\/#\\\/schema\\\/person\\\/e777c87fa024e57d40170af9df39882c\"},\"description\":\"Cocentaina ya ha empezado la cuenta atr\u00e1s hacia sus Fiestas en honor a San Hip\u00f3lito M\u00e1rtir despu\u00e9s de que ayer s\u00e1bado se celebrase La Publicaci\u00f3\",\"breadcrumb\":{\"@id\":\"https:\\\/\\\/www.copealcoy.es\\\/es\\\/una-calurosa-publicacio-da-la-bienvenida-a-las-fiestas-de-cocentaina\\\/#breadcrumb\"},\"inLanguage\":\"es\",\"potentialAction\":[{\"@type\":\"ReadAction\",\"target\":[\"https:\\\/\\\/www.copealcoy.es\\\/es\\\/una-calurosa-publicacio-da-la-bienvenida-a-las-fiestas-de-cocentaina\\\/\"]}]},{\"@type\":\"ImageObject\",\"inLanguage\":\"es\",\"@id\":\"https:\\\/\\\/www.copealcoy.es\\\/es\\\/una-calurosa-publicacio-da-la-bienvenida-a-las-fiestas-de-cocentaina\\\/#primaryimage\",\"url\":\"https:\\\/\\\/www.copealcoy.es\\\/wp-content\\\/uploads\\\/2023\\\/06\\\/unnamed-1-29.jpg\",\"contentUrl\":\"https:\\\/\\\/www.copealcoy.es\\\/wp-content\\\/uploads\\\/2023\\\/06\\\/unnamed-1-29.jpg\",\"width\":1201,\"height\":707},{\"@type\":\"BreadcrumbList\",\"@id\":\"https:\\\/\\\/www.copealcoy.es\\\/es\\\/una-calurosa-publicacio-da-la-bienvenida-a-las-fiestas-de-cocentaina\\\/#breadcrumb\",\"itemListElement\":[{\"@type\":\"ListItem\",\"position\":1,\"name\":\"Portada\",\"item\":\"https:\\\/\\\/www.copealcoy.es\\\/es\\\/\"},{\"@type\":\"ListItem\",\"position\":2,\"name\":\"Una calurosa Publicaci\u00f3 da la bienvenida a las Fiestas de Cocentaina\"}]},{\"@type\":\"WebSite\",\"@id\":\"https:\\\/\\\/www.copealcoy.es\\\/es\\\/#website\",\"url\":\"https:\\\/\\\/www.copealcoy.es\\\/es\\\/\",\"name\":\"COPE Alcoy\",\"description\":\"Emisora COPE de radio local con emisi\u00f3n online. Pont de Sant Jordi 8-10 03803 Alcoy\",\"potentialAction\":[{\"@type\":\"SearchAction\",\"target\":{\"@type\":\"EntryPoint\",\"urlTemplate\":\"https:\\\/\\\/www.copealcoy.es\\\/es\\\/?s={search_term_string}\"},\"query-input\":{\"@type\":\"PropertyValueSpecification\",\"valueRequired\":true,\"valueName\":\"search_term_string\"}}],\"inLanguage\":\"es\"},{\"@type\":\"Person\",\"@id\":\"https:\\\/\\\/www.copealcoy.es\\\/es\\\/#\\\/schema\\\/person\\\/e777c87fa024e57d40170af9df39882c\",\"name\":\"Cope Alcoy\",\"image\":{\"@type\":\"ImageObject\",\"inLanguage\":\"es\",\"@id\":\"https:\\\/\\\/secure.gravatar.com\\\/avatar\\\/bb65d0283347e303893ba14f0692005417c1e0e690a325a4c5d8bb2b3943ee14?s=96&d=mm&r=g\",\"url\":\"https:\\\/\\\/secure.gravatar.com\\\/avatar\\\/bb65d0283347e303893ba14f0692005417c1e0e690a325a4c5d8bb2b3943ee14?s=96&d=mm&r=g\",\"contentUrl\":\"https:\\\/\\\/secure.gravatar.com\\\/avatar\\\/bb65d0283347e303893ba14f0692005417c1e0e690a325a4c5d8bb2b3943ee14?s=96&d=mm&r=g\",\"caption\":\"Cope Alcoy\"}}]}<\/script>\n<!-- \/ Yoast SEO plugin. -->","yoast_head_json":{"title":"Una calurosa Publicaci\u00f3 da la bienvenida a las Fiestas de Cocentaina - COPE Alcoy","description":"Cocentaina ya ha empezado la cuenta atr\u00e1s hacia sus Fiestas en honor a San Hip\u00f3lito M\u00e1rtir despu\u00e9s de que ayer s\u00e1bado se celebrase La Publicaci\u00f3","robots":{"index":"index","follow":"follow","max-snippet":"max-snippet:-1","max-image-preview":"max-image-preview:large","max-video-preview":"max-video-preview:-1"},"canonical":"https:\/\/www.copealcoy.es\/es\/una-calurosa-publicacio-da-la-bienvenida-a-las-fiestas-de-cocentaina\/","og_locale":"es_ES","og_type":"article","og_title":"Una calurosa Publicaci\u00f3 da la bienvenida a las Fiestas de Cocentaina - COPE Alcoy","og_description":"Cocentaina ya ha empezado la cuenta atr\u00e1s hacia sus Fiestas en honor a San Hip\u00f3lito M\u00e1rtir despu\u00e9s de que ayer s\u00e1bado se celebrase La Publicaci\u00f3","og_url":"https:\/\/www.copealcoy.es\/es\/una-calurosa-publicacio-da-la-bienvenida-a-las-fiestas-de-cocentaina\/","og_site_name":"COPE Alcoy","article_published_time":"2023-06-25T08:10:09+00:00","article_modified_time":"2023-06-25T08:53:12+00:00","og_image":[{"width":1201,"height":707,"url":"https:\/\/www.copealcoy.es\/wp-content\/uploads\/2023\/06\/unnamed-1-29.jpg","type":"image\/jpeg"}],"author":"Cope Alcoy","twitter_misc":{"Escrito por":"Cope Alcoy","Tiempo de lectura":"4 minutos"},"schema":{"@context":"https:\/\/schema.org","@graph":[{"@type":"Article","@id":"https:\/\/www.copealcoy.es\/es\/una-calurosa-publicacio-da-la-bienvenida-a-las-fiestas-de-cocentaina\/#article","isPartOf":{"@id":"https:\/\/www.copealcoy.es\/es\/una-calurosa-publicacio-da-la-bienvenida-a-las-fiestas-de-cocentaina\/"},"author":{"name":"Cope Alcoy","@id":"https:\/\/www.copealcoy.es\/es\/#\/schema\/person\/e777c87fa024e57d40170af9df39882c"},"headline":"Una calurosa Publicaci\u00f3 da la bienvenida a las Fiestas de Cocentaina","datePublished":"2023-06-25T08:10:09+00:00","dateModified":"2023-06-25T08:53:12+00:00","mainEntityOfPage":{"@id":"https:\/\/www.copealcoy.es\/es\/una-calurosa-publicacio-da-la-bienvenida-a-las-fiestas-de-cocentaina\/"},"wordCount":762,"commentCount":0,"image":{"@id":"https:\/\/www.copealcoy.es\/es\/una-calurosa-publicacio-da-la-bienvenida-a-las-fiestas-de-cocentaina\/#primaryimage"},"thumbnailUrl":"https:\/\/www.copealcoy.es\/wp-content\/uploads\/2023\/06\/unnamed-1-29.jpg","keywords":["Cocentaina","Fiestas","Moros Y Cristianos","Publicaci\u00f3","San Hip\u00f3lito M\u00e1rtir"],"articleSection":["Sin categorizar"],"inLanguage":"es"},{"@type":"WebPage","@id":"https:\/\/www.copealcoy.es\/es\/una-calurosa-publicacio-da-la-bienvenida-a-las-fiestas-de-cocentaina\/","url":"https:\/\/www.copealcoy.es\/es\/una-calurosa-publicacio-da-la-bienvenida-a-las-fiestas-de-cocentaina\/","name":"Una calurosa Publicaci\u00f3 da la bienvenida a las Fiestas de Cocentaina - COPE Alcoy","isPartOf":{"@id":"https:\/\/www.copealcoy.es\/es\/#website"},"primaryImageOfPage":{"@id":"https:\/\/www.copealcoy.es\/es\/una-calurosa-publicacio-da-la-bienvenida-a-las-fiestas-de-cocentaina\/#primaryimage"},"image":{"@id":"https:\/\/www.copealcoy.es\/es\/una-calurosa-publicacio-da-la-bienvenida-a-las-fiestas-de-cocentaina\/#primaryimage"},"thumbnailUrl":"https:\/\/www.copealcoy.es\/wp-content\/uploads\/2023\/06\/unnamed-1-29.jpg","datePublished":"2023-06-25T08:10:09+00:00","dateModified":"2023-06-25T08:53:12+00:00","author":{"@id":"https:\/\/www.copealcoy.es\/es\/#\/schema\/person\/e777c87fa024e57d40170af9df39882c"},"description":"Cocentaina ya ha empezado la cuenta atr\u00e1s hacia sus Fiestas en honor a San Hip\u00f3lito M\u00e1rtir despu\u00e9s de que ayer s\u00e1bado se celebrase La Publicaci\u00f3","breadcrumb":{"@id":"https:\/\/www.copealcoy.es\/es\/una-calurosa-publicacio-da-la-bienvenida-a-las-fiestas-de-cocentaina\/#breadcrumb"},"inLanguage":"es","potentialAction":[{"@type":"ReadAction","target":["https:\/\/www.copealcoy.es\/es\/una-calurosa-publicacio-da-la-bienvenida-a-las-fiestas-de-cocentaina\/"]}]},{"@type":"ImageObject","inLanguage":"es","@id":"https:\/\/www.copealcoy.es\/es\/una-calurosa-publicacio-da-la-bienvenida-a-las-fiestas-de-cocentaina\/#primaryimage","url":"https:\/\/www.copealcoy.es\/wp-content\/uploads\/2023\/06\/unnamed-1-29.jpg","contentUrl":"https:\/\/www.copealcoy.es\/wp-content\/uploads\/2023\/06\/unnamed-1-29.jpg","width":1201,"height":707},{"@type":"BreadcrumbList","@id":"https:\/\/www.copealcoy.es\/es\/una-calurosa-publicacio-da-la-bienvenida-a-las-fiestas-de-cocentaina\/#breadcrumb","itemListElement":[{"@type":"ListItem","position":1,"name":"Portada","item":"https:\/\/www.copealcoy.es\/es\/"},{"@type":"ListItem","position":2,"name":"Una calurosa Publicaci\u00f3 da la bienvenida a las Fiestas de Cocentaina"}]},{"@type":"WebSite","@id":"https:\/\/www.copealcoy.es\/es\/#website","url":"https:\/\/www.copealcoy.es\/es\/","name":"COPE Alcoy","description":"Emisora COPE de radio local con emisi\u00f3n online. Pont de Sant Jordi 8-10 03803 Alcoy","potentialAction":[{"@type":"SearchAction","target":{"@type":"EntryPoint","urlTemplate":"https:\/\/www.copealcoy.es\/es\/?s={search_term_string}"},"query-input":{"@type":"PropertyValueSpecification","valueRequired":true,"valueName":"search_term_string"}}],"inLanguage":"es"},{"@type":"Person","@id":"https:\/\/www.copealcoy.es\/es\/#\/schema\/person\/e777c87fa024e57d40170af9df39882c","name":"Cope Alcoy","image":{"@type":"ImageObject","inLanguage":"es","@id":"https:\/\/secure.gravatar.com\/avatar\/bb65d0283347e303893ba14f0692005417c1e0e690a325a4c5d8bb2b3943ee14?s=96&d=mm&r=g","url":"https:\/\/secure.gravatar.com\/avatar\/bb65d0283347e303893ba14f0692005417c1e0e690a325a4c5d8bb2b3943ee14?s=96&d=mm&r=g","contentUrl":"https:\/\/secure.gravatar.com\/avatar\/bb65d0283347e303893ba14f0692005417c1e0e690a325a4c5d8bb2b3943ee14?s=96&d=mm&r=g","caption":"Cope Alcoy"}}]}},"_links":{"self":[{"href":"https:\/\/www.copealcoy.es\/es\/wp-json\/wp\/v2\/posts\/118334","targetHints":{"allow":["GET"]}}],"collection":[{"href":"https:\/\/www.copealcoy.es\/es\/wp-json\/wp\/v2\/posts"}],"about":[{"href":"https:\/\/www.copealcoy.es\/es\/wp-json\/wp\/v2\/types\/post"}],"author":[{"embeddable":true,"href":"https:\/\/www.copealcoy.es\/es\/wp-json\/wp\/v2\/users\/1"}],"replies":[{"embeddable":true,"href":"https:\/\/www.copealcoy.es\/es\/wp-json\/wp\/v2\/comments?post=118334"}],"version-history":[{"count":0,"href":"https:\/\/www.copealcoy.es\/es\/wp-json\/wp\/v2\/posts\/118334\/revisions"}],"wp:featuredmedia":[{"embeddable":true,"href":"https:\/\/www.copealcoy.es\/es\/wp-json\/wp\/v2\/media\/118335"}],"wp:attachment":[{"href":"https:\/\/www.copealcoy.es\/es\/wp-json\/wp\/v2\/media?parent=118334"}],"wp:term":[{"taxonomy":"category","embeddable":true,"href":"https:\/\/www.copealcoy.es\/es\/wp-json\/wp\/v2\/categories?post=118334"},{"taxonomy":"post_tag","embeddable":true,"href":"https:\/\/www.copealcoy.es\/es\/wp-json\/wp\/v2\/tags?post=118334"}],"curies":[{"name":"wp","href":"https:\/\/api.w.org\/{rel}","templated":true}]}}