{"id":118279,"date":"2023-06-23T06:00:31","date_gmt":"2023-06-23T05:00:31","guid":{"rendered":"https:\/\/www.copealcoy.es\/?p=118279"},"modified":"2023-06-23T07:36:12","modified_gmt":"2023-06-23T06:36:12","slug":"informativo-matinal-viernes-23-de-junio-2023-0720h","status":"publish","type":"post","link":"https:\/\/www.copealcoy.es\/es\/informativo-matinal-viernes-23-de-junio-2023-0720h\/","title":{"rendered":"Informativo matinal viernes 23 de junio 2023 (07:20h)"},"content":{"rendered":"<p><iframe loading=\"lazy\" title=\"Informatiu Matinal Divendres 23 De Juny 2023 (07:20h)\" width=\"100%\" height=\"120\" src=\"https:\/\/www.mixcloud.com\/widget\/iframe\/?feed=https%3A%2F%2Fwww.mixcloud.com%2FCOPEAlcoy%2Finformatiu-matinal-divendres-23-de-juny-2023-0720h%2F&amp;hide_cover=1\" frameborder=\"0\"><\/iframe><\/p>\n<p>El <strong>coste que tendr\u00e1 la reposici\u00f3n de la zona verde de La Rosaleda<\/strong> y las <strong>demandas de los vecinos de la Zona Norte<\/strong> para el mantenimiento de la Avenida de la Hispanidad son algunas de las noticias destacadas de este 23 de junio de 2023.<\/p>\n<p>Los\u00a0<a href=\"https:\/\/www.facebook.com\/AssociacioVeinsZonaNord\" target=\"_blank\" rel=\"noopener\"><strong>vecinos de la Zona Norte<\/strong>\u00a0<\/a>de Alcoy reivindican\u00a0<strong>mejoras en la Avinguda de la Hispanitat<\/strong>, la principal arteria de la barriada. As\u00ed lo han plasmado en\u00a0<strong>la tradicional Hoguera de San Juan<\/strong>\u00a0que plantan por estas fechas y en la que\u00a0<strong>instan al adecuado mantenimiento del arbolado o el mobiliario urbano<\/strong>\u00a0de este punto de la ciudad. Tambi\u00e9n expresan que\u00a0<strong>es necesario actuar para reparar las aceras o el pavimento central<\/strong>, punto este \u00faltimo en el que suelen producirse acumulaciones de agua cuando llueve con intensidad \u00ab<em>estamos ante una de las Avenidas m\u00e1s importantes del barrio, en la que se concentran muchos servicios de la ciudad, por lo que hay que cuidarla al m\u00e1ximo<\/em>\u00ab, explicaba este jueves en COPE ALCOY el presidente de la Asociaci\u00f3n de Vecinos;\u00a0<strong>Manolo Flores<\/strong>. Desde la entidad tambi\u00e9n aseguran que\u00a0<strong>han trasladado la petici\u00f3n al Ayuntamiento<\/strong>\u00a0y dicen que\u00a0<strong>s\u00ed que han sido escuchados<\/strong>\u00a0\u00ab<em>lo que pasa que a\u00fan no se ha hecho nada porque estas cosas pues suelen tardar. Esperamos que se resuelva cuanto antes<\/em>\u00ab, concluye Flores.<\/p>\n<p>La Hoguera de San Juan de Zona Norte\u00a0<strong>ya est\u00e1 plantada en la conocida como la Pla\u00e7a de la Foguera<\/strong>\u00a0y all\u00ed arder\u00e1 ma\u00f1ana en la medianoche\u00a0<strong>en el marco de los actos preparados para festejar la Noche de San Juan<\/strong>. Durante toda la semana se han llevado a cabo diferentes actos dentro de la 43 edici\u00f3n de la Setmana dels Barris y para el viernes est\u00e1 previsto\u00a0<strong>el desfile del \u2018Ros\u2019<\/strong>\u00a0desde las 19:30h. Seguidamente ser\u00e1 el turno de<strong>\u00a0una cena popular<\/strong>\u00a0y a las 23:30h el grupo de m\u00fasica tradicional \u2018Rebuig\u2019 a<strong>menizar\u00e1 un pasacalles hasta la hoguera<\/strong>\u00a0antes de que se proceda a su encendido. Ser\u00e1 en la medianoche cuando el monumento\u00a0<strong>quede pasto de las llamas<\/strong>\u00a0y la programaci\u00f3n finalizar\u00e1 el s\u00e1bado con\u00a0<strong>la olleta popular<\/strong>\u00a0seguida de<strong>\u00a0la \u2018Entraeta\u2019<\/strong>\u00a0por las calles del barrio.<\/p>\n","protected":false},"excerpt":{"rendered":"<p>El coste que tendr\u00e1 la reposici\u00f3n de la zona verde de La Rosaleda y las demandas de los vecinos de&#8230;<\/p>\n","protected":false},"author":1,"featured_media":110612,"comment_status":"open","ping_status":"open","sticky":false,"template":"","format":"standard","meta":{"footnotes":""},"categories":[6909,89,91],"tags":[],"class_list":["post-118279","post","type-post","status-publish","format-standard","has-post-thumbnail","hentry","category-actualidad","category-audiosdelosprogramas","category-informativos"],"yoast_head":"<!-- This site is optimized with the Yoast SEO plugin v27.3 - https:\/\/yoast.com\/product\/yoast-seo-wordpress\/ -->\n<title>Informativo matinal viernes 23 de junio 2023 (07:20h) - COPE Alcoy<\/title>\n<meta name=\"description\" content=\"El coste que tendr\u00e1 la reposici\u00f3n de la zona verde de La Rosaleda y las demandas de los vecinos de la Zona Norte para el mantenimiento de la Avenida de la Hispanidad son algunas de las noticias destacadas de este 23 de junio de 2023.\" \/>\n<meta name=\"robots\" content=\"index, follow, max-snippet:-1, max-image-preview:large, max-video-preview:-1\" \/>\n<link rel=\"canonical\" href=\"https:\/\/www.copealcoy.es\/es\/informativo-matinal-viernes-23-de-junio-2023-0720h\/\" \/>\n<meta property=\"og:locale\" content=\"es_ES\" \/>\n<meta property=\"og:type\" content=\"article\" \/>\n<meta property=\"og:title\" content=\"Informativo matinal viernes 23 de junio 2023 (07:20h) - COPE Alcoy\" \/>\n<meta property=\"og:description\" content=\"El coste que tendr\u00e1 la reposici\u00f3n de la zona verde de La Rosaleda y las demandas de los vecinos de la Zona Norte para el mantenimiento de la Avenida de la Hispanidad son algunas de las noticias destacadas de este 23 de junio de 2023.\" \/>\n<meta property=\"og:url\" content=\"https:\/\/www.copealcoy.es\/es\/informativo-matinal-viernes-23-de-junio-2023-0720h\/\" \/>\n<meta property=\"og:site_name\" content=\"COPE Alcoy\" \/>\n<meta property=\"article:published_time\" content=\"2023-06-23T05:00:31+00:00\" \/>\n<meta property=\"article:modified_time\" content=\"2023-06-23T06:36:12+00:00\" \/>\n<meta property=\"og:image\" content=\"https:\/\/www.copealcoy.es\/wp-content\/uploads\/2023\/02\/Herrera-en-COPE-Alcoy-4.png\" \/>\n\t<meta property=\"og:image:width\" content=\"357\" \/>\n\t<meta property=\"og:image:height\" content=\"290\" \/>\n\t<meta property=\"og:image:type\" content=\"image\/png\" \/>\n<meta name=\"author\" content=\"Cope Alcoy\" \/>\n<meta name=\"twitter:label1\" content=\"Escrito por\" \/>\n\t<meta name=\"twitter:data1\" content=\"Cope Alcoy\" \/>\n\t<meta name=\"twitter:label2\" content=\"Tiempo de lectura\" \/>\n\t<meta name=\"twitter:data2\" content=\"2 minutos\" \/>\n<script type=\"application\/ld+json\" class=\"yoast-schema-graph\">{\"@context\":\"https:\\\/\\\/schema.org\",\"@graph\":[{\"@type\":\"Article\",\"@id\":\"https:\\\/\\\/www.copealcoy.es\\\/es\\\/informativo-matinal-viernes-23-de-junio-2023-0720h\\\/#article\",\"isPartOf\":{\"@id\":\"https:\\\/\\\/www.copealcoy.es\\\/es\\\/informativo-matinal-viernes-23-de-junio-2023-0720h\\\/\"},\"author\":{\"name\":\"Cope Alcoy\",\"@id\":\"https:\\\/\\\/www.copealcoy.es\\\/es\\\/#\\\/schema\\\/person\\\/e777c87fa024e57d40170af9df39882c\"},\"headline\":\"Informativo matinal viernes 23 de junio 2023 (07:20h)\",\"datePublished\":\"2023-06-23T05:00:31+00:00\",\"dateModified\":\"2023-06-23T06:36:12+00:00\",\"mainEntityOfPage\":{\"@id\":\"https:\\\/\\\/www.copealcoy.es\\\/es\\\/informativo-matinal-viernes-23-de-junio-2023-0720h\\\/\"},\"wordCount\":383,\"commentCount\":0,\"image\":{\"@id\":\"https:\\\/\\\/www.copealcoy.es\\\/es\\\/informativo-matinal-viernes-23-de-junio-2023-0720h\\\/#primaryimage\"},\"thumbnailUrl\":\"https:\\\/\\\/www.copealcoy.es\\\/wp-content\\\/uploads\\\/2023\\\/02\\\/Herrera-en-COPE-Alcoy-4.png\",\"articleSection\":[\"Actualidad\",\"Audios de los programas\",\"Informativos\"],\"inLanguage\":\"es\"},{\"@type\":\"WebPage\",\"@id\":\"https:\\\/\\\/www.copealcoy.es\\\/es\\\/informativo-matinal-viernes-23-de-junio-2023-0720h\\\/\",\"url\":\"https:\\\/\\\/www.copealcoy.es\\\/es\\\/informativo-matinal-viernes-23-de-junio-2023-0720h\\\/\",\"name\":\"Informativo matinal viernes 23 de junio 2023 (07:20h) - COPE Alcoy\",\"isPartOf\":{\"@id\":\"https:\\\/\\\/www.copealcoy.es\\\/es\\\/#website\"},\"primaryImageOfPage\":{\"@id\":\"https:\\\/\\\/www.copealcoy.es\\\/es\\\/informativo-matinal-viernes-23-de-junio-2023-0720h\\\/#primaryimage\"},\"image\":{\"@id\":\"https:\\\/\\\/www.copealcoy.es\\\/es\\\/informativo-matinal-viernes-23-de-junio-2023-0720h\\\/#primaryimage\"},\"thumbnailUrl\":\"https:\\\/\\\/www.copealcoy.es\\\/wp-content\\\/uploads\\\/2023\\\/02\\\/Herrera-en-COPE-Alcoy-4.png\",\"datePublished\":\"2023-06-23T05:00:31+00:00\",\"dateModified\":\"2023-06-23T06:36:12+00:00\",\"author\":{\"@id\":\"https:\\\/\\\/www.copealcoy.es\\\/es\\\/#\\\/schema\\\/person\\\/e777c87fa024e57d40170af9df39882c\"},\"description\":\"El coste que tendr\u00e1 la reposici\u00f3n de la zona verde de La Rosaleda y las demandas de los vecinos de la Zona Norte para el mantenimiento de la Avenida de la Hispanidad son algunas de las noticias destacadas de este 23 de junio de 2023.\",\"breadcrumb\":{\"@id\":\"https:\\\/\\\/www.copealcoy.es\\\/es\\\/informativo-matinal-viernes-23-de-junio-2023-0720h\\\/#breadcrumb\"},\"inLanguage\":\"es\",\"potentialAction\":[{\"@type\":\"ReadAction\",\"target\":[\"https:\\\/\\\/www.copealcoy.es\\\/es\\\/informativo-matinal-viernes-23-de-junio-2023-0720h\\\/\"]}]},{\"@type\":\"ImageObject\",\"inLanguage\":\"es\",\"@id\":\"https:\\\/\\\/www.copealcoy.es\\\/es\\\/informativo-matinal-viernes-23-de-junio-2023-0720h\\\/#primaryimage\",\"url\":\"https:\\\/\\\/www.copealcoy.es\\\/wp-content\\\/uploads\\\/2023\\\/02\\\/Herrera-en-COPE-Alcoy-4.png\",\"contentUrl\":\"https:\\\/\\\/www.copealcoy.es\\\/wp-content\\\/uploads\\\/2023\\\/02\\\/Herrera-en-COPE-Alcoy-4.png\",\"width\":357,\"height\":290},{\"@type\":\"BreadcrumbList\",\"@id\":\"https:\\\/\\\/www.copealcoy.es\\\/es\\\/informativo-matinal-viernes-23-de-junio-2023-0720h\\\/#breadcrumb\",\"itemListElement\":[{\"@type\":\"ListItem\",\"position\":1,\"name\":\"Portada\",\"item\":\"https:\\\/\\\/www.copealcoy.es\\\/es\\\/\"},{\"@type\":\"ListItem\",\"position\":2,\"name\":\"Informativo matinal viernes 23 de junio 2023 (07:20h)\"}]},{\"@type\":\"WebSite\",\"@id\":\"https:\\\/\\\/www.copealcoy.es\\\/es\\\/#website\",\"url\":\"https:\\\/\\\/www.copealcoy.es\\\/es\\\/\",\"name\":\"COPE Alcoy\",\"description\":\"Emisora COPE de radio local con emisi\u00f3n online. Pont de Sant Jordi 8-10 03803 Alcoy\",\"potentialAction\":[{\"@type\":\"SearchAction\",\"target\":{\"@type\":\"EntryPoint\",\"urlTemplate\":\"https:\\\/\\\/www.copealcoy.es\\\/es\\\/?s={search_term_string}\"},\"query-input\":{\"@type\":\"PropertyValueSpecification\",\"valueRequired\":true,\"valueName\":\"search_term_string\"}}],\"inLanguage\":\"es\"},{\"@type\":\"Person\",\"@id\":\"https:\\\/\\\/www.copealcoy.es\\\/es\\\/#\\\/schema\\\/person\\\/e777c87fa024e57d40170af9df39882c\",\"name\":\"Cope Alcoy\",\"image\":{\"@type\":\"ImageObject\",\"inLanguage\":\"es\",\"@id\":\"https:\\\/\\\/secure.gravatar.com\\\/avatar\\\/bb65d0283347e303893ba14f0692005417c1e0e690a325a4c5d8bb2b3943ee14?s=96&d=mm&r=g\",\"url\":\"https:\\\/\\\/secure.gravatar.com\\\/avatar\\\/bb65d0283347e303893ba14f0692005417c1e0e690a325a4c5d8bb2b3943ee14?s=96&d=mm&r=g\",\"contentUrl\":\"https:\\\/\\\/secure.gravatar.com\\\/avatar\\\/bb65d0283347e303893ba14f0692005417c1e0e690a325a4c5d8bb2b3943ee14?s=96&d=mm&r=g\",\"caption\":\"Cope Alcoy\"}}]}<\/script>\n<!-- \/ Yoast SEO plugin. -->","yoast_head_json":{"title":"Informativo matinal viernes 23 de junio 2023 (07:20h) - COPE Alcoy","description":"El coste que tendr\u00e1 la reposici\u00f3n de la zona verde de La Rosaleda y las demandas de los vecinos de la Zona Norte para el mantenimiento de la Avenida de la Hispanidad son algunas de las noticias destacadas de este 23 de junio de 2023.","robots":{"index":"index","follow":"follow","max-snippet":"max-snippet:-1","max-image-preview":"max-image-preview:large","max-video-preview":"max-video-preview:-1"},"canonical":"https:\/\/www.copealcoy.es\/es\/informativo-matinal-viernes-23-de-junio-2023-0720h\/","og_locale":"es_ES","og_type":"article","og_title":"Informativo matinal viernes 23 de junio 2023 (07:20h) - COPE Alcoy","og_description":"El coste que tendr\u00e1 la reposici\u00f3n de la zona verde de La Rosaleda y las demandas de los vecinos de la Zona Norte para el mantenimiento de la Avenida de la Hispanidad son algunas de las noticias destacadas de este 23 de junio de 2023.","og_url":"https:\/\/www.copealcoy.es\/es\/informativo-matinal-viernes-23-de-junio-2023-0720h\/","og_site_name":"COPE Alcoy","article_published_time":"2023-06-23T05:00:31+00:00","article_modified_time":"2023-06-23T06:36:12+00:00","og_image":[{"width":357,"height":290,"url":"https:\/\/www.copealcoy.es\/wp-content\/uploads\/2023\/02\/Herrera-en-COPE-Alcoy-4.png","type":"image\/png"}],"author":"Cope Alcoy","twitter_misc":{"Escrito por":"Cope Alcoy","Tiempo de lectura":"2 minutos"},"schema":{"@context":"https:\/\/schema.org","@graph":[{"@type":"Article","@id":"https:\/\/www.copealcoy.es\/es\/informativo-matinal-viernes-23-de-junio-2023-0720h\/#article","isPartOf":{"@id":"https:\/\/www.copealcoy.es\/es\/informativo-matinal-viernes-23-de-junio-2023-0720h\/"},"author":{"name":"Cope Alcoy","@id":"https:\/\/www.copealcoy.es\/es\/#\/schema\/person\/e777c87fa024e57d40170af9df39882c"},"headline":"Informativo matinal viernes 23 de junio 2023 (07:20h)","datePublished":"2023-06-23T05:00:31+00:00","dateModified":"2023-06-23T06:36:12+00:00","mainEntityOfPage":{"@id":"https:\/\/www.copealcoy.es\/es\/informativo-matinal-viernes-23-de-junio-2023-0720h\/"},"wordCount":383,"commentCount":0,"image":{"@id":"https:\/\/www.copealcoy.es\/es\/informativo-matinal-viernes-23-de-junio-2023-0720h\/#primaryimage"},"thumbnailUrl":"https:\/\/www.copealcoy.es\/wp-content\/uploads\/2023\/02\/Herrera-en-COPE-Alcoy-4.png","articleSection":["Actualidad","Audios de los programas","Informativos"],"inLanguage":"es"},{"@type":"WebPage","@id":"https:\/\/www.copealcoy.es\/es\/informativo-matinal-viernes-23-de-junio-2023-0720h\/","url":"https:\/\/www.copealcoy.es\/es\/informativo-matinal-viernes-23-de-junio-2023-0720h\/","name":"Informativo matinal viernes 23 de junio 2023 (07:20h) - COPE Alcoy","isPartOf":{"@id":"https:\/\/www.copealcoy.es\/es\/#website"},"primaryImageOfPage":{"@id":"https:\/\/www.copealcoy.es\/es\/informativo-matinal-viernes-23-de-junio-2023-0720h\/#primaryimage"},"image":{"@id":"https:\/\/www.copealcoy.es\/es\/informativo-matinal-viernes-23-de-junio-2023-0720h\/#primaryimage"},"thumbnailUrl":"https:\/\/www.copealcoy.es\/wp-content\/uploads\/2023\/02\/Herrera-en-COPE-Alcoy-4.png","datePublished":"2023-06-23T05:00:31+00:00","dateModified":"2023-06-23T06:36:12+00:00","author":{"@id":"https:\/\/www.copealcoy.es\/es\/#\/schema\/person\/e777c87fa024e57d40170af9df39882c"},"description":"El coste que tendr\u00e1 la reposici\u00f3n de la zona verde de La Rosaleda y las demandas de los vecinos de la Zona Norte para el mantenimiento de la Avenida de la Hispanidad son algunas de las noticias destacadas de este 23 de junio de 2023.","breadcrumb":{"@id":"https:\/\/www.copealcoy.es\/es\/informativo-matinal-viernes-23-de-junio-2023-0720h\/#breadcrumb"},"inLanguage":"es","potentialAction":[{"@type":"ReadAction","target":["https:\/\/www.copealcoy.es\/es\/informativo-matinal-viernes-23-de-junio-2023-0720h\/"]}]},{"@type":"ImageObject","inLanguage":"es","@id":"https:\/\/www.copealcoy.es\/es\/informativo-matinal-viernes-23-de-junio-2023-0720h\/#primaryimage","url":"https:\/\/www.copealcoy.es\/wp-content\/uploads\/2023\/02\/Herrera-en-COPE-Alcoy-4.png","contentUrl":"https:\/\/www.copealcoy.es\/wp-content\/uploads\/2023\/02\/Herrera-en-COPE-Alcoy-4.png","width":357,"height":290},{"@type":"BreadcrumbList","@id":"https:\/\/www.copealcoy.es\/es\/informativo-matinal-viernes-23-de-junio-2023-0720h\/#breadcrumb","itemListElement":[{"@type":"ListItem","position":1,"name":"Portada","item":"https:\/\/www.copealcoy.es\/es\/"},{"@type":"ListItem","position":2,"name":"Informativo matinal viernes 23 de junio 2023 (07:20h)"}]},{"@type":"WebSite","@id":"https:\/\/www.copealcoy.es\/es\/#website","url":"https:\/\/www.copealcoy.es\/es\/","name":"COPE Alcoy","description":"Emisora COPE de radio local con emisi\u00f3n online. Pont de Sant Jordi 8-10 03803 Alcoy","potentialAction":[{"@type":"SearchAction","target":{"@type":"EntryPoint","urlTemplate":"https:\/\/www.copealcoy.es\/es\/?s={search_term_string}"},"query-input":{"@type":"PropertyValueSpecification","valueRequired":true,"valueName":"search_term_string"}}],"inLanguage":"es"},{"@type":"Person","@id":"https:\/\/www.copealcoy.es\/es\/#\/schema\/person\/e777c87fa024e57d40170af9df39882c","name":"Cope Alcoy","image":{"@type":"ImageObject","inLanguage":"es","@id":"https:\/\/secure.gravatar.com\/avatar\/bb65d0283347e303893ba14f0692005417c1e0e690a325a4c5d8bb2b3943ee14?s=96&d=mm&r=g","url":"https:\/\/secure.gravatar.com\/avatar\/bb65d0283347e303893ba14f0692005417c1e0e690a325a4c5d8bb2b3943ee14?s=96&d=mm&r=g","contentUrl":"https:\/\/secure.gravatar.com\/avatar\/bb65d0283347e303893ba14f0692005417c1e0e690a325a4c5d8bb2b3943ee14?s=96&d=mm&r=g","caption":"Cope Alcoy"}}]}},"_links":{"self":[{"href":"https:\/\/www.copealcoy.es\/es\/wp-json\/wp\/v2\/posts\/118279","targetHints":{"allow":["GET"]}}],"collection":[{"href":"https:\/\/www.copealcoy.es\/es\/wp-json\/wp\/v2\/posts"}],"about":[{"href":"https:\/\/www.copealcoy.es\/es\/wp-json\/wp\/v2\/types\/post"}],"author":[{"embeddable":true,"href":"https:\/\/www.copealcoy.es\/es\/wp-json\/wp\/v2\/users\/1"}],"replies":[{"embeddable":true,"href":"https:\/\/www.copealcoy.es\/es\/wp-json\/wp\/v2\/comments?post=118279"}],"version-history":[{"count":0,"href":"https:\/\/www.copealcoy.es\/es\/wp-json\/wp\/v2\/posts\/118279\/revisions"}],"wp:featuredmedia":[{"embeddable":true,"href":"https:\/\/www.copealcoy.es\/es\/wp-json\/wp\/v2\/media\/110612"}],"wp:attachment":[{"href":"https:\/\/www.copealcoy.es\/es\/wp-json\/wp\/v2\/media?parent=118279"}],"wp:term":[{"taxonomy":"category","embeddable":true,"href":"https:\/\/www.copealcoy.es\/es\/wp-json\/wp\/v2\/categories?post=118279"},{"taxonomy":"post_tag","embeddable":true,"href":"https:\/\/www.copealcoy.es\/es\/wp-json\/wp\/v2\/tags?post=118279"}],"curies":[{"name":"wp","href":"https:\/\/api.w.org\/{rel}","templated":true}]}}