{"id":118211,"date":"2023-06-22T07:20:58","date_gmt":"2023-06-22T06:20:58","guid":{"rendered":"https:\/\/www.copealcoy.es\/?p=118211"},"modified":"2023-06-22T07:28:42","modified_gmt":"2023-06-22T06:28:42","slug":"informativo-matinal-jueves-22-de-junio-2023-0720h","status":"publish","type":"post","link":"https:\/\/www.copealcoy.es\/es\/informativo-matinal-jueves-22-de-junio-2023-0720h\/","title":{"rendered":"Informativo matinal jueves 22 de junio 2023 (07:20h)"},"content":{"rendered":"<p><iframe loading=\"lazy\" title=\"Informatiu Matinal Dijous 22 De Juny 2023 (07:20h)\" width=\"100%\" height=\"120\" src=\"https:\/\/www.mixcloud.com\/widget\/iframe\/?feed=https%3A%2F%2Fwww.mixcloud.com%2FCOPEAlcoy%2Finformatiu-matinal-dijous-22-de-juny-2023-0720h%2F&amp;hide_cover=1\" frameborder=\"0\"><\/iframe><\/p>\n<p style=\"text-align: justify;\">El <strong>inicio del verano que se espera caluroso y tormentoso<\/strong>, y el <strong>premio de la ONCE<\/strong> que ha ca\u00eddo en Alcoy son algunas de las noticias destacadas de este 22 de junio de 2023.<\/p>\n<p style=\"text-align: justify;\">Menos calor que en 2022, pero con mayor presencia de agua. As\u00ed se presenta el verano para este 2023.\u00a0Y es que\u00a0<strong>hoy hay cambio de estaci\u00f3n<\/strong>. Pocos minutos antes de las cinco de la tarde\u00a0<strong>entraremos oficialmente en el verano astron\u00f3mico<\/strong>, que durar\u00e1 hasta el pr\u00f3ximo d\u00eda 23 de septiembre.<\/p>\n<p style=\"text-align: justify;\">Un verano que arranca con\u00a0<strong>temperaturas que superar\u00e1n los 30\u00baC de cara al final de esta semana<\/strong>. Y as\u00ed se mantendr\u00e1n durante la pr\u00f3xima. Las m\u00ednimas rozar\u00e1n incluso los 20 y no bajar\u00e1n de los 15\u00baC. \u00abLos modelos estacionales atmosf\u00e9ricos nos est\u00e1n se\u00f1alando que\u00a0<strong>este verano ser\u00e1 de nuevo caluroso, aunque no tanto como el del a\u00f1o pasado<\/strong>\u00ab, ha apuntado\u00a0<strong>Jorge Olcina<\/strong>, catedr\u00e1tico de Climatolog\u00eda de la\u00a0<strong>Universidad de Alicante (UA)<\/strong>, en declaraciones a\u00a0<strong>Cope Alcoy<\/strong>. Y es que hay que recordar que\u00a0<strong>el verano de 2022 bati\u00f3 todos los r\u00e9cords registrados<\/strong>\u00a0tanto en temperaturas m\u00e1ximas como m\u00ednimas en buena parte de Espa\u00f1a.<\/p>\n<p style=\"text-align: justify;\">Pero a pesar de las altas temperaturas, la lluvia no va a pasar de largo. \u00abVa a ser un verano en el que se van a registrar momentos de inestabilidad.\u00a0<strong>Est\u00e1n previstas tormentas, chaparrones y chubascos<\/strong>\u00a0que descargar\u00e1n de forma an\u00e1rquica en todo el litoral mediterr\u00e1neo, pero con mayor probabilidad en la zona interior de la monta\u00f1a\u00bb, ha explicado Olcina.<\/p>\n<p style=\"text-align: justify;\">Por tanto, ligeras diferencias respecto a 2022. \u00abVerano caluroso, con algunas puntas de calor por la llegada de aire sahariano -como suele ser habitual en est\u00e1 \u00e9poca del a\u00f1o- y con desarrollo de jornadas con chubascos que salpicar\u00e1n los d\u00edas de altas temperaturas\u00bb.<\/p>\n<p style=\"text-align: justify;\"><strong>El calentamiento global se acelera<\/strong><\/p>\n<p style=\"text-align: justify;\">Eso s\u00ed, quedan patentes los efectos que est\u00e1 teniendo el cambio clim\u00e1tico. \u00abSigue la tendencia de veranos calurosos que, especialmente desde que comenz\u00f3 este siglo -y ya de manera muy acelerada a partir de 2010-, viene manifestando el clima en Espa\u00f1a. Esto incide muy particularmente en el litoral mediterr\u00e1neo, que es el que\u00a0<strong>m\u00e1s est\u00e1 notando las evidencias del proceso de calentamiento<\/strong>\u00ab, ha concluido Olcina.<\/p>\n","protected":false},"excerpt":{"rendered":"<p>El inicio del verano que se espera caluroso y tormentoso, y el premio de la ONCE que ha ca\u00eddo en&#8230;<\/p>\n","protected":false},"author":1,"featured_media":110612,"comment_status":"open","ping_status":"open","sticky":false,"template":"","format":"standard","meta":{"footnotes":""},"categories":[6909,89,91],"tags":[],"class_list":["post-118211","post","type-post","status-publish","format-standard","has-post-thumbnail","hentry","category-actualidad","category-audiosdelosprogramas","category-informativos"],"yoast_head":"<!-- This site is optimized with the Yoast SEO plugin v27.3 - https:\/\/yoast.com\/product\/yoast-seo-wordpress\/ -->\n<title>Informativo matinal jueves 22 de junio 2023 (07:20h) - COPE Alcoy<\/title>\n<meta name=\"description\" content=\"El inicio del verano que se espera caluroso y tormentoso, y el premio de la ONCE que ha ca\u00eddo en Alcoy son algunas de las noticias destacadas de este 22 de junio de 2023.\" \/>\n<meta name=\"robots\" content=\"index, follow, max-snippet:-1, max-image-preview:large, max-video-preview:-1\" \/>\n<link rel=\"canonical\" href=\"https:\/\/www.copealcoy.es\/es\/informativo-matinal-jueves-22-de-junio-2023-0720h\/\" \/>\n<meta property=\"og:locale\" content=\"es_ES\" \/>\n<meta property=\"og:type\" content=\"article\" \/>\n<meta property=\"og:title\" content=\"Informativo matinal jueves 22 de junio 2023 (07:20h) - COPE Alcoy\" \/>\n<meta property=\"og:description\" content=\"El inicio del verano que se espera caluroso y tormentoso, y el premio de la ONCE que ha ca\u00eddo en Alcoy son algunas de las noticias destacadas de este 22 de junio de 2023.\" \/>\n<meta property=\"og:url\" content=\"https:\/\/www.copealcoy.es\/es\/informativo-matinal-jueves-22-de-junio-2023-0720h\/\" \/>\n<meta property=\"og:site_name\" content=\"COPE Alcoy\" \/>\n<meta property=\"article:published_time\" content=\"2023-06-22T06:20:58+00:00\" \/>\n<meta property=\"article:modified_time\" content=\"2023-06-22T06:28:42+00:00\" \/>\n<meta property=\"og:image\" content=\"https:\/\/www.copealcoy.es\/wp-content\/uploads\/2023\/02\/Herrera-en-COPE-Alcoy-4.png\" \/>\n\t<meta property=\"og:image:width\" content=\"357\" \/>\n\t<meta property=\"og:image:height\" content=\"290\" \/>\n\t<meta property=\"og:image:type\" content=\"image\/png\" \/>\n<meta name=\"author\" content=\"Cope Alcoy\" \/>\n<meta name=\"twitter:label1\" content=\"Escrito por\" \/>\n\t<meta name=\"twitter:data1\" content=\"Cope Alcoy\" \/>\n\t<meta name=\"twitter:label2\" content=\"Tiempo de lectura\" \/>\n\t<meta name=\"twitter:data2\" content=\"2 minutos\" \/>\n<script type=\"application\/ld+json\" class=\"yoast-schema-graph\">{\"@context\":\"https:\\\/\\\/schema.org\",\"@graph\":[{\"@type\":\"Article\",\"@id\":\"https:\\\/\\\/www.copealcoy.es\\\/es\\\/informativo-matinal-jueves-22-de-junio-2023-0720h\\\/#article\",\"isPartOf\":{\"@id\":\"https:\\\/\\\/www.copealcoy.es\\\/es\\\/informativo-matinal-jueves-22-de-junio-2023-0720h\\\/\"},\"author\":{\"name\":\"Cope Alcoy\",\"@id\":\"https:\\\/\\\/www.copealcoy.es\\\/es\\\/#\\\/schema\\\/person\\\/e777c87fa024e57d40170af9df39882c\"},\"headline\":\"Informativo matinal jueves 22 de junio 2023 (07:20h)\",\"datePublished\":\"2023-06-22T06:20:58+00:00\",\"dateModified\":\"2023-06-22T06:28:42+00:00\",\"mainEntityOfPage\":{\"@id\":\"https:\\\/\\\/www.copealcoy.es\\\/es\\\/informativo-matinal-jueves-22-de-junio-2023-0720h\\\/\"},\"wordCount\":401,\"commentCount\":0,\"image\":{\"@id\":\"https:\\\/\\\/www.copealcoy.es\\\/es\\\/informativo-matinal-jueves-22-de-junio-2023-0720h\\\/#primaryimage\"},\"thumbnailUrl\":\"https:\\\/\\\/www.copealcoy.es\\\/wp-content\\\/uploads\\\/2023\\\/02\\\/Herrera-en-COPE-Alcoy-4.png\",\"articleSection\":[\"Actualidad\",\"Audios de los programas\",\"Informativos\"],\"inLanguage\":\"es\"},{\"@type\":\"WebPage\",\"@id\":\"https:\\\/\\\/www.copealcoy.es\\\/es\\\/informativo-matinal-jueves-22-de-junio-2023-0720h\\\/\",\"url\":\"https:\\\/\\\/www.copealcoy.es\\\/es\\\/informativo-matinal-jueves-22-de-junio-2023-0720h\\\/\",\"name\":\"Informativo matinal jueves 22 de junio 2023 (07:20h) - COPE Alcoy\",\"isPartOf\":{\"@id\":\"https:\\\/\\\/www.copealcoy.es\\\/es\\\/#website\"},\"primaryImageOfPage\":{\"@id\":\"https:\\\/\\\/www.copealcoy.es\\\/es\\\/informativo-matinal-jueves-22-de-junio-2023-0720h\\\/#primaryimage\"},\"image\":{\"@id\":\"https:\\\/\\\/www.copealcoy.es\\\/es\\\/informativo-matinal-jueves-22-de-junio-2023-0720h\\\/#primaryimage\"},\"thumbnailUrl\":\"https:\\\/\\\/www.copealcoy.es\\\/wp-content\\\/uploads\\\/2023\\\/02\\\/Herrera-en-COPE-Alcoy-4.png\",\"datePublished\":\"2023-06-22T06:20:58+00:00\",\"dateModified\":\"2023-06-22T06:28:42+00:00\",\"author\":{\"@id\":\"https:\\\/\\\/www.copealcoy.es\\\/es\\\/#\\\/schema\\\/person\\\/e777c87fa024e57d40170af9df39882c\"},\"description\":\"El inicio del verano que se espera caluroso y tormentoso, y el premio de la ONCE que ha ca\u00eddo en Alcoy son algunas de las noticias destacadas de este 22 de junio de 2023.\",\"breadcrumb\":{\"@id\":\"https:\\\/\\\/www.copealcoy.es\\\/es\\\/informativo-matinal-jueves-22-de-junio-2023-0720h\\\/#breadcrumb\"},\"inLanguage\":\"es\",\"potentialAction\":[{\"@type\":\"ReadAction\",\"target\":[\"https:\\\/\\\/www.copealcoy.es\\\/es\\\/informativo-matinal-jueves-22-de-junio-2023-0720h\\\/\"]}]},{\"@type\":\"ImageObject\",\"inLanguage\":\"es\",\"@id\":\"https:\\\/\\\/www.copealcoy.es\\\/es\\\/informativo-matinal-jueves-22-de-junio-2023-0720h\\\/#primaryimage\",\"url\":\"https:\\\/\\\/www.copealcoy.es\\\/wp-content\\\/uploads\\\/2023\\\/02\\\/Herrera-en-COPE-Alcoy-4.png\",\"contentUrl\":\"https:\\\/\\\/www.copealcoy.es\\\/wp-content\\\/uploads\\\/2023\\\/02\\\/Herrera-en-COPE-Alcoy-4.png\",\"width\":357,\"height\":290},{\"@type\":\"BreadcrumbList\",\"@id\":\"https:\\\/\\\/www.copealcoy.es\\\/es\\\/informativo-matinal-jueves-22-de-junio-2023-0720h\\\/#breadcrumb\",\"itemListElement\":[{\"@type\":\"ListItem\",\"position\":1,\"name\":\"Portada\",\"item\":\"https:\\\/\\\/www.copealcoy.es\\\/es\\\/\"},{\"@type\":\"ListItem\",\"position\":2,\"name\":\"Informativo matinal jueves 22 de junio 2023 (07:20h)\"}]},{\"@type\":\"WebSite\",\"@id\":\"https:\\\/\\\/www.copealcoy.es\\\/es\\\/#website\",\"url\":\"https:\\\/\\\/www.copealcoy.es\\\/es\\\/\",\"name\":\"COPE Alcoy\",\"description\":\"Emisora COPE de radio local con emisi\u00f3n online. Pont de Sant Jordi 8-10 03803 Alcoy\",\"potentialAction\":[{\"@type\":\"SearchAction\",\"target\":{\"@type\":\"EntryPoint\",\"urlTemplate\":\"https:\\\/\\\/www.copealcoy.es\\\/es\\\/?s={search_term_string}\"},\"query-input\":{\"@type\":\"PropertyValueSpecification\",\"valueRequired\":true,\"valueName\":\"search_term_string\"}}],\"inLanguage\":\"es\"},{\"@type\":\"Person\",\"@id\":\"https:\\\/\\\/www.copealcoy.es\\\/es\\\/#\\\/schema\\\/person\\\/e777c87fa024e57d40170af9df39882c\",\"name\":\"Cope Alcoy\",\"image\":{\"@type\":\"ImageObject\",\"inLanguage\":\"es\",\"@id\":\"https:\\\/\\\/secure.gravatar.com\\\/avatar\\\/bb65d0283347e303893ba14f0692005417c1e0e690a325a4c5d8bb2b3943ee14?s=96&d=mm&r=g\",\"url\":\"https:\\\/\\\/secure.gravatar.com\\\/avatar\\\/bb65d0283347e303893ba14f0692005417c1e0e690a325a4c5d8bb2b3943ee14?s=96&d=mm&r=g\",\"contentUrl\":\"https:\\\/\\\/secure.gravatar.com\\\/avatar\\\/bb65d0283347e303893ba14f0692005417c1e0e690a325a4c5d8bb2b3943ee14?s=96&d=mm&r=g\",\"caption\":\"Cope Alcoy\"}}]}<\/script>\n<!-- \/ Yoast SEO plugin. -->","yoast_head_json":{"title":"Informativo matinal jueves 22 de junio 2023 (07:20h) - COPE Alcoy","description":"El inicio del verano que se espera caluroso y tormentoso, y el premio de la ONCE que ha ca\u00eddo en Alcoy son algunas de las noticias destacadas de este 22 de junio de 2023.","robots":{"index":"index","follow":"follow","max-snippet":"max-snippet:-1","max-image-preview":"max-image-preview:large","max-video-preview":"max-video-preview:-1"},"canonical":"https:\/\/www.copealcoy.es\/es\/informativo-matinal-jueves-22-de-junio-2023-0720h\/","og_locale":"es_ES","og_type":"article","og_title":"Informativo matinal jueves 22 de junio 2023 (07:20h) - COPE Alcoy","og_description":"El inicio del verano que se espera caluroso y tormentoso, y el premio de la ONCE que ha ca\u00eddo en Alcoy son algunas de las noticias destacadas de este 22 de junio de 2023.","og_url":"https:\/\/www.copealcoy.es\/es\/informativo-matinal-jueves-22-de-junio-2023-0720h\/","og_site_name":"COPE Alcoy","article_published_time":"2023-06-22T06:20:58+00:00","article_modified_time":"2023-06-22T06:28:42+00:00","og_image":[{"width":357,"height":290,"url":"https:\/\/www.copealcoy.es\/wp-content\/uploads\/2023\/02\/Herrera-en-COPE-Alcoy-4.png","type":"image\/png"}],"author":"Cope Alcoy","twitter_misc":{"Escrito por":"Cope Alcoy","Tiempo de lectura":"2 minutos"},"schema":{"@context":"https:\/\/schema.org","@graph":[{"@type":"Article","@id":"https:\/\/www.copealcoy.es\/es\/informativo-matinal-jueves-22-de-junio-2023-0720h\/#article","isPartOf":{"@id":"https:\/\/www.copealcoy.es\/es\/informativo-matinal-jueves-22-de-junio-2023-0720h\/"},"author":{"name":"Cope Alcoy","@id":"https:\/\/www.copealcoy.es\/es\/#\/schema\/person\/e777c87fa024e57d40170af9df39882c"},"headline":"Informativo matinal jueves 22 de junio 2023 (07:20h)","datePublished":"2023-06-22T06:20:58+00:00","dateModified":"2023-06-22T06:28:42+00:00","mainEntityOfPage":{"@id":"https:\/\/www.copealcoy.es\/es\/informativo-matinal-jueves-22-de-junio-2023-0720h\/"},"wordCount":401,"commentCount":0,"image":{"@id":"https:\/\/www.copealcoy.es\/es\/informativo-matinal-jueves-22-de-junio-2023-0720h\/#primaryimage"},"thumbnailUrl":"https:\/\/www.copealcoy.es\/wp-content\/uploads\/2023\/02\/Herrera-en-COPE-Alcoy-4.png","articleSection":["Actualidad","Audios de los programas","Informativos"],"inLanguage":"es"},{"@type":"WebPage","@id":"https:\/\/www.copealcoy.es\/es\/informativo-matinal-jueves-22-de-junio-2023-0720h\/","url":"https:\/\/www.copealcoy.es\/es\/informativo-matinal-jueves-22-de-junio-2023-0720h\/","name":"Informativo matinal jueves 22 de junio 2023 (07:20h) - COPE Alcoy","isPartOf":{"@id":"https:\/\/www.copealcoy.es\/es\/#website"},"primaryImageOfPage":{"@id":"https:\/\/www.copealcoy.es\/es\/informativo-matinal-jueves-22-de-junio-2023-0720h\/#primaryimage"},"image":{"@id":"https:\/\/www.copealcoy.es\/es\/informativo-matinal-jueves-22-de-junio-2023-0720h\/#primaryimage"},"thumbnailUrl":"https:\/\/www.copealcoy.es\/wp-content\/uploads\/2023\/02\/Herrera-en-COPE-Alcoy-4.png","datePublished":"2023-06-22T06:20:58+00:00","dateModified":"2023-06-22T06:28:42+00:00","author":{"@id":"https:\/\/www.copealcoy.es\/es\/#\/schema\/person\/e777c87fa024e57d40170af9df39882c"},"description":"El inicio del verano que se espera caluroso y tormentoso, y el premio de la ONCE que ha ca\u00eddo en Alcoy son algunas de las noticias destacadas de este 22 de junio de 2023.","breadcrumb":{"@id":"https:\/\/www.copealcoy.es\/es\/informativo-matinal-jueves-22-de-junio-2023-0720h\/#breadcrumb"},"inLanguage":"es","potentialAction":[{"@type":"ReadAction","target":["https:\/\/www.copealcoy.es\/es\/informativo-matinal-jueves-22-de-junio-2023-0720h\/"]}]},{"@type":"ImageObject","inLanguage":"es","@id":"https:\/\/www.copealcoy.es\/es\/informativo-matinal-jueves-22-de-junio-2023-0720h\/#primaryimage","url":"https:\/\/www.copealcoy.es\/wp-content\/uploads\/2023\/02\/Herrera-en-COPE-Alcoy-4.png","contentUrl":"https:\/\/www.copealcoy.es\/wp-content\/uploads\/2023\/02\/Herrera-en-COPE-Alcoy-4.png","width":357,"height":290},{"@type":"BreadcrumbList","@id":"https:\/\/www.copealcoy.es\/es\/informativo-matinal-jueves-22-de-junio-2023-0720h\/#breadcrumb","itemListElement":[{"@type":"ListItem","position":1,"name":"Portada","item":"https:\/\/www.copealcoy.es\/es\/"},{"@type":"ListItem","position":2,"name":"Informativo matinal jueves 22 de junio 2023 (07:20h)"}]},{"@type":"WebSite","@id":"https:\/\/www.copealcoy.es\/es\/#website","url":"https:\/\/www.copealcoy.es\/es\/","name":"COPE Alcoy","description":"Emisora COPE de radio local con emisi\u00f3n online. Pont de Sant Jordi 8-10 03803 Alcoy","potentialAction":[{"@type":"SearchAction","target":{"@type":"EntryPoint","urlTemplate":"https:\/\/www.copealcoy.es\/es\/?s={search_term_string}"},"query-input":{"@type":"PropertyValueSpecification","valueRequired":true,"valueName":"search_term_string"}}],"inLanguage":"es"},{"@type":"Person","@id":"https:\/\/www.copealcoy.es\/es\/#\/schema\/person\/e777c87fa024e57d40170af9df39882c","name":"Cope Alcoy","image":{"@type":"ImageObject","inLanguage":"es","@id":"https:\/\/secure.gravatar.com\/avatar\/bb65d0283347e303893ba14f0692005417c1e0e690a325a4c5d8bb2b3943ee14?s=96&d=mm&r=g","url":"https:\/\/secure.gravatar.com\/avatar\/bb65d0283347e303893ba14f0692005417c1e0e690a325a4c5d8bb2b3943ee14?s=96&d=mm&r=g","contentUrl":"https:\/\/secure.gravatar.com\/avatar\/bb65d0283347e303893ba14f0692005417c1e0e690a325a4c5d8bb2b3943ee14?s=96&d=mm&r=g","caption":"Cope Alcoy"}}]}},"_links":{"self":[{"href":"https:\/\/www.copealcoy.es\/es\/wp-json\/wp\/v2\/posts\/118211","targetHints":{"allow":["GET"]}}],"collection":[{"href":"https:\/\/www.copealcoy.es\/es\/wp-json\/wp\/v2\/posts"}],"about":[{"href":"https:\/\/www.copealcoy.es\/es\/wp-json\/wp\/v2\/types\/post"}],"author":[{"embeddable":true,"href":"https:\/\/www.copealcoy.es\/es\/wp-json\/wp\/v2\/users\/1"}],"replies":[{"embeddable":true,"href":"https:\/\/www.copealcoy.es\/es\/wp-json\/wp\/v2\/comments?post=118211"}],"version-history":[{"count":0,"href":"https:\/\/www.copealcoy.es\/es\/wp-json\/wp\/v2\/posts\/118211\/revisions"}],"wp:featuredmedia":[{"embeddable":true,"href":"https:\/\/www.copealcoy.es\/es\/wp-json\/wp\/v2\/media\/110612"}],"wp:attachment":[{"href":"https:\/\/www.copealcoy.es\/es\/wp-json\/wp\/v2\/media?parent=118211"}],"wp:term":[{"taxonomy":"category","embeddable":true,"href":"https:\/\/www.copealcoy.es\/es\/wp-json\/wp\/v2\/categories?post=118211"},{"taxonomy":"post_tag","embeddable":true,"href":"https:\/\/www.copealcoy.es\/es\/wp-json\/wp\/v2\/tags?post=118211"}],"curies":[{"name":"wp","href":"https:\/\/api.w.org\/{rel}","templated":true}]}}