{"id":118122,"date":"2023-06-23T07:00:01","date_gmt":"2023-06-23T06:00:01","guid":{"rendered":"https:\/\/www.copealcoy.es\/?p=118122"},"modified":"2023-06-23T10:58:53","modified_gmt":"2023-06-23T09:58:53","slug":"mutua-levante-celebra-su-noventa-aniversario","status":"publish","type":"post","link":"https:\/\/www.copealcoy.es\/es\/mutua-levante-celebra-su-noventa-aniversario\/","title":{"rendered":"Mutua Levante celebra su noventa aniversario"},"content":{"rendered":"<p style=\"text-align: justify;\">Mutua Levante celebr\u00f3 el pasado 9 de junio <strong>sus 90 a\u00f1os de existencia<\/strong> y lo hizo a trav\u00e9s de un acto <strong>al que asistieron sus empleados, mediadores, colaboradores y miembros del Consejo de Administraci\u00f3n<\/strong>. En la ceremonia tambi\u00e9n estuvo presente <strong>Jos\u00e9 Vicente Soler<\/strong>, Director General de Econom\u00eda Sostenible, qui\u00e9n calific\u00f3 <strong>el papel relevante de Mutua<\/strong> en su entorno al igual que anunci\u00f3 una destacada primicia. En su intervenci\u00f3n comunic\u00f3 que <strong>Mutua Levante es la primera entidad valenciana inscrita en el Registro de Entidades Socialmente Responsable<\/strong>. Durante esta conmemoraci\u00f3n tambi\u00e9n intervinieron el Presidente de la entidad, <strong>Juan Escrig<\/strong>, e incluso <strong>Elena Turri\u00f3n<\/strong> en calidad de Consejera Ejecutiva de la instituci\u00f3n. Todos ellos aprovecharon sus intervenciones <strong>para felicitar a los asistentes<\/strong> por su colaboraci\u00f3n en la consecuci\u00f3n de la efem\u00e9ride al igual que auspiciaron un gran futuro para la entidad.<\/p>\n<p style=\"text-align: justify;\"><strong><span style=\"color: #0000ff;\">Mutua Levante, una entidad cercana y comprometida con el territorio<\/span><\/strong><\/p>\n<p style=\"text-align: justify;\">Mutua Levante llega a este noventa aniversario <strong>convertida en una entidad de seguros que est\u00e1 profundamente arraigada en la Comunidad Valenciana<\/strong> y que tiene como <strong>principal objetivo<\/strong> ofrecer el mejor servicio a sus mutualistas. Fue fundada en 1933 y hoy <strong>es una empresa sostenible, transparente rentable, y familiarmente responsable<\/strong> que se prepara para recibir el sello ETHSI que la calificara como la primera entidad de seguros \u00e9ticos de la Comunidad Valenciana. Este distintivo, seg\u00fan la informaci\u00f3n facilitada por la empresa, <strong>se une a la reciente inscripci\u00f3n en el Registro de Entidades Socialmente Responsable<\/strong>.<\/p>\n<p style=\"text-align: justify;\">Cabe destacar que Mutua Levante <strong>canaliza desde 2016 su compromiso con la sociedad a trav\u00e9s de su Fundaci\u00f3n<\/strong>; la cual tiene como objetivo realizar acciones solidarias, culturales y educativas para retornar a las personas parte de los beneficios que obtiene a trav\u00e9s de su actividad aseguradora. De hecho en Alcoy <strong>Fundaci\u00f3n Mutua de Levante desempe\u00f1a un papel importante en la promoci\u00f3n de la cultura<\/strong> a trav\u00e9s de diferentes actividades que tienen su lugar en su sala cultural ubicada en la Plaza de Espa\u00f1a.<\/p>\n","protected":false},"excerpt":{"rendered":"<p>Mutua Levante celebr\u00f3 el pasado 9 de junio sus 90 a\u00f1os de existencia y lo hizo a trav\u00e9s de un&#8230;<\/p>\n","protected":false},"author":1,"featured_media":118123,"comment_status":"open","ping_status":"open","sticky":false,"template":"","format":"standard","meta":{"footnotes":""},"categories":[6909,75],"tags":[5945,1743,14994,14995],"class_list":["post-118122","post","type-post","status-publish","format-standard","has-post-thumbnail","hentry","category-actualidad","category-noticias","tag-celebracion","tag-fundacion","tag-mutua-levante","tag-noventa-aniversario"],"yoast_head":"<!-- This site is optimized with the Yoast SEO plugin v27.3 - https:\/\/yoast.com\/product\/yoast-seo-wordpress\/ -->\n<title>Mutua Levante celebra su noventa aniversario - COPE Alcoy<\/title>\n<meta name=\"description\" content=\"Mutua Levante celebr\u00f3 el pasado 9 de junio sus 90 a\u00f1os de existencia y lo hizo a trav\u00e9s de un gran acto social\" \/>\n<meta name=\"robots\" content=\"index, follow, max-snippet:-1, max-image-preview:large, max-video-preview:-1\" \/>\n<link rel=\"canonical\" href=\"https:\/\/www.copealcoy.es\/es\/mutua-levante-celebra-su-noventa-aniversario\/\" \/>\n<meta property=\"og:locale\" content=\"es_ES\" \/>\n<meta property=\"og:type\" content=\"article\" \/>\n<meta property=\"og:title\" content=\"Mutua Levante celebra su noventa aniversario - COPE Alcoy\" \/>\n<meta property=\"og:description\" content=\"Mutua Levante celebr\u00f3 el pasado 9 de junio sus 90 a\u00f1os de existencia y lo hizo a trav\u00e9s de un gran acto social\" \/>\n<meta property=\"og:url\" content=\"https:\/\/www.copealcoy.es\/es\/mutua-levante-celebra-su-noventa-aniversario\/\" \/>\n<meta property=\"og:site_name\" content=\"COPE Alcoy\" \/>\n<meta property=\"article:published_time\" content=\"2023-06-23T06:00:01+00:00\" \/>\n<meta property=\"article:modified_time\" content=\"2023-06-23T09:58:53+00:00\" \/>\n<meta property=\"og:image\" content=\"https:\/\/www.copealcoy.es\/wp-content\/uploads\/2023\/06\/90aniversario_mutualevante-731x390-1.webp\" \/>\n\t<meta property=\"og:image:width\" content=\"731\" \/>\n\t<meta property=\"og:image:height\" content=\"390\" \/>\n\t<meta property=\"og:image:type\" content=\"image\/webp\" \/>\n<meta name=\"author\" content=\"Cope Alcoy\" \/>\n<meta name=\"twitter:label1\" content=\"Escrito por\" \/>\n\t<meta name=\"twitter:data1\" content=\"Cope Alcoy\" \/>\n\t<meta name=\"twitter:label2\" content=\"Tiempo de lectura\" \/>\n\t<meta name=\"twitter:data2\" content=\"2 minutos\" \/>\n<script type=\"application\/ld+json\" class=\"yoast-schema-graph\">{\"@context\":\"https:\\\/\\\/schema.org\",\"@graph\":[{\"@type\":\"Article\",\"@id\":\"https:\\\/\\\/www.copealcoy.es\\\/es\\\/mutua-levante-celebra-su-noventa-aniversario\\\/#article\",\"isPartOf\":{\"@id\":\"https:\\\/\\\/www.copealcoy.es\\\/es\\\/mutua-levante-celebra-su-noventa-aniversario\\\/\"},\"author\":{\"name\":\"Cope Alcoy\",\"@id\":\"https:\\\/\\\/www.copealcoy.es\\\/es\\\/#\\\/schema\\\/person\\\/e777c87fa024e57d40170af9df39882c\"},\"headline\":\"Mutua Levante celebra su noventa aniversario\",\"datePublished\":\"2023-06-23T06:00:01+00:00\",\"dateModified\":\"2023-06-23T09:58:53+00:00\",\"mainEntityOfPage\":{\"@id\":\"https:\\\/\\\/www.copealcoy.es\\\/es\\\/mutua-levante-celebra-su-noventa-aniversario\\\/\"},\"wordCount\":351,\"commentCount\":0,\"image\":{\"@id\":\"https:\\\/\\\/www.copealcoy.es\\\/es\\\/mutua-levante-celebra-su-noventa-aniversario\\\/#primaryimage\"},\"thumbnailUrl\":\"https:\\\/\\\/www.copealcoy.es\\\/wp-content\\\/uploads\\\/2023\\\/06\\\/90aniversario_mutualevante-731x390-1.webp\",\"keywords\":[\"celebraci\u00f3n\",\"Fundaci\u00f3n\",\"Mutua Levante\",\"noventa aniversario\"],\"articleSection\":[\"Actualidad\",\"Noticias\"],\"inLanguage\":\"es\"},{\"@type\":\"WebPage\",\"@id\":\"https:\\\/\\\/www.copealcoy.es\\\/es\\\/mutua-levante-celebra-su-noventa-aniversario\\\/\",\"url\":\"https:\\\/\\\/www.copealcoy.es\\\/es\\\/mutua-levante-celebra-su-noventa-aniversario\\\/\",\"name\":\"Mutua Levante celebra su noventa aniversario - COPE Alcoy\",\"isPartOf\":{\"@id\":\"https:\\\/\\\/www.copealcoy.es\\\/es\\\/#website\"},\"primaryImageOfPage\":{\"@id\":\"https:\\\/\\\/www.copealcoy.es\\\/es\\\/mutua-levante-celebra-su-noventa-aniversario\\\/#primaryimage\"},\"image\":{\"@id\":\"https:\\\/\\\/www.copealcoy.es\\\/es\\\/mutua-levante-celebra-su-noventa-aniversario\\\/#primaryimage\"},\"thumbnailUrl\":\"https:\\\/\\\/www.copealcoy.es\\\/wp-content\\\/uploads\\\/2023\\\/06\\\/90aniversario_mutualevante-731x390-1.webp\",\"datePublished\":\"2023-06-23T06:00:01+00:00\",\"dateModified\":\"2023-06-23T09:58:53+00:00\",\"author\":{\"@id\":\"https:\\\/\\\/www.copealcoy.es\\\/es\\\/#\\\/schema\\\/person\\\/e777c87fa024e57d40170af9df39882c\"},\"description\":\"Mutua Levante celebr\u00f3 el pasado 9 de junio sus 90 a\u00f1os de existencia y lo hizo a trav\u00e9s de un gran acto social\",\"breadcrumb\":{\"@id\":\"https:\\\/\\\/www.copealcoy.es\\\/es\\\/mutua-levante-celebra-su-noventa-aniversario\\\/#breadcrumb\"},\"inLanguage\":\"es\",\"potentialAction\":[{\"@type\":\"ReadAction\",\"target\":[\"https:\\\/\\\/www.copealcoy.es\\\/es\\\/mutua-levante-celebra-su-noventa-aniversario\\\/\"]}]},{\"@type\":\"ImageObject\",\"inLanguage\":\"es\",\"@id\":\"https:\\\/\\\/www.copealcoy.es\\\/es\\\/mutua-levante-celebra-su-noventa-aniversario\\\/#primaryimage\",\"url\":\"https:\\\/\\\/www.copealcoy.es\\\/wp-content\\\/uploads\\\/2023\\\/06\\\/90aniversario_mutualevante-731x390-1.webp\",\"contentUrl\":\"https:\\\/\\\/www.copealcoy.es\\\/wp-content\\\/uploads\\\/2023\\\/06\\\/90aniversario_mutualevante-731x390-1.webp\",\"width\":731,\"height\":390},{\"@type\":\"BreadcrumbList\",\"@id\":\"https:\\\/\\\/www.copealcoy.es\\\/es\\\/mutua-levante-celebra-su-noventa-aniversario\\\/#breadcrumb\",\"itemListElement\":[{\"@type\":\"ListItem\",\"position\":1,\"name\":\"Portada\",\"item\":\"https:\\\/\\\/www.copealcoy.es\\\/es\\\/\"},{\"@type\":\"ListItem\",\"position\":2,\"name\":\"Mutua Levante celebra su noventa aniversario\"}]},{\"@type\":\"WebSite\",\"@id\":\"https:\\\/\\\/www.copealcoy.es\\\/es\\\/#website\",\"url\":\"https:\\\/\\\/www.copealcoy.es\\\/es\\\/\",\"name\":\"COPE Alcoy\",\"description\":\"Emisora COPE de radio local con emisi\u00f3n online. Pont de Sant Jordi 8-10 03803 Alcoy\",\"potentialAction\":[{\"@type\":\"SearchAction\",\"target\":{\"@type\":\"EntryPoint\",\"urlTemplate\":\"https:\\\/\\\/www.copealcoy.es\\\/es\\\/?s={search_term_string}\"},\"query-input\":{\"@type\":\"PropertyValueSpecification\",\"valueRequired\":true,\"valueName\":\"search_term_string\"}}],\"inLanguage\":\"es\"},{\"@type\":\"Person\",\"@id\":\"https:\\\/\\\/www.copealcoy.es\\\/es\\\/#\\\/schema\\\/person\\\/e777c87fa024e57d40170af9df39882c\",\"name\":\"Cope Alcoy\",\"image\":{\"@type\":\"ImageObject\",\"inLanguage\":\"es\",\"@id\":\"https:\\\/\\\/secure.gravatar.com\\\/avatar\\\/bb65d0283347e303893ba14f0692005417c1e0e690a325a4c5d8bb2b3943ee14?s=96&d=mm&r=g\",\"url\":\"https:\\\/\\\/secure.gravatar.com\\\/avatar\\\/bb65d0283347e303893ba14f0692005417c1e0e690a325a4c5d8bb2b3943ee14?s=96&d=mm&r=g\",\"contentUrl\":\"https:\\\/\\\/secure.gravatar.com\\\/avatar\\\/bb65d0283347e303893ba14f0692005417c1e0e690a325a4c5d8bb2b3943ee14?s=96&d=mm&r=g\",\"caption\":\"Cope Alcoy\"}}]}<\/script>\n<!-- \/ Yoast SEO plugin. -->","yoast_head_json":{"title":"Mutua Levante celebra su noventa aniversario - COPE Alcoy","description":"Mutua Levante celebr\u00f3 el pasado 9 de junio sus 90 a\u00f1os de existencia y lo hizo a trav\u00e9s de un gran acto social","robots":{"index":"index","follow":"follow","max-snippet":"max-snippet:-1","max-image-preview":"max-image-preview:large","max-video-preview":"max-video-preview:-1"},"canonical":"https:\/\/www.copealcoy.es\/es\/mutua-levante-celebra-su-noventa-aniversario\/","og_locale":"es_ES","og_type":"article","og_title":"Mutua Levante celebra su noventa aniversario - COPE Alcoy","og_description":"Mutua Levante celebr\u00f3 el pasado 9 de junio sus 90 a\u00f1os de existencia y lo hizo a trav\u00e9s de un gran acto social","og_url":"https:\/\/www.copealcoy.es\/es\/mutua-levante-celebra-su-noventa-aniversario\/","og_site_name":"COPE Alcoy","article_published_time":"2023-06-23T06:00:01+00:00","article_modified_time":"2023-06-23T09:58:53+00:00","og_image":[{"width":731,"height":390,"url":"https:\/\/www.copealcoy.es\/wp-content\/uploads\/2023\/06\/90aniversario_mutualevante-731x390-1.webp","type":"image\/webp"}],"author":"Cope Alcoy","twitter_misc":{"Escrito por":"Cope Alcoy","Tiempo de lectura":"2 minutos"},"schema":{"@context":"https:\/\/schema.org","@graph":[{"@type":"Article","@id":"https:\/\/www.copealcoy.es\/es\/mutua-levante-celebra-su-noventa-aniversario\/#article","isPartOf":{"@id":"https:\/\/www.copealcoy.es\/es\/mutua-levante-celebra-su-noventa-aniversario\/"},"author":{"name":"Cope Alcoy","@id":"https:\/\/www.copealcoy.es\/es\/#\/schema\/person\/e777c87fa024e57d40170af9df39882c"},"headline":"Mutua Levante celebra su noventa aniversario","datePublished":"2023-06-23T06:00:01+00:00","dateModified":"2023-06-23T09:58:53+00:00","mainEntityOfPage":{"@id":"https:\/\/www.copealcoy.es\/es\/mutua-levante-celebra-su-noventa-aniversario\/"},"wordCount":351,"commentCount":0,"image":{"@id":"https:\/\/www.copealcoy.es\/es\/mutua-levante-celebra-su-noventa-aniversario\/#primaryimage"},"thumbnailUrl":"https:\/\/www.copealcoy.es\/wp-content\/uploads\/2023\/06\/90aniversario_mutualevante-731x390-1.webp","keywords":["celebraci\u00f3n","Fundaci\u00f3n","Mutua Levante","noventa aniversario"],"articleSection":["Actualidad","Noticias"],"inLanguage":"es"},{"@type":"WebPage","@id":"https:\/\/www.copealcoy.es\/es\/mutua-levante-celebra-su-noventa-aniversario\/","url":"https:\/\/www.copealcoy.es\/es\/mutua-levante-celebra-su-noventa-aniversario\/","name":"Mutua Levante celebra su noventa aniversario - COPE Alcoy","isPartOf":{"@id":"https:\/\/www.copealcoy.es\/es\/#website"},"primaryImageOfPage":{"@id":"https:\/\/www.copealcoy.es\/es\/mutua-levante-celebra-su-noventa-aniversario\/#primaryimage"},"image":{"@id":"https:\/\/www.copealcoy.es\/es\/mutua-levante-celebra-su-noventa-aniversario\/#primaryimage"},"thumbnailUrl":"https:\/\/www.copealcoy.es\/wp-content\/uploads\/2023\/06\/90aniversario_mutualevante-731x390-1.webp","datePublished":"2023-06-23T06:00:01+00:00","dateModified":"2023-06-23T09:58:53+00:00","author":{"@id":"https:\/\/www.copealcoy.es\/es\/#\/schema\/person\/e777c87fa024e57d40170af9df39882c"},"description":"Mutua Levante celebr\u00f3 el pasado 9 de junio sus 90 a\u00f1os de existencia y lo hizo a trav\u00e9s de un gran acto social","breadcrumb":{"@id":"https:\/\/www.copealcoy.es\/es\/mutua-levante-celebra-su-noventa-aniversario\/#breadcrumb"},"inLanguage":"es","potentialAction":[{"@type":"ReadAction","target":["https:\/\/www.copealcoy.es\/es\/mutua-levante-celebra-su-noventa-aniversario\/"]}]},{"@type":"ImageObject","inLanguage":"es","@id":"https:\/\/www.copealcoy.es\/es\/mutua-levante-celebra-su-noventa-aniversario\/#primaryimage","url":"https:\/\/www.copealcoy.es\/wp-content\/uploads\/2023\/06\/90aniversario_mutualevante-731x390-1.webp","contentUrl":"https:\/\/www.copealcoy.es\/wp-content\/uploads\/2023\/06\/90aniversario_mutualevante-731x390-1.webp","width":731,"height":390},{"@type":"BreadcrumbList","@id":"https:\/\/www.copealcoy.es\/es\/mutua-levante-celebra-su-noventa-aniversario\/#breadcrumb","itemListElement":[{"@type":"ListItem","position":1,"name":"Portada","item":"https:\/\/www.copealcoy.es\/es\/"},{"@type":"ListItem","position":2,"name":"Mutua Levante celebra su noventa aniversario"}]},{"@type":"WebSite","@id":"https:\/\/www.copealcoy.es\/es\/#website","url":"https:\/\/www.copealcoy.es\/es\/","name":"COPE Alcoy","description":"Emisora COPE de radio local con emisi\u00f3n online. Pont de Sant Jordi 8-10 03803 Alcoy","potentialAction":[{"@type":"SearchAction","target":{"@type":"EntryPoint","urlTemplate":"https:\/\/www.copealcoy.es\/es\/?s={search_term_string}"},"query-input":{"@type":"PropertyValueSpecification","valueRequired":true,"valueName":"search_term_string"}}],"inLanguage":"es"},{"@type":"Person","@id":"https:\/\/www.copealcoy.es\/es\/#\/schema\/person\/e777c87fa024e57d40170af9df39882c","name":"Cope Alcoy","image":{"@type":"ImageObject","inLanguage":"es","@id":"https:\/\/secure.gravatar.com\/avatar\/bb65d0283347e303893ba14f0692005417c1e0e690a325a4c5d8bb2b3943ee14?s=96&d=mm&r=g","url":"https:\/\/secure.gravatar.com\/avatar\/bb65d0283347e303893ba14f0692005417c1e0e690a325a4c5d8bb2b3943ee14?s=96&d=mm&r=g","contentUrl":"https:\/\/secure.gravatar.com\/avatar\/bb65d0283347e303893ba14f0692005417c1e0e690a325a4c5d8bb2b3943ee14?s=96&d=mm&r=g","caption":"Cope Alcoy"}}]}},"_links":{"self":[{"href":"https:\/\/www.copealcoy.es\/es\/wp-json\/wp\/v2\/posts\/118122","targetHints":{"allow":["GET"]}}],"collection":[{"href":"https:\/\/www.copealcoy.es\/es\/wp-json\/wp\/v2\/posts"}],"about":[{"href":"https:\/\/www.copealcoy.es\/es\/wp-json\/wp\/v2\/types\/post"}],"author":[{"embeddable":true,"href":"https:\/\/www.copealcoy.es\/es\/wp-json\/wp\/v2\/users\/1"}],"replies":[{"embeddable":true,"href":"https:\/\/www.copealcoy.es\/es\/wp-json\/wp\/v2\/comments?post=118122"}],"version-history":[{"count":0,"href":"https:\/\/www.copealcoy.es\/es\/wp-json\/wp\/v2\/posts\/118122\/revisions"}],"wp:featuredmedia":[{"embeddable":true,"href":"https:\/\/www.copealcoy.es\/es\/wp-json\/wp\/v2\/media\/118123"}],"wp:attachment":[{"href":"https:\/\/www.copealcoy.es\/es\/wp-json\/wp\/v2\/media?parent=118122"}],"wp:term":[{"taxonomy":"category","embeddable":true,"href":"https:\/\/www.copealcoy.es\/es\/wp-json\/wp\/v2\/categories?post=118122"},{"taxonomy":"post_tag","embeddable":true,"href":"https:\/\/www.copealcoy.es\/es\/wp-json\/wp\/v2\/tags?post=118122"}],"curies":[{"name":"wp","href":"https:\/\/api.w.org\/{rel}","templated":true}]}}