{"id":118007,"date":"2023-06-20T14:47:53","date_gmt":"2023-06-20T13:47:53","guid":{"rendered":"https:\/\/www.copealcoy.es\/?p=118007"},"modified":"2023-06-20T18:34:44","modified_gmt":"2023-06-20T17:34:44","slug":"arreglar-las-aceras-de-alcoy-una-de-las-principales-peticiones-de-la-ciudadania-al-nuevo-gobierno-local","status":"publish","type":"post","link":"https:\/\/www.copealcoy.es\/es\/arreglar-las-aceras-de-alcoy-una-de-las-principales-peticiones-de-la-ciudadania-al-nuevo-gobierno-local\/","title":{"rendered":"Arreglar las aceras de Alcoy, una de las principales peticiones de la ciudadan\u00eda al nuevo Gobierno local"},"content":{"rendered":"<p style=\"text-align: justify;\">El <strong>mantenimiento de las calles de la ciudad<\/strong> sigue siendo una de las principales reivindicaciones de la ciudadan\u00eda. Y forma parte de las <strong>peticiones que los alcoyanos hacen al nuevo Gobierno local<\/strong> formado por <strong>PSOE<\/strong> y <strong>Comprom\u00eds<\/strong>.<\/p>\n<p style=\"text-align: justify;\">&#8220;Vivo en la calle Cid y hay <strong>zonas de la acera que est\u00e1n dobladas<\/strong>. Yo tengo que ir por la esquina o incluso bajar de ella&#8221;, explica una ciudadana en declaraciones a <strong>Cope Alcoy<\/strong>. &#8220;Las calles est\u00e1n fatal, <strong>te puedes caer por cualquier sitio<\/strong>. Hacen falta mejoras por todos lados&#8221;, a\u00f1ade otra.<\/p>\n<p style=\"text-align: justify;\">A este problema que detecta la ciudadan\u00eda se suman otros como <strong>la limpieza de las mismas calles<\/strong>. &#8220;Vivo en el barrio de Santa Rosa y aquello es insoportable con las palomas. Hace falta m\u00e1s limpieza&#8221;.<\/p>\n<p style=\"text-align: justify;\">Tambi\u00e9n <strong>la falta de participaci\u00f3n de la ciudadan\u00eda en los proyectos<\/strong> que se llevan a cabo es una de las reivindicaciones que se hacen a los gobernantes. &#8220;Ser\u00eda m\u00e1s conveniente que la ciudadan\u00eda pudiera saber los problemas que tiene la ciudad y opinar sobre ellos&#8221;.<\/p>\n<p style=\"text-align: justify;\"><strong><span style=\"color: #333333;\">Las intenciones de Franc\u00e9s y Cerradelo<\/span><\/strong><\/p>\n<p style=\"text-align: justify;\">La ciudadan\u00eda tiene claro lo que hace falta, \u00bfpero tambi\u00e9n los gobernantes? En Cope Alcoy hemos hablado con el alcalde, <strong>Toni Franc\u00e9s<\/strong>, y el vicealcalde, <strong>\u00c1lex Cerradelo<\/strong>.<\/p>\n<p style=\"text-align: justify;\">Cerradelo insiste en que uno de sus objetivos es <strong>involucrar a la ciudadan\u00eda en las pol\u00edticas que lleven a cabo<\/strong>. &#8220;El primer compromiso que tenemos es que la ciudadan\u00eda se parte importante de las decisiones pol\u00edticas. Nosotros ya estamos planteando hacer esas reuniones con las asociaciones implicadas para marcar esa pol\u00edtica que tendr\u00e1n nuestras concejal\u00edas&#8221;.<\/p>\n<audio class=\"wp-audio-shortcode\" id=\"audio-118007-1\" preload=\"none\" style=\"width: 100%;\" controls=\"controls\"><source type=\"audio\/mpeg\" src=\"https:\/\/www.copealcoy.es\/wp-content\/uploads\/2023\/06\/ENTREVISTA-ALEX-CERRADELO.mp3?_=1\" \/><a href=\"https:\/\/www.copealcoy.es\/wp-content\/uploads\/2023\/06\/ENTREVISTA-ALEX-CERRADELO.mp3\">https:\/\/www.copealcoy.es\/wp-content\/uploads\/2023\/06\/ENTREVISTA-ALEX-CERRADELO.mp3<\/a><\/audio>\n<p>&nbsp;<\/p>\n<p style=\"text-align: justify;\">Por su parte <strong>Toni Franc\u00e9s<\/strong> ha vuelto a insistir en <strong>la buena sinton\u00eda existente<\/strong> con Comprom\u00eds, a la hora de trabajar conjuntamente, y <strong>ha vuelto a tender la mano a Guanyar e incluso al PP<\/strong> para apartar l\u00edneas rojas que permitan avanzar en <strong>la consolidaci\u00f3n de un proyecto estable de ciudad<\/strong>. Por \u00faltimo <strong>ha puesto el foco en el nuevo mapa pol\u00edtico comarcal<\/strong> &#8220;<em>el hecho de que PSPV y Comprom\u00eds gobernemos juntos en Ibi-Alcoy-Cocentaina y Muro nos abre camino a reivindicar conjuntamente que se atiendan nuestras necesidades<\/em>&#8220;, dijo el alcalde.<\/p>\n<audio class=\"wp-audio-shortcode\" id=\"audio-118007-2\" preload=\"none\" style=\"width: 100%;\" controls=\"controls\"><source type=\"audio\/mpeg\" src=\"https:\/\/www.copealcoy.es\/wp-content\/uploads\/2023\/06\/ENTREVISTA-TONI-FRANCES-1.mp3?_=2\" \/><a href=\"https:\/\/www.copealcoy.es\/wp-content\/uploads\/2023\/06\/ENTREVISTA-TONI-FRANCES-1.mp3\">https:\/\/www.copealcoy.es\/wp-content\/uploads\/2023\/06\/ENTREVISTA-TONI-FRANCES-1.mp3<\/a><\/audio>\n<p>&nbsp;<\/p>\n<p style=\"text-align: justify;\">El Gobierno Local <strong>ya trabaja desde ayer en los diferentes departamentos<\/strong> una vez quedaron configuradas las concejal\u00edas. El <strong>reparto<\/strong> de estas \u00faltimas lo puedes consultar <a href=\"https:\/\/www.copealcoy.es\/es\/definidas-las-concejalias-del-nuevo-gobierno-municipal-de-alcoy\/\" target=\"_blank\" rel=\"noopener\"><strong><span style=\"color: #0000ff;\">aqu\u00ed<\/span><\/strong><\/a>.<\/p>\n<p>&nbsp;<\/p>\n","protected":false},"excerpt":{"rendered":"<p>El mantenimiento de las calles de la ciudad sigue siendo una de las principales reivindicaciones de la ciudadan\u00eda. Y forma&#8230;<\/p>\n","protected":false},"author":1,"featured_media":118085,"comment_status":"open","ping_status":"open","sticky":false,"template":"","format":"standard","meta":{"footnotes":""},"categories":[6909,97,75,79,125],"tags":[1494,7954,152,371],"class_list":["post-118007","post","type-post","status-publish","format-standard","has-post-thumbnail","hentry","category-actualidad","category-alcoy","category-noticias","category-politicayeconomia","category-portada","tag-alcoy","tag-ciudadania","tag-compromis","tag-psoe"],"yoast_head":"<!-- This site is optimized with the Yoast SEO plugin v27.3 - https:\/\/yoast.com\/product\/yoast-seo-wordpress\/ -->\n<title>Arreglar las aceras de Alcoy, una de las principales peticiones de la ciudadan\u00eda al nuevo Gobierno local - COPE Alcoy<\/title>\n<meta name=\"description\" content=\"El mantenimiento de las calles de la ciudad sigue siendo una de las principales reivindicaciones de la ciudadan\u00eda. Y forma parte de las peticiones que los alcoyanos hacen al nuevo Gobierno local formado por PSOE y Comprom\u00eds.\" \/>\n<meta name=\"robots\" content=\"index, follow, max-snippet:-1, max-image-preview:large, max-video-preview:-1\" \/>\n<link rel=\"canonical\" href=\"https:\/\/www.copealcoy.es\/es\/arreglar-las-aceras-de-alcoy-una-de-las-principales-peticiones-de-la-ciudadania-al-nuevo-gobierno-local\/\" \/>\n<meta property=\"og:locale\" content=\"es_ES\" \/>\n<meta property=\"og:type\" content=\"article\" \/>\n<meta property=\"og:title\" content=\"Arreglar las aceras de Alcoy, una de las principales peticiones de la ciudadan\u00eda al nuevo Gobierno local - COPE Alcoy\" \/>\n<meta property=\"og:description\" content=\"El mantenimiento de las calles de la ciudad sigue siendo una de las principales reivindicaciones de la ciudadan\u00eda. Y forma parte de las peticiones que los alcoyanos hacen al nuevo Gobierno local formado por PSOE y Comprom\u00eds.\" \/>\n<meta property=\"og:url\" content=\"https:\/\/www.copealcoy.es\/es\/arreglar-las-aceras-de-alcoy-una-de-las-principales-peticiones-de-la-ciudadania-al-nuevo-gobierno-local\/\" \/>\n<meta property=\"og:site_name\" content=\"COPE Alcoy\" \/>\n<meta property=\"article:published_time\" content=\"2023-06-20T13:47:53+00:00\" \/>\n<meta property=\"article:modified_time\" content=\"2023-06-20T17:34:44+00:00\" \/>\n<meta property=\"og:image\" content=\"https:\/\/www.copealcoy.es\/wp-content\/uploads\/2023\/06\/WhatsApp-Image-2023-06-20-at-12.36.06-scaled.jpeg\" \/>\n\t<meta property=\"og:image:width\" content=\"1422\" \/>\n\t<meta property=\"og:image:height\" content=\"1080\" \/>\n\t<meta property=\"og:image:type\" content=\"image\/jpeg\" \/>\n<meta name=\"author\" content=\"Cope Alcoy\" \/>\n<meta name=\"twitter:label1\" content=\"Escrito por\" \/>\n\t<meta name=\"twitter:data1\" content=\"Cope Alcoy\" \/>\n\t<meta name=\"twitter:label2\" content=\"Tiempo de lectura\" \/>\n\t<meta name=\"twitter:data2\" content=\"3 minutos\" \/>\n<script type=\"application\/ld+json\" class=\"yoast-schema-graph\">{\"@context\":\"https:\\\/\\\/schema.org\",\"@graph\":[{\"@type\":\"Article\",\"@id\":\"https:\\\/\\\/www.copealcoy.es\\\/es\\\/arreglar-las-aceras-de-alcoy-una-de-las-principales-peticiones-de-la-ciudadania-al-nuevo-gobierno-local\\\/#article\",\"isPartOf\":{\"@id\":\"https:\\\/\\\/www.copealcoy.es\\\/es\\\/arreglar-las-aceras-de-alcoy-una-de-las-principales-peticiones-de-la-ciudadania-al-nuevo-gobierno-local\\\/\"},\"author\":{\"name\":\"Cope Alcoy\",\"@id\":\"https:\\\/\\\/www.copealcoy.es\\\/es\\\/#\\\/schema\\\/person\\\/e777c87fa024e57d40170af9df39882c\"},\"headline\":\"Arreglar las aceras de Alcoy, una de las principales peticiones de la ciudadan\u00eda al nuevo Gobierno local\",\"datePublished\":\"2023-06-20T13:47:53+00:00\",\"dateModified\":\"2023-06-20T17:34:44+00:00\",\"mainEntityOfPage\":{\"@id\":\"https:\\\/\\\/www.copealcoy.es\\\/es\\\/arreglar-las-aceras-de-alcoy-una-de-las-principales-peticiones-de-la-ciudadania-al-nuevo-gobierno-local\\\/\"},\"wordCount\":448,\"commentCount\":0,\"image\":{\"@id\":\"https:\\\/\\\/www.copealcoy.es\\\/es\\\/arreglar-las-aceras-de-alcoy-una-de-las-principales-peticiones-de-la-ciudadania-al-nuevo-gobierno-local\\\/#primaryimage\"},\"thumbnailUrl\":\"https:\\\/\\\/www.copealcoy.es\\\/wp-content\\\/uploads\\\/2023\\\/06\\\/WhatsApp-Image-2023-06-20-at-12.36.06-scaled.jpeg\",\"keywords\":[\"Alcoy\",\"ciudadan\u00eda\",\"Comprom\u00eds\",\"PSOE\"],\"articleSection\":[\"Actualidad\",\"Alcoy\",\"Noticias\",\"Pol\u00edtica y Econom\u00eda\",\"Portada\"],\"inLanguage\":\"es\"},{\"@type\":\"WebPage\",\"@id\":\"https:\\\/\\\/www.copealcoy.es\\\/es\\\/arreglar-las-aceras-de-alcoy-una-de-las-principales-peticiones-de-la-ciudadania-al-nuevo-gobierno-local\\\/\",\"url\":\"https:\\\/\\\/www.copealcoy.es\\\/es\\\/arreglar-las-aceras-de-alcoy-una-de-las-principales-peticiones-de-la-ciudadania-al-nuevo-gobierno-local\\\/\",\"name\":\"Arreglar las aceras de Alcoy, una de las principales peticiones de la ciudadan\u00eda al nuevo Gobierno local - COPE Alcoy\",\"isPartOf\":{\"@id\":\"https:\\\/\\\/www.copealcoy.es\\\/es\\\/#website\"},\"primaryImageOfPage\":{\"@id\":\"https:\\\/\\\/www.copealcoy.es\\\/es\\\/arreglar-las-aceras-de-alcoy-una-de-las-principales-peticiones-de-la-ciudadania-al-nuevo-gobierno-local\\\/#primaryimage\"},\"image\":{\"@id\":\"https:\\\/\\\/www.copealcoy.es\\\/es\\\/arreglar-las-aceras-de-alcoy-una-de-las-principales-peticiones-de-la-ciudadania-al-nuevo-gobierno-local\\\/#primaryimage\"},\"thumbnailUrl\":\"https:\\\/\\\/www.copealcoy.es\\\/wp-content\\\/uploads\\\/2023\\\/06\\\/WhatsApp-Image-2023-06-20-at-12.36.06-scaled.jpeg\",\"datePublished\":\"2023-06-20T13:47:53+00:00\",\"dateModified\":\"2023-06-20T17:34:44+00:00\",\"author\":{\"@id\":\"https:\\\/\\\/www.copealcoy.es\\\/es\\\/#\\\/schema\\\/person\\\/e777c87fa024e57d40170af9df39882c\"},\"description\":\"El mantenimiento de las calles de la ciudad sigue siendo una de las principales reivindicaciones de la ciudadan\u00eda. Y forma parte de las peticiones que los alcoyanos hacen al nuevo Gobierno local formado por PSOE y Comprom\u00eds.\",\"breadcrumb\":{\"@id\":\"https:\\\/\\\/www.copealcoy.es\\\/es\\\/arreglar-las-aceras-de-alcoy-una-de-las-principales-peticiones-de-la-ciudadania-al-nuevo-gobierno-local\\\/#breadcrumb\"},\"inLanguage\":\"es\",\"potentialAction\":[{\"@type\":\"ReadAction\",\"target\":[\"https:\\\/\\\/www.copealcoy.es\\\/es\\\/arreglar-las-aceras-de-alcoy-una-de-las-principales-peticiones-de-la-ciudadania-al-nuevo-gobierno-local\\\/\"]}]},{\"@type\":\"ImageObject\",\"inLanguage\":\"es\",\"@id\":\"https:\\\/\\\/www.copealcoy.es\\\/es\\\/arreglar-las-aceras-de-alcoy-una-de-las-principales-peticiones-de-la-ciudadania-al-nuevo-gobierno-local\\\/#primaryimage\",\"url\":\"https:\\\/\\\/www.copealcoy.es\\\/wp-content\\\/uploads\\\/2023\\\/06\\\/WhatsApp-Image-2023-06-20-at-12.36.06-scaled.jpeg\",\"contentUrl\":\"https:\\\/\\\/www.copealcoy.es\\\/wp-content\\\/uploads\\\/2023\\\/06\\\/WhatsApp-Image-2023-06-20-at-12.36.06-scaled.jpeg\",\"width\":1422,\"height\":1080},{\"@type\":\"BreadcrumbList\",\"@id\":\"https:\\\/\\\/www.copealcoy.es\\\/es\\\/arreglar-las-aceras-de-alcoy-una-de-las-principales-peticiones-de-la-ciudadania-al-nuevo-gobierno-local\\\/#breadcrumb\",\"itemListElement\":[{\"@type\":\"ListItem\",\"position\":1,\"name\":\"Portada\",\"item\":\"https:\\\/\\\/www.copealcoy.es\\\/es\\\/\"},{\"@type\":\"ListItem\",\"position\":2,\"name\":\"Arreglar las aceras de Alcoy, una de las principales peticiones de la ciudadan\u00eda al nuevo Gobierno local\"}]},{\"@type\":\"WebSite\",\"@id\":\"https:\\\/\\\/www.copealcoy.es\\\/es\\\/#website\",\"url\":\"https:\\\/\\\/www.copealcoy.es\\\/es\\\/\",\"name\":\"COPE Alcoy\",\"description\":\"Emisora COPE de radio local con emisi\u00f3n online. Pont de Sant Jordi 8-10 03803 Alcoy\",\"potentialAction\":[{\"@type\":\"SearchAction\",\"target\":{\"@type\":\"EntryPoint\",\"urlTemplate\":\"https:\\\/\\\/www.copealcoy.es\\\/es\\\/?s={search_term_string}\"},\"query-input\":{\"@type\":\"PropertyValueSpecification\",\"valueRequired\":true,\"valueName\":\"search_term_string\"}}],\"inLanguage\":\"es\"},{\"@type\":\"Person\",\"@id\":\"https:\\\/\\\/www.copealcoy.es\\\/es\\\/#\\\/schema\\\/person\\\/e777c87fa024e57d40170af9df39882c\",\"name\":\"Cope Alcoy\",\"image\":{\"@type\":\"ImageObject\",\"inLanguage\":\"es\",\"@id\":\"https:\\\/\\\/secure.gravatar.com\\\/avatar\\\/bb65d0283347e303893ba14f0692005417c1e0e690a325a4c5d8bb2b3943ee14?s=96&d=mm&r=g\",\"url\":\"https:\\\/\\\/secure.gravatar.com\\\/avatar\\\/bb65d0283347e303893ba14f0692005417c1e0e690a325a4c5d8bb2b3943ee14?s=96&d=mm&r=g\",\"contentUrl\":\"https:\\\/\\\/secure.gravatar.com\\\/avatar\\\/bb65d0283347e303893ba14f0692005417c1e0e690a325a4c5d8bb2b3943ee14?s=96&d=mm&r=g\",\"caption\":\"Cope Alcoy\"}}]}<\/script>\n<!-- \/ Yoast SEO plugin. -->","yoast_head_json":{"title":"Arreglar las aceras de Alcoy, una de las principales peticiones de la ciudadan\u00eda al nuevo Gobierno local - COPE Alcoy","description":"El mantenimiento de las calles de la ciudad sigue siendo una de las principales reivindicaciones de la ciudadan\u00eda. Y forma parte de las peticiones que los alcoyanos hacen al nuevo Gobierno local formado por PSOE y Comprom\u00eds.","robots":{"index":"index","follow":"follow","max-snippet":"max-snippet:-1","max-image-preview":"max-image-preview:large","max-video-preview":"max-video-preview:-1"},"canonical":"https:\/\/www.copealcoy.es\/es\/arreglar-las-aceras-de-alcoy-una-de-las-principales-peticiones-de-la-ciudadania-al-nuevo-gobierno-local\/","og_locale":"es_ES","og_type":"article","og_title":"Arreglar las aceras de Alcoy, una de las principales peticiones de la ciudadan\u00eda al nuevo Gobierno local - COPE Alcoy","og_description":"El mantenimiento de las calles de la ciudad sigue siendo una de las principales reivindicaciones de la ciudadan\u00eda. Y forma parte de las peticiones que los alcoyanos hacen al nuevo Gobierno local formado por PSOE y Comprom\u00eds.","og_url":"https:\/\/www.copealcoy.es\/es\/arreglar-las-aceras-de-alcoy-una-de-las-principales-peticiones-de-la-ciudadania-al-nuevo-gobierno-local\/","og_site_name":"COPE Alcoy","article_published_time":"2023-06-20T13:47:53+00:00","article_modified_time":"2023-06-20T17:34:44+00:00","og_image":[{"width":1422,"height":1080,"url":"https:\/\/www.copealcoy.es\/wp-content\/uploads\/2023\/06\/WhatsApp-Image-2023-06-20-at-12.36.06-scaled.jpeg","type":"image\/jpeg"}],"author":"Cope Alcoy","twitter_misc":{"Escrito por":"Cope Alcoy","Tiempo de lectura":"3 minutos"},"schema":{"@context":"https:\/\/schema.org","@graph":[{"@type":"Article","@id":"https:\/\/www.copealcoy.es\/es\/arreglar-las-aceras-de-alcoy-una-de-las-principales-peticiones-de-la-ciudadania-al-nuevo-gobierno-local\/#article","isPartOf":{"@id":"https:\/\/www.copealcoy.es\/es\/arreglar-las-aceras-de-alcoy-una-de-las-principales-peticiones-de-la-ciudadania-al-nuevo-gobierno-local\/"},"author":{"name":"Cope Alcoy","@id":"https:\/\/www.copealcoy.es\/es\/#\/schema\/person\/e777c87fa024e57d40170af9df39882c"},"headline":"Arreglar las aceras de Alcoy, una de las principales peticiones de la ciudadan\u00eda al nuevo Gobierno local","datePublished":"2023-06-20T13:47:53+00:00","dateModified":"2023-06-20T17:34:44+00:00","mainEntityOfPage":{"@id":"https:\/\/www.copealcoy.es\/es\/arreglar-las-aceras-de-alcoy-una-de-las-principales-peticiones-de-la-ciudadania-al-nuevo-gobierno-local\/"},"wordCount":448,"commentCount":0,"image":{"@id":"https:\/\/www.copealcoy.es\/es\/arreglar-las-aceras-de-alcoy-una-de-las-principales-peticiones-de-la-ciudadania-al-nuevo-gobierno-local\/#primaryimage"},"thumbnailUrl":"https:\/\/www.copealcoy.es\/wp-content\/uploads\/2023\/06\/WhatsApp-Image-2023-06-20-at-12.36.06-scaled.jpeg","keywords":["Alcoy","ciudadan\u00eda","Comprom\u00eds","PSOE"],"articleSection":["Actualidad","Alcoy","Noticias","Pol\u00edtica y Econom\u00eda","Portada"],"inLanguage":"es"},{"@type":"WebPage","@id":"https:\/\/www.copealcoy.es\/es\/arreglar-las-aceras-de-alcoy-una-de-las-principales-peticiones-de-la-ciudadania-al-nuevo-gobierno-local\/","url":"https:\/\/www.copealcoy.es\/es\/arreglar-las-aceras-de-alcoy-una-de-las-principales-peticiones-de-la-ciudadania-al-nuevo-gobierno-local\/","name":"Arreglar las aceras de Alcoy, una de las principales peticiones de la ciudadan\u00eda al nuevo Gobierno local - COPE Alcoy","isPartOf":{"@id":"https:\/\/www.copealcoy.es\/es\/#website"},"primaryImageOfPage":{"@id":"https:\/\/www.copealcoy.es\/es\/arreglar-las-aceras-de-alcoy-una-de-las-principales-peticiones-de-la-ciudadania-al-nuevo-gobierno-local\/#primaryimage"},"image":{"@id":"https:\/\/www.copealcoy.es\/es\/arreglar-las-aceras-de-alcoy-una-de-las-principales-peticiones-de-la-ciudadania-al-nuevo-gobierno-local\/#primaryimage"},"thumbnailUrl":"https:\/\/www.copealcoy.es\/wp-content\/uploads\/2023\/06\/WhatsApp-Image-2023-06-20-at-12.36.06-scaled.jpeg","datePublished":"2023-06-20T13:47:53+00:00","dateModified":"2023-06-20T17:34:44+00:00","author":{"@id":"https:\/\/www.copealcoy.es\/es\/#\/schema\/person\/e777c87fa024e57d40170af9df39882c"},"description":"El mantenimiento de las calles de la ciudad sigue siendo una de las principales reivindicaciones de la ciudadan\u00eda. Y forma parte de las peticiones que los alcoyanos hacen al nuevo Gobierno local formado por PSOE y Comprom\u00eds.","breadcrumb":{"@id":"https:\/\/www.copealcoy.es\/es\/arreglar-las-aceras-de-alcoy-una-de-las-principales-peticiones-de-la-ciudadania-al-nuevo-gobierno-local\/#breadcrumb"},"inLanguage":"es","potentialAction":[{"@type":"ReadAction","target":["https:\/\/www.copealcoy.es\/es\/arreglar-las-aceras-de-alcoy-una-de-las-principales-peticiones-de-la-ciudadania-al-nuevo-gobierno-local\/"]}]},{"@type":"ImageObject","inLanguage":"es","@id":"https:\/\/www.copealcoy.es\/es\/arreglar-las-aceras-de-alcoy-una-de-las-principales-peticiones-de-la-ciudadania-al-nuevo-gobierno-local\/#primaryimage","url":"https:\/\/www.copealcoy.es\/wp-content\/uploads\/2023\/06\/WhatsApp-Image-2023-06-20-at-12.36.06-scaled.jpeg","contentUrl":"https:\/\/www.copealcoy.es\/wp-content\/uploads\/2023\/06\/WhatsApp-Image-2023-06-20-at-12.36.06-scaled.jpeg","width":1422,"height":1080},{"@type":"BreadcrumbList","@id":"https:\/\/www.copealcoy.es\/es\/arreglar-las-aceras-de-alcoy-una-de-las-principales-peticiones-de-la-ciudadania-al-nuevo-gobierno-local\/#breadcrumb","itemListElement":[{"@type":"ListItem","position":1,"name":"Portada","item":"https:\/\/www.copealcoy.es\/es\/"},{"@type":"ListItem","position":2,"name":"Arreglar las aceras de Alcoy, una de las principales peticiones de la ciudadan\u00eda al nuevo Gobierno local"}]},{"@type":"WebSite","@id":"https:\/\/www.copealcoy.es\/es\/#website","url":"https:\/\/www.copealcoy.es\/es\/","name":"COPE Alcoy","description":"Emisora COPE de radio local con emisi\u00f3n online. Pont de Sant Jordi 8-10 03803 Alcoy","potentialAction":[{"@type":"SearchAction","target":{"@type":"EntryPoint","urlTemplate":"https:\/\/www.copealcoy.es\/es\/?s={search_term_string}"},"query-input":{"@type":"PropertyValueSpecification","valueRequired":true,"valueName":"search_term_string"}}],"inLanguage":"es"},{"@type":"Person","@id":"https:\/\/www.copealcoy.es\/es\/#\/schema\/person\/e777c87fa024e57d40170af9df39882c","name":"Cope Alcoy","image":{"@type":"ImageObject","inLanguage":"es","@id":"https:\/\/secure.gravatar.com\/avatar\/bb65d0283347e303893ba14f0692005417c1e0e690a325a4c5d8bb2b3943ee14?s=96&d=mm&r=g","url":"https:\/\/secure.gravatar.com\/avatar\/bb65d0283347e303893ba14f0692005417c1e0e690a325a4c5d8bb2b3943ee14?s=96&d=mm&r=g","contentUrl":"https:\/\/secure.gravatar.com\/avatar\/bb65d0283347e303893ba14f0692005417c1e0e690a325a4c5d8bb2b3943ee14?s=96&d=mm&r=g","caption":"Cope Alcoy"}}]}},"_links":{"self":[{"href":"https:\/\/www.copealcoy.es\/es\/wp-json\/wp\/v2\/posts\/118007","targetHints":{"allow":["GET"]}}],"collection":[{"href":"https:\/\/www.copealcoy.es\/es\/wp-json\/wp\/v2\/posts"}],"about":[{"href":"https:\/\/www.copealcoy.es\/es\/wp-json\/wp\/v2\/types\/post"}],"author":[{"embeddable":true,"href":"https:\/\/www.copealcoy.es\/es\/wp-json\/wp\/v2\/users\/1"}],"replies":[{"embeddable":true,"href":"https:\/\/www.copealcoy.es\/es\/wp-json\/wp\/v2\/comments?post=118007"}],"version-history":[{"count":0,"href":"https:\/\/www.copealcoy.es\/es\/wp-json\/wp\/v2\/posts\/118007\/revisions"}],"wp:featuredmedia":[{"embeddable":true,"href":"https:\/\/www.copealcoy.es\/es\/wp-json\/wp\/v2\/media\/118085"}],"wp:attachment":[{"href":"https:\/\/www.copealcoy.es\/es\/wp-json\/wp\/v2\/media?parent=118007"}],"wp:term":[{"taxonomy":"category","embeddable":true,"href":"https:\/\/www.copealcoy.es\/es\/wp-json\/wp\/v2\/categories?post=118007"},{"taxonomy":"post_tag","embeddable":true,"href":"https:\/\/www.copealcoy.es\/es\/wp-json\/wp\/v2\/tags?post=118007"}],"curies":[{"name":"wp","href":"https:\/\/api.w.org\/{rel}","templated":true}]}}