{"id":117896,"date":"2023-06-19T11:12:54","date_gmt":"2023-06-19T10:12:54","guid":{"rendered":"https:\/\/www.copealcoy.es\/?p=117896"},"modified":"2023-06-22T23:15:44","modified_gmt":"2023-06-22T22:15:44","slug":"asi-quedan-las-alcaldias-de-los-municipios-de-nuestras-comarcas","status":"publish","type":"post","link":"https:\/\/www.copealcoy.es\/es\/asi-quedan-las-alcaldias-de-los-municipios-de-nuestras-comarcas\/","title":{"rendered":"As\u00ed quedan las alcald\u00edas de los municipios de nuestras comarcas"},"content":{"rendered":"<p style=\"text-align: justify;\">El <strong>mapa pol\u00edtico de las comarcas de l&#8217;Alcoi\u00e0 y el Comtat<\/strong> ha quedado definido con <strong>nuevas singularidades<\/strong> tras la constituci\u00f3n de los Ayuntamientos el pasado s\u00e1bado. Las <strong>Elecciones Municipales del 28M<\/strong> configuraron un orden distinto que ahora <strong>ha quedado redefinido<\/strong> despu\u00e9s de los pactos suscritos para la formaci\u00f3n de los Gobiernos Locales.<\/p>\n<p style=\"text-align: justify;\">El <strong>Partido Socialista<\/strong> liderar\u00e1 la alcald\u00eda de <strong>Alcoy<\/strong>, con el apoyo de <strong>Comprom\u00eds<\/strong>, y el pacto entre ambos partidos <strong>han permitido dar tambi\u00e9n un vuelco hist\u00f3rico<\/strong> al Ejecutivo Municipal de <strong>Ibi<\/strong> que llevaba m\u00e1s de veinte a\u00f1os en manos del PP. Ahora <strong>los socialistas, junto a la formaci\u00f3n valencianista<\/strong>, estar\u00e1n al frente de la Villa Juguetera. El <strong>resto de principales municipios de la comarca<\/strong> quedan en manos de <strong>Comprom\u00eds<\/strong>, partido que <strong>gobernar\u00e1 junto con el PSPV en Muro y en Cocentaina<\/strong>. En la capital del Comtat <strong>se turnar\u00e1n la alcald\u00eda<\/strong>, y dentro de dos a\u00f1os <strong>los socialistas coger\u00e1n el relevo<\/strong>, mientras que <strong>en Banyeres no ha sido posible un pacto<\/strong> y liderar\u00e1n el gobierno en solitario desde Comprom\u00eds.<\/p>\n<p style=\"text-align: justify;\">La <strong>sorpresa del d\u00eda<\/strong> se produjo en <strong>l&#8217;Alqueria d&#8217;Asnar<\/strong> donde, seg\u00fan pudo saber COPE ALCOY, <strong>hab\u00eda un pacto definido entre PSPV y Comprom\u00eds<\/strong> que al final <strong>no prosper\u00f3<\/strong> ya que los valencianistas se votaron a ellos mismos. Al final <strong>ostentar\u00e1n la alcald\u00eda al haber tenido el apoyo del PP en la investidura<\/strong>. En <strong>Agres<\/strong>, donde tambi\u00e9n estaba indecisa la formaci\u00f3n del ejecutivo, se votaron a si mismos Comprom\u00eds, PP y PSPV. Ante el empate <strong>va a gobernar la lista m\u00e1s votada el 28M<\/strong> que fue la de los populares.<\/p>\n<p style=\"text-align: justify;\">Las<strong> alcald\u00edas de l&#8217;Alcoi\u00e0 y el Comtat<\/strong> se las reparten <strong>el Partido Popular (14), el PSOE (12) y Comprom\u00eds 5<\/strong>. Otro hecho singular es de <strong>Alfafara<\/strong> donde <strong>Toni Cloquell<\/strong>, que consigui\u00f3 la mayor\u00eda de cinco concejales en los comicios, liderar\u00e1 por segunda vez consecutiva el Gobierno Local bajo las siglas independientes de <strong>Gent per Alfafara<\/strong>.<\/p>\n<p>Los<strong> nuevos alcaldes <\/strong>de l&#8217;Alcoi\u00e0 y el Comtat:<\/p>\n<ul>\n<li><strong>Agres: <\/strong>Mar\u00eda Garc\u00eda (PP)<\/li>\n<li><strong>Alcoy:<\/strong> Toni Franc\u00e9s (PSOE<\/li>\n<li><strong>Alcoleja: <\/strong>Gema Bald\u00f3 (PSPV)<\/li>\n<li><strong>Alcosser: <\/strong>Mar\u00eda Ballesteros (PSPV)<\/li>\n<li><strong>Alfafara: <\/strong>Toni Cloquell (Gent Per Alfafara)<\/li>\n<li><strong>Almudaina: <\/strong>Pau Navarro (PP)<\/li>\n<li><strong>Alqueria d&#8217;Asnar: <\/strong>C\u00e9sar Palmer (Comprom\u00eds)<\/li>\n<li><strong>Balones: <\/strong>Juan Tom\u00e1s Bou (PSPV)<\/li>\n<li><strong>Banyeres de Mariola: <\/strong>Josep Sempere (Comprom\u00eds)<\/li>\n<li><strong>Benasau:\u00a0<\/strong>Ra\u00fcl Dalmau (PP)<\/li>\n<li><strong>Beniarr\u00e9s:<\/strong> Francisco Sell\u00e9s (PP)<\/li>\n<li><strong>Benifallim: <\/strong>Jos\u00e9 Carlos Barrachina (PP)<\/li>\n<li><strong>Benilloba:\u00a0<\/strong>Jos\u00e9 Ram\u00f3n Mart\u00ed (PSOE)<\/li>\n<li><strong>Benillup:<\/strong> Javier Navarro (PP)<\/li>\n<li><strong>Benimarfull: <\/strong>Manolo Belda (PP)<\/li>\n<li><strong>Benimassot:<\/strong> Ismael Molines (PP)<\/li>\n<li><strong>Castalla:\u00a0<\/strong>Jes\u00fas L\u00f3pez Blanco (PP)<\/li>\n<li><strong>Cocentaina:<\/strong> Jordi Pla (Comprom\u00eds)<\/li>\n<li><strong>Fageca:<\/strong> Ismael Vidal (PSPV)<\/li>\n<li><strong>Famorca: <\/strong>Vicente Ruiz (PP)<\/li>\n<li><strong>Gaianes:\u00a0<\/strong>Agust\u00edn Mart\u00ednez<\/li>\n<li><strong>Gorga:<\/strong> Blas Calbo (PSPV)<\/li>\n<li><strong>Ibi: <\/strong>Sergio Carrasco (PSPV)<\/li>\n<li><strong>Millena:<\/strong> C\u00e9sar Garc\u00eda (PSPV)<\/li>\n<li><strong>Muro:<\/strong> Vicent Molina (Comprom\u00eds)<\/li>\n<li><strong>L&#8217;Orxa:<\/strong> Pau Pinar (PP)<\/li>\n<li><strong>Onil:\u00a0<\/strong>Jaume Berenguer (PP)<\/li>\n<li><strong>Planes:<\/strong> Javier Sendra (PP)<\/li>\n<li><strong>Pen\u00e0guila:\u00a0<\/strong>Salvador Catal\u00e0 (PSPV)<\/li>\n<li><strong>Quatretondeta:\u00a0<\/strong>Alejandro Montava (PSPV)<\/li>\n<li><strong>Tibi:\u00a0<\/strong>Jos\u00e9 Lu\u00eds Candela (PSPV)<\/li>\n<li><strong>Tollos: <\/strong>F\u00e9lix Frau (PP)<\/li>\n<\/ul>\n","protected":false},"excerpt":{"rendered":"<p>El mapa pol\u00edtico de las comarcas de l&#8217;Alcoi\u00e0 y el Comtat ha quedado definido con nuevas singularidades tras la constituci\u00f3n&#8230;<\/p>\n","protected":false},"author":1,"featured_media":117897,"comment_status":"open","ping_status":"open","sticky":false,"template":"","format":"standard","meta":{"footnotes":""},"categories":[6909,75,125],"tags":[10701,236,14982,1215,560],"class_list":["post-117896","post","type-post","status-publish","format-standard","has-post-thumbnail","hentry","category-actualidad","category-noticias","category-portada","tag-ayuntamientos","tag-comarca","tag-gobiernos-locales","tag-inicio","tag-legislatura"],"yoast_head":"<!-- This site is optimized with the Yoast SEO plugin v27.3 - https:\/\/yoast.com\/product\/yoast-seo-wordpress\/ -->\n<title>As\u00ed quedan las alcald\u00edas de los municipios de nuestras comarcas - COPE Alcoy<\/title>\n<meta name=\"description\" content=\"El mapa pol\u00edtico de l&#039;Alcoi\u00e0 y el Comtat ha quedado definido con nuevas singularidades tras la constituci\u00f3n de los Ayuntamientos\" \/>\n<meta name=\"robots\" content=\"index, follow, max-snippet:-1, max-image-preview:large, max-video-preview:-1\" \/>\n<link rel=\"canonical\" href=\"https:\/\/www.copealcoy.es\/es\/asi-quedan-las-alcaldias-de-los-municipios-de-nuestras-comarcas\/\" \/>\n<meta property=\"og:locale\" content=\"es_ES\" \/>\n<meta property=\"og:type\" content=\"article\" \/>\n<meta property=\"og:title\" content=\"As\u00ed quedan las alcald\u00edas de los municipios de nuestras comarcas - COPE Alcoy\" \/>\n<meta property=\"og:description\" content=\"El mapa pol\u00edtico de l&#039;Alcoi\u00e0 y el Comtat ha quedado definido con nuevas singularidades tras la constituci\u00f3n de los Ayuntamientos\" \/>\n<meta property=\"og:url\" content=\"https:\/\/www.copealcoy.es\/es\/asi-quedan-las-alcaldias-de-los-municipios-de-nuestras-comarcas\/\" \/>\n<meta property=\"og:site_name\" content=\"COPE Alcoy\" \/>\n<meta property=\"article:published_time\" content=\"2023-06-19T10:12:54+00:00\" \/>\n<meta property=\"article:modified_time\" content=\"2023-06-22T22:15:44+00:00\" \/>\n<meta property=\"og:image\" content=\"https:\/\/www.copealcoy.es\/wp-content\/uploads\/2023\/06\/352998693_678904130943655_1781880040799845431_n-scaled-e1687162114361.jpg\" \/>\n\t<meta property=\"og:image:width\" content=\"640\" \/>\n\t<meta property=\"og:image:height\" content=\"480\" \/>\n\t<meta property=\"og:image:type\" content=\"image\/jpeg\" \/>\n<meta name=\"author\" content=\"Cope Alcoy\" \/>\n<meta name=\"twitter:label1\" content=\"Escrito por\" \/>\n\t<meta name=\"twitter:data1\" content=\"Cope Alcoy\" \/>\n\t<meta name=\"twitter:label2\" content=\"Tiempo de lectura\" \/>\n\t<meta name=\"twitter:data2\" content=\"3 minutos\" \/>\n<script type=\"application\/ld+json\" class=\"yoast-schema-graph\">{\"@context\":\"https:\\\/\\\/schema.org\",\"@graph\":[{\"@type\":\"Article\",\"@id\":\"https:\\\/\\\/www.copealcoy.es\\\/es\\\/asi-quedan-las-alcaldias-de-los-municipios-de-nuestras-comarcas\\\/#article\",\"isPartOf\":{\"@id\":\"https:\\\/\\\/www.copealcoy.es\\\/es\\\/asi-quedan-las-alcaldias-de-los-municipios-de-nuestras-comarcas\\\/\"},\"author\":{\"name\":\"Cope Alcoy\",\"@id\":\"https:\\\/\\\/www.copealcoy.es\\\/es\\\/#\\\/schema\\\/person\\\/e777c87fa024e57d40170af9df39882c\"},\"headline\":\"As\u00ed quedan las alcald\u00edas de los municipios de nuestras comarcas\",\"datePublished\":\"2023-06-19T10:12:54+00:00\",\"dateModified\":\"2023-06-22T22:15:44+00:00\",\"mainEntityOfPage\":{\"@id\":\"https:\\\/\\\/www.copealcoy.es\\\/es\\\/asi-quedan-las-alcaldias-de-los-municipios-de-nuestras-comarcas\\\/\"},\"wordCount\":530,\"commentCount\":0,\"image\":{\"@id\":\"https:\\\/\\\/www.copealcoy.es\\\/es\\\/asi-quedan-las-alcaldias-de-los-municipios-de-nuestras-comarcas\\\/#primaryimage\"},\"thumbnailUrl\":\"https:\\\/\\\/www.copealcoy.es\\\/wp-content\\\/uploads\\\/2023\\\/06\\\/352998693_678904130943655_1781880040799845431_n-scaled-e1687162114361.jpg\",\"keywords\":[\"Ayuntamientos\",\"Comarca\",\"gobiernos locales\",\"inicio\",\"Legislatura\"],\"articleSection\":[\"Actualidad\",\"Noticias\",\"Portada\"],\"inLanguage\":\"es\"},{\"@type\":\"WebPage\",\"@id\":\"https:\\\/\\\/www.copealcoy.es\\\/es\\\/asi-quedan-las-alcaldias-de-los-municipios-de-nuestras-comarcas\\\/\",\"url\":\"https:\\\/\\\/www.copealcoy.es\\\/es\\\/asi-quedan-las-alcaldias-de-los-municipios-de-nuestras-comarcas\\\/\",\"name\":\"As\u00ed quedan las alcald\u00edas de los municipios de nuestras comarcas - COPE Alcoy\",\"isPartOf\":{\"@id\":\"https:\\\/\\\/www.copealcoy.es\\\/es\\\/#website\"},\"primaryImageOfPage\":{\"@id\":\"https:\\\/\\\/www.copealcoy.es\\\/es\\\/asi-quedan-las-alcaldias-de-los-municipios-de-nuestras-comarcas\\\/#primaryimage\"},\"image\":{\"@id\":\"https:\\\/\\\/www.copealcoy.es\\\/es\\\/asi-quedan-las-alcaldias-de-los-municipios-de-nuestras-comarcas\\\/#primaryimage\"},\"thumbnailUrl\":\"https:\\\/\\\/www.copealcoy.es\\\/wp-content\\\/uploads\\\/2023\\\/06\\\/352998693_678904130943655_1781880040799845431_n-scaled-e1687162114361.jpg\",\"datePublished\":\"2023-06-19T10:12:54+00:00\",\"dateModified\":\"2023-06-22T22:15:44+00:00\",\"author\":{\"@id\":\"https:\\\/\\\/www.copealcoy.es\\\/es\\\/#\\\/schema\\\/person\\\/e777c87fa024e57d40170af9df39882c\"},\"description\":\"El mapa pol\u00edtico de l'Alcoi\u00e0 y el Comtat ha quedado definido con nuevas singularidades tras la constituci\u00f3n de los Ayuntamientos\",\"breadcrumb\":{\"@id\":\"https:\\\/\\\/www.copealcoy.es\\\/es\\\/asi-quedan-las-alcaldias-de-los-municipios-de-nuestras-comarcas\\\/#breadcrumb\"},\"inLanguage\":\"es\",\"potentialAction\":[{\"@type\":\"ReadAction\",\"target\":[\"https:\\\/\\\/www.copealcoy.es\\\/es\\\/asi-quedan-las-alcaldias-de-los-municipios-de-nuestras-comarcas\\\/\"]}]},{\"@type\":\"ImageObject\",\"inLanguage\":\"es\",\"@id\":\"https:\\\/\\\/www.copealcoy.es\\\/es\\\/asi-quedan-las-alcaldias-de-los-municipios-de-nuestras-comarcas\\\/#primaryimage\",\"url\":\"https:\\\/\\\/www.copealcoy.es\\\/wp-content\\\/uploads\\\/2023\\\/06\\\/352998693_678904130943655_1781880040799845431_n-scaled-e1687162114361.jpg\",\"contentUrl\":\"https:\\\/\\\/www.copealcoy.es\\\/wp-content\\\/uploads\\\/2023\\\/06\\\/352998693_678904130943655_1781880040799845431_n-scaled-e1687162114361.jpg\",\"width\":640,\"height\":480},{\"@type\":\"BreadcrumbList\",\"@id\":\"https:\\\/\\\/www.copealcoy.es\\\/es\\\/asi-quedan-las-alcaldias-de-los-municipios-de-nuestras-comarcas\\\/#breadcrumb\",\"itemListElement\":[{\"@type\":\"ListItem\",\"position\":1,\"name\":\"Portada\",\"item\":\"https:\\\/\\\/www.copealcoy.es\\\/es\\\/\"},{\"@type\":\"ListItem\",\"position\":2,\"name\":\"As\u00ed quedan las alcald\u00edas de los municipios de nuestras comarcas\"}]},{\"@type\":\"WebSite\",\"@id\":\"https:\\\/\\\/www.copealcoy.es\\\/es\\\/#website\",\"url\":\"https:\\\/\\\/www.copealcoy.es\\\/es\\\/\",\"name\":\"COPE Alcoy\",\"description\":\"Emisora COPE de radio local con emisi\u00f3n online. Pont de Sant Jordi 8-10 03803 Alcoy\",\"potentialAction\":[{\"@type\":\"SearchAction\",\"target\":{\"@type\":\"EntryPoint\",\"urlTemplate\":\"https:\\\/\\\/www.copealcoy.es\\\/es\\\/?s={search_term_string}\"},\"query-input\":{\"@type\":\"PropertyValueSpecification\",\"valueRequired\":true,\"valueName\":\"search_term_string\"}}],\"inLanguage\":\"es\"},{\"@type\":\"Person\",\"@id\":\"https:\\\/\\\/www.copealcoy.es\\\/es\\\/#\\\/schema\\\/person\\\/e777c87fa024e57d40170af9df39882c\",\"name\":\"Cope Alcoy\",\"image\":{\"@type\":\"ImageObject\",\"inLanguage\":\"es\",\"@id\":\"https:\\\/\\\/secure.gravatar.com\\\/avatar\\\/bb65d0283347e303893ba14f0692005417c1e0e690a325a4c5d8bb2b3943ee14?s=96&d=mm&r=g\",\"url\":\"https:\\\/\\\/secure.gravatar.com\\\/avatar\\\/bb65d0283347e303893ba14f0692005417c1e0e690a325a4c5d8bb2b3943ee14?s=96&d=mm&r=g\",\"contentUrl\":\"https:\\\/\\\/secure.gravatar.com\\\/avatar\\\/bb65d0283347e303893ba14f0692005417c1e0e690a325a4c5d8bb2b3943ee14?s=96&d=mm&r=g\",\"caption\":\"Cope Alcoy\"}}]}<\/script>\n<!-- \/ Yoast SEO plugin. -->","yoast_head_json":{"title":"As\u00ed quedan las alcald\u00edas de los municipios de nuestras comarcas - COPE Alcoy","description":"El mapa pol\u00edtico de l'Alcoi\u00e0 y el Comtat ha quedado definido con nuevas singularidades tras la constituci\u00f3n de los Ayuntamientos","robots":{"index":"index","follow":"follow","max-snippet":"max-snippet:-1","max-image-preview":"max-image-preview:large","max-video-preview":"max-video-preview:-1"},"canonical":"https:\/\/www.copealcoy.es\/es\/asi-quedan-las-alcaldias-de-los-municipios-de-nuestras-comarcas\/","og_locale":"es_ES","og_type":"article","og_title":"As\u00ed quedan las alcald\u00edas de los municipios de nuestras comarcas - COPE Alcoy","og_description":"El mapa pol\u00edtico de l'Alcoi\u00e0 y el Comtat ha quedado definido con nuevas singularidades tras la constituci\u00f3n de los Ayuntamientos","og_url":"https:\/\/www.copealcoy.es\/es\/asi-quedan-las-alcaldias-de-los-municipios-de-nuestras-comarcas\/","og_site_name":"COPE Alcoy","article_published_time":"2023-06-19T10:12:54+00:00","article_modified_time":"2023-06-22T22:15:44+00:00","og_image":[{"width":640,"height":480,"url":"https:\/\/www.copealcoy.es\/wp-content\/uploads\/2023\/06\/352998693_678904130943655_1781880040799845431_n-scaled-e1687162114361.jpg","type":"image\/jpeg"}],"author":"Cope Alcoy","twitter_misc":{"Escrito por":"Cope Alcoy","Tiempo de lectura":"3 minutos"},"schema":{"@context":"https:\/\/schema.org","@graph":[{"@type":"Article","@id":"https:\/\/www.copealcoy.es\/es\/asi-quedan-las-alcaldias-de-los-municipios-de-nuestras-comarcas\/#article","isPartOf":{"@id":"https:\/\/www.copealcoy.es\/es\/asi-quedan-las-alcaldias-de-los-municipios-de-nuestras-comarcas\/"},"author":{"name":"Cope Alcoy","@id":"https:\/\/www.copealcoy.es\/es\/#\/schema\/person\/e777c87fa024e57d40170af9df39882c"},"headline":"As\u00ed quedan las alcald\u00edas de los municipios de nuestras comarcas","datePublished":"2023-06-19T10:12:54+00:00","dateModified":"2023-06-22T22:15:44+00:00","mainEntityOfPage":{"@id":"https:\/\/www.copealcoy.es\/es\/asi-quedan-las-alcaldias-de-los-municipios-de-nuestras-comarcas\/"},"wordCount":530,"commentCount":0,"image":{"@id":"https:\/\/www.copealcoy.es\/es\/asi-quedan-las-alcaldias-de-los-municipios-de-nuestras-comarcas\/#primaryimage"},"thumbnailUrl":"https:\/\/www.copealcoy.es\/wp-content\/uploads\/2023\/06\/352998693_678904130943655_1781880040799845431_n-scaled-e1687162114361.jpg","keywords":["Ayuntamientos","Comarca","gobiernos locales","inicio","Legislatura"],"articleSection":["Actualidad","Noticias","Portada"],"inLanguage":"es"},{"@type":"WebPage","@id":"https:\/\/www.copealcoy.es\/es\/asi-quedan-las-alcaldias-de-los-municipios-de-nuestras-comarcas\/","url":"https:\/\/www.copealcoy.es\/es\/asi-quedan-las-alcaldias-de-los-municipios-de-nuestras-comarcas\/","name":"As\u00ed quedan las alcald\u00edas de los municipios de nuestras comarcas - COPE Alcoy","isPartOf":{"@id":"https:\/\/www.copealcoy.es\/es\/#website"},"primaryImageOfPage":{"@id":"https:\/\/www.copealcoy.es\/es\/asi-quedan-las-alcaldias-de-los-municipios-de-nuestras-comarcas\/#primaryimage"},"image":{"@id":"https:\/\/www.copealcoy.es\/es\/asi-quedan-las-alcaldias-de-los-municipios-de-nuestras-comarcas\/#primaryimage"},"thumbnailUrl":"https:\/\/www.copealcoy.es\/wp-content\/uploads\/2023\/06\/352998693_678904130943655_1781880040799845431_n-scaled-e1687162114361.jpg","datePublished":"2023-06-19T10:12:54+00:00","dateModified":"2023-06-22T22:15:44+00:00","author":{"@id":"https:\/\/www.copealcoy.es\/es\/#\/schema\/person\/e777c87fa024e57d40170af9df39882c"},"description":"El mapa pol\u00edtico de l'Alcoi\u00e0 y el Comtat ha quedado definido con nuevas singularidades tras la constituci\u00f3n de los Ayuntamientos","breadcrumb":{"@id":"https:\/\/www.copealcoy.es\/es\/asi-quedan-las-alcaldias-de-los-municipios-de-nuestras-comarcas\/#breadcrumb"},"inLanguage":"es","potentialAction":[{"@type":"ReadAction","target":["https:\/\/www.copealcoy.es\/es\/asi-quedan-las-alcaldias-de-los-municipios-de-nuestras-comarcas\/"]}]},{"@type":"ImageObject","inLanguage":"es","@id":"https:\/\/www.copealcoy.es\/es\/asi-quedan-las-alcaldias-de-los-municipios-de-nuestras-comarcas\/#primaryimage","url":"https:\/\/www.copealcoy.es\/wp-content\/uploads\/2023\/06\/352998693_678904130943655_1781880040799845431_n-scaled-e1687162114361.jpg","contentUrl":"https:\/\/www.copealcoy.es\/wp-content\/uploads\/2023\/06\/352998693_678904130943655_1781880040799845431_n-scaled-e1687162114361.jpg","width":640,"height":480},{"@type":"BreadcrumbList","@id":"https:\/\/www.copealcoy.es\/es\/asi-quedan-las-alcaldias-de-los-municipios-de-nuestras-comarcas\/#breadcrumb","itemListElement":[{"@type":"ListItem","position":1,"name":"Portada","item":"https:\/\/www.copealcoy.es\/es\/"},{"@type":"ListItem","position":2,"name":"As\u00ed quedan las alcald\u00edas de los municipios de nuestras comarcas"}]},{"@type":"WebSite","@id":"https:\/\/www.copealcoy.es\/es\/#website","url":"https:\/\/www.copealcoy.es\/es\/","name":"COPE Alcoy","description":"Emisora COPE de radio local con emisi\u00f3n online. Pont de Sant Jordi 8-10 03803 Alcoy","potentialAction":[{"@type":"SearchAction","target":{"@type":"EntryPoint","urlTemplate":"https:\/\/www.copealcoy.es\/es\/?s={search_term_string}"},"query-input":{"@type":"PropertyValueSpecification","valueRequired":true,"valueName":"search_term_string"}}],"inLanguage":"es"},{"@type":"Person","@id":"https:\/\/www.copealcoy.es\/es\/#\/schema\/person\/e777c87fa024e57d40170af9df39882c","name":"Cope Alcoy","image":{"@type":"ImageObject","inLanguage":"es","@id":"https:\/\/secure.gravatar.com\/avatar\/bb65d0283347e303893ba14f0692005417c1e0e690a325a4c5d8bb2b3943ee14?s=96&d=mm&r=g","url":"https:\/\/secure.gravatar.com\/avatar\/bb65d0283347e303893ba14f0692005417c1e0e690a325a4c5d8bb2b3943ee14?s=96&d=mm&r=g","contentUrl":"https:\/\/secure.gravatar.com\/avatar\/bb65d0283347e303893ba14f0692005417c1e0e690a325a4c5d8bb2b3943ee14?s=96&d=mm&r=g","caption":"Cope Alcoy"}}]}},"_links":{"self":[{"href":"https:\/\/www.copealcoy.es\/es\/wp-json\/wp\/v2\/posts\/117896","targetHints":{"allow":["GET"]}}],"collection":[{"href":"https:\/\/www.copealcoy.es\/es\/wp-json\/wp\/v2\/posts"}],"about":[{"href":"https:\/\/www.copealcoy.es\/es\/wp-json\/wp\/v2\/types\/post"}],"author":[{"embeddable":true,"href":"https:\/\/www.copealcoy.es\/es\/wp-json\/wp\/v2\/users\/1"}],"replies":[{"embeddable":true,"href":"https:\/\/www.copealcoy.es\/es\/wp-json\/wp\/v2\/comments?post=117896"}],"version-history":[{"count":0,"href":"https:\/\/www.copealcoy.es\/es\/wp-json\/wp\/v2\/posts\/117896\/revisions"}],"wp:featuredmedia":[{"embeddable":true,"href":"https:\/\/www.copealcoy.es\/es\/wp-json\/wp\/v2\/media\/117897"}],"wp:attachment":[{"href":"https:\/\/www.copealcoy.es\/es\/wp-json\/wp\/v2\/media?parent=117896"}],"wp:term":[{"taxonomy":"category","embeddable":true,"href":"https:\/\/www.copealcoy.es\/es\/wp-json\/wp\/v2\/categories?post=117896"},{"taxonomy":"post_tag","embeddable":true,"href":"https:\/\/www.copealcoy.es\/es\/wp-json\/wp\/v2\/tags?post=117896"}],"curies":[{"name":"wp","href":"https:\/\/api.w.org\/{rel}","templated":true}]}}