{"id":117690,"date":"2023-06-15T12:33:45","date_gmt":"2023-06-15T11:33:45","guid":{"rendered":"https:\/\/www.copealcoy.es\/?p=117690"},"modified":"2023-06-15T14:55:59","modified_gmt":"2023-06-15T13:55:59","slug":"el-adios-parte-de-la-corporacion-municipal-antes-del-inicio-de-la-nueva-legislatura-en-alcoy","status":"publish","type":"post","link":"https:\/\/www.copealcoy.es\/es\/el-adios-parte-de-la-corporacion-municipal-antes-del-inicio-de-la-nueva-legislatura-en-alcoy\/","title":{"rendered":"El adi\u00f3s de parte de la corporaci\u00f3n municipal antes del inicio de la nueva legislatura en Alcoy"},"content":{"rendered":"<p style=\"text-align: justify;\">Llega el final de la legislatura. Este s\u00e1bado <strong>Alcoy tendr\u00e1 nuevo Ayuntamiento y <span style=\"color: #000080;\"><a style=\"color: #000080;\" href=\"https:\/\/www.copealcoy.es\/luz-verde-hacia-un-gobierno-de-izquierdas-en-alcoy-sin-guanyar\/\" target=\"_blank\" rel=\"noopener\">nuevo Gobierno<\/a><\/span><\/strong>\u00a0-tras <span style=\"color: #000080;\"><a style=\"color: #000080;\" href=\"https:\/\/www.copealcoy.es\/el-pp-remonta-y-duplica-su-resultado-en-alcoy\/\" target=\"_blank\" rel=\"noopener\">los resultados electorales del 28M<\/a><\/span>&#8211; con caras ya conocidas, pero tambi\u00e9n otras muchas nuevas.<\/p>\n<p style=\"text-align: justify;\">Se pone fin a una legislatura que ha tenido entradas y salidas y momentos muy complicados. <strong>La pandemia del coronavirus, sin duda, marc\u00f3 un punto de inflexi\u00f3n<\/strong> y fue, probablemente, uno de los momentos de m\u00e1s tensi\u00f3n de los \u00faltimos cuatro a\u00f1os. Tambi\u00e9n hubo movimientos dentro de la corporaci\u00f3n municipal. <span style=\"color: #000080;\"><a style=\"color: #000080;\" href=\"https:\/\/www.copealcoy.es\/sandra-obiol-portavoz-de-guanyar-alcoi-deja-la-politica-municipal\/\" target=\"_blank\" rel=\"noopener\"><strong>En 2022 Sandra Obiol, portavoz de<\/strong> <strong>Guanyar<\/strong>, <strong>dej\u00f3 su acta de concejala<\/strong><\/a><\/span> \u2018para atender una demanda de cuidado familiar\u2019 y en su lugar entr\u00f3 <strong>Mauro Colomina<\/strong>.<\/p>\n<p style=\"text-align: justify;\"><strong>Ciudadanos<\/strong> fue tambi\u00e9n protagonista con <span style=\"color: #000080;\"><a style=\"color: #000080;\" href=\"https:\/\/www.copealcoy.es\/marcos-martinez-deja-de-ser-concejal-de-ciudadanos\/\" target=\"_blank\" rel=\"noopener\"><strong>la salida de Marcos Mart\u00ednez del partido en 2021<\/strong><\/a><\/span>, que pas\u00f3 a ser <strong>concejal no adscrito<\/strong>.<\/p>\n<p style=\"text-align: justify;\">De los 25 concejales, y tras los resultado electorales del 28 de mayo, muchos no contin\u00faan. Algunos de ellos han aprovechado el \u00faltimo Pleno Extraordinario de este mi\u00e9rcoles 14 de junio para despedirse.<\/p>\n<p style=\"text-align: justify;\">Marcos Mart\u00ednez, que se present\u00f3 a las Elecciones con un nuevo partido pol\u00edtico, <strong>ADIN<\/strong>, no consigui\u00f3 ning\u00fan concejal. Se va, con el prop\u00f3sito de seguir trabajando por la ciudad. &#8220;Ha sido un placer y un honor representar a mi ciudad durante esta legislatura. Me hubiera seguido trabajando por mi pueblo. Lo har\u00e9 desde fuera de la corporaci\u00f3n&#8221;.<\/p>\n<audio class=\"wp-audio-shortcode\" id=\"audio-117690-1\" preload=\"none\" style=\"width: 100%;\" controls=\"controls\"><source type=\"audio\/mpeg\" src=\"https:\/\/www.copealcoy.es\/wp-content\/uploads\/2023\/06\/2023.06.15.-MARCOS-MARTINEZ-DESPEDIDA.mp3?_=1\" \/><a href=\"https:\/\/www.copealcoy.es\/wp-content\/uploads\/2023\/06\/2023.06.15.-MARCOS-MARTINEZ-DESPEDIDA.mp3\">https:\/\/www.copealcoy.es\/wp-content\/uploads\/2023\/06\/2023.06.15.-MARCOS-MARTINEZ-DESPEDIDA.mp3<\/a><\/audio>\n<p style=\"text-align: justify;\">\n<p style=\"text-align: justify;\">Tambi\u00e9n Ciudadanos se queda fuera de la corporaci\u00f3n municipal. Su portavoz hasta ahora, <strong>Rosa Garc\u00eda<\/strong>, no form\u00f3 parte de la lista para el 28 de mayo. &#8220;Han habido momentos dificil\u00edsimos. A\u00fan as\u00ed, aqu\u00ed estamos todos, siendo mejores personas que cuando empezamos y con m\u00e1s formaci\u00f3n&#8221;.<\/p>\n<audio class=\"wp-audio-shortcode\" id=\"audio-117690-2\" preload=\"none\" style=\"width: 100%;\" controls=\"controls\"><source type=\"audio\/mpeg\" src=\"https:\/\/www.copealcoy.es\/wp-content\/uploads\/2023\/06\/2023.06.15.-ROSA-GARCIA-DESPEDIDA.mp3?_=2\" \/><a href=\"https:\/\/www.copealcoy.es\/wp-content\/uploads\/2023\/06\/2023.06.15.-ROSA-GARCIA-DESPEDIDA.mp3\">https:\/\/www.copealcoy.es\/wp-content\/uploads\/2023\/06\/2023.06.15.-ROSA-GARCIA-DESPEDIDA.mp3<\/a><\/audio>\n<p style=\"text-align: justify;\">\n<p style=\"text-align: justify;\">Una de las ca\u00eddas m\u00e1s sorprendentes ha sido la de <strong>Podem Alcoi<\/strong>, que pierde a sus dos concejales. <strong>Cristian Santiago y Aar\u00f3n Ferr\u00e1ndiz<\/strong> salen tambi\u00e9n del Ayuntamiento.<\/p>\n<p style=\"text-align: justify;\">Tambi\u00e9n lo hace <strong>M\u00e0rius Ivorra<\/strong>, portavoz de <strong>Comprom\u00eds<\/strong> hasta el momento. Su formaci\u00f3n ha conseguido tres concejales, pero \u00e9l no ha formado parte de la lista. Se ha despedido de manera emotiva. &#8220;Para los que se quedan que tengan mucha suerte y muchos aciertos. Ha sido todo un placer trabajar con todos vosotros y hacer amistades&#8221;.<\/p>\n<audio class=\"wp-audio-shortcode\" id=\"audio-117690-3\" preload=\"none\" style=\"width: 100%;\" controls=\"controls\"><source type=\"audio\/mpeg\" src=\"https:\/\/www.copealcoy.es\/wp-content\/uploads\/2023\/06\/2023.06.15.-MARIUS-IVORRA-DESPEDIDA.mp3?_=3\" \/><a href=\"https:\/\/www.copealcoy.es\/wp-content\/uploads\/2023\/06\/2023.06.15.-MARIUS-IVORRA-DESPEDIDA.mp3\">https:\/\/www.copealcoy.es\/wp-content\/uploads\/2023\/06\/2023.06.15.-MARIUS-IVORRA-DESPEDIDA.mp3<\/a><\/audio>\n<p style=\"text-align: justify;\">\n<p style=\"text-align: justify;\">Tambi\u00e9n se marchan <strong>Pablo Gonz\u00e1lez y Mauro Colomina<\/strong>, de Guanyar. Y del <strong>PSOE<\/strong> dejan la corporaci\u00f3n municipal <strong>Jordi Silvestre, Jordi Segura, Aranza de Gracia, Carol Ortiz y Mar\u00eda Baca<\/strong>. &#8220;Ha sido una experiencia incre\u00edble. Estoy muy agradecida. Me ha hecho crecer profesionalmente, pero sobre todo como persona&#8221;, ha asegurado Baca.<\/p>\n<audio class=\"wp-audio-shortcode\" id=\"audio-117690-4\" preload=\"none\" style=\"width: 100%;\" controls=\"controls\"><source type=\"audio\/mpeg\" src=\"https:\/\/www.copealcoy.es\/wp-content\/uploads\/2023\/06\/2023.06.15.-MARIA-BACA-DESPEDIDA.mp3?_=4\" \/><a href=\"https:\/\/www.copealcoy.es\/wp-content\/uploads\/2023\/06\/2023.06.15.-MARIA-BACA-DESPEDIDA.mp3\">https:\/\/www.copealcoy.es\/wp-content\/uploads\/2023\/06\/2023.06.15.-MARIA-BACA-DESPEDIDA.mp3<\/a><\/audio>\n<p style=\"text-align: justify;\">\n<p style=\"text-align: justify;\">Y en el <strong>Partido Popular<\/strong>, su portavoz hasta este momento, <strong>Quique Ruiz<\/strong>, tambi\u00e9n dice adi\u00f3s a la corporaci\u00f3n municipal. &#8220;Llegamos a la \u00faltima estaci\u00f3n de un viaje corto e intenso, m\u00e1s corto de lo que yo hubiera deseado&#8221;.<\/p>\n<audio class=\"wp-audio-shortcode\" id=\"audio-117690-5\" preload=\"none\" style=\"width: 100%;\" controls=\"controls\"><source type=\"audio\/mpeg\" src=\"https:\/\/www.copealcoy.es\/wp-content\/uploads\/2023\/06\/2023.06.15.-QUIQUE-RUIZ-DESPEDIDA.mp3?_=5\" \/><a href=\"https:\/\/www.copealcoy.es\/wp-content\/uploads\/2023\/06\/2023.06.15.-QUIQUE-RUIZ-DESPEDIDA.mp3\">https:\/\/www.copealcoy.es\/wp-content\/uploads\/2023\/06\/2023.06.15.-QUIQUE-RUIZ-DESPEDIDA.mp3<\/a><\/audio>\n","protected":false},"excerpt":{"rendered":"<p>Llega el final de la legislatura. Este s\u00e1bado Alcoy tendr\u00e1 nuevo Ayuntamiento y nuevo Gobierno\u00a0-tras los resultados electorales del 28M&#8211;&#8230;<\/p>\n","protected":false},"author":1,"featured_media":117707,"comment_status":"open","ping_status":"open","sticky":false,"template":"","format":"standard","meta":{"footnotes":""},"categories":[6909,97,75,79],"tags":[1494,2058,14729,560],"class_list":["post-117690","post","type-post","status-publish","format-standard","has-post-thumbnail","hentry","category-actualidad","category-alcoy","category-noticias","category-politicayeconomia","tag-alcoy","tag-ayuntamiento-de-alcoy","tag-elecciones-28m","tag-legislatura"],"yoast_head":"<!-- This site is optimized with the Yoast SEO plugin v27.3 - https:\/\/yoast.com\/product\/yoast-seo-wordpress\/ -->\n<title>El adi\u00f3s de parte de la corporaci\u00f3n municipal antes del inicio de la nueva legislatura en Alcoy - COPE Alcoy<\/title>\n<meta name=\"description\" content=\"Llega el final de la legislatura. Este s\u00e1bado Alcoy tendr\u00e1 nuevo Ayuntamiento y nuevo Gobierno\u00a0-tras los resultados electorales del 28M- con caras ya conocidas, pero tambi\u00e9n otras muchas nuevas.\" \/>\n<meta name=\"robots\" content=\"index, follow, max-snippet:-1, max-image-preview:large, max-video-preview:-1\" \/>\n<link rel=\"canonical\" href=\"https:\/\/www.copealcoy.es\/es\/el-adios-parte-de-la-corporacion-municipal-antes-del-inicio-de-la-nueva-legislatura-en-alcoy\/\" \/>\n<meta property=\"og:locale\" content=\"es_ES\" \/>\n<meta property=\"og:type\" content=\"article\" \/>\n<meta property=\"og:title\" content=\"El adi\u00f3s de parte de la corporaci\u00f3n municipal antes del inicio de la nueva legislatura en Alcoy - COPE Alcoy\" \/>\n<meta property=\"og:description\" content=\"Llega el final de la legislatura. Este s\u00e1bado Alcoy tendr\u00e1 nuevo Ayuntamiento y nuevo Gobierno\u00a0-tras los resultados electorales del 28M- con caras ya conocidas, pero tambi\u00e9n otras muchas nuevas.\" \/>\n<meta property=\"og:url\" content=\"https:\/\/www.copealcoy.es\/es\/el-adios-parte-de-la-corporacion-municipal-antes-del-inicio-de-la-nueva-legislatura-en-alcoy\/\" \/>\n<meta property=\"og:site_name\" content=\"COPE Alcoy\" \/>\n<meta property=\"article:published_time\" content=\"2023-06-15T11:33:45+00:00\" \/>\n<meta property=\"article:modified_time\" content=\"2023-06-15T13:55:59+00:00\" \/>\n<meta property=\"og:image\" content=\"https:\/\/www.copealcoy.es\/wp-content\/uploads\/2023\/06\/352542993_634377842056078_6833701386252662439_n.jpg\" \/>\n\t<meta property=\"og:image:width\" content=\"1619\" \/>\n\t<meta property=\"og:image:height\" content=\"1080\" \/>\n\t<meta property=\"og:image:type\" content=\"image\/jpeg\" \/>\n<meta name=\"author\" content=\"Cope Alcoy\" \/>\n<meta name=\"twitter:label1\" content=\"Escrito por\" \/>\n\t<meta name=\"twitter:data1\" content=\"Cope Alcoy\" \/>\n\t<meta name=\"twitter:label2\" content=\"Tiempo de lectura\" \/>\n\t<meta name=\"twitter:data2\" content=\"3 minutos\" \/>\n<script type=\"application\/ld+json\" class=\"yoast-schema-graph\">{\"@context\":\"https:\\\/\\\/schema.org\",\"@graph\":[{\"@type\":\"Article\",\"@id\":\"https:\\\/\\\/www.copealcoy.es\\\/es\\\/el-adios-parte-de-la-corporacion-municipal-antes-del-inicio-de-la-nueva-legislatura-en-alcoy\\\/#article\",\"isPartOf\":{\"@id\":\"https:\\\/\\\/www.copealcoy.es\\\/es\\\/el-adios-parte-de-la-corporacion-municipal-antes-del-inicio-de-la-nueva-legislatura-en-alcoy\\\/\"},\"author\":{\"name\":\"Cope Alcoy\",\"@id\":\"https:\\\/\\\/www.copealcoy.es\\\/es\\\/#\\\/schema\\\/person\\\/e777c87fa024e57d40170af9df39882c\"},\"headline\":\"El adi\u00f3s de parte de la corporaci\u00f3n municipal antes del inicio de la nueva legislatura en Alcoy\",\"datePublished\":\"2023-06-15T11:33:45+00:00\",\"dateModified\":\"2023-06-15T13:55:59+00:00\",\"mainEntityOfPage\":{\"@id\":\"https:\\\/\\\/www.copealcoy.es\\\/es\\\/el-adios-parte-de-la-corporacion-municipal-antes-del-inicio-de-la-nueva-legislatura-en-alcoy\\\/\"},\"wordCount\":545,\"commentCount\":0,\"image\":{\"@id\":\"https:\\\/\\\/www.copealcoy.es\\\/es\\\/el-adios-parte-de-la-corporacion-municipal-antes-del-inicio-de-la-nueva-legislatura-en-alcoy\\\/#primaryimage\"},\"thumbnailUrl\":\"https:\\\/\\\/www.copealcoy.es\\\/wp-content\\\/uploads\\\/2023\\\/06\\\/352542993_634377842056078_6833701386252662439_n.jpg\",\"keywords\":[\"Alcoy\",\"Ayuntamiento de Alcoy\",\"Elecciones 28M\",\"Legislatura\"],\"articleSection\":[\"Actualidad\",\"Alcoy\",\"Noticias\",\"Pol\u00edtica y Econom\u00eda\"],\"inLanguage\":\"es\"},{\"@type\":\"WebPage\",\"@id\":\"https:\\\/\\\/www.copealcoy.es\\\/es\\\/el-adios-parte-de-la-corporacion-municipal-antes-del-inicio-de-la-nueva-legislatura-en-alcoy\\\/\",\"url\":\"https:\\\/\\\/www.copealcoy.es\\\/es\\\/el-adios-parte-de-la-corporacion-municipal-antes-del-inicio-de-la-nueva-legislatura-en-alcoy\\\/\",\"name\":\"El adi\u00f3s de parte de la corporaci\u00f3n municipal antes del inicio de la nueva legislatura en Alcoy - COPE Alcoy\",\"isPartOf\":{\"@id\":\"https:\\\/\\\/www.copealcoy.es\\\/es\\\/#website\"},\"primaryImageOfPage\":{\"@id\":\"https:\\\/\\\/www.copealcoy.es\\\/es\\\/el-adios-parte-de-la-corporacion-municipal-antes-del-inicio-de-la-nueva-legislatura-en-alcoy\\\/#primaryimage\"},\"image\":{\"@id\":\"https:\\\/\\\/www.copealcoy.es\\\/es\\\/el-adios-parte-de-la-corporacion-municipal-antes-del-inicio-de-la-nueva-legislatura-en-alcoy\\\/#primaryimage\"},\"thumbnailUrl\":\"https:\\\/\\\/www.copealcoy.es\\\/wp-content\\\/uploads\\\/2023\\\/06\\\/352542993_634377842056078_6833701386252662439_n.jpg\",\"datePublished\":\"2023-06-15T11:33:45+00:00\",\"dateModified\":\"2023-06-15T13:55:59+00:00\",\"author\":{\"@id\":\"https:\\\/\\\/www.copealcoy.es\\\/es\\\/#\\\/schema\\\/person\\\/e777c87fa024e57d40170af9df39882c\"},\"description\":\"Llega el final de la legislatura. Este s\u00e1bado Alcoy tendr\u00e1 nuevo Ayuntamiento y nuevo Gobierno\u00a0-tras los resultados electorales del 28M- con caras ya conocidas, pero tambi\u00e9n otras muchas nuevas.\",\"breadcrumb\":{\"@id\":\"https:\\\/\\\/www.copealcoy.es\\\/es\\\/el-adios-parte-de-la-corporacion-municipal-antes-del-inicio-de-la-nueva-legislatura-en-alcoy\\\/#breadcrumb\"},\"inLanguage\":\"es\",\"potentialAction\":[{\"@type\":\"ReadAction\",\"target\":[\"https:\\\/\\\/www.copealcoy.es\\\/es\\\/el-adios-parte-de-la-corporacion-municipal-antes-del-inicio-de-la-nueva-legislatura-en-alcoy\\\/\"]}]},{\"@type\":\"ImageObject\",\"inLanguage\":\"es\",\"@id\":\"https:\\\/\\\/www.copealcoy.es\\\/es\\\/el-adios-parte-de-la-corporacion-municipal-antes-del-inicio-de-la-nueva-legislatura-en-alcoy\\\/#primaryimage\",\"url\":\"https:\\\/\\\/www.copealcoy.es\\\/wp-content\\\/uploads\\\/2023\\\/06\\\/352542993_634377842056078_6833701386252662439_n.jpg\",\"contentUrl\":\"https:\\\/\\\/www.copealcoy.es\\\/wp-content\\\/uploads\\\/2023\\\/06\\\/352542993_634377842056078_6833701386252662439_n.jpg\",\"width\":1619,\"height\":1080},{\"@type\":\"BreadcrumbList\",\"@id\":\"https:\\\/\\\/www.copealcoy.es\\\/es\\\/el-adios-parte-de-la-corporacion-municipal-antes-del-inicio-de-la-nueva-legislatura-en-alcoy\\\/#breadcrumb\",\"itemListElement\":[{\"@type\":\"ListItem\",\"position\":1,\"name\":\"Portada\",\"item\":\"https:\\\/\\\/www.copealcoy.es\\\/es\\\/\"},{\"@type\":\"ListItem\",\"position\":2,\"name\":\"El adi\u00f3s de parte de la corporaci\u00f3n municipal antes del inicio de la nueva legislatura en Alcoy\"}]},{\"@type\":\"WebSite\",\"@id\":\"https:\\\/\\\/www.copealcoy.es\\\/es\\\/#website\",\"url\":\"https:\\\/\\\/www.copealcoy.es\\\/es\\\/\",\"name\":\"COPE Alcoy\",\"description\":\"Emisora COPE de radio local con emisi\u00f3n online. Pont de Sant Jordi 8-10 03803 Alcoy\",\"potentialAction\":[{\"@type\":\"SearchAction\",\"target\":{\"@type\":\"EntryPoint\",\"urlTemplate\":\"https:\\\/\\\/www.copealcoy.es\\\/es\\\/?s={search_term_string}\"},\"query-input\":{\"@type\":\"PropertyValueSpecification\",\"valueRequired\":true,\"valueName\":\"search_term_string\"}}],\"inLanguage\":\"es\"},{\"@type\":\"Person\",\"@id\":\"https:\\\/\\\/www.copealcoy.es\\\/es\\\/#\\\/schema\\\/person\\\/e777c87fa024e57d40170af9df39882c\",\"name\":\"Cope Alcoy\",\"image\":{\"@type\":\"ImageObject\",\"inLanguage\":\"es\",\"@id\":\"https:\\\/\\\/secure.gravatar.com\\\/avatar\\\/bb65d0283347e303893ba14f0692005417c1e0e690a325a4c5d8bb2b3943ee14?s=96&d=mm&r=g\",\"url\":\"https:\\\/\\\/secure.gravatar.com\\\/avatar\\\/bb65d0283347e303893ba14f0692005417c1e0e690a325a4c5d8bb2b3943ee14?s=96&d=mm&r=g\",\"contentUrl\":\"https:\\\/\\\/secure.gravatar.com\\\/avatar\\\/bb65d0283347e303893ba14f0692005417c1e0e690a325a4c5d8bb2b3943ee14?s=96&d=mm&r=g\",\"caption\":\"Cope Alcoy\"}}]}<\/script>\n<!-- \/ Yoast SEO plugin. -->","yoast_head_json":{"title":"El adi\u00f3s de parte de la corporaci\u00f3n municipal antes del inicio de la nueva legislatura en Alcoy - COPE Alcoy","description":"Llega el final de la legislatura. Este s\u00e1bado Alcoy tendr\u00e1 nuevo Ayuntamiento y nuevo Gobierno\u00a0-tras los resultados electorales del 28M- con caras ya conocidas, pero tambi\u00e9n otras muchas nuevas.","robots":{"index":"index","follow":"follow","max-snippet":"max-snippet:-1","max-image-preview":"max-image-preview:large","max-video-preview":"max-video-preview:-1"},"canonical":"https:\/\/www.copealcoy.es\/es\/el-adios-parte-de-la-corporacion-municipal-antes-del-inicio-de-la-nueva-legislatura-en-alcoy\/","og_locale":"es_ES","og_type":"article","og_title":"El adi\u00f3s de parte de la corporaci\u00f3n municipal antes del inicio de la nueva legislatura en Alcoy - COPE Alcoy","og_description":"Llega el final de la legislatura. Este s\u00e1bado Alcoy tendr\u00e1 nuevo Ayuntamiento y nuevo Gobierno\u00a0-tras los resultados electorales del 28M- con caras ya conocidas, pero tambi\u00e9n otras muchas nuevas.","og_url":"https:\/\/www.copealcoy.es\/es\/el-adios-parte-de-la-corporacion-municipal-antes-del-inicio-de-la-nueva-legislatura-en-alcoy\/","og_site_name":"COPE Alcoy","article_published_time":"2023-06-15T11:33:45+00:00","article_modified_time":"2023-06-15T13:55:59+00:00","og_image":[{"width":1619,"height":1080,"url":"https:\/\/www.copealcoy.es\/wp-content\/uploads\/2023\/06\/352542993_634377842056078_6833701386252662439_n.jpg","type":"image\/jpeg"}],"author":"Cope Alcoy","twitter_misc":{"Escrito por":"Cope Alcoy","Tiempo de lectura":"3 minutos"},"schema":{"@context":"https:\/\/schema.org","@graph":[{"@type":"Article","@id":"https:\/\/www.copealcoy.es\/es\/el-adios-parte-de-la-corporacion-municipal-antes-del-inicio-de-la-nueva-legislatura-en-alcoy\/#article","isPartOf":{"@id":"https:\/\/www.copealcoy.es\/es\/el-adios-parte-de-la-corporacion-municipal-antes-del-inicio-de-la-nueva-legislatura-en-alcoy\/"},"author":{"name":"Cope Alcoy","@id":"https:\/\/www.copealcoy.es\/es\/#\/schema\/person\/e777c87fa024e57d40170af9df39882c"},"headline":"El adi\u00f3s de parte de la corporaci\u00f3n municipal antes del inicio de la nueva legislatura en Alcoy","datePublished":"2023-06-15T11:33:45+00:00","dateModified":"2023-06-15T13:55:59+00:00","mainEntityOfPage":{"@id":"https:\/\/www.copealcoy.es\/es\/el-adios-parte-de-la-corporacion-municipal-antes-del-inicio-de-la-nueva-legislatura-en-alcoy\/"},"wordCount":545,"commentCount":0,"image":{"@id":"https:\/\/www.copealcoy.es\/es\/el-adios-parte-de-la-corporacion-municipal-antes-del-inicio-de-la-nueva-legislatura-en-alcoy\/#primaryimage"},"thumbnailUrl":"https:\/\/www.copealcoy.es\/wp-content\/uploads\/2023\/06\/352542993_634377842056078_6833701386252662439_n.jpg","keywords":["Alcoy","Ayuntamiento de Alcoy","Elecciones 28M","Legislatura"],"articleSection":["Actualidad","Alcoy","Noticias","Pol\u00edtica y Econom\u00eda"],"inLanguage":"es"},{"@type":"WebPage","@id":"https:\/\/www.copealcoy.es\/es\/el-adios-parte-de-la-corporacion-municipal-antes-del-inicio-de-la-nueva-legislatura-en-alcoy\/","url":"https:\/\/www.copealcoy.es\/es\/el-adios-parte-de-la-corporacion-municipal-antes-del-inicio-de-la-nueva-legislatura-en-alcoy\/","name":"El adi\u00f3s de parte de la corporaci\u00f3n municipal antes del inicio de la nueva legislatura en Alcoy - COPE Alcoy","isPartOf":{"@id":"https:\/\/www.copealcoy.es\/es\/#website"},"primaryImageOfPage":{"@id":"https:\/\/www.copealcoy.es\/es\/el-adios-parte-de-la-corporacion-municipal-antes-del-inicio-de-la-nueva-legislatura-en-alcoy\/#primaryimage"},"image":{"@id":"https:\/\/www.copealcoy.es\/es\/el-adios-parte-de-la-corporacion-municipal-antes-del-inicio-de-la-nueva-legislatura-en-alcoy\/#primaryimage"},"thumbnailUrl":"https:\/\/www.copealcoy.es\/wp-content\/uploads\/2023\/06\/352542993_634377842056078_6833701386252662439_n.jpg","datePublished":"2023-06-15T11:33:45+00:00","dateModified":"2023-06-15T13:55:59+00:00","author":{"@id":"https:\/\/www.copealcoy.es\/es\/#\/schema\/person\/e777c87fa024e57d40170af9df39882c"},"description":"Llega el final de la legislatura. Este s\u00e1bado Alcoy tendr\u00e1 nuevo Ayuntamiento y nuevo Gobierno\u00a0-tras los resultados electorales del 28M- con caras ya conocidas, pero tambi\u00e9n otras muchas nuevas.","breadcrumb":{"@id":"https:\/\/www.copealcoy.es\/es\/el-adios-parte-de-la-corporacion-municipal-antes-del-inicio-de-la-nueva-legislatura-en-alcoy\/#breadcrumb"},"inLanguage":"es","potentialAction":[{"@type":"ReadAction","target":["https:\/\/www.copealcoy.es\/es\/el-adios-parte-de-la-corporacion-municipal-antes-del-inicio-de-la-nueva-legislatura-en-alcoy\/"]}]},{"@type":"ImageObject","inLanguage":"es","@id":"https:\/\/www.copealcoy.es\/es\/el-adios-parte-de-la-corporacion-municipal-antes-del-inicio-de-la-nueva-legislatura-en-alcoy\/#primaryimage","url":"https:\/\/www.copealcoy.es\/wp-content\/uploads\/2023\/06\/352542993_634377842056078_6833701386252662439_n.jpg","contentUrl":"https:\/\/www.copealcoy.es\/wp-content\/uploads\/2023\/06\/352542993_634377842056078_6833701386252662439_n.jpg","width":1619,"height":1080},{"@type":"BreadcrumbList","@id":"https:\/\/www.copealcoy.es\/es\/el-adios-parte-de-la-corporacion-municipal-antes-del-inicio-de-la-nueva-legislatura-en-alcoy\/#breadcrumb","itemListElement":[{"@type":"ListItem","position":1,"name":"Portada","item":"https:\/\/www.copealcoy.es\/es\/"},{"@type":"ListItem","position":2,"name":"El adi\u00f3s de parte de la corporaci\u00f3n municipal antes del inicio de la nueva legislatura en Alcoy"}]},{"@type":"WebSite","@id":"https:\/\/www.copealcoy.es\/es\/#website","url":"https:\/\/www.copealcoy.es\/es\/","name":"COPE Alcoy","description":"Emisora COPE de radio local con emisi\u00f3n online. Pont de Sant Jordi 8-10 03803 Alcoy","potentialAction":[{"@type":"SearchAction","target":{"@type":"EntryPoint","urlTemplate":"https:\/\/www.copealcoy.es\/es\/?s={search_term_string}"},"query-input":{"@type":"PropertyValueSpecification","valueRequired":true,"valueName":"search_term_string"}}],"inLanguage":"es"},{"@type":"Person","@id":"https:\/\/www.copealcoy.es\/es\/#\/schema\/person\/e777c87fa024e57d40170af9df39882c","name":"Cope Alcoy","image":{"@type":"ImageObject","inLanguage":"es","@id":"https:\/\/secure.gravatar.com\/avatar\/bb65d0283347e303893ba14f0692005417c1e0e690a325a4c5d8bb2b3943ee14?s=96&d=mm&r=g","url":"https:\/\/secure.gravatar.com\/avatar\/bb65d0283347e303893ba14f0692005417c1e0e690a325a4c5d8bb2b3943ee14?s=96&d=mm&r=g","contentUrl":"https:\/\/secure.gravatar.com\/avatar\/bb65d0283347e303893ba14f0692005417c1e0e690a325a4c5d8bb2b3943ee14?s=96&d=mm&r=g","caption":"Cope Alcoy"}}]}},"_links":{"self":[{"href":"https:\/\/www.copealcoy.es\/es\/wp-json\/wp\/v2\/posts\/117690","targetHints":{"allow":["GET"]}}],"collection":[{"href":"https:\/\/www.copealcoy.es\/es\/wp-json\/wp\/v2\/posts"}],"about":[{"href":"https:\/\/www.copealcoy.es\/es\/wp-json\/wp\/v2\/types\/post"}],"author":[{"embeddable":true,"href":"https:\/\/www.copealcoy.es\/es\/wp-json\/wp\/v2\/users\/1"}],"replies":[{"embeddable":true,"href":"https:\/\/www.copealcoy.es\/es\/wp-json\/wp\/v2\/comments?post=117690"}],"version-history":[{"count":0,"href":"https:\/\/www.copealcoy.es\/es\/wp-json\/wp\/v2\/posts\/117690\/revisions"}],"wp:featuredmedia":[{"embeddable":true,"href":"https:\/\/www.copealcoy.es\/es\/wp-json\/wp\/v2\/media\/117707"}],"wp:attachment":[{"href":"https:\/\/www.copealcoy.es\/es\/wp-json\/wp\/v2\/media?parent=117690"}],"wp:term":[{"taxonomy":"category","embeddable":true,"href":"https:\/\/www.copealcoy.es\/es\/wp-json\/wp\/v2\/categories?post=117690"},{"taxonomy":"post_tag","embeddable":true,"href":"https:\/\/www.copealcoy.es\/es\/wp-json\/wp\/v2\/tags?post=117690"}],"curies":[{"name":"wp","href":"https:\/\/api.w.org\/{rel}","templated":true}]}}