{"id":117653,"date":"2023-06-16T07:45:05","date_gmt":"2023-06-16T06:45:05","guid":{"rendered":"https:\/\/www.copealcoy.es\/?p=117653"},"modified":"2023-06-16T18:24:47","modified_gmt":"2023-06-16T17:24:47","slug":"mayor-control-para-las-carrozas-que-desfilen-en-las-entradas-de-alcoy","status":"publish","type":"post","link":"https:\/\/www.copealcoy.es\/es\/mayor-control-para-las-carrozas-que-desfilen-en-las-entradas-de-alcoy\/","title":{"rendered":"Mayor control para las carrozas que desfilen en las Entradas de Alcoy"},"content":{"rendered":"<p style=\"text-align: justify;\">La <a href=\"https:\/\/www.asjordi.org\/\" target=\"_blank\" rel=\"noopener\"><strong><span style=\"color: #0000ff;\">Asociaci\u00f3n de San Jorge<\/span><\/strong><\/a> quiere implantar <strong>un sistema de control para las carrozas y plataformas<\/strong> con el fin de que los elementos que participen en las Entradas de Moros y Cristianos <strong>re\u00fanan todas las condiciones de seguridad<\/strong>. La medida persigue evitar que pasen hechos como lo ocurrido este a\u00f1o <strong>cuando el Capit\u00e1n Cristiano cay\u00f3 en pleno desfile<\/strong> nada m\u00e1s enfilar la Plaza de Espa\u00f1a y tras recibir las llaves de la ciudad.<\/p>\n<p style=\"text-align: justify;\">As\u00ed lo asegur\u00f3 este mi\u00e9rcoles en el espacio #LaNostraFesta de COPE ALCOY el Presidente de la m\u00e1xima entidad festera, <strong>Juan Jos\u00e9 Olcina<\/strong>. Este \u00faltimo record\u00f3 que<strong> la seguridad de los participantes en las Entradas es una prioridad<\/strong> al igual que hizo referencia a que <strong>situaciones como las del 22 de abril no se pueden permitir en la Festa alcoyana<\/strong>. El Presidente detall\u00f3 <strong>la medida que al respecto quieren impulsar desde El Casal<\/strong> &#8220;vamos a implantar que sea un ingeniero quien visite el proceso de fabricaci\u00f3n para despu\u00e9s emitir un certificado que garantice que esa carroza est\u00e1 en condiciones de soportar el peso que tiene que soportar o hacer el esfuerzo que tiene que hacer&#8221;, comentaba Juan Jos\u00e9 Olcina.<\/p>\n<audio class=\"wp-audio-shortcode\" id=\"audio-117653-1\" preload=\"none\" style=\"width: 100%;\" controls=\"controls\"><source type=\"audio\/mpeg\" src=\"https:\/\/www.copealcoy.es\/wp-content\/uploads\/2023\/06\/2023.06.14-OLCINA-CARROZAS-MEDIODIA.mp3?_=1\" \/><a href=\"https:\/\/www.copealcoy.es\/wp-content\/uploads\/2023\/06\/2023.06.14-OLCINA-CARROZAS-MEDIODIA.mp3\">https:\/\/www.copealcoy.es\/wp-content\/uploads\/2023\/06\/2023.06.14-OLCINA-CARROZAS-MEDIODIA.mp3<\/a><\/audio>\n<p>&nbsp;<\/p>\n<p style=\"text-align: justify;\">Durante la entrevista concedida a Cope Alcoy, el Presidente de la Asociaci\u00f3n de San Jorge <strong>hizo balance tambi\u00e9n de la \u00faltima edici\u00f3n de la trilog\u00eda festera<\/strong> al igual que desgran\u00f3 todo lo que aconteci\u00f3 en<strong> la Asamblea econ\u00f3mica<\/strong> de la instituci\u00f3n celebrada la pasada semana. Juan Jos\u00e9 Olcina <strong>habl\u00f3 de los resultados que arroj\u00f3 la auditor\u00eda y tambi\u00e9n de la crisis que ha vivido el seno de la entidad en los \u00faltimos meses<\/strong> despu\u00e9s de la dimisi\u00f3n de su vicepresidente econ\u00f3mico. Por \u00faltimo coment\u00f3 todo lo que se destac\u00f3 en la segunda parte de la asamblea, celebrada el pasado jueves, en relaci\u00f3n a <strong>los preparativos<\/strong> de la pr\u00f3xima edici\u00f3n de las Fiestas de Moros y Cristianos en honor a San Jorge,<\/p>\n<p>La <strong>entrevista al completo<\/strong> la puedes escuchar aqu\u00ed:<\/p>\n<p><iframe loading=\"lazy\" title=\"La Nostra Festa Dimecres 14 De Juny 2023\" width=\"100%\" height=\"120\" src=\"https:\/\/www.mixcloud.com\/widget\/iframe\/?feed=https%3A%2F%2Fwww.mixcloud.com%2FCOPEAlcoy%2Fla-nostra-festa-dimecres-14-de-juny-2023%2F&amp;hide_cover=1\" frameborder=\"0\"><\/iframe><\/p>\n","protected":false},"excerpt":{"rendered":"<p>La Asociaci\u00f3n de San Jorge quiere implantar un sistema de control para las carrozas y plataformas con el fin de&#8230;<\/p>\n","protected":false},"author":1,"featured_media":117655,"comment_status":"open","ping_status":"open","sticky":false,"template":"","format":"standard","meta":{"footnotes":""},"categories":[6909,97,75],"tags":[1494,1771,14963,3707,14964,7657],"class_list":["post-117653","post","type-post","status-publish","format-standard","has-post-thumbnail","hentry","category-actualidad","category-alcoy","category-noticias","tag-alcoy","tag-asociacion-de-san-jorge","tag-carrozas","tag-control","tag-plataformas","tag-sistema"],"yoast_head":"<!-- This site is optimized with the Yoast SEO plugin v27.3 - https:\/\/yoast.com\/product\/yoast-seo-wordpress\/ -->\n<title>Mayor control para las carrozas que desfilen en las Entradas de Alcoy - COPE Alcoy<\/title>\n<meta name=\"description\" content=\"La Asociaci\u00f3n de San Jorge quiere implantar un sistema de control para las carrozas que participan en las Entradas de nuestras Fiestas\" \/>\n<meta name=\"robots\" content=\"index, follow, max-snippet:-1, max-image-preview:large, max-video-preview:-1\" \/>\n<link rel=\"canonical\" href=\"https:\/\/www.copealcoy.es\/es\/mayor-control-para-las-carrozas-que-desfilen-en-las-entradas-de-alcoy\/\" \/>\n<meta property=\"og:locale\" content=\"es_ES\" \/>\n<meta property=\"og:type\" content=\"article\" \/>\n<meta property=\"og:title\" content=\"Mayor control para las carrozas que desfilen en las Entradas de Alcoy - COPE Alcoy\" \/>\n<meta property=\"og:description\" content=\"La Asociaci\u00f3n de San Jorge quiere implantar un sistema de control para las carrozas que participan en las Entradas de nuestras Fiestas\" \/>\n<meta property=\"og:url\" content=\"https:\/\/www.copealcoy.es\/es\/mayor-control-para-las-carrozas-que-desfilen-en-las-entradas-de-alcoy\/\" \/>\n<meta property=\"og:site_name\" content=\"COPE Alcoy\" \/>\n<meta property=\"article:published_time\" content=\"2023-06-16T06:45:05+00:00\" \/>\n<meta property=\"article:modified_time\" content=\"2023-06-16T17:24:47+00:00\" \/>\n<meta property=\"og:image\" content=\"https:\/\/www.copealcoy.es\/wp-content\/uploads\/2023\/06\/Captura-de-pantalla-2023-06-15-a-las-8.58.45.png\" \/>\n\t<meta property=\"og:image:width\" content=\"1113\" \/>\n\t<meta property=\"og:image:height\" content=\"699\" \/>\n\t<meta property=\"og:image:type\" content=\"image\/png\" \/>\n<meta name=\"author\" content=\"Cope Alcoy\" \/>\n<meta name=\"twitter:label1\" content=\"Escrito por\" \/>\n\t<meta name=\"twitter:data1\" content=\"Cope Alcoy\" \/>\n\t<meta name=\"twitter:label2\" content=\"Tiempo de lectura\" \/>\n\t<meta name=\"twitter:data2\" content=\"2 minutos\" \/>\n<script type=\"application\/ld+json\" class=\"yoast-schema-graph\">{\"@context\":\"https:\\\/\\\/schema.org\",\"@graph\":[{\"@type\":\"Article\",\"@id\":\"https:\\\/\\\/www.copealcoy.es\\\/es\\\/mayor-control-para-las-carrozas-que-desfilen-en-las-entradas-de-alcoy\\\/#article\",\"isPartOf\":{\"@id\":\"https:\\\/\\\/www.copealcoy.es\\\/es\\\/mayor-control-para-las-carrozas-que-desfilen-en-las-entradas-de-alcoy\\\/\"},\"author\":{\"name\":\"Cope Alcoy\",\"@id\":\"https:\\\/\\\/www.copealcoy.es\\\/es\\\/#\\\/schema\\\/person\\\/e777c87fa024e57d40170af9df39882c\"},\"headline\":\"Mayor control para las carrozas que desfilen en las Entradas de Alcoy\",\"datePublished\":\"2023-06-16T06:45:05+00:00\",\"dateModified\":\"2023-06-16T17:24:47+00:00\",\"mainEntityOfPage\":{\"@id\":\"https:\\\/\\\/www.copealcoy.es\\\/es\\\/mayor-control-para-las-carrozas-que-desfilen-en-las-entradas-de-alcoy\\\/\"},\"wordCount\":374,\"commentCount\":0,\"image\":{\"@id\":\"https:\\\/\\\/www.copealcoy.es\\\/es\\\/mayor-control-para-las-carrozas-que-desfilen-en-las-entradas-de-alcoy\\\/#primaryimage\"},\"thumbnailUrl\":\"https:\\\/\\\/www.copealcoy.es\\\/wp-content\\\/uploads\\\/2023\\\/06\\\/Captura-de-pantalla-2023-06-15-a-las-8.58.45.png\",\"keywords\":[\"Alcoy\",\"Asociaci\u00f3n de San Jorge\",\"carrozas\",\"control\",\"plataformas\",\"sistema\"],\"articleSection\":[\"Actualidad\",\"Alcoy\",\"Noticias\"],\"inLanguage\":\"es\"},{\"@type\":\"WebPage\",\"@id\":\"https:\\\/\\\/www.copealcoy.es\\\/es\\\/mayor-control-para-las-carrozas-que-desfilen-en-las-entradas-de-alcoy\\\/\",\"url\":\"https:\\\/\\\/www.copealcoy.es\\\/es\\\/mayor-control-para-las-carrozas-que-desfilen-en-las-entradas-de-alcoy\\\/\",\"name\":\"Mayor control para las carrozas que desfilen en las Entradas de Alcoy - COPE Alcoy\",\"isPartOf\":{\"@id\":\"https:\\\/\\\/www.copealcoy.es\\\/es\\\/#website\"},\"primaryImageOfPage\":{\"@id\":\"https:\\\/\\\/www.copealcoy.es\\\/es\\\/mayor-control-para-las-carrozas-que-desfilen-en-las-entradas-de-alcoy\\\/#primaryimage\"},\"image\":{\"@id\":\"https:\\\/\\\/www.copealcoy.es\\\/es\\\/mayor-control-para-las-carrozas-que-desfilen-en-las-entradas-de-alcoy\\\/#primaryimage\"},\"thumbnailUrl\":\"https:\\\/\\\/www.copealcoy.es\\\/wp-content\\\/uploads\\\/2023\\\/06\\\/Captura-de-pantalla-2023-06-15-a-las-8.58.45.png\",\"datePublished\":\"2023-06-16T06:45:05+00:00\",\"dateModified\":\"2023-06-16T17:24:47+00:00\",\"author\":{\"@id\":\"https:\\\/\\\/www.copealcoy.es\\\/es\\\/#\\\/schema\\\/person\\\/e777c87fa024e57d40170af9df39882c\"},\"description\":\"La Asociaci\u00f3n de San Jorge quiere implantar un sistema de control para las carrozas que participan en las Entradas de nuestras Fiestas\",\"breadcrumb\":{\"@id\":\"https:\\\/\\\/www.copealcoy.es\\\/es\\\/mayor-control-para-las-carrozas-que-desfilen-en-las-entradas-de-alcoy\\\/#breadcrumb\"},\"inLanguage\":\"es\",\"potentialAction\":[{\"@type\":\"ReadAction\",\"target\":[\"https:\\\/\\\/www.copealcoy.es\\\/es\\\/mayor-control-para-las-carrozas-que-desfilen-en-las-entradas-de-alcoy\\\/\"]}]},{\"@type\":\"ImageObject\",\"inLanguage\":\"es\",\"@id\":\"https:\\\/\\\/www.copealcoy.es\\\/es\\\/mayor-control-para-las-carrozas-que-desfilen-en-las-entradas-de-alcoy\\\/#primaryimage\",\"url\":\"https:\\\/\\\/www.copealcoy.es\\\/wp-content\\\/uploads\\\/2023\\\/06\\\/Captura-de-pantalla-2023-06-15-a-las-8.58.45.png\",\"contentUrl\":\"https:\\\/\\\/www.copealcoy.es\\\/wp-content\\\/uploads\\\/2023\\\/06\\\/Captura-de-pantalla-2023-06-15-a-las-8.58.45.png\",\"width\":1113,\"height\":699},{\"@type\":\"BreadcrumbList\",\"@id\":\"https:\\\/\\\/www.copealcoy.es\\\/es\\\/mayor-control-para-las-carrozas-que-desfilen-en-las-entradas-de-alcoy\\\/#breadcrumb\",\"itemListElement\":[{\"@type\":\"ListItem\",\"position\":1,\"name\":\"Portada\",\"item\":\"https:\\\/\\\/www.copealcoy.es\\\/es\\\/\"},{\"@type\":\"ListItem\",\"position\":2,\"name\":\"Mayor control para las carrozas que desfilen en las Entradas de Alcoy\"}]},{\"@type\":\"WebSite\",\"@id\":\"https:\\\/\\\/www.copealcoy.es\\\/es\\\/#website\",\"url\":\"https:\\\/\\\/www.copealcoy.es\\\/es\\\/\",\"name\":\"COPE Alcoy\",\"description\":\"Emisora COPE de radio local con emisi\u00f3n online. Pont de Sant Jordi 8-10 03803 Alcoy\",\"potentialAction\":[{\"@type\":\"SearchAction\",\"target\":{\"@type\":\"EntryPoint\",\"urlTemplate\":\"https:\\\/\\\/www.copealcoy.es\\\/es\\\/?s={search_term_string}\"},\"query-input\":{\"@type\":\"PropertyValueSpecification\",\"valueRequired\":true,\"valueName\":\"search_term_string\"}}],\"inLanguage\":\"es\"},{\"@type\":\"Person\",\"@id\":\"https:\\\/\\\/www.copealcoy.es\\\/es\\\/#\\\/schema\\\/person\\\/e777c87fa024e57d40170af9df39882c\",\"name\":\"Cope Alcoy\",\"image\":{\"@type\":\"ImageObject\",\"inLanguage\":\"es\",\"@id\":\"https:\\\/\\\/secure.gravatar.com\\\/avatar\\\/bb65d0283347e303893ba14f0692005417c1e0e690a325a4c5d8bb2b3943ee14?s=96&d=mm&r=g\",\"url\":\"https:\\\/\\\/secure.gravatar.com\\\/avatar\\\/bb65d0283347e303893ba14f0692005417c1e0e690a325a4c5d8bb2b3943ee14?s=96&d=mm&r=g\",\"contentUrl\":\"https:\\\/\\\/secure.gravatar.com\\\/avatar\\\/bb65d0283347e303893ba14f0692005417c1e0e690a325a4c5d8bb2b3943ee14?s=96&d=mm&r=g\",\"caption\":\"Cope Alcoy\"}}]}<\/script>\n<!-- \/ Yoast SEO plugin. -->","yoast_head_json":{"title":"Mayor control para las carrozas que desfilen en las Entradas de Alcoy - COPE Alcoy","description":"La Asociaci\u00f3n de San Jorge quiere implantar un sistema de control para las carrozas que participan en las Entradas de nuestras Fiestas","robots":{"index":"index","follow":"follow","max-snippet":"max-snippet:-1","max-image-preview":"max-image-preview:large","max-video-preview":"max-video-preview:-1"},"canonical":"https:\/\/www.copealcoy.es\/es\/mayor-control-para-las-carrozas-que-desfilen-en-las-entradas-de-alcoy\/","og_locale":"es_ES","og_type":"article","og_title":"Mayor control para las carrozas que desfilen en las Entradas de Alcoy - COPE Alcoy","og_description":"La Asociaci\u00f3n de San Jorge quiere implantar un sistema de control para las carrozas que participan en las Entradas de nuestras Fiestas","og_url":"https:\/\/www.copealcoy.es\/es\/mayor-control-para-las-carrozas-que-desfilen-en-las-entradas-de-alcoy\/","og_site_name":"COPE Alcoy","article_published_time":"2023-06-16T06:45:05+00:00","article_modified_time":"2023-06-16T17:24:47+00:00","og_image":[{"width":1113,"height":699,"url":"https:\/\/www.copealcoy.es\/wp-content\/uploads\/2023\/06\/Captura-de-pantalla-2023-06-15-a-las-8.58.45.png","type":"image\/png"}],"author":"Cope Alcoy","twitter_misc":{"Escrito por":"Cope Alcoy","Tiempo de lectura":"2 minutos"},"schema":{"@context":"https:\/\/schema.org","@graph":[{"@type":"Article","@id":"https:\/\/www.copealcoy.es\/es\/mayor-control-para-las-carrozas-que-desfilen-en-las-entradas-de-alcoy\/#article","isPartOf":{"@id":"https:\/\/www.copealcoy.es\/es\/mayor-control-para-las-carrozas-que-desfilen-en-las-entradas-de-alcoy\/"},"author":{"name":"Cope Alcoy","@id":"https:\/\/www.copealcoy.es\/es\/#\/schema\/person\/e777c87fa024e57d40170af9df39882c"},"headline":"Mayor control para las carrozas que desfilen en las Entradas de Alcoy","datePublished":"2023-06-16T06:45:05+00:00","dateModified":"2023-06-16T17:24:47+00:00","mainEntityOfPage":{"@id":"https:\/\/www.copealcoy.es\/es\/mayor-control-para-las-carrozas-que-desfilen-en-las-entradas-de-alcoy\/"},"wordCount":374,"commentCount":0,"image":{"@id":"https:\/\/www.copealcoy.es\/es\/mayor-control-para-las-carrozas-que-desfilen-en-las-entradas-de-alcoy\/#primaryimage"},"thumbnailUrl":"https:\/\/www.copealcoy.es\/wp-content\/uploads\/2023\/06\/Captura-de-pantalla-2023-06-15-a-las-8.58.45.png","keywords":["Alcoy","Asociaci\u00f3n de San Jorge","carrozas","control","plataformas","sistema"],"articleSection":["Actualidad","Alcoy","Noticias"],"inLanguage":"es"},{"@type":"WebPage","@id":"https:\/\/www.copealcoy.es\/es\/mayor-control-para-las-carrozas-que-desfilen-en-las-entradas-de-alcoy\/","url":"https:\/\/www.copealcoy.es\/es\/mayor-control-para-las-carrozas-que-desfilen-en-las-entradas-de-alcoy\/","name":"Mayor control para las carrozas que desfilen en las Entradas de Alcoy - COPE Alcoy","isPartOf":{"@id":"https:\/\/www.copealcoy.es\/es\/#website"},"primaryImageOfPage":{"@id":"https:\/\/www.copealcoy.es\/es\/mayor-control-para-las-carrozas-que-desfilen-en-las-entradas-de-alcoy\/#primaryimage"},"image":{"@id":"https:\/\/www.copealcoy.es\/es\/mayor-control-para-las-carrozas-que-desfilen-en-las-entradas-de-alcoy\/#primaryimage"},"thumbnailUrl":"https:\/\/www.copealcoy.es\/wp-content\/uploads\/2023\/06\/Captura-de-pantalla-2023-06-15-a-las-8.58.45.png","datePublished":"2023-06-16T06:45:05+00:00","dateModified":"2023-06-16T17:24:47+00:00","author":{"@id":"https:\/\/www.copealcoy.es\/es\/#\/schema\/person\/e777c87fa024e57d40170af9df39882c"},"description":"La Asociaci\u00f3n de San Jorge quiere implantar un sistema de control para las carrozas que participan en las Entradas de nuestras Fiestas","breadcrumb":{"@id":"https:\/\/www.copealcoy.es\/es\/mayor-control-para-las-carrozas-que-desfilen-en-las-entradas-de-alcoy\/#breadcrumb"},"inLanguage":"es","potentialAction":[{"@type":"ReadAction","target":["https:\/\/www.copealcoy.es\/es\/mayor-control-para-las-carrozas-que-desfilen-en-las-entradas-de-alcoy\/"]}]},{"@type":"ImageObject","inLanguage":"es","@id":"https:\/\/www.copealcoy.es\/es\/mayor-control-para-las-carrozas-que-desfilen-en-las-entradas-de-alcoy\/#primaryimage","url":"https:\/\/www.copealcoy.es\/wp-content\/uploads\/2023\/06\/Captura-de-pantalla-2023-06-15-a-las-8.58.45.png","contentUrl":"https:\/\/www.copealcoy.es\/wp-content\/uploads\/2023\/06\/Captura-de-pantalla-2023-06-15-a-las-8.58.45.png","width":1113,"height":699},{"@type":"BreadcrumbList","@id":"https:\/\/www.copealcoy.es\/es\/mayor-control-para-las-carrozas-que-desfilen-en-las-entradas-de-alcoy\/#breadcrumb","itemListElement":[{"@type":"ListItem","position":1,"name":"Portada","item":"https:\/\/www.copealcoy.es\/es\/"},{"@type":"ListItem","position":2,"name":"Mayor control para las carrozas que desfilen en las Entradas de Alcoy"}]},{"@type":"WebSite","@id":"https:\/\/www.copealcoy.es\/es\/#website","url":"https:\/\/www.copealcoy.es\/es\/","name":"COPE Alcoy","description":"Emisora COPE de radio local con emisi\u00f3n online. Pont de Sant Jordi 8-10 03803 Alcoy","potentialAction":[{"@type":"SearchAction","target":{"@type":"EntryPoint","urlTemplate":"https:\/\/www.copealcoy.es\/es\/?s={search_term_string}"},"query-input":{"@type":"PropertyValueSpecification","valueRequired":true,"valueName":"search_term_string"}}],"inLanguage":"es"},{"@type":"Person","@id":"https:\/\/www.copealcoy.es\/es\/#\/schema\/person\/e777c87fa024e57d40170af9df39882c","name":"Cope Alcoy","image":{"@type":"ImageObject","inLanguage":"es","@id":"https:\/\/secure.gravatar.com\/avatar\/bb65d0283347e303893ba14f0692005417c1e0e690a325a4c5d8bb2b3943ee14?s=96&d=mm&r=g","url":"https:\/\/secure.gravatar.com\/avatar\/bb65d0283347e303893ba14f0692005417c1e0e690a325a4c5d8bb2b3943ee14?s=96&d=mm&r=g","contentUrl":"https:\/\/secure.gravatar.com\/avatar\/bb65d0283347e303893ba14f0692005417c1e0e690a325a4c5d8bb2b3943ee14?s=96&d=mm&r=g","caption":"Cope Alcoy"}}]}},"_links":{"self":[{"href":"https:\/\/www.copealcoy.es\/es\/wp-json\/wp\/v2\/posts\/117653","targetHints":{"allow":["GET"]}}],"collection":[{"href":"https:\/\/www.copealcoy.es\/es\/wp-json\/wp\/v2\/posts"}],"about":[{"href":"https:\/\/www.copealcoy.es\/es\/wp-json\/wp\/v2\/types\/post"}],"author":[{"embeddable":true,"href":"https:\/\/www.copealcoy.es\/es\/wp-json\/wp\/v2\/users\/1"}],"replies":[{"embeddable":true,"href":"https:\/\/www.copealcoy.es\/es\/wp-json\/wp\/v2\/comments?post=117653"}],"version-history":[{"count":0,"href":"https:\/\/www.copealcoy.es\/es\/wp-json\/wp\/v2\/posts\/117653\/revisions"}],"wp:featuredmedia":[{"embeddable":true,"href":"https:\/\/www.copealcoy.es\/es\/wp-json\/wp\/v2\/media\/117655"}],"wp:attachment":[{"href":"https:\/\/www.copealcoy.es\/es\/wp-json\/wp\/v2\/media?parent=117653"}],"wp:term":[{"taxonomy":"category","embeddable":true,"href":"https:\/\/www.copealcoy.es\/es\/wp-json\/wp\/v2\/categories?post=117653"},{"taxonomy":"post_tag","embeddable":true,"href":"https:\/\/www.copealcoy.es\/es\/wp-json\/wp\/v2\/tags?post=117653"}],"curies":[{"name":"wp","href":"https:\/\/api.w.org\/{rel}","templated":true}]}}