{"id":117621,"date":"2023-06-14T15:33:22","date_gmt":"2023-06-14T14:33:22","guid":{"rendered":"https:\/\/www.copealcoy.es\/?p=117621"},"modified":"2023-06-14T15:42:01","modified_gmt":"2023-06-14T14:42:01","slug":"luz-verde-hacia-un-gobierno-de-izquierdas-en-alcoy-sin-guanyar","status":"publish","type":"post","link":"https:\/\/www.copealcoy.es\/es\/luz-verde-hacia-un-gobierno-de-izquierdas-en-alcoy-sin-guanyar\/","title":{"rendered":"Luz verde hacia un gobierno de izquierdas en Alcoy sin Guanyar"},"content":{"rendered":"<p style=\"text-align: justify;\">El <strong>Partido Socialista y Comprom\u00eds<\/strong> avanzan hacia <strong>el acuerdo para gobernar <a href=\"https:\/\/www.alcoi.org\/ca\/portal\/index.html\"><span style=\"color: #0000ff;\">Alcoy<\/span><\/a> en coalici\u00f3n<\/strong> durante los pr\u00f3ximos cuatro a\u00f1os. Ambas formaciones <strong>tienen pr\u00e1cticamente cerrado el pacto<\/strong>, a falta de firmarlo, y de <strong>definir cuestiones como el reparto de concejal\u00edas o los asesores<\/strong> con los que contar\u00e1 cada una de las patas de este nuevo ejecutivo.<\/p>\n<p style=\"text-align: justify;\">Las negociaciones entre los dos partidos <strong>han ido muy bien desde casi la misma noche electoral<\/strong> y el alcaldable de los socialistas destacaba d\u00edas atr\u00e1s en COPE ALCOY <strong>la buena sinton\u00eda<\/strong> existente entre ambas partes. <strong>Toni Franc\u00e9s<\/strong> recordaba <strong>la necesidad de formar un gobierno de progreso<\/strong> en la ciudad para que &#8220;<em>Alcoy continue con pol\u00edticas que le permitan ser una ciudad l\u00edder, que reduce las desigualdades, y que ofrece oportunidades para todas y todos<\/em>&#8220;, sentenciaba. Desde <strong>Comprom\u00eds<\/strong> tambi\u00e9n dejaban claro a principios de semana en esta emisora <strong>el buen entendimiento que hab\u00edan tenido con el PSOE<\/strong> &#8220;<em>no ha sido cuesti\u00f3n de poner l\u00edneas rojas sino de buscar soluciones en aquellos puntos en los que discrepamos<\/em>&#8220;, matizaba el candidato; <strong>\u00c1lex Cerradelo<\/strong>.<\/p>\n<p><span style=\"color: #0000ff;\"><strong>Guanyar se desmarca\u00a0<\/strong><\/span><\/p>\n<p style=\"text-align: justify;\">Desde Guanyar Alcoi <strong>ya han anunciado que no estar\u00e1n dentro del Gobierno Local<\/strong> y han dejado claro que <strong>defender\u00e1n pol\u00edticas de progreso desde la oposici\u00f3n<\/strong>. La plataforma lamenta que <strong>no se haya hecho una negociaci\u00f3n conjunta con las partes implicadas<\/strong> y tambi\u00e9n afirman que <strong>no han visto al PSOE intenci\u00f3n de apostar por hacer p\u00fablicos los servicios municipales o por implantar nuevas iniciativas de desarrollo industrial<\/strong> &#8220;<em>no se renuncia a la posibilidad de ubicar suelo industrial en la partida de La Canal, que sigue siendo la propuesta n\u00ba 1 de su programa, ni se asegura la remunicipalizaci\u00f3n de los servicios p\u00fablicos privatizados de forma decidida y programada dentro de la legislatura que empezamos<\/em>&#8220;, comenta el l\u00edder; <strong>Sergi Rodr\u00edguez<\/strong>.<\/p>\n<p style=\"text-align: justify;\">Entre ma\u00f1ana y el viernes <strong>se conocer\u00e1n los \u00faltimos detalles del pacto de gobierno<\/strong> que sucriben PSOE y Comprom\u00eds. Ya el s\u00e1bado, a las 12 del mediod\u00eda, <strong>quedar\u00e1 constituido oficialmente el Ayuntamiento<\/strong> en el transcurso de un pleno extraordinario fijado para las 12 del mediod\u00eda.<\/p>\n","protected":false},"excerpt":{"rendered":"<p>El Partido Socialista y Comprom\u00eds avanzan hacia el acuerdo para gobernar Alcoy en coalici\u00f3n durante los pr\u00f3ximos cuatro a\u00f1os. Ambas&#8230;<\/p>\n","protected":false},"author":1,"featured_media":76821,"comment_status":"open","ping_status":"open","sticky":false,"template":"","format":"standard","meta":{"footnotes":""},"categories":[6909,97,75,125],"tags":[244,1494,152,997,560,5899,839],"class_list":["post-117621","post","type-post","status-publish","format-standard","has-post-thumbnail","hentry","category-actualidad","category-alcoy","category-noticias","category-portada","tag-acuerdo","tag-alcoy","tag-compromis","tag-guanyar","tag-legislatura","tag-pacto-de-gobierno","tag-pspv"],"yoast_head":"<!-- This site is optimized with the Yoast SEO plugin v27.3 - https:\/\/yoast.com\/product\/yoast-seo-wordpress\/ -->\n<title>Luz verde hacia un gobierno de izquierdas en Alcoy sin Guanyar - COPE Alcoy<\/title>\n<meta name=\"description\" content=\"El Partido Socialista y Comprom\u00eds avanzan hacia el acuerdo para gobernar Alcoy en coalici\u00f3n durante los pr\u00f3ximos cuatro a\u00f1os\" \/>\n<meta name=\"robots\" content=\"index, follow, max-snippet:-1, max-image-preview:large, max-video-preview:-1\" \/>\n<link rel=\"canonical\" href=\"https:\/\/www.copealcoy.es\/es\/luz-verde-hacia-un-gobierno-de-izquierdas-en-alcoy-sin-guanyar\/\" \/>\n<meta property=\"og:locale\" content=\"es_ES\" \/>\n<meta property=\"og:type\" content=\"article\" \/>\n<meta property=\"og:title\" content=\"Luz verde hacia un gobierno de izquierdas en Alcoy sin Guanyar - COPE Alcoy\" \/>\n<meta property=\"og:description\" content=\"El Partido Socialista y Comprom\u00eds avanzan hacia el acuerdo para gobernar Alcoy en coalici\u00f3n durante los pr\u00f3ximos cuatro a\u00f1os\" \/>\n<meta property=\"og:url\" content=\"https:\/\/www.copealcoy.es\/es\/luz-verde-hacia-un-gobierno-de-izquierdas-en-alcoy-sin-guanyar\/\" \/>\n<meta property=\"og:site_name\" content=\"COPE Alcoy\" \/>\n<meta property=\"article:published_time\" content=\"2023-06-14T14:33:22+00:00\" \/>\n<meta property=\"article:modified_time\" content=\"2023-06-14T14:42:01+00:00\" \/>\n<meta property=\"og:image\" content=\"https:\/\/www.copealcoy.es\/wp-content\/uploads\/2021\/08\/ajuntament-2-e1629909036832.jpg\" \/>\n\t<meta property=\"og:image:width\" content=\"960\" \/>\n\t<meta property=\"og:image:height\" content=\"532\" \/>\n\t<meta property=\"og:image:type\" content=\"image\/jpeg\" \/>\n<meta name=\"author\" content=\"Cope Alcoy\" \/>\n<meta name=\"twitter:label1\" content=\"Escrito por\" \/>\n\t<meta name=\"twitter:data1\" content=\"Cope Alcoy\" \/>\n\t<meta name=\"twitter:label2\" content=\"Tiempo de lectura\" \/>\n\t<meta name=\"twitter:data2\" content=\"2 minutos\" \/>\n<script type=\"application\/ld+json\" class=\"yoast-schema-graph\">{\"@context\":\"https:\\\/\\\/schema.org\",\"@graph\":[{\"@type\":\"Article\",\"@id\":\"https:\\\/\\\/www.copealcoy.es\\\/es\\\/luz-verde-hacia-un-gobierno-de-izquierdas-en-alcoy-sin-guanyar\\\/#article\",\"isPartOf\":{\"@id\":\"https:\\\/\\\/www.copealcoy.es\\\/es\\\/luz-verde-hacia-un-gobierno-de-izquierdas-en-alcoy-sin-guanyar\\\/\"},\"author\":{\"name\":\"Cope Alcoy\",\"@id\":\"https:\\\/\\\/www.copealcoy.es\\\/es\\\/#\\\/schema\\\/person\\\/e777c87fa024e57d40170af9df39882c\"},\"headline\":\"Luz verde hacia un gobierno de izquierdas en Alcoy sin Guanyar\",\"datePublished\":\"2023-06-14T14:33:22+00:00\",\"dateModified\":\"2023-06-14T14:42:01+00:00\",\"mainEntityOfPage\":{\"@id\":\"https:\\\/\\\/www.copealcoy.es\\\/es\\\/luz-verde-hacia-un-gobierno-de-izquierdas-en-alcoy-sin-guanyar\\\/\"},\"wordCount\":384,\"commentCount\":0,\"image\":{\"@id\":\"https:\\\/\\\/www.copealcoy.es\\\/es\\\/luz-verde-hacia-un-gobierno-de-izquierdas-en-alcoy-sin-guanyar\\\/#primaryimage\"},\"thumbnailUrl\":\"https:\\\/\\\/www.copealcoy.es\\\/wp-content\\\/uploads\\\/2021\\\/08\\\/ajuntament-2-e1629909036832.jpg\",\"keywords\":[\"Acuerdo\",\"Alcoy\",\"Comprom\u00eds\",\"Guanyar\",\"Legislatura\",\"Pacto de Gobierno\",\"PSPV\"],\"articleSection\":[\"Actualidad\",\"Alcoy\",\"Noticias\",\"Portada\"],\"inLanguage\":\"es\"},{\"@type\":\"WebPage\",\"@id\":\"https:\\\/\\\/www.copealcoy.es\\\/es\\\/luz-verde-hacia-un-gobierno-de-izquierdas-en-alcoy-sin-guanyar\\\/\",\"url\":\"https:\\\/\\\/www.copealcoy.es\\\/es\\\/luz-verde-hacia-un-gobierno-de-izquierdas-en-alcoy-sin-guanyar\\\/\",\"name\":\"Luz verde hacia un gobierno de izquierdas en Alcoy sin Guanyar - COPE Alcoy\",\"isPartOf\":{\"@id\":\"https:\\\/\\\/www.copealcoy.es\\\/es\\\/#website\"},\"primaryImageOfPage\":{\"@id\":\"https:\\\/\\\/www.copealcoy.es\\\/es\\\/luz-verde-hacia-un-gobierno-de-izquierdas-en-alcoy-sin-guanyar\\\/#primaryimage\"},\"image\":{\"@id\":\"https:\\\/\\\/www.copealcoy.es\\\/es\\\/luz-verde-hacia-un-gobierno-de-izquierdas-en-alcoy-sin-guanyar\\\/#primaryimage\"},\"thumbnailUrl\":\"https:\\\/\\\/www.copealcoy.es\\\/wp-content\\\/uploads\\\/2021\\\/08\\\/ajuntament-2-e1629909036832.jpg\",\"datePublished\":\"2023-06-14T14:33:22+00:00\",\"dateModified\":\"2023-06-14T14:42:01+00:00\",\"author\":{\"@id\":\"https:\\\/\\\/www.copealcoy.es\\\/es\\\/#\\\/schema\\\/person\\\/e777c87fa024e57d40170af9df39882c\"},\"description\":\"El Partido Socialista y Comprom\u00eds avanzan hacia el acuerdo para gobernar Alcoy en coalici\u00f3n durante los pr\u00f3ximos cuatro a\u00f1os\",\"breadcrumb\":{\"@id\":\"https:\\\/\\\/www.copealcoy.es\\\/es\\\/luz-verde-hacia-un-gobierno-de-izquierdas-en-alcoy-sin-guanyar\\\/#breadcrumb\"},\"inLanguage\":\"es\",\"potentialAction\":[{\"@type\":\"ReadAction\",\"target\":[\"https:\\\/\\\/www.copealcoy.es\\\/es\\\/luz-verde-hacia-un-gobierno-de-izquierdas-en-alcoy-sin-guanyar\\\/\"]}]},{\"@type\":\"ImageObject\",\"inLanguage\":\"es\",\"@id\":\"https:\\\/\\\/www.copealcoy.es\\\/es\\\/luz-verde-hacia-un-gobierno-de-izquierdas-en-alcoy-sin-guanyar\\\/#primaryimage\",\"url\":\"https:\\\/\\\/www.copealcoy.es\\\/wp-content\\\/uploads\\\/2021\\\/08\\\/ajuntament-2-e1629909036832.jpg\",\"contentUrl\":\"https:\\\/\\\/www.copealcoy.es\\\/wp-content\\\/uploads\\\/2021\\\/08\\\/ajuntament-2-e1629909036832.jpg\",\"width\":960,\"height\":532},{\"@type\":\"BreadcrumbList\",\"@id\":\"https:\\\/\\\/www.copealcoy.es\\\/es\\\/luz-verde-hacia-un-gobierno-de-izquierdas-en-alcoy-sin-guanyar\\\/#breadcrumb\",\"itemListElement\":[{\"@type\":\"ListItem\",\"position\":1,\"name\":\"Portada\",\"item\":\"https:\\\/\\\/www.copealcoy.es\\\/es\\\/\"},{\"@type\":\"ListItem\",\"position\":2,\"name\":\"Luz verde hacia un gobierno de izquierdas en Alcoy sin Guanyar\"}]},{\"@type\":\"WebSite\",\"@id\":\"https:\\\/\\\/www.copealcoy.es\\\/es\\\/#website\",\"url\":\"https:\\\/\\\/www.copealcoy.es\\\/es\\\/\",\"name\":\"COPE Alcoy\",\"description\":\"Emisora COPE de radio local con emisi\u00f3n online. Pont de Sant Jordi 8-10 03803 Alcoy\",\"potentialAction\":[{\"@type\":\"SearchAction\",\"target\":{\"@type\":\"EntryPoint\",\"urlTemplate\":\"https:\\\/\\\/www.copealcoy.es\\\/es\\\/?s={search_term_string}\"},\"query-input\":{\"@type\":\"PropertyValueSpecification\",\"valueRequired\":true,\"valueName\":\"search_term_string\"}}],\"inLanguage\":\"es\"},{\"@type\":\"Person\",\"@id\":\"https:\\\/\\\/www.copealcoy.es\\\/es\\\/#\\\/schema\\\/person\\\/e777c87fa024e57d40170af9df39882c\",\"name\":\"Cope Alcoy\",\"image\":{\"@type\":\"ImageObject\",\"inLanguage\":\"es\",\"@id\":\"https:\\\/\\\/secure.gravatar.com\\\/avatar\\\/bb65d0283347e303893ba14f0692005417c1e0e690a325a4c5d8bb2b3943ee14?s=96&d=mm&r=g\",\"url\":\"https:\\\/\\\/secure.gravatar.com\\\/avatar\\\/bb65d0283347e303893ba14f0692005417c1e0e690a325a4c5d8bb2b3943ee14?s=96&d=mm&r=g\",\"contentUrl\":\"https:\\\/\\\/secure.gravatar.com\\\/avatar\\\/bb65d0283347e303893ba14f0692005417c1e0e690a325a4c5d8bb2b3943ee14?s=96&d=mm&r=g\",\"caption\":\"Cope Alcoy\"}}]}<\/script>\n<!-- \/ Yoast SEO plugin. -->","yoast_head_json":{"title":"Luz verde hacia un gobierno de izquierdas en Alcoy sin Guanyar - COPE Alcoy","description":"El Partido Socialista y Comprom\u00eds avanzan hacia el acuerdo para gobernar Alcoy en coalici\u00f3n durante los pr\u00f3ximos cuatro a\u00f1os","robots":{"index":"index","follow":"follow","max-snippet":"max-snippet:-1","max-image-preview":"max-image-preview:large","max-video-preview":"max-video-preview:-1"},"canonical":"https:\/\/www.copealcoy.es\/es\/luz-verde-hacia-un-gobierno-de-izquierdas-en-alcoy-sin-guanyar\/","og_locale":"es_ES","og_type":"article","og_title":"Luz verde hacia un gobierno de izquierdas en Alcoy sin Guanyar - COPE Alcoy","og_description":"El Partido Socialista y Comprom\u00eds avanzan hacia el acuerdo para gobernar Alcoy en coalici\u00f3n durante los pr\u00f3ximos cuatro a\u00f1os","og_url":"https:\/\/www.copealcoy.es\/es\/luz-verde-hacia-un-gobierno-de-izquierdas-en-alcoy-sin-guanyar\/","og_site_name":"COPE Alcoy","article_published_time":"2023-06-14T14:33:22+00:00","article_modified_time":"2023-06-14T14:42:01+00:00","og_image":[{"width":960,"height":532,"url":"https:\/\/www.copealcoy.es\/wp-content\/uploads\/2021\/08\/ajuntament-2-e1629909036832.jpg","type":"image\/jpeg"}],"author":"Cope Alcoy","twitter_misc":{"Escrito por":"Cope Alcoy","Tiempo de lectura":"2 minutos"},"schema":{"@context":"https:\/\/schema.org","@graph":[{"@type":"Article","@id":"https:\/\/www.copealcoy.es\/es\/luz-verde-hacia-un-gobierno-de-izquierdas-en-alcoy-sin-guanyar\/#article","isPartOf":{"@id":"https:\/\/www.copealcoy.es\/es\/luz-verde-hacia-un-gobierno-de-izquierdas-en-alcoy-sin-guanyar\/"},"author":{"name":"Cope Alcoy","@id":"https:\/\/www.copealcoy.es\/es\/#\/schema\/person\/e777c87fa024e57d40170af9df39882c"},"headline":"Luz verde hacia un gobierno de izquierdas en Alcoy sin Guanyar","datePublished":"2023-06-14T14:33:22+00:00","dateModified":"2023-06-14T14:42:01+00:00","mainEntityOfPage":{"@id":"https:\/\/www.copealcoy.es\/es\/luz-verde-hacia-un-gobierno-de-izquierdas-en-alcoy-sin-guanyar\/"},"wordCount":384,"commentCount":0,"image":{"@id":"https:\/\/www.copealcoy.es\/es\/luz-verde-hacia-un-gobierno-de-izquierdas-en-alcoy-sin-guanyar\/#primaryimage"},"thumbnailUrl":"https:\/\/www.copealcoy.es\/wp-content\/uploads\/2021\/08\/ajuntament-2-e1629909036832.jpg","keywords":["Acuerdo","Alcoy","Comprom\u00eds","Guanyar","Legislatura","Pacto de Gobierno","PSPV"],"articleSection":["Actualidad","Alcoy","Noticias","Portada"],"inLanguage":"es"},{"@type":"WebPage","@id":"https:\/\/www.copealcoy.es\/es\/luz-verde-hacia-un-gobierno-de-izquierdas-en-alcoy-sin-guanyar\/","url":"https:\/\/www.copealcoy.es\/es\/luz-verde-hacia-un-gobierno-de-izquierdas-en-alcoy-sin-guanyar\/","name":"Luz verde hacia un gobierno de izquierdas en Alcoy sin Guanyar - COPE Alcoy","isPartOf":{"@id":"https:\/\/www.copealcoy.es\/es\/#website"},"primaryImageOfPage":{"@id":"https:\/\/www.copealcoy.es\/es\/luz-verde-hacia-un-gobierno-de-izquierdas-en-alcoy-sin-guanyar\/#primaryimage"},"image":{"@id":"https:\/\/www.copealcoy.es\/es\/luz-verde-hacia-un-gobierno-de-izquierdas-en-alcoy-sin-guanyar\/#primaryimage"},"thumbnailUrl":"https:\/\/www.copealcoy.es\/wp-content\/uploads\/2021\/08\/ajuntament-2-e1629909036832.jpg","datePublished":"2023-06-14T14:33:22+00:00","dateModified":"2023-06-14T14:42:01+00:00","author":{"@id":"https:\/\/www.copealcoy.es\/es\/#\/schema\/person\/e777c87fa024e57d40170af9df39882c"},"description":"El Partido Socialista y Comprom\u00eds avanzan hacia el acuerdo para gobernar Alcoy en coalici\u00f3n durante los pr\u00f3ximos cuatro a\u00f1os","breadcrumb":{"@id":"https:\/\/www.copealcoy.es\/es\/luz-verde-hacia-un-gobierno-de-izquierdas-en-alcoy-sin-guanyar\/#breadcrumb"},"inLanguage":"es","potentialAction":[{"@type":"ReadAction","target":["https:\/\/www.copealcoy.es\/es\/luz-verde-hacia-un-gobierno-de-izquierdas-en-alcoy-sin-guanyar\/"]}]},{"@type":"ImageObject","inLanguage":"es","@id":"https:\/\/www.copealcoy.es\/es\/luz-verde-hacia-un-gobierno-de-izquierdas-en-alcoy-sin-guanyar\/#primaryimage","url":"https:\/\/www.copealcoy.es\/wp-content\/uploads\/2021\/08\/ajuntament-2-e1629909036832.jpg","contentUrl":"https:\/\/www.copealcoy.es\/wp-content\/uploads\/2021\/08\/ajuntament-2-e1629909036832.jpg","width":960,"height":532},{"@type":"BreadcrumbList","@id":"https:\/\/www.copealcoy.es\/es\/luz-verde-hacia-un-gobierno-de-izquierdas-en-alcoy-sin-guanyar\/#breadcrumb","itemListElement":[{"@type":"ListItem","position":1,"name":"Portada","item":"https:\/\/www.copealcoy.es\/es\/"},{"@type":"ListItem","position":2,"name":"Luz verde hacia un gobierno de izquierdas en Alcoy sin Guanyar"}]},{"@type":"WebSite","@id":"https:\/\/www.copealcoy.es\/es\/#website","url":"https:\/\/www.copealcoy.es\/es\/","name":"COPE Alcoy","description":"Emisora COPE de radio local con emisi\u00f3n online. Pont de Sant Jordi 8-10 03803 Alcoy","potentialAction":[{"@type":"SearchAction","target":{"@type":"EntryPoint","urlTemplate":"https:\/\/www.copealcoy.es\/es\/?s={search_term_string}"},"query-input":{"@type":"PropertyValueSpecification","valueRequired":true,"valueName":"search_term_string"}}],"inLanguage":"es"},{"@type":"Person","@id":"https:\/\/www.copealcoy.es\/es\/#\/schema\/person\/e777c87fa024e57d40170af9df39882c","name":"Cope Alcoy","image":{"@type":"ImageObject","inLanguage":"es","@id":"https:\/\/secure.gravatar.com\/avatar\/bb65d0283347e303893ba14f0692005417c1e0e690a325a4c5d8bb2b3943ee14?s=96&d=mm&r=g","url":"https:\/\/secure.gravatar.com\/avatar\/bb65d0283347e303893ba14f0692005417c1e0e690a325a4c5d8bb2b3943ee14?s=96&d=mm&r=g","contentUrl":"https:\/\/secure.gravatar.com\/avatar\/bb65d0283347e303893ba14f0692005417c1e0e690a325a4c5d8bb2b3943ee14?s=96&d=mm&r=g","caption":"Cope Alcoy"}}]}},"_links":{"self":[{"href":"https:\/\/www.copealcoy.es\/es\/wp-json\/wp\/v2\/posts\/117621","targetHints":{"allow":["GET"]}}],"collection":[{"href":"https:\/\/www.copealcoy.es\/es\/wp-json\/wp\/v2\/posts"}],"about":[{"href":"https:\/\/www.copealcoy.es\/es\/wp-json\/wp\/v2\/types\/post"}],"author":[{"embeddable":true,"href":"https:\/\/www.copealcoy.es\/es\/wp-json\/wp\/v2\/users\/1"}],"replies":[{"embeddable":true,"href":"https:\/\/www.copealcoy.es\/es\/wp-json\/wp\/v2\/comments?post=117621"}],"version-history":[{"count":0,"href":"https:\/\/www.copealcoy.es\/es\/wp-json\/wp\/v2\/posts\/117621\/revisions"}],"wp:featuredmedia":[{"embeddable":true,"href":"https:\/\/www.copealcoy.es\/es\/wp-json\/wp\/v2\/media\/76821"}],"wp:attachment":[{"href":"https:\/\/www.copealcoy.es\/es\/wp-json\/wp\/v2\/media?parent=117621"}],"wp:term":[{"taxonomy":"category","embeddable":true,"href":"https:\/\/www.copealcoy.es\/es\/wp-json\/wp\/v2\/categories?post=117621"},{"taxonomy":"post_tag","embeddable":true,"href":"https:\/\/www.copealcoy.es\/es\/wp-json\/wp\/v2\/tags?post=117621"}],"curies":[{"name":"wp","href":"https:\/\/api.w.org\/{rel}","templated":true}]}}