{"id":117466,"date":"2023-06-13T08:30:39","date_gmt":"2023-06-13T07:30:39","guid":{"rendered":"https:\/\/www.copealcoy.es\/?p=117466"},"modified":"2023-06-13T12:07:45","modified_gmt":"2023-06-13T11:07:45","slug":"una-piara-de-jabalies-pasea-por-alcoy","status":"publish","type":"post","link":"https:\/\/www.copealcoy.es\/es\/una-piara-de-jabalies-pasea-por-alcoy\/","title":{"rendered":"Una piara de jabal\u00edes pasea por Alcoy"},"content":{"rendered":"<p>Tranquilamente y sin alarmarse por la presencia de un coche. As\u00ed fueron vistos en la noche de este domingo 11 de junio <strong>un grupo de jabal\u00edes que paseaba por debajo del puente de San Jorge<\/strong> de Alcoy.<\/p>\n<p>La piara estaba formada por varios <strong>animales de adultos y algunas cr\u00edas<\/strong> y fue grabada en un v\u00eddeo que, posteriormente, se difundi\u00f3 por redes sociales y gener\u00f3 pol\u00e9mica entre los usuarios.<\/p>\n<p><strong>Mantener la calma<\/strong><\/p>\n<p>M\u00e1s all\u00e1 del suceso, saber c\u00f3mo actuar ante una situaci\u00f3n similar resulta fundamental. Hay que tener en cuenta que <strong>son animales salvajes<\/strong>, por lo que <strong>no hay que llamar su atenci\u00f3n ni darles comida<\/strong>. Lo m\u00e1s importante es <strong>mantener la calma<\/strong>.<\/p>\n<p>Al no ser animales dom\u00e9sticos existe el riesgo de que ataquen a los seres humanos si se sienten acorralados, si hay cr\u00edas peque\u00f1as y si hay comida por la que competir. Sin embargo, <strong>su reacci\u00f3n natural al ver a un humano ser\u00e1 huir<\/strong>. A\u00fan as\u00ed es importante no acercarse a ellos ni realizar movimientos bruscos que puedan interpretar como una amenaza.<\/p>\n<p>Adem\u00e1s, pueden generar problemas en la seguridad vial. Sobre todo en carreteras de monta\u00f1a son comunes los avistamientos de jabal\u00edes que, en algunos casos, llegan a cruzarse con los veh\u00edculos y provocar accidentes.<\/p>\n<p><strong>Adaptaci\u00f3n al entorno urbano<\/strong><\/p>\n<p>En la Comunidad Valenciana, la superpoblaci\u00f3n de jabal\u00edes es una realidad. En la \u00faltima d\u00e9cada se han multiplicado por 2,5 las capturas registradas. Tanto es as\u00ed que los ejemplares est\u00e1n llegando al entorno urbano. Pero, \u00bfpor qu\u00e9 est\u00e1n colonizando los entornos urbanos? Si esta especie decide acercarse es porque buscan comida.<\/p>\n<p>Fuera del entorno urbano, en el \u00e1mbito rural, la superpoblaci\u00f3n est\u00e1 afectando a la agricultura. Por un lado, los animales pueden provocar destrozos en las conducciones de riego. Pero no solo eso, en algunos casos llegan tambi\u00e9n a alimentarse con los cultivos que se encuentran.<\/p>\n","protected":false},"excerpt":{"rendered":"<p>Tranquilamente y sin alarmarse por la presencia de un coche. As\u00ed fueron vistos en la noche de este domingo 11&#8230;<\/p>\n","protected":false},"author":1,"featured_media":117467,"comment_status":"open","ping_status":"open","sticky":false,"template":"","format":"standard","meta":{"footnotes":""},"categories":[6909,97,75,125,80],"tags":[1494,14942,2276,14680],"class_list":["post-117466","post","type-post","status-publish","format-standard","has-post-thumbnail","hentry","category-actualidad","category-alcoy","category-noticias","category-portada","category-sucesos","tag-alcoy","tag-jabalies","tag-puente-de-san-jorge","tag-suceso"],"yoast_head":"<!-- This site is optimized with the Yoast SEO plugin v27.3 - https:\/\/yoast.com\/product\/yoast-seo-wordpress\/ -->\n<title>Una piara de jabal\u00edes pasea por Alcoy - COPE Alcoy<\/title>\n<meta name=\"robots\" content=\"index, follow, max-snippet:-1, max-image-preview:large, max-video-preview:-1\" \/>\n<link rel=\"canonical\" href=\"https:\/\/www.copealcoy.es\/es\/una-piara-de-jabalies-pasea-por-alcoy\/\" \/>\n<meta property=\"og:locale\" content=\"es_ES\" \/>\n<meta property=\"og:type\" content=\"article\" \/>\n<meta property=\"og:title\" content=\"Una piara de jabal\u00edes pasea por Alcoy - COPE Alcoy\" \/>\n<meta property=\"og:description\" content=\"Tranquilamente y sin alarmarse por la presencia de un coche. As\u00ed fueron vistos en la noche de este domingo 11...\" \/>\n<meta property=\"og:url\" content=\"https:\/\/www.copealcoy.es\/es\/una-piara-de-jabalies-pasea-por-alcoy\/\" \/>\n<meta property=\"og:site_name\" content=\"COPE Alcoy\" \/>\n<meta property=\"article:published_time\" content=\"2023-06-13T07:30:39+00:00\" \/>\n<meta property=\"article:modified_time\" content=\"2023-06-13T11:07:45+00:00\" \/>\n<meta property=\"og:image\" content=\"https:\/\/www.copealcoy.es\/wp-content\/uploads\/2023\/06\/14389875165562999203.jpg\" \/>\n\t<meta property=\"og:image:width\" content=\"500\" \/>\n\t<meta property=\"og:image:height\" content=\"261\" \/>\n\t<meta property=\"og:image:type\" content=\"image\/jpeg\" \/>\n<meta name=\"author\" content=\"Cope Alcoy\" \/>\n<meta name=\"twitter:label1\" content=\"Escrito por\" \/>\n\t<meta name=\"twitter:data1\" content=\"Cope Alcoy\" \/>\n\t<meta name=\"twitter:label2\" content=\"Tiempo de lectura\" \/>\n\t<meta name=\"twitter:data2\" content=\"2 minutos\" \/>\n<script type=\"application\/ld+json\" class=\"yoast-schema-graph\">{\"@context\":\"https:\\\/\\\/schema.org\",\"@graph\":[{\"@type\":\"Article\",\"@id\":\"https:\\\/\\\/www.copealcoy.es\\\/es\\\/una-piara-de-jabalies-pasea-por-alcoy\\\/#article\",\"isPartOf\":{\"@id\":\"https:\\\/\\\/www.copealcoy.es\\\/es\\\/una-piara-de-jabalies-pasea-por-alcoy\\\/\"},\"author\":{\"name\":\"Cope Alcoy\",\"@id\":\"https:\\\/\\\/www.copealcoy.es\\\/es\\\/#\\\/schema\\\/person\\\/e777c87fa024e57d40170af9df39882c\"},\"headline\":\"Una piara de jabal\u00edes pasea por Alcoy\",\"datePublished\":\"2023-06-13T07:30:39+00:00\",\"dateModified\":\"2023-06-13T11:07:45+00:00\",\"mainEntityOfPage\":{\"@id\":\"https:\\\/\\\/www.copealcoy.es\\\/es\\\/una-piara-de-jabalies-pasea-por-alcoy\\\/\"},\"wordCount\":338,\"commentCount\":0,\"image\":{\"@id\":\"https:\\\/\\\/www.copealcoy.es\\\/es\\\/una-piara-de-jabalies-pasea-por-alcoy\\\/#primaryimage\"},\"thumbnailUrl\":\"https:\\\/\\\/www.copealcoy.es\\\/wp-content\\\/uploads\\\/2023\\\/06\\\/14389875165562999203.jpg\",\"keywords\":[\"Alcoy\",\"jabal\u00edes\",\"puente de San Jorge\",\"suceso\"],\"articleSection\":[\"Actualidad\",\"Alcoy\",\"Noticias\",\"Portada\",\"Sucesos\"],\"inLanguage\":\"es\"},{\"@type\":\"WebPage\",\"@id\":\"https:\\\/\\\/www.copealcoy.es\\\/es\\\/una-piara-de-jabalies-pasea-por-alcoy\\\/\",\"url\":\"https:\\\/\\\/www.copealcoy.es\\\/es\\\/una-piara-de-jabalies-pasea-por-alcoy\\\/\",\"name\":\"Una piara de jabal\u00edes pasea por Alcoy - COPE Alcoy\",\"isPartOf\":{\"@id\":\"https:\\\/\\\/www.copealcoy.es\\\/es\\\/#website\"},\"primaryImageOfPage\":{\"@id\":\"https:\\\/\\\/www.copealcoy.es\\\/es\\\/una-piara-de-jabalies-pasea-por-alcoy\\\/#primaryimage\"},\"image\":{\"@id\":\"https:\\\/\\\/www.copealcoy.es\\\/es\\\/una-piara-de-jabalies-pasea-por-alcoy\\\/#primaryimage\"},\"thumbnailUrl\":\"https:\\\/\\\/www.copealcoy.es\\\/wp-content\\\/uploads\\\/2023\\\/06\\\/14389875165562999203.jpg\",\"datePublished\":\"2023-06-13T07:30:39+00:00\",\"dateModified\":\"2023-06-13T11:07:45+00:00\",\"author\":{\"@id\":\"https:\\\/\\\/www.copealcoy.es\\\/es\\\/#\\\/schema\\\/person\\\/e777c87fa024e57d40170af9df39882c\"},\"breadcrumb\":{\"@id\":\"https:\\\/\\\/www.copealcoy.es\\\/es\\\/una-piara-de-jabalies-pasea-por-alcoy\\\/#breadcrumb\"},\"inLanguage\":\"es\",\"potentialAction\":[{\"@type\":\"ReadAction\",\"target\":[\"https:\\\/\\\/www.copealcoy.es\\\/es\\\/una-piara-de-jabalies-pasea-por-alcoy\\\/\"]}]},{\"@type\":\"ImageObject\",\"inLanguage\":\"es\",\"@id\":\"https:\\\/\\\/www.copealcoy.es\\\/es\\\/una-piara-de-jabalies-pasea-por-alcoy\\\/#primaryimage\",\"url\":\"https:\\\/\\\/www.copealcoy.es\\\/wp-content\\\/uploads\\\/2023\\\/06\\\/14389875165562999203.jpg\",\"contentUrl\":\"https:\\\/\\\/www.copealcoy.es\\\/wp-content\\\/uploads\\\/2023\\\/06\\\/14389875165562999203.jpg\",\"width\":500,\"height\":261},{\"@type\":\"BreadcrumbList\",\"@id\":\"https:\\\/\\\/www.copealcoy.es\\\/es\\\/una-piara-de-jabalies-pasea-por-alcoy\\\/#breadcrumb\",\"itemListElement\":[{\"@type\":\"ListItem\",\"position\":1,\"name\":\"Portada\",\"item\":\"https:\\\/\\\/www.copealcoy.es\\\/es\\\/\"},{\"@type\":\"ListItem\",\"position\":2,\"name\":\"Una piara de jabal\u00edes pasea por Alcoy\"}]},{\"@type\":\"WebSite\",\"@id\":\"https:\\\/\\\/www.copealcoy.es\\\/es\\\/#website\",\"url\":\"https:\\\/\\\/www.copealcoy.es\\\/es\\\/\",\"name\":\"COPE Alcoy\",\"description\":\"Emisora COPE de radio local con emisi\u00f3n online. Pont de Sant Jordi 8-10 03803 Alcoy\",\"potentialAction\":[{\"@type\":\"SearchAction\",\"target\":{\"@type\":\"EntryPoint\",\"urlTemplate\":\"https:\\\/\\\/www.copealcoy.es\\\/es\\\/?s={search_term_string}\"},\"query-input\":{\"@type\":\"PropertyValueSpecification\",\"valueRequired\":true,\"valueName\":\"search_term_string\"}}],\"inLanguage\":\"es\"},{\"@type\":\"Person\",\"@id\":\"https:\\\/\\\/www.copealcoy.es\\\/es\\\/#\\\/schema\\\/person\\\/e777c87fa024e57d40170af9df39882c\",\"name\":\"Cope Alcoy\",\"image\":{\"@type\":\"ImageObject\",\"inLanguage\":\"es\",\"@id\":\"https:\\\/\\\/secure.gravatar.com\\\/avatar\\\/bb65d0283347e303893ba14f0692005417c1e0e690a325a4c5d8bb2b3943ee14?s=96&d=mm&r=g\",\"url\":\"https:\\\/\\\/secure.gravatar.com\\\/avatar\\\/bb65d0283347e303893ba14f0692005417c1e0e690a325a4c5d8bb2b3943ee14?s=96&d=mm&r=g\",\"contentUrl\":\"https:\\\/\\\/secure.gravatar.com\\\/avatar\\\/bb65d0283347e303893ba14f0692005417c1e0e690a325a4c5d8bb2b3943ee14?s=96&d=mm&r=g\",\"caption\":\"Cope Alcoy\"}}]}<\/script>\n<!-- \/ Yoast SEO plugin. -->","yoast_head_json":{"title":"Una piara de jabal\u00edes pasea por Alcoy - COPE Alcoy","robots":{"index":"index","follow":"follow","max-snippet":"max-snippet:-1","max-image-preview":"max-image-preview:large","max-video-preview":"max-video-preview:-1"},"canonical":"https:\/\/www.copealcoy.es\/es\/una-piara-de-jabalies-pasea-por-alcoy\/","og_locale":"es_ES","og_type":"article","og_title":"Una piara de jabal\u00edes pasea por Alcoy - COPE Alcoy","og_description":"Tranquilamente y sin alarmarse por la presencia de un coche. As\u00ed fueron vistos en la noche de este domingo 11...","og_url":"https:\/\/www.copealcoy.es\/es\/una-piara-de-jabalies-pasea-por-alcoy\/","og_site_name":"COPE Alcoy","article_published_time":"2023-06-13T07:30:39+00:00","article_modified_time":"2023-06-13T11:07:45+00:00","og_image":[{"width":500,"height":261,"url":"https:\/\/www.copealcoy.es\/wp-content\/uploads\/2023\/06\/14389875165562999203.jpg","type":"image\/jpeg"}],"author":"Cope Alcoy","twitter_misc":{"Escrito por":"Cope Alcoy","Tiempo de lectura":"2 minutos"},"schema":{"@context":"https:\/\/schema.org","@graph":[{"@type":"Article","@id":"https:\/\/www.copealcoy.es\/es\/una-piara-de-jabalies-pasea-por-alcoy\/#article","isPartOf":{"@id":"https:\/\/www.copealcoy.es\/es\/una-piara-de-jabalies-pasea-por-alcoy\/"},"author":{"name":"Cope Alcoy","@id":"https:\/\/www.copealcoy.es\/es\/#\/schema\/person\/e777c87fa024e57d40170af9df39882c"},"headline":"Una piara de jabal\u00edes pasea por Alcoy","datePublished":"2023-06-13T07:30:39+00:00","dateModified":"2023-06-13T11:07:45+00:00","mainEntityOfPage":{"@id":"https:\/\/www.copealcoy.es\/es\/una-piara-de-jabalies-pasea-por-alcoy\/"},"wordCount":338,"commentCount":0,"image":{"@id":"https:\/\/www.copealcoy.es\/es\/una-piara-de-jabalies-pasea-por-alcoy\/#primaryimage"},"thumbnailUrl":"https:\/\/www.copealcoy.es\/wp-content\/uploads\/2023\/06\/14389875165562999203.jpg","keywords":["Alcoy","jabal\u00edes","puente de San Jorge","suceso"],"articleSection":["Actualidad","Alcoy","Noticias","Portada","Sucesos"],"inLanguage":"es"},{"@type":"WebPage","@id":"https:\/\/www.copealcoy.es\/es\/una-piara-de-jabalies-pasea-por-alcoy\/","url":"https:\/\/www.copealcoy.es\/es\/una-piara-de-jabalies-pasea-por-alcoy\/","name":"Una piara de jabal\u00edes pasea por Alcoy - COPE Alcoy","isPartOf":{"@id":"https:\/\/www.copealcoy.es\/es\/#website"},"primaryImageOfPage":{"@id":"https:\/\/www.copealcoy.es\/es\/una-piara-de-jabalies-pasea-por-alcoy\/#primaryimage"},"image":{"@id":"https:\/\/www.copealcoy.es\/es\/una-piara-de-jabalies-pasea-por-alcoy\/#primaryimage"},"thumbnailUrl":"https:\/\/www.copealcoy.es\/wp-content\/uploads\/2023\/06\/14389875165562999203.jpg","datePublished":"2023-06-13T07:30:39+00:00","dateModified":"2023-06-13T11:07:45+00:00","author":{"@id":"https:\/\/www.copealcoy.es\/es\/#\/schema\/person\/e777c87fa024e57d40170af9df39882c"},"breadcrumb":{"@id":"https:\/\/www.copealcoy.es\/es\/una-piara-de-jabalies-pasea-por-alcoy\/#breadcrumb"},"inLanguage":"es","potentialAction":[{"@type":"ReadAction","target":["https:\/\/www.copealcoy.es\/es\/una-piara-de-jabalies-pasea-por-alcoy\/"]}]},{"@type":"ImageObject","inLanguage":"es","@id":"https:\/\/www.copealcoy.es\/es\/una-piara-de-jabalies-pasea-por-alcoy\/#primaryimage","url":"https:\/\/www.copealcoy.es\/wp-content\/uploads\/2023\/06\/14389875165562999203.jpg","contentUrl":"https:\/\/www.copealcoy.es\/wp-content\/uploads\/2023\/06\/14389875165562999203.jpg","width":500,"height":261},{"@type":"BreadcrumbList","@id":"https:\/\/www.copealcoy.es\/es\/una-piara-de-jabalies-pasea-por-alcoy\/#breadcrumb","itemListElement":[{"@type":"ListItem","position":1,"name":"Portada","item":"https:\/\/www.copealcoy.es\/es\/"},{"@type":"ListItem","position":2,"name":"Una piara de jabal\u00edes pasea por Alcoy"}]},{"@type":"WebSite","@id":"https:\/\/www.copealcoy.es\/es\/#website","url":"https:\/\/www.copealcoy.es\/es\/","name":"COPE Alcoy","description":"Emisora COPE de radio local con emisi\u00f3n online. Pont de Sant Jordi 8-10 03803 Alcoy","potentialAction":[{"@type":"SearchAction","target":{"@type":"EntryPoint","urlTemplate":"https:\/\/www.copealcoy.es\/es\/?s={search_term_string}"},"query-input":{"@type":"PropertyValueSpecification","valueRequired":true,"valueName":"search_term_string"}}],"inLanguage":"es"},{"@type":"Person","@id":"https:\/\/www.copealcoy.es\/es\/#\/schema\/person\/e777c87fa024e57d40170af9df39882c","name":"Cope Alcoy","image":{"@type":"ImageObject","inLanguage":"es","@id":"https:\/\/secure.gravatar.com\/avatar\/bb65d0283347e303893ba14f0692005417c1e0e690a325a4c5d8bb2b3943ee14?s=96&d=mm&r=g","url":"https:\/\/secure.gravatar.com\/avatar\/bb65d0283347e303893ba14f0692005417c1e0e690a325a4c5d8bb2b3943ee14?s=96&d=mm&r=g","contentUrl":"https:\/\/secure.gravatar.com\/avatar\/bb65d0283347e303893ba14f0692005417c1e0e690a325a4c5d8bb2b3943ee14?s=96&d=mm&r=g","caption":"Cope Alcoy"}}]}},"_links":{"self":[{"href":"https:\/\/www.copealcoy.es\/es\/wp-json\/wp\/v2\/posts\/117466","targetHints":{"allow":["GET"]}}],"collection":[{"href":"https:\/\/www.copealcoy.es\/es\/wp-json\/wp\/v2\/posts"}],"about":[{"href":"https:\/\/www.copealcoy.es\/es\/wp-json\/wp\/v2\/types\/post"}],"author":[{"embeddable":true,"href":"https:\/\/www.copealcoy.es\/es\/wp-json\/wp\/v2\/users\/1"}],"replies":[{"embeddable":true,"href":"https:\/\/www.copealcoy.es\/es\/wp-json\/wp\/v2\/comments?post=117466"}],"version-history":[{"count":0,"href":"https:\/\/www.copealcoy.es\/es\/wp-json\/wp\/v2\/posts\/117466\/revisions"}],"wp:featuredmedia":[{"embeddable":true,"href":"https:\/\/www.copealcoy.es\/es\/wp-json\/wp\/v2\/media\/117467"}],"wp:attachment":[{"href":"https:\/\/www.copealcoy.es\/es\/wp-json\/wp\/v2\/media?parent=117466"}],"wp:term":[{"taxonomy":"category","embeddable":true,"href":"https:\/\/www.copealcoy.es\/es\/wp-json\/wp\/v2\/categories?post=117466"},{"taxonomy":"post_tag","embeddable":true,"href":"https:\/\/www.copealcoy.es\/es\/wp-json\/wp\/v2\/tags?post=117466"}],"curies":[{"name":"wp","href":"https:\/\/api.w.org\/{rel}","templated":true}]}}