{"id":117298,"date":"2023-06-09T06:44:42","date_gmt":"2023-06-09T05:44:42","guid":{"rendered":"https:\/\/www.copealcoy.es\/?p=117298"},"modified":"2023-06-09T09:49:41","modified_gmt":"2023-06-09T08:49:41","slug":"informativo-matinal-viernes-9-de-junio-2023-0720h","status":"publish","type":"post","link":"https:\/\/www.copealcoy.es\/es\/informativo-matinal-viernes-9-de-junio-2023-0720h\/","title":{"rendered":"Informativo matinal viernes 9 de junio 2023 (07:20h)"},"content":{"rendered":"<p><iframe loading=\"lazy\" title=\"Informatiu Matinal Divendres 9 De Juny De 2023 (07:20h)\" width=\"100%\" height=\"120\" src=\"https:\/\/www.mixcloud.com\/widget\/iframe\/?feed=https%3A%2F%2Fwww.mixcloud.com%2FCOPEAlcoy%2Finformatiu-matinal-divendres-9-de-juny-de-2023-0720h%2F&amp;hide_cover=1\" frameborder=\"0\"><\/iframe><\/p>\n<p style=\"text-align: justify;\">La <strong>elecci\u00f3n del nuevo Sant Jordiet para 2024<\/strong>, que ser\u00e1 <strong>Mauro Abell\u00e1n<\/strong> -de la Fil\u00e0 Jud\u00edos-, y la <strong>percepci\u00f3n ciudadana<\/strong> sobre la seguridad en Alcoy son algunas de las noticias destacadas de este 9 de junio de 2023.<\/p>\n<p style=\"text-align: justify;\">El ritual\u00a0<strong>se ha cumplido un a\u00f1o m\u00e1s<\/strong>\u00a0y\u00a0<strong>las Fiestas de Moros y Cristianos de Alcoy para 2024 ya tienen nuevo Sant Jordiet<\/strong>. El peque\u00f1o\u00a0<strong>Mauro Abell\u00e1n Bravo<\/strong>, de la\u00a0<strong>Fil\u00e0 Jud\u00edos<\/strong>,\u00a0<strong>ha sido escogido para desempe\u00f1ar esta responsabilidad<\/strong>\u00a0en el transcurso de l<strong>a\u00a0<span style=\"color: #0000ff;\"><a style=\"color: #0000ff;\" href=\"https:\/\/www.asjordi.org\/\" target=\"_blank\" rel=\"noopener\">Asamblea General de la Asociaci\u00f3n de San Jorge<\/a><\/span><\/strong>\u00a0que se ha celebrado esta tarde en las instalaciones del Campus de Alcoy de la Universidad Polit\u00e9cnica de Val\u00e8ncia.<\/p>\n<p style=\"text-align: justify;\">Su predecesor en el cargo, el contrabandista Nicol\u00e1s S\u00e1nchez Linares,\u00a0<strong>ha sido el encargado de extraer la bola<\/strong>\u00a0con el nombre de quien el a\u00f1o que viene ser\u00e1\u00a0<strong>el m\u00e1ximo protagonista de la trilog\u00eda festera en honor a San Jorge<\/strong>. Curiosamente el agraciado\u00a0<strong>no se encontraba en esos momentos en el sorteo<\/strong>\u00a0puesto que vive, junto a sus padres y los dos hermanos,\u00a0<strong>en la ciudad madrile\u00f1a de Pozuelo de Alarc\u00f3n<\/strong>. Precisamente todos han conocido la noticia de lo que pasaba en Alcoy\u00a0<strong>desde la distancia<\/strong>\u00a0as\u00ed como por v\u00eda telef\u00f3nica \u00ab<em>est\u00e1n muy contentos y ahora vamos a empezar a organizar todo lo que representa este a\u00f1o tan especial puesto que el ni\u00f1o va a tener que estar presente en muchos actos<\/em>\u00ab, comentaba\u00a0<strong>Juli Vilanova<\/strong>\u00a0como Primer Tr\u00f3 de los Jud\u00edos. Otra de las personas cercanas a Sant Jordiet, su padrino de nacimiento,\u00a0<strong>no ocultaba la emoci\u00f3n tras haber sido testigo del instante de la elecci\u00f3n<\/strong>\u00a0\u00ab<em>Mauro tiene siete a\u00f1os, el 14 de agosto har\u00e1 ocho, y curiosamente desempe\u00f1ar\u00e1 esta responsabilidad cuando se cumplen sesenta a\u00f1os desde la \u00faltima vez que en la Fil\u00e0 Jud\u00edos tuvimos a un Sant Jordiet<\/em>\u00ab, significaba Octavio\u00a0<strong>Aura Borrajo<\/strong>.<\/p>\n<p style=\"text-align: justify;\">El hecho de residir en Madrid\u00a0<strong>har\u00e1 que ma\u00f1ana no se lleve a cabo la tradicional visita al colegio<\/strong>\u00a0donde cursa los estudios el Sant Jordiet. La primera vez que veamos en la calle a Mauro Abell\u00e1n Bravo\u00a0<strong>ser\u00e1 el domingo<\/strong>\u00a0ya que\u00a0<strong>tomar\u00e1 parte en la procesi\u00f3n del Corpus Christi<\/strong>\u00a0participando as\u00ed en su primer acto oficial.<\/p>\n","protected":false},"excerpt":{"rendered":"<p>La elecci\u00f3n del nuevo Sant Jordiet para 2024, que ser\u00e1 Mauro Abell\u00e1n -de la Fil\u00e0 Jud\u00edos-, y la percepci\u00f3n ciudadana&#8230;<\/p>\n","protected":false},"author":1,"featured_media":110612,"comment_status":"open","ping_status":"open","sticky":false,"template":"","format":"standard","meta":{"footnotes":""},"categories":[6909,89,91],"tags":[],"class_list":["post-117298","post","type-post","status-publish","format-standard","has-post-thumbnail","hentry","category-actualidad","category-audiosdelosprogramas","category-informativos"],"yoast_head":"<!-- This site is optimized with the Yoast SEO plugin v27.3 - https:\/\/yoast.com\/product\/yoast-seo-wordpress\/ -->\n<title>Informativo matinal viernes 9 de junio 2023 (07:20h) - COPE Alcoy<\/title>\n<meta name=\"description\" content=\"La elecci\u00f3n del nuevo Sant Jordiet para 2024, que ser\u00e1 Mauro Abell\u00e1n -de la Fil\u00e0 Jud\u00edos-, y la percepci\u00f3n ciudadana sobre la seguridad en Alcoy son algunas de las noticias destacadas de este 9 de junio de 2023.\" \/>\n<meta name=\"robots\" content=\"index, follow, max-snippet:-1, max-image-preview:large, max-video-preview:-1\" \/>\n<link rel=\"canonical\" href=\"https:\/\/www.copealcoy.es\/es\/informativo-matinal-viernes-9-de-junio-2023-0720h\/\" \/>\n<meta property=\"og:locale\" content=\"es_ES\" \/>\n<meta property=\"og:type\" content=\"article\" \/>\n<meta property=\"og:title\" content=\"Informativo matinal viernes 9 de junio 2023 (07:20h) - COPE Alcoy\" \/>\n<meta property=\"og:description\" content=\"La elecci\u00f3n del nuevo Sant Jordiet para 2024, que ser\u00e1 Mauro Abell\u00e1n -de la Fil\u00e0 Jud\u00edos-, y la percepci\u00f3n ciudadana sobre la seguridad en Alcoy son algunas de las noticias destacadas de este 9 de junio de 2023.\" \/>\n<meta property=\"og:url\" content=\"https:\/\/www.copealcoy.es\/es\/informativo-matinal-viernes-9-de-junio-2023-0720h\/\" \/>\n<meta property=\"og:site_name\" content=\"COPE Alcoy\" \/>\n<meta property=\"article:published_time\" content=\"2023-06-09T05:44:42+00:00\" \/>\n<meta property=\"article:modified_time\" content=\"2023-06-09T08:49:41+00:00\" \/>\n<meta property=\"og:image\" content=\"https:\/\/www.copealcoy.es\/wp-content\/uploads\/2023\/02\/Herrera-en-COPE-Alcoy-4.png\" \/>\n\t<meta property=\"og:image:width\" content=\"357\" \/>\n\t<meta property=\"og:image:height\" content=\"290\" \/>\n\t<meta property=\"og:image:type\" content=\"image\/png\" \/>\n<meta name=\"author\" content=\"Cope Alcoy\" \/>\n<meta name=\"twitter:label1\" content=\"Escrito por\" \/>\n\t<meta name=\"twitter:data1\" content=\"Cope Alcoy\" \/>\n\t<meta name=\"twitter:label2\" content=\"Tiempo de lectura\" \/>\n\t<meta name=\"twitter:data2\" content=\"2 minutos\" \/>\n<script type=\"application\/ld+json\" class=\"yoast-schema-graph\">{\"@context\":\"https:\\\/\\\/schema.org\",\"@graph\":[{\"@type\":\"Article\",\"@id\":\"https:\\\/\\\/www.copealcoy.es\\\/es\\\/informativo-matinal-viernes-9-de-junio-2023-0720h\\\/#article\",\"isPartOf\":{\"@id\":\"https:\\\/\\\/www.copealcoy.es\\\/es\\\/informativo-matinal-viernes-9-de-junio-2023-0720h\\\/\"},\"author\":{\"name\":\"Cope Alcoy\",\"@id\":\"https:\\\/\\\/www.copealcoy.es\\\/es\\\/#\\\/schema\\\/person\\\/e777c87fa024e57d40170af9df39882c\"},\"headline\":\"Informativo matinal viernes 9 de junio 2023 (07:20h)\",\"datePublished\":\"2023-06-09T05:44:42+00:00\",\"dateModified\":\"2023-06-09T08:49:41+00:00\",\"mainEntityOfPage\":{\"@id\":\"https:\\\/\\\/www.copealcoy.es\\\/es\\\/informativo-matinal-viernes-9-de-junio-2023-0720h\\\/\"},\"wordCount\":407,\"commentCount\":0,\"image\":{\"@id\":\"https:\\\/\\\/www.copealcoy.es\\\/es\\\/informativo-matinal-viernes-9-de-junio-2023-0720h\\\/#primaryimage\"},\"thumbnailUrl\":\"https:\\\/\\\/www.copealcoy.es\\\/wp-content\\\/uploads\\\/2023\\\/02\\\/Herrera-en-COPE-Alcoy-4.png\",\"articleSection\":[\"Actualidad\",\"Audios de los programas\",\"Informativos\"],\"inLanguage\":\"es\"},{\"@type\":\"WebPage\",\"@id\":\"https:\\\/\\\/www.copealcoy.es\\\/es\\\/informativo-matinal-viernes-9-de-junio-2023-0720h\\\/\",\"url\":\"https:\\\/\\\/www.copealcoy.es\\\/es\\\/informativo-matinal-viernes-9-de-junio-2023-0720h\\\/\",\"name\":\"Informativo matinal viernes 9 de junio 2023 (07:20h) - COPE Alcoy\",\"isPartOf\":{\"@id\":\"https:\\\/\\\/www.copealcoy.es\\\/es\\\/#website\"},\"primaryImageOfPage\":{\"@id\":\"https:\\\/\\\/www.copealcoy.es\\\/es\\\/informativo-matinal-viernes-9-de-junio-2023-0720h\\\/#primaryimage\"},\"image\":{\"@id\":\"https:\\\/\\\/www.copealcoy.es\\\/es\\\/informativo-matinal-viernes-9-de-junio-2023-0720h\\\/#primaryimage\"},\"thumbnailUrl\":\"https:\\\/\\\/www.copealcoy.es\\\/wp-content\\\/uploads\\\/2023\\\/02\\\/Herrera-en-COPE-Alcoy-4.png\",\"datePublished\":\"2023-06-09T05:44:42+00:00\",\"dateModified\":\"2023-06-09T08:49:41+00:00\",\"author\":{\"@id\":\"https:\\\/\\\/www.copealcoy.es\\\/es\\\/#\\\/schema\\\/person\\\/e777c87fa024e57d40170af9df39882c\"},\"description\":\"La elecci\u00f3n del nuevo Sant Jordiet para 2024, que ser\u00e1 Mauro Abell\u00e1n -de la Fil\u00e0 Jud\u00edos-, y la percepci\u00f3n ciudadana sobre la seguridad en Alcoy son algunas de las noticias destacadas de este 9 de junio de 2023.\",\"breadcrumb\":{\"@id\":\"https:\\\/\\\/www.copealcoy.es\\\/es\\\/informativo-matinal-viernes-9-de-junio-2023-0720h\\\/#breadcrumb\"},\"inLanguage\":\"es\",\"potentialAction\":[{\"@type\":\"ReadAction\",\"target\":[\"https:\\\/\\\/www.copealcoy.es\\\/es\\\/informativo-matinal-viernes-9-de-junio-2023-0720h\\\/\"]}]},{\"@type\":\"ImageObject\",\"inLanguage\":\"es\",\"@id\":\"https:\\\/\\\/www.copealcoy.es\\\/es\\\/informativo-matinal-viernes-9-de-junio-2023-0720h\\\/#primaryimage\",\"url\":\"https:\\\/\\\/www.copealcoy.es\\\/wp-content\\\/uploads\\\/2023\\\/02\\\/Herrera-en-COPE-Alcoy-4.png\",\"contentUrl\":\"https:\\\/\\\/www.copealcoy.es\\\/wp-content\\\/uploads\\\/2023\\\/02\\\/Herrera-en-COPE-Alcoy-4.png\",\"width\":357,\"height\":290},{\"@type\":\"BreadcrumbList\",\"@id\":\"https:\\\/\\\/www.copealcoy.es\\\/es\\\/informativo-matinal-viernes-9-de-junio-2023-0720h\\\/#breadcrumb\",\"itemListElement\":[{\"@type\":\"ListItem\",\"position\":1,\"name\":\"Portada\",\"item\":\"https:\\\/\\\/www.copealcoy.es\\\/es\\\/\"},{\"@type\":\"ListItem\",\"position\":2,\"name\":\"Informativo matinal viernes 9 de junio 2023 (07:20h)\"}]},{\"@type\":\"WebSite\",\"@id\":\"https:\\\/\\\/www.copealcoy.es\\\/es\\\/#website\",\"url\":\"https:\\\/\\\/www.copealcoy.es\\\/es\\\/\",\"name\":\"COPE Alcoy\",\"description\":\"Emisora COPE de radio local con emisi\u00f3n online. Pont de Sant Jordi 8-10 03803 Alcoy\",\"potentialAction\":[{\"@type\":\"SearchAction\",\"target\":{\"@type\":\"EntryPoint\",\"urlTemplate\":\"https:\\\/\\\/www.copealcoy.es\\\/es\\\/?s={search_term_string}\"},\"query-input\":{\"@type\":\"PropertyValueSpecification\",\"valueRequired\":true,\"valueName\":\"search_term_string\"}}],\"inLanguage\":\"es\"},{\"@type\":\"Person\",\"@id\":\"https:\\\/\\\/www.copealcoy.es\\\/es\\\/#\\\/schema\\\/person\\\/e777c87fa024e57d40170af9df39882c\",\"name\":\"Cope Alcoy\",\"image\":{\"@type\":\"ImageObject\",\"inLanguage\":\"es\",\"@id\":\"https:\\\/\\\/secure.gravatar.com\\\/avatar\\\/bb65d0283347e303893ba14f0692005417c1e0e690a325a4c5d8bb2b3943ee14?s=96&d=mm&r=g\",\"url\":\"https:\\\/\\\/secure.gravatar.com\\\/avatar\\\/bb65d0283347e303893ba14f0692005417c1e0e690a325a4c5d8bb2b3943ee14?s=96&d=mm&r=g\",\"contentUrl\":\"https:\\\/\\\/secure.gravatar.com\\\/avatar\\\/bb65d0283347e303893ba14f0692005417c1e0e690a325a4c5d8bb2b3943ee14?s=96&d=mm&r=g\",\"caption\":\"Cope Alcoy\"}}]}<\/script>\n<!-- \/ Yoast SEO plugin. -->","yoast_head_json":{"title":"Informativo matinal viernes 9 de junio 2023 (07:20h) - COPE Alcoy","description":"La elecci\u00f3n del nuevo Sant Jordiet para 2024, que ser\u00e1 Mauro Abell\u00e1n -de la Fil\u00e0 Jud\u00edos-, y la percepci\u00f3n ciudadana sobre la seguridad en Alcoy son algunas de las noticias destacadas de este 9 de junio de 2023.","robots":{"index":"index","follow":"follow","max-snippet":"max-snippet:-1","max-image-preview":"max-image-preview:large","max-video-preview":"max-video-preview:-1"},"canonical":"https:\/\/www.copealcoy.es\/es\/informativo-matinal-viernes-9-de-junio-2023-0720h\/","og_locale":"es_ES","og_type":"article","og_title":"Informativo matinal viernes 9 de junio 2023 (07:20h) - COPE Alcoy","og_description":"La elecci\u00f3n del nuevo Sant Jordiet para 2024, que ser\u00e1 Mauro Abell\u00e1n -de la Fil\u00e0 Jud\u00edos-, y la percepci\u00f3n ciudadana sobre la seguridad en Alcoy son algunas de las noticias destacadas de este 9 de junio de 2023.","og_url":"https:\/\/www.copealcoy.es\/es\/informativo-matinal-viernes-9-de-junio-2023-0720h\/","og_site_name":"COPE Alcoy","article_published_time":"2023-06-09T05:44:42+00:00","article_modified_time":"2023-06-09T08:49:41+00:00","og_image":[{"width":357,"height":290,"url":"https:\/\/www.copealcoy.es\/wp-content\/uploads\/2023\/02\/Herrera-en-COPE-Alcoy-4.png","type":"image\/png"}],"author":"Cope Alcoy","twitter_misc":{"Escrito por":"Cope Alcoy","Tiempo de lectura":"2 minutos"},"schema":{"@context":"https:\/\/schema.org","@graph":[{"@type":"Article","@id":"https:\/\/www.copealcoy.es\/es\/informativo-matinal-viernes-9-de-junio-2023-0720h\/#article","isPartOf":{"@id":"https:\/\/www.copealcoy.es\/es\/informativo-matinal-viernes-9-de-junio-2023-0720h\/"},"author":{"name":"Cope Alcoy","@id":"https:\/\/www.copealcoy.es\/es\/#\/schema\/person\/e777c87fa024e57d40170af9df39882c"},"headline":"Informativo matinal viernes 9 de junio 2023 (07:20h)","datePublished":"2023-06-09T05:44:42+00:00","dateModified":"2023-06-09T08:49:41+00:00","mainEntityOfPage":{"@id":"https:\/\/www.copealcoy.es\/es\/informativo-matinal-viernes-9-de-junio-2023-0720h\/"},"wordCount":407,"commentCount":0,"image":{"@id":"https:\/\/www.copealcoy.es\/es\/informativo-matinal-viernes-9-de-junio-2023-0720h\/#primaryimage"},"thumbnailUrl":"https:\/\/www.copealcoy.es\/wp-content\/uploads\/2023\/02\/Herrera-en-COPE-Alcoy-4.png","articleSection":["Actualidad","Audios de los programas","Informativos"],"inLanguage":"es"},{"@type":"WebPage","@id":"https:\/\/www.copealcoy.es\/es\/informativo-matinal-viernes-9-de-junio-2023-0720h\/","url":"https:\/\/www.copealcoy.es\/es\/informativo-matinal-viernes-9-de-junio-2023-0720h\/","name":"Informativo matinal viernes 9 de junio 2023 (07:20h) - COPE Alcoy","isPartOf":{"@id":"https:\/\/www.copealcoy.es\/es\/#website"},"primaryImageOfPage":{"@id":"https:\/\/www.copealcoy.es\/es\/informativo-matinal-viernes-9-de-junio-2023-0720h\/#primaryimage"},"image":{"@id":"https:\/\/www.copealcoy.es\/es\/informativo-matinal-viernes-9-de-junio-2023-0720h\/#primaryimage"},"thumbnailUrl":"https:\/\/www.copealcoy.es\/wp-content\/uploads\/2023\/02\/Herrera-en-COPE-Alcoy-4.png","datePublished":"2023-06-09T05:44:42+00:00","dateModified":"2023-06-09T08:49:41+00:00","author":{"@id":"https:\/\/www.copealcoy.es\/es\/#\/schema\/person\/e777c87fa024e57d40170af9df39882c"},"description":"La elecci\u00f3n del nuevo Sant Jordiet para 2024, que ser\u00e1 Mauro Abell\u00e1n -de la Fil\u00e0 Jud\u00edos-, y la percepci\u00f3n ciudadana sobre la seguridad en Alcoy son algunas de las noticias destacadas de este 9 de junio de 2023.","breadcrumb":{"@id":"https:\/\/www.copealcoy.es\/es\/informativo-matinal-viernes-9-de-junio-2023-0720h\/#breadcrumb"},"inLanguage":"es","potentialAction":[{"@type":"ReadAction","target":["https:\/\/www.copealcoy.es\/es\/informativo-matinal-viernes-9-de-junio-2023-0720h\/"]}]},{"@type":"ImageObject","inLanguage":"es","@id":"https:\/\/www.copealcoy.es\/es\/informativo-matinal-viernes-9-de-junio-2023-0720h\/#primaryimage","url":"https:\/\/www.copealcoy.es\/wp-content\/uploads\/2023\/02\/Herrera-en-COPE-Alcoy-4.png","contentUrl":"https:\/\/www.copealcoy.es\/wp-content\/uploads\/2023\/02\/Herrera-en-COPE-Alcoy-4.png","width":357,"height":290},{"@type":"BreadcrumbList","@id":"https:\/\/www.copealcoy.es\/es\/informativo-matinal-viernes-9-de-junio-2023-0720h\/#breadcrumb","itemListElement":[{"@type":"ListItem","position":1,"name":"Portada","item":"https:\/\/www.copealcoy.es\/es\/"},{"@type":"ListItem","position":2,"name":"Informativo matinal viernes 9 de junio 2023 (07:20h)"}]},{"@type":"WebSite","@id":"https:\/\/www.copealcoy.es\/es\/#website","url":"https:\/\/www.copealcoy.es\/es\/","name":"COPE Alcoy","description":"Emisora COPE de radio local con emisi\u00f3n online. Pont de Sant Jordi 8-10 03803 Alcoy","potentialAction":[{"@type":"SearchAction","target":{"@type":"EntryPoint","urlTemplate":"https:\/\/www.copealcoy.es\/es\/?s={search_term_string}"},"query-input":{"@type":"PropertyValueSpecification","valueRequired":true,"valueName":"search_term_string"}}],"inLanguage":"es"},{"@type":"Person","@id":"https:\/\/www.copealcoy.es\/es\/#\/schema\/person\/e777c87fa024e57d40170af9df39882c","name":"Cope Alcoy","image":{"@type":"ImageObject","inLanguage":"es","@id":"https:\/\/secure.gravatar.com\/avatar\/bb65d0283347e303893ba14f0692005417c1e0e690a325a4c5d8bb2b3943ee14?s=96&d=mm&r=g","url":"https:\/\/secure.gravatar.com\/avatar\/bb65d0283347e303893ba14f0692005417c1e0e690a325a4c5d8bb2b3943ee14?s=96&d=mm&r=g","contentUrl":"https:\/\/secure.gravatar.com\/avatar\/bb65d0283347e303893ba14f0692005417c1e0e690a325a4c5d8bb2b3943ee14?s=96&d=mm&r=g","caption":"Cope Alcoy"}}]}},"_links":{"self":[{"href":"https:\/\/www.copealcoy.es\/es\/wp-json\/wp\/v2\/posts\/117298","targetHints":{"allow":["GET"]}}],"collection":[{"href":"https:\/\/www.copealcoy.es\/es\/wp-json\/wp\/v2\/posts"}],"about":[{"href":"https:\/\/www.copealcoy.es\/es\/wp-json\/wp\/v2\/types\/post"}],"author":[{"embeddable":true,"href":"https:\/\/www.copealcoy.es\/es\/wp-json\/wp\/v2\/users\/1"}],"replies":[{"embeddable":true,"href":"https:\/\/www.copealcoy.es\/es\/wp-json\/wp\/v2\/comments?post=117298"}],"version-history":[{"count":0,"href":"https:\/\/www.copealcoy.es\/es\/wp-json\/wp\/v2\/posts\/117298\/revisions"}],"wp:featuredmedia":[{"embeddable":true,"href":"https:\/\/www.copealcoy.es\/es\/wp-json\/wp\/v2\/media\/110612"}],"wp:attachment":[{"href":"https:\/\/www.copealcoy.es\/es\/wp-json\/wp\/v2\/media?parent=117298"}],"wp:term":[{"taxonomy":"category","embeddable":true,"href":"https:\/\/www.copealcoy.es\/es\/wp-json\/wp\/v2\/categories?post=117298"},{"taxonomy":"post_tag","embeddable":true,"href":"https:\/\/www.copealcoy.es\/es\/wp-json\/wp\/v2\/tags?post=117298"}],"curies":[{"name":"wp","href":"https:\/\/api.w.org\/{rel}","templated":true}]}}