{"id":117284,"date":"2023-06-09T07:45:19","date_gmt":"2023-06-09T06:45:19","guid":{"rendered":"https:\/\/www.copealcoy.es\/?p=117284"},"modified":"2023-06-09T12:59:14","modified_gmt":"2023-06-09T11:59:14","slug":"mauro-abellan-bravo-elegido-sant-jordiet-para-las-fiestas-de-alcoy-2024","status":"publish","type":"post","link":"https:\/\/www.copealcoy.es\/es\/mauro-abellan-bravo-elegido-sant-jordiet-para-las-fiestas-de-alcoy-2024\/","title":{"rendered":"Mauro Abell\u00e1n Bravo, elegido Sant Jordiet para las Fiestas de Alcoy 2024"},"content":{"rendered":"<p style=\"text-align: justify;\">El ritual <strong>se ha cumplido un a\u00f1o m\u00e1s<\/strong> y <strong>las Fiestas de Moros y Cristianos de Alcoy para 2024 ya tienen nuevo Sant Jordiet<\/strong>. El peque\u00f1o <strong>Mauro Abell\u00e1n Bravo<\/strong>, de la <strong>Fil\u00e0 Jud\u00edos<\/strong>, <strong>ha sido escogido para desempe\u00f1ar esta responsabilidad<\/strong> en el transcurso de l<strong>a <a href=\"https:\/\/www.asjordi.org\/\" target=\"_blank\" rel=\"noopener\"><span style=\"color: #0000ff;\">Asamblea General de la Asociaci\u00f3n de San Jorge<\/span><\/a><\/strong> que se ha celebrado esta tarde en las instalaciones del Campus de Alcoy de la Universidad Polit\u00e9cnica de Val\u00e8ncia.<\/p>\n<p style=\"text-align: justify;\">Su predecesor en el cargo, el contrabandista Nicol\u00e1s S\u00e1nchez Linares, <strong>ha sido el encargado de extraer la bola<\/strong> con el nombre de quien el a\u00f1o que viene ser\u00e1 <strong>el m\u00e1ximo protagonista de la trilog\u00eda festera en honor a San Jorge<\/strong>. Curiosamente el agraciado <strong>no se encontraba en esos momentos en el sorteo<\/strong> puesto que vive, junto a sus padres y los dos hermanos, <strong>en la ciudad madrile\u00f1a de Pozuelo de Alarc\u00f3n<\/strong>. Precisamente todos han conocido la noticia de lo que pasaba en Alcoy <strong>desde la distancia<\/strong> as\u00ed como por v\u00eda telef\u00f3nica &#8220;<em>est\u00e1n muy contentos y ahora vamos a empezar a organizar todo lo que representa este a\u00f1o tan especial puesto que el ni\u00f1o va a tener que estar presente en muchos actos<\/em>&#8220;, comentaba <strong>Juli Vilanova<\/strong> como Primer Tr\u00f3 de los Jud\u00edos. Otra de las personas cercanas a Sant Jordiet, su padrino de nacimiento, <strong>no ocultaba la emoci\u00f3n tras haber sido testigo del instante de la elecci\u00f3n<\/strong> &#8220;<em>Mauro tiene siete a\u00f1os, el 14 de agosto har\u00e1 ocho, y curiosamente desempe\u00f1ar\u00e1 esta responsabilidad cuando se cumplen sesenta a\u00f1os desde la \u00faltima vez que en la Fil\u00e0 Jud\u00edos tuvimos a un Sant Jordiet<\/em>&#8220;, significaba Octavio <strong>Aura Borrajo<\/strong>.<\/p>\n<p style=\"text-align: justify;\">El hecho de residir en Madrid <strong>har\u00e1 que ma\u00f1ana no se lleve a cabo la tradicional visita al colegio<\/strong> donde cursa los estudios el Sant Jordiet. La primera vez que veamos en la calle a Mauro Abell\u00e1n Bravo <strong>ser\u00e1 el domingo<\/strong> ya que <strong>tomar\u00e1 parte en la procesi\u00f3n del Corpus Christi<\/strong> participando as\u00ed en su primer acto oficial.<\/p>\n","protected":false},"excerpt":{"rendered":"<p>El ritual se ha cumplido un a\u00f1o m\u00e1s y las Fiestas de Moros y Cristianos de Alcoy para 2024 ya&#8230;<\/p>\n","protected":false},"author":1,"featured_media":117288,"comment_status":"open","ping_status":"open","sticky":false,"template":"","format":"standard","meta":{"footnotes":""},"categories":[6909,97,78,75,125],"tags":[1494,565,609,14912],"class_list":["post-117284","post","type-post","status-publish","format-standard","has-post-thumbnail","hentry","category-actualidad","category-alcoy","category-fiestaycultura","category-noticias","category-portada","tag-alcoy","tag-fiestas","tag-moros-y-cristianos","tag-sant-jordiet-2024"],"yoast_head":"<!-- This site is optimized with the Yoast SEO plugin v27.3 - https:\/\/yoast.com\/product\/yoast-seo-wordpress\/ -->\n<title>Mauro Abell\u00e1n Bravo, elegido Sant Jordiet para las Fiestas de Alcoy 2024 - COPE Alcoy<\/title>\n<meta name=\"description\" content=\"El peque\u00f1o Mauro Abell\u00e1n Bravo, de la Fil\u00e0 Jud\u00edos, ha sido escogido para desempe\u00f1ar el papel de Sant Jordiet en las pr\u00f3ximas Fiestas\" \/>\n<meta name=\"robots\" content=\"index, follow, max-snippet:-1, max-image-preview:large, max-video-preview:-1\" \/>\n<link rel=\"canonical\" href=\"https:\/\/www.copealcoy.es\/es\/mauro-abellan-bravo-elegido-sant-jordiet-para-las-fiestas-de-alcoy-2024\/\" \/>\n<meta property=\"og:locale\" content=\"es_ES\" \/>\n<meta property=\"og:type\" content=\"article\" \/>\n<meta property=\"og:title\" content=\"Mauro Abell\u00e1n Bravo, elegido Sant Jordiet para las Fiestas de Alcoy 2024 - COPE Alcoy\" \/>\n<meta property=\"og:description\" content=\"El peque\u00f1o Mauro Abell\u00e1n Bravo, de la Fil\u00e0 Jud\u00edos, ha sido escogido para desempe\u00f1ar el papel de Sant Jordiet en las pr\u00f3ximas Fiestas\" \/>\n<meta property=\"og:url\" content=\"https:\/\/www.copealcoy.es\/es\/mauro-abellan-bravo-elegido-sant-jordiet-para-las-fiestas-de-alcoy-2024\/\" \/>\n<meta property=\"og:site_name\" content=\"COPE Alcoy\" \/>\n<meta property=\"article:published_time\" content=\"2023-06-09T06:45:19+00:00\" \/>\n<meta property=\"article:modified_time\" content=\"2023-06-09T11:59:14+00:00\" \/>\n<meta property=\"og:image\" content=\"https:\/\/www.copealcoy.es\/wp-content\/uploads\/2023\/06\/unnamed-1-11-scaled-e1686254518439.jpg\" \/>\n\t<meta property=\"og:image:width\" content=\"640\" \/>\n\t<meta property=\"og:image:height\" content=\"385\" \/>\n\t<meta property=\"og:image:type\" content=\"image\/jpeg\" \/>\n<meta name=\"author\" content=\"Cope Alcoy\" \/>\n<meta name=\"twitter:label1\" content=\"Escrito por\" \/>\n\t<meta name=\"twitter:data1\" content=\"Cope Alcoy\" \/>\n\t<meta name=\"twitter:label2\" content=\"Tiempo de lectura\" \/>\n\t<meta name=\"twitter:data2\" content=\"2 minutos\" \/>\n<script type=\"application\/ld+json\" class=\"yoast-schema-graph\">{\"@context\":\"https:\\\/\\\/schema.org\",\"@graph\":[{\"@type\":\"Article\",\"@id\":\"https:\\\/\\\/www.copealcoy.es\\\/es\\\/mauro-abellan-bravo-elegido-sant-jordiet-para-las-fiestas-de-alcoy-2024\\\/#article\",\"isPartOf\":{\"@id\":\"https:\\\/\\\/www.copealcoy.es\\\/es\\\/mauro-abellan-bravo-elegido-sant-jordiet-para-las-fiestas-de-alcoy-2024\\\/\"},\"author\":{\"name\":\"Cope Alcoy\",\"@id\":\"https:\\\/\\\/www.copealcoy.es\\\/es\\\/#\\\/schema\\\/person\\\/e777c87fa024e57d40170af9df39882c\"},\"headline\":\"Mauro Abell\u00e1n Bravo, elegido Sant Jordiet para las Fiestas de Alcoy 2024\",\"datePublished\":\"2023-06-09T06:45:19+00:00\",\"dateModified\":\"2023-06-09T11:59:14+00:00\",\"mainEntityOfPage\":{\"@id\":\"https:\\\/\\\/www.copealcoy.es\\\/es\\\/mauro-abellan-bravo-elegido-sant-jordiet-para-las-fiestas-de-alcoy-2024\\\/\"},\"wordCount\":365,\"commentCount\":0,\"image\":{\"@id\":\"https:\\\/\\\/www.copealcoy.es\\\/es\\\/mauro-abellan-bravo-elegido-sant-jordiet-para-las-fiestas-de-alcoy-2024\\\/#primaryimage\"},\"thumbnailUrl\":\"https:\\\/\\\/www.copealcoy.es\\\/wp-content\\\/uploads\\\/2023\\\/06\\\/unnamed-1-11-scaled-e1686254518439.jpg\",\"keywords\":[\"Alcoy\",\"Fiestas\",\"Moros Y Cristianos\",\"Sant Jordiet 2024\"],\"articleSection\":[\"Actualidad\",\"Alcoy\",\"Fiesta y Cultura\",\"Noticias\",\"Portada\"],\"inLanguage\":\"es\"},{\"@type\":\"WebPage\",\"@id\":\"https:\\\/\\\/www.copealcoy.es\\\/es\\\/mauro-abellan-bravo-elegido-sant-jordiet-para-las-fiestas-de-alcoy-2024\\\/\",\"url\":\"https:\\\/\\\/www.copealcoy.es\\\/es\\\/mauro-abellan-bravo-elegido-sant-jordiet-para-las-fiestas-de-alcoy-2024\\\/\",\"name\":\"Mauro Abell\u00e1n Bravo, elegido Sant Jordiet para las Fiestas de Alcoy 2024 - COPE Alcoy\",\"isPartOf\":{\"@id\":\"https:\\\/\\\/www.copealcoy.es\\\/es\\\/#website\"},\"primaryImageOfPage\":{\"@id\":\"https:\\\/\\\/www.copealcoy.es\\\/es\\\/mauro-abellan-bravo-elegido-sant-jordiet-para-las-fiestas-de-alcoy-2024\\\/#primaryimage\"},\"image\":{\"@id\":\"https:\\\/\\\/www.copealcoy.es\\\/es\\\/mauro-abellan-bravo-elegido-sant-jordiet-para-las-fiestas-de-alcoy-2024\\\/#primaryimage\"},\"thumbnailUrl\":\"https:\\\/\\\/www.copealcoy.es\\\/wp-content\\\/uploads\\\/2023\\\/06\\\/unnamed-1-11-scaled-e1686254518439.jpg\",\"datePublished\":\"2023-06-09T06:45:19+00:00\",\"dateModified\":\"2023-06-09T11:59:14+00:00\",\"author\":{\"@id\":\"https:\\\/\\\/www.copealcoy.es\\\/es\\\/#\\\/schema\\\/person\\\/e777c87fa024e57d40170af9df39882c\"},\"description\":\"El peque\u00f1o Mauro Abell\u00e1n Bravo, de la Fil\u00e0 Jud\u00edos, ha sido escogido para desempe\u00f1ar el papel de Sant Jordiet en las pr\u00f3ximas Fiestas\",\"breadcrumb\":{\"@id\":\"https:\\\/\\\/www.copealcoy.es\\\/es\\\/mauro-abellan-bravo-elegido-sant-jordiet-para-las-fiestas-de-alcoy-2024\\\/#breadcrumb\"},\"inLanguage\":\"es\",\"potentialAction\":[{\"@type\":\"ReadAction\",\"target\":[\"https:\\\/\\\/www.copealcoy.es\\\/es\\\/mauro-abellan-bravo-elegido-sant-jordiet-para-las-fiestas-de-alcoy-2024\\\/\"]}]},{\"@type\":\"ImageObject\",\"inLanguage\":\"es\",\"@id\":\"https:\\\/\\\/www.copealcoy.es\\\/es\\\/mauro-abellan-bravo-elegido-sant-jordiet-para-las-fiestas-de-alcoy-2024\\\/#primaryimage\",\"url\":\"https:\\\/\\\/www.copealcoy.es\\\/wp-content\\\/uploads\\\/2023\\\/06\\\/unnamed-1-11-scaled-e1686254518439.jpg\",\"contentUrl\":\"https:\\\/\\\/www.copealcoy.es\\\/wp-content\\\/uploads\\\/2023\\\/06\\\/unnamed-1-11-scaled-e1686254518439.jpg\",\"width\":640,\"height\":385},{\"@type\":\"BreadcrumbList\",\"@id\":\"https:\\\/\\\/www.copealcoy.es\\\/es\\\/mauro-abellan-bravo-elegido-sant-jordiet-para-las-fiestas-de-alcoy-2024\\\/#breadcrumb\",\"itemListElement\":[{\"@type\":\"ListItem\",\"position\":1,\"name\":\"Portada\",\"item\":\"https:\\\/\\\/www.copealcoy.es\\\/es\\\/\"},{\"@type\":\"ListItem\",\"position\":2,\"name\":\"Mauro Abell\u00e1n Bravo, elegido Sant Jordiet para las Fiestas de Alcoy 2024\"}]},{\"@type\":\"WebSite\",\"@id\":\"https:\\\/\\\/www.copealcoy.es\\\/es\\\/#website\",\"url\":\"https:\\\/\\\/www.copealcoy.es\\\/es\\\/\",\"name\":\"COPE Alcoy\",\"description\":\"Emisora COPE de radio local con emisi\u00f3n online. Pont de Sant Jordi 8-10 03803 Alcoy\",\"potentialAction\":[{\"@type\":\"SearchAction\",\"target\":{\"@type\":\"EntryPoint\",\"urlTemplate\":\"https:\\\/\\\/www.copealcoy.es\\\/es\\\/?s={search_term_string}\"},\"query-input\":{\"@type\":\"PropertyValueSpecification\",\"valueRequired\":true,\"valueName\":\"search_term_string\"}}],\"inLanguage\":\"es\"},{\"@type\":\"Person\",\"@id\":\"https:\\\/\\\/www.copealcoy.es\\\/es\\\/#\\\/schema\\\/person\\\/e777c87fa024e57d40170af9df39882c\",\"name\":\"Cope Alcoy\",\"image\":{\"@type\":\"ImageObject\",\"inLanguage\":\"es\",\"@id\":\"https:\\\/\\\/secure.gravatar.com\\\/avatar\\\/bb65d0283347e303893ba14f0692005417c1e0e690a325a4c5d8bb2b3943ee14?s=96&d=mm&r=g\",\"url\":\"https:\\\/\\\/secure.gravatar.com\\\/avatar\\\/bb65d0283347e303893ba14f0692005417c1e0e690a325a4c5d8bb2b3943ee14?s=96&d=mm&r=g\",\"contentUrl\":\"https:\\\/\\\/secure.gravatar.com\\\/avatar\\\/bb65d0283347e303893ba14f0692005417c1e0e690a325a4c5d8bb2b3943ee14?s=96&d=mm&r=g\",\"caption\":\"Cope Alcoy\"}}]}<\/script>\n<!-- \/ Yoast SEO plugin. -->","yoast_head_json":{"title":"Mauro Abell\u00e1n Bravo, elegido Sant Jordiet para las Fiestas de Alcoy 2024 - COPE Alcoy","description":"El peque\u00f1o Mauro Abell\u00e1n Bravo, de la Fil\u00e0 Jud\u00edos, ha sido escogido para desempe\u00f1ar el papel de Sant Jordiet en las pr\u00f3ximas Fiestas","robots":{"index":"index","follow":"follow","max-snippet":"max-snippet:-1","max-image-preview":"max-image-preview:large","max-video-preview":"max-video-preview:-1"},"canonical":"https:\/\/www.copealcoy.es\/es\/mauro-abellan-bravo-elegido-sant-jordiet-para-las-fiestas-de-alcoy-2024\/","og_locale":"es_ES","og_type":"article","og_title":"Mauro Abell\u00e1n Bravo, elegido Sant Jordiet para las Fiestas de Alcoy 2024 - COPE Alcoy","og_description":"El peque\u00f1o Mauro Abell\u00e1n Bravo, de la Fil\u00e0 Jud\u00edos, ha sido escogido para desempe\u00f1ar el papel de Sant Jordiet en las pr\u00f3ximas Fiestas","og_url":"https:\/\/www.copealcoy.es\/es\/mauro-abellan-bravo-elegido-sant-jordiet-para-las-fiestas-de-alcoy-2024\/","og_site_name":"COPE Alcoy","article_published_time":"2023-06-09T06:45:19+00:00","article_modified_time":"2023-06-09T11:59:14+00:00","og_image":[{"width":640,"height":385,"url":"https:\/\/www.copealcoy.es\/wp-content\/uploads\/2023\/06\/unnamed-1-11-scaled-e1686254518439.jpg","type":"image\/jpeg"}],"author":"Cope Alcoy","twitter_misc":{"Escrito por":"Cope Alcoy","Tiempo de lectura":"2 minutos"},"schema":{"@context":"https:\/\/schema.org","@graph":[{"@type":"Article","@id":"https:\/\/www.copealcoy.es\/es\/mauro-abellan-bravo-elegido-sant-jordiet-para-las-fiestas-de-alcoy-2024\/#article","isPartOf":{"@id":"https:\/\/www.copealcoy.es\/es\/mauro-abellan-bravo-elegido-sant-jordiet-para-las-fiestas-de-alcoy-2024\/"},"author":{"name":"Cope Alcoy","@id":"https:\/\/www.copealcoy.es\/es\/#\/schema\/person\/e777c87fa024e57d40170af9df39882c"},"headline":"Mauro Abell\u00e1n Bravo, elegido Sant Jordiet para las Fiestas de Alcoy 2024","datePublished":"2023-06-09T06:45:19+00:00","dateModified":"2023-06-09T11:59:14+00:00","mainEntityOfPage":{"@id":"https:\/\/www.copealcoy.es\/es\/mauro-abellan-bravo-elegido-sant-jordiet-para-las-fiestas-de-alcoy-2024\/"},"wordCount":365,"commentCount":0,"image":{"@id":"https:\/\/www.copealcoy.es\/es\/mauro-abellan-bravo-elegido-sant-jordiet-para-las-fiestas-de-alcoy-2024\/#primaryimage"},"thumbnailUrl":"https:\/\/www.copealcoy.es\/wp-content\/uploads\/2023\/06\/unnamed-1-11-scaled-e1686254518439.jpg","keywords":["Alcoy","Fiestas","Moros Y Cristianos","Sant Jordiet 2024"],"articleSection":["Actualidad","Alcoy","Fiesta y Cultura","Noticias","Portada"],"inLanguage":"es"},{"@type":"WebPage","@id":"https:\/\/www.copealcoy.es\/es\/mauro-abellan-bravo-elegido-sant-jordiet-para-las-fiestas-de-alcoy-2024\/","url":"https:\/\/www.copealcoy.es\/es\/mauro-abellan-bravo-elegido-sant-jordiet-para-las-fiestas-de-alcoy-2024\/","name":"Mauro Abell\u00e1n Bravo, elegido Sant Jordiet para las Fiestas de Alcoy 2024 - COPE Alcoy","isPartOf":{"@id":"https:\/\/www.copealcoy.es\/es\/#website"},"primaryImageOfPage":{"@id":"https:\/\/www.copealcoy.es\/es\/mauro-abellan-bravo-elegido-sant-jordiet-para-las-fiestas-de-alcoy-2024\/#primaryimage"},"image":{"@id":"https:\/\/www.copealcoy.es\/es\/mauro-abellan-bravo-elegido-sant-jordiet-para-las-fiestas-de-alcoy-2024\/#primaryimage"},"thumbnailUrl":"https:\/\/www.copealcoy.es\/wp-content\/uploads\/2023\/06\/unnamed-1-11-scaled-e1686254518439.jpg","datePublished":"2023-06-09T06:45:19+00:00","dateModified":"2023-06-09T11:59:14+00:00","author":{"@id":"https:\/\/www.copealcoy.es\/es\/#\/schema\/person\/e777c87fa024e57d40170af9df39882c"},"description":"El peque\u00f1o Mauro Abell\u00e1n Bravo, de la Fil\u00e0 Jud\u00edos, ha sido escogido para desempe\u00f1ar el papel de Sant Jordiet en las pr\u00f3ximas Fiestas","breadcrumb":{"@id":"https:\/\/www.copealcoy.es\/es\/mauro-abellan-bravo-elegido-sant-jordiet-para-las-fiestas-de-alcoy-2024\/#breadcrumb"},"inLanguage":"es","potentialAction":[{"@type":"ReadAction","target":["https:\/\/www.copealcoy.es\/es\/mauro-abellan-bravo-elegido-sant-jordiet-para-las-fiestas-de-alcoy-2024\/"]}]},{"@type":"ImageObject","inLanguage":"es","@id":"https:\/\/www.copealcoy.es\/es\/mauro-abellan-bravo-elegido-sant-jordiet-para-las-fiestas-de-alcoy-2024\/#primaryimage","url":"https:\/\/www.copealcoy.es\/wp-content\/uploads\/2023\/06\/unnamed-1-11-scaled-e1686254518439.jpg","contentUrl":"https:\/\/www.copealcoy.es\/wp-content\/uploads\/2023\/06\/unnamed-1-11-scaled-e1686254518439.jpg","width":640,"height":385},{"@type":"BreadcrumbList","@id":"https:\/\/www.copealcoy.es\/es\/mauro-abellan-bravo-elegido-sant-jordiet-para-las-fiestas-de-alcoy-2024\/#breadcrumb","itemListElement":[{"@type":"ListItem","position":1,"name":"Portada","item":"https:\/\/www.copealcoy.es\/es\/"},{"@type":"ListItem","position":2,"name":"Mauro Abell\u00e1n Bravo, elegido Sant Jordiet para las Fiestas de Alcoy 2024"}]},{"@type":"WebSite","@id":"https:\/\/www.copealcoy.es\/es\/#website","url":"https:\/\/www.copealcoy.es\/es\/","name":"COPE Alcoy","description":"Emisora COPE de radio local con emisi\u00f3n online. Pont de Sant Jordi 8-10 03803 Alcoy","potentialAction":[{"@type":"SearchAction","target":{"@type":"EntryPoint","urlTemplate":"https:\/\/www.copealcoy.es\/es\/?s={search_term_string}"},"query-input":{"@type":"PropertyValueSpecification","valueRequired":true,"valueName":"search_term_string"}}],"inLanguage":"es"},{"@type":"Person","@id":"https:\/\/www.copealcoy.es\/es\/#\/schema\/person\/e777c87fa024e57d40170af9df39882c","name":"Cope Alcoy","image":{"@type":"ImageObject","inLanguage":"es","@id":"https:\/\/secure.gravatar.com\/avatar\/bb65d0283347e303893ba14f0692005417c1e0e690a325a4c5d8bb2b3943ee14?s=96&d=mm&r=g","url":"https:\/\/secure.gravatar.com\/avatar\/bb65d0283347e303893ba14f0692005417c1e0e690a325a4c5d8bb2b3943ee14?s=96&d=mm&r=g","contentUrl":"https:\/\/secure.gravatar.com\/avatar\/bb65d0283347e303893ba14f0692005417c1e0e690a325a4c5d8bb2b3943ee14?s=96&d=mm&r=g","caption":"Cope Alcoy"}}]}},"_links":{"self":[{"href":"https:\/\/www.copealcoy.es\/es\/wp-json\/wp\/v2\/posts\/117284","targetHints":{"allow":["GET"]}}],"collection":[{"href":"https:\/\/www.copealcoy.es\/es\/wp-json\/wp\/v2\/posts"}],"about":[{"href":"https:\/\/www.copealcoy.es\/es\/wp-json\/wp\/v2\/types\/post"}],"author":[{"embeddable":true,"href":"https:\/\/www.copealcoy.es\/es\/wp-json\/wp\/v2\/users\/1"}],"replies":[{"embeddable":true,"href":"https:\/\/www.copealcoy.es\/es\/wp-json\/wp\/v2\/comments?post=117284"}],"version-history":[{"count":0,"href":"https:\/\/www.copealcoy.es\/es\/wp-json\/wp\/v2\/posts\/117284\/revisions"}],"wp:featuredmedia":[{"embeddable":true,"href":"https:\/\/www.copealcoy.es\/es\/wp-json\/wp\/v2\/media\/117288"}],"wp:attachment":[{"href":"https:\/\/www.copealcoy.es\/es\/wp-json\/wp\/v2\/media?parent=117284"}],"wp:term":[{"taxonomy":"category","embeddable":true,"href":"https:\/\/www.copealcoy.es\/es\/wp-json\/wp\/v2\/categories?post=117284"},{"taxonomy":"post_tag","embeddable":true,"href":"https:\/\/www.copealcoy.es\/es\/wp-json\/wp\/v2\/tags?post=117284"}],"curies":[{"name":"wp","href":"https:\/\/api.w.org\/{rel}","templated":true}]}}