{"id":116869,"date":"2023-06-02T06:42:07","date_gmt":"2023-06-02T05:42:07","guid":{"rendered":"https:\/\/www.copealcoy.es\/?p=116869"},"modified":"2023-06-02T09:03:33","modified_gmt":"2023-06-02T08:03:33","slug":"informativo-matinal-viernes-2-de-junio-2023-0720h","status":"publish","type":"post","link":"https:\/\/www.copealcoy.es\/es\/informativo-matinal-viernes-2-de-junio-2023-0720h\/","title":{"rendered":"Informativo matinal viernes 2 de junio 2023 (07:20h)"},"content":{"rendered":"<p><iframe loading=\"lazy\" title=\"Informatiu Matinal Divendres 2 De Juny 2023 (07:20h)\" width=\"100%\" height=\"120\" src=\"https:\/\/www.mixcloud.com\/widget\/iframe\/?feed=https%3A%2F%2Fwww.mixcloud.com%2FCOPEAlcoy%2Finformatiu-matinal-divendres-2-de-juny-2023-0720h%2F&amp;hide_cover=1\" frameborder=\"0\"><\/iframe><\/p>\n<p style=\"text-align: justify;\">El <strong>inicio de las negociaciones entre PSOE y Comprom\u00eds<\/strong> para una posible conformaci\u00f3n de Gobierno y la <strong>postura de Vox<\/strong> son algunas de las noticias destacadas de este 2 de junio de 2023.<\/p>\n<div class=\"entry-content-wrapper clearfix\">\n<div class=\"entry-content clearfix\">\n<p style=\"text-align: justify;\">La\u00a0<strong>semana posterior a las Elecciones Municipales del pasado domingo<\/strong>\u00a0sigue siendo decisiva para\u00a0<strong>los partidos pol\u00edticos que han obtenido representaci\u00f3n en el Ayuntamiento<\/strong>\u00a0tras los resultados que arrojaron las urnas. Mientras\u00a0<strong>el Partido Socialista es partidario de establecer acuerdos con Comprom\u00eds y Guanyar<\/strong>\u00a0para garantizar un gobierno de progreso en la ciudad,\u00a0<strong>formaciones como VOX dejan claro que no dar\u00e1n su apoyo a ese Ejecutivo que planea Toni Franc\u00e9s<\/strong>\u00a0despu\u00e9s de haber sido el m\u00e1s votado.<\/p>\n<p style=\"text-align: justify;\">As\u00ed lo ha asegurado en COPE ALCOY el candidato del partido,\u00a0<strong>David Abad<\/strong>, en la\u00a0<strong>primera entrevista<\/strong>\u00a0concedida tras los comicios. Abad\u00a0<strong>muestra su satisfacci\u00f3n por los resultados conseguidos despu\u00e9s de que VOX haya pasado de un concejal en 2019 a tres en 2023<\/strong>\u00a0\u00ab<em>eso demuestra el gran descontento que ya en Alcoy con las pol\u00edticas desarrolladas por el Partido Socialista en doce a\u00f1os as\u00ed como con la forma en la que Pedro S\u00e1nchez ha gobernado este Pa\u00eds apoyado por la izquierda m\u00e1s radical<\/em>\u00ab, ha indicado. Tambi\u00e9n David Abad\u00a0<strong>ha mostrado sus intenciones de cara a la constituci\u00f3n del nuevo Consistorio<\/strong>\u00a0\u00ab<em>nuestros votos no son un cheque en blanco. Nadie se ha puesto en contacto todav\u00eda con nosotros pero lo que tenemos muy claro es que no daremos respaldo a un Ejecutivo de izquierdas como ya planean los socialistas<\/em>\u00ab, asever\u00f3. De igual forma ha detallado que\u00a0<strong>hasta el momento no ha recibido tampoco oferta del Partido Popular<\/strong>\u00a0\u00ab<em>nosotros estamos aqu\u00ed dispuestos a hablar con todos, a escuchar y a poner sobre la mesa cuestiones que son b\u00e1sicas para el futuro de Alcoy como una apuesta clara por la industria<\/em>\u00ab, sentenci\u00f3.<\/p>\n<p style=\"text-align: justify;\">Finalmente David Abad\u00a0<strong>ha alabado tambi\u00e9n la campa\u00f1a hecha por su partido en clave auton\u00f3mica<\/strong>\u00a0y no ha olvidado que\u00a0<strong>VOX es un partido clave para que se produzca un verdadero cambio en la Generalitat Valenciana<\/strong>\u00a0despu\u00e9s de ocho a\u00f1os de Bot\u00e0nic. En la misma l\u00ednea, David Abad conf\u00eda en que en las Elecciones Generales del 23J\u00a0<strong>VOX mantenga su buena tendencia<\/strong> para convertirse en una alternativa real de gobierno en Espa\u00f1a.<\/p>\n<\/div>\n<\/div>\n","protected":false},"excerpt":{"rendered":"<p>El inicio de las negociaciones entre PSOE y Comprom\u00eds para una posible conformaci\u00f3n de Gobierno y la postura de Vox&#8230;<\/p>\n","protected":false},"author":1,"featured_media":110612,"comment_status":"open","ping_status":"open","sticky":false,"template":"","format":"standard","meta":{"footnotes":""},"categories":[6909,89,91],"tags":[],"class_list":["post-116869","post","type-post","status-publish","format-standard","has-post-thumbnail","hentry","category-actualidad","category-audiosdelosprogramas","category-informativos"],"yoast_head":"<!-- This site is optimized with the Yoast SEO plugin v27.3 - https:\/\/yoast.com\/product\/yoast-seo-wordpress\/ -->\n<title>Informativo matinal viernes 2 de junio 2023 (07:20h) - COPE Alcoy<\/title>\n<meta name=\"robots\" content=\"index, follow, max-snippet:-1, max-image-preview:large, max-video-preview:-1\" \/>\n<link rel=\"canonical\" href=\"https:\/\/www.copealcoy.es\/es\/informativo-matinal-viernes-2-de-junio-2023-0720h\/\" \/>\n<meta property=\"og:locale\" content=\"es_ES\" \/>\n<meta property=\"og:type\" content=\"article\" \/>\n<meta property=\"og:title\" content=\"Informativo matinal viernes 2 de junio 2023 (07:20h) - COPE Alcoy\" \/>\n<meta property=\"og:description\" content=\"El inicio de las negociaciones entre PSOE y Comprom\u00eds para una posible conformaci\u00f3n de Gobierno y la postura de Vox...\" \/>\n<meta property=\"og:url\" content=\"https:\/\/www.copealcoy.es\/es\/informativo-matinal-viernes-2-de-junio-2023-0720h\/\" \/>\n<meta property=\"og:site_name\" content=\"COPE Alcoy\" \/>\n<meta property=\"article:published_time\" content=\"2023-06-02T05:42:07+00:00\" \/>\n<meta property=\"article:modified_time\" content=\"2023-06-02T08:03:33+00:00\" \/>\n<meta property=\"og:image\" content=\"https:\/\/www.copealcoy.es\/wp-content\/uploads\/2023\/02\/Herrera-en-COPE-Alcoy-4.png\" \/>\n\t<meta property=\"og:image:width\" content=\"357\" \/>\n\t<meta property=\"og:image:height\" content=\"290\" \/>\n\t<meta property=\"og:image:type\" content=\"image\/png\" \/>\n<meta name=\"author\" content=\"Cope Alcoy\" \/>\n<meta name=\"twitter:label1\" content=\"Escrito por\" \/>\n\t<meta name=\"twitter:data1\" content=\"Cope Alcoy\" \/>\n\t<meta name=\"twitter:label2\" content=\"Tiempo de lectura\" \/>\n\t<meta name=\"twitter:data2\" content=\"2 minutos\" \/>\n<script type=\"application\/ld+json\" class=\"yoast-schema-graph\">{\"@context\":\"https:\\\/\\\/schema.org\",\"@graph\":[{\"@type\":\"Article\",\"@id\":\"https:\\\/\\\/www.copealcoy.es\\\/es\\\/informativo-matinal-viernes-2-de-junio-2023-0720h\\\/#article\",\"isPartOf\":{\"@id\":\"https:\\\/\\\/www.copealcoy.es\\\/es\\\/informativo-matinal-viernes-2-de-junio-2023-0720h\\\/\"},\"author\":{\"name\":\"Cope Alcoy\",\"@id\":\"https:\\\/\\\/www.copealcoy.es\\\/es\\\/#\\\/schema\\\/person\\\/e777c87fa024e57d40170af9df39882c\"},\"headline\":\"Informativo matinal viernes 2 de junio 2023 (07:20h)\",\"datePublished\":\"2023-06-02T05:42:07+00:00\",\"dateModified\":\"2023-06-02T08:03:33+00:00\",\"mainEntityOfPage\":{\"@id\":\"https:\\\/\\\/www.copealcoy.es\\\/es\\\/informativo-matinal-viernes-2-de-junio-2023-0720h\\\/\"},\"wordCount\":412,\"commentCount\":0,\"image\":{\"@id\":\"https:\\\/\\\/www.copealcoy.es\\\/es\\\/informativo-matinal-viernes-2-de-junio-2023-0720h\\\/#primaryimage\"},\"thumbnailUrl\":\"https:\\\/\\\/www.copealcoy.es\\\/wp-content\\\/uploads\\\/2023\\\/02\\\/Herrera-en-COPE-Alcoy-4.png\",\"articleSection\":[\"Actualidad\",\"Audios de los programas\",\"Informativos\"],\"inLanguage\":\"es\"},{\"@type\":\"WebPage\",\"@id\":\"https:\\\/\\\/www.copealcoy.es\\\/es\\\/informativo-matinal-viernes-2-de-junio-2023-0720h\\\/\",\"url\":\"https:\\\/\\\/www.copealcoy.es\\\/es\\\/informativo-matinal-viernes-2-de-junio-2023-0720h\\\/\",\"name\":\"Informativo matinal viernes 2 de junio 2023 (07:20h) - COPE Alcoy\",\"isPartOf\":{\"@id\":\"https:\\\/\\\/www.copealcoy.es\\\/es\\\/#website\"},\"primaryImageOfPage\":{\"@id\":\"https:\\\/\\\/www.copealcoy.es\\\/es\\\/informativo-matinal-viernes-2-de-junio-2023-0720h\\\/#primaryimage\"},\"image\":{\"@id\":\"https:\\\/\\\/www.copealcoy.es\\\/es\\\/informativo-matinal-viernes-2-de-junio-2023-0720h\\\/#primaryimage\"},\"thumbnailUrl\":\"https:\\\/\\\/www.copealcoy.es\\\/wp-content\\\/uploads\\\/2023\\\/02\\\/Herrera-en-COPE-Alcoy-4.png\",\"datePublished\":\"2023-06-02T05:42:07+00:00\",\"dateModified\":\"2023-06-02T08:03:33+00:00\",\"author\":{\"@id\":\"https:\\\/\\\/www.copealcoy.es\\\/es\\\/#\\\/schema\\\/person\\\/e777c87fa024e57d40170af9df39882c\"},\"breadcrumb\":{\"@id\":\"https:\\\/\\\/www.copealcoy.es\\\/es\\\/informativo-matinal-viernes-2-de-junio-2023-0720h\\\/#breadcrumb\"},\"inLanguage\":\"es\",\"potentialAction\":[{\"@type\":\"ReadAction\",\"target\":[\"https:\\\/\\\/www.copealcoy.es\\\/es\\\/informativo-matinal-viernes-2-de-junio-2023-0720h\\\/\"]}]},{\"@type\":\"ImageObject\",\"inLanguage\":\"es\",\"@id\":\"https:\\\/\\\/www.copealcoy.es\\\/es\\\/informativo-matinal-viernes-2-de-junio-2023-0720h\\\/#primaryimage\",\"url\":\"https:\\\/\\\/www.copealcoy.es\\\/wp-content\\\/uploads\\\/2023\\\/02\\\/Herrera-en-COPE-Alcoy-4.png\",\"contentUrl\":\"https:\\\/\\\/www.copealcoy.es\\\/wp-content\\\/uploads\\\/2023\\\/02\\\/Herrera-en-COPE-Alcoy-4.png\",\"width\":357,\"height\":290},{\"@type\":\"BreadcrumbList\",\"@id\":\"https:\\\/\\\/www.copealcoy.es\\\/es\\\/informativo-matinal-viernes-2-de-junio-2023-0720h\\\/#breadcrumb\",\"itemListElement\":[{\"@type\":\"ListItem\",\"position\":1,\"name\":\"Portada\",\"item\":\"https:\\\/\\\/www.copealcoy.es\\\/es\\\/\"},{\"@type\":\"ListItem\",\"position\":2,\"name\":\"Informativo matinal viernes 2 de junio 2023 (07:20h)\"}]},{\"@type\":\"WebSite\",\"@id\":\"https:\\\/\\\/www.copealcoy.es\\\/es\\\/#website\",\"url\":\"https:\\\/\\\/www.copealcoy.es\\\/es\\\/\",\"name\":\"COPE Alcoy\",\"description\":\"Emisora COPE de radio local con emisi\u00f3n online. Pont de Sant Jordi 8-10 03803 Alcoy\",\"potentialAction\":[{\"@type\":\"SearchAction\",\"target\":{\"@type\":\"EntryPoint\",\"urlTemplate\":\"https:\\\/\\\/www.copealcoy.es\\\/es\\\/?s={search_term_string}\"},\"query-input\":{\"@type\":\"PropertyValueSpecification\",\"valueRequired\":true,\"valueName\":\"search_term_string\"}}],\"inLanguage\":\"es\"},{\"@type\":\"Person\",\"@id\":\"https:\\\/\\\/www.copealcoy.es\\\/es\\\/#\\\/schema\\\/person\\\/e777c87fa024e57d40170af9df39882c\",\"name\":\"Cope Alcoy\",\"image\":{\"@type\":\"ImageObject\",\"inLanguage\":\"es\",\"@id\":\"https:\\\/\\\/secure.gravatar.com\\\/avatar\\\/bb65d0283347e303893ba14f0692005417c1e0e690a325a4c5d8bb2b3943ee14?s=96&d=mm&r=g\",\"url\":\"https:\\\/\\\/secure.gravatar.com\\\/avatar\\\/bb65d0283347e303893ba14f0692005417c1e0e690a325a4c5d8bb2b3943ee14?s=96&d=mm&r=g\",\"contentUrl\":\"https:\\\/\\\/secure.gravatar.com\\\/avatar\\\/bb65d0283347e303893ba14f0692005417c1e0e690a325a4c5d8bb2b3943ee14?s=96&d=mm&r=g\",\"caption\":\"Cope Alcoy\"}}]}<\/script>\n<!-- \/ Yoast SEO plugin. -->","yoast_head_json":{"title":"Informativo matinal viernes 2 de junio 2023 (07:20h) - COPE Alcoy","robots":{"index":"index","follow":"follow","max-snippet":"max-snippet:-1","max-image-preview":"max-image-preview:large","max-video-preview":"max-video-preview:-1"},"canonical":"https:\/\/www.copealcoy.es\/es\/informativo-matinal-viernes-2-de-junio-2023-0720h\/","og_locale":"es_ES","og_type":"article","og_title":"Informativo matinal viernes 2 de junio 2023 (07:20h) - COPE Alcoy","og_description":"El inicio de las negociaciones entre PSOE y Comprom\u00eds para una posible conformaci\u00f3n de Gobierno y la postura de Vox...","og_url":"https:\/\/www.copealcoy.es\/es\/informativo-matinal-viernes-2-de-junio-2023-0720h\/","og_site_name":"COPE Alcoy","article_published_time":"2023-06-02T05:42:07+00:00","article_modified_time":"2023-06-02T08:03:33+00:00","og_image":[{"width":357,"height":290,"url":"https:\/\/www.copealcoy.es\/wp-content\/uploads\/2023\/02\/Herrera-en-COPE-Alcoy-4.png","type":"image\/png"}],"author":"Cope Alcoy","twitter_misc":{"Escrito por":"Cope Alcoy","Tiempo de lectura":"2 minutos"},"schema":{"@context":"https:\/\/schema.org","@graph":[{"@type":"Article","@id":"https:\/\/www.copealcoy.es\/es\/informativo-matinal-viernes-2-de-junio-2023-0720h\/#article","isPartOf":{"@id":"https:\/\/www.copealcoy.es\/es\/informativo-matinal-viernes-2-de-junio-2023-0720h\/"},"author":{"name":"Cope Alcoy","@id":"https:\/\/www.copealcoy.es\/es\/#\/schema\/person\/e777c87fa024e57d40170af9df39882c"},"headline":"Informativo matinal viernes 2 de junio 2023 (07:20h)","datePublished":"2023-06-02T05:42:07+00:00","dateModified":"2023-06-02T08:03:33+00:00","mainEntityOfPage":{"@id":"https:\/\/www.copealcoy.es\/es\/informativo-matinal-viernes-2-de-junio-2023-0720h\/"},"wordCount":412,"commentCount":0,"image":{"@id":"https:\/\/www.copealcoy.es\/es\/informativo-matinal-viernes-2-de-junio-2023-0720h\/#primaryimage"},"thumbnailUrl":"https:\/\/www.copealcoy.es\/wp-content\/uploads\/2023\/02\/Herrera-en-COPE-Alcoy-4.png","articleSection":["Actualidad","Audios de los programas","Informativos"],"inLanguage":"es"},{"@type":"WebPage","@id":"https:\/\/www.copealcoy.es\/es\/informativo-matinal-viernes-2-de-junio-2023-0720h\/","url":"https:\/\/www.copealcoy.es\/es\/informativo-matinal-viernes-2-de-junio-2023-0720h\/","name":"Informativo matinal viernes 2 de junio 2023 (07:20h) - COPE Alcoy","isPartOf":{"@id":"https:\/\/www.copealcoy.es\/es\/#website"},"primaryImageOfPage":{"@id":"https:\/\/www.copealcoy.es\/es\/informativo-matinal-viernes-2-de-junio-2023-0720h\/#primaryimage"},"image":{"@id":"https:\/\/www.copealcoy.es\/es\/informativo-matinal-viernes-2-de-junio-2023-0720h\/#primaryimage"},"thumbnailUrl":"https:\/\/www.copealcoy.es\/wp-content\/uploads\/2023\/02\/Herrera-en-COPE-Alcoy-4.png","datePublished":"2023-06-02T05:42:07+00:00","dateModified":"2023-06-02T08:03:33+00:00","author":{"@id":"https:\/\/www.copealcoy.es\/es\/#\/schema\/person\/e777c87fa024e57d40170af9df39882c"},"breadcrumb":{"@id":"https:\/\/www.copealcoy.es\/es\/informativo-matinal-viernes-2-de-junio-2023-0720h\/#breadcrumb"},"inLanguage":"es","potentialAction":[{"@type":"ReadAction","target":["https:\/\/www.copealcoy.es\/es\/informativo-matinal-viernes-2-de-junio-2023-0720h\/"]}]},{"@type":"ImageObject","inLanguage":"es","@id":"https:\/\/www.copealcoy.es\/es\/informativo-matinal-viernes-2-de-junio-2023-0720h\/#primaryimage","url":"https:\/\/www.copealcoy.es\/wp-content\/uploads\/2023\/02\/Herrera-en-COPE-Alcoy-4.png","contentUrl":"https:\/\/www.copealcoy.es\/wp-content\/uploads\/2023\/02\/Herrera-en-COPE-Alcoy-4.png","width":357,"height":290},{"@type":"BreadcrumbList","@id":"https:\/\/www.copealcoy.es\/es\/informativo-matinal-viernes-2-de-junio-2023-0720h\/#breadcrumb","itemListElement":[{"@type":"ListItem","position":1,"name":"Portada","item":"https:\/\/www.copealcoy.es\/es\/"},{"@type":"ListItem","position":2,"name":"Informativo matinal viernes 2 de junio 2023 (07:20h)"}]},{"@type":"WebSite","@id":"https:\/\/www.copealcoy.es\/es\/#website","url":"https:\/\/www.copealcoy.es\/es\/","name":"COPE Alcoy","description":"Emisora COPE de radio local con emisi\u00f3n online. Pont de Sant Jordi 8-10 03803 Alcoy","potentialAction":[{"@type":"SearchAction","target":{"@type":"EntryPoint","urlTemplate":"https:\/\/www.copealcoy.es\/es\/?s={search_term_string}"},"query-input":{"@type":"PropertyValueSpecification","valueRequired":true,"valueName":"search_term_string"}}],"inLanguage":"es"},{"@type":"Person","@id":"https:\/\/www.copealcoy.es\/es\/#\/schema\/person\/e777c87fa024e57d40170af9df39882c","name":"Cope Alcoy","image":{"@type":"ImageObject","inLanguage":"es","@id":"https:\/\/secure.gravatar.com\/avatar\/bb65d0283347e303893ba14f0692005417c1e0e690a325a4c5d8bb2b3943ee14?s=96&d=mm&r=g","url":"https:\/\/secure.gravatar.com\/avatar\/bb65d0283347e303893ba14f0692005417c1e0e690a325a4c5d8bb2b3943ee14?s=96&d=mm&r=g","contentUrl":"https:\/\/secure.gravatar.com\/avatar\/bb65d0283347e303893ba14f0692005417c1e0e690a325a4c5d8bb2b3943ee14?s=96&d=mm&r=g","caption":"Cope Alcoy"}}]}},"_links":{"self":[{"href":"https:\/\/www.copealcoy.es\/es\/wp-json\/wp\/v2\/posts\/116869","targetHints":{"allow":["GET"]}}],"collection":[{"href":"https:\/\/www.copealcoy.es\/es\/wp-json\/wp\/v2\/posts"}],"about":[{"href":"https:\/\/www.copealcoy.es\/es\/wp-json\/wp\/v2\/types\/post"}],"author":[{"embeddable":true,"href":"https:\/\/www.copealcoy.es\/es\/wp-json\/wp\/v2\/users\/1"}],"replies":[{"embeddable":true,"href":"https:\/\/www.copealcoy.es\/es\/wp-json\/wp\/v2\/comments?post=116869"}],"version-history":[{"count":0,"href":"https:\/\/www.copealcoy.es\/es\/wp-json\/wp\/v2\/posts\/116869\/revisions"}],"wp:featuredmedia":[{"embeddable":true,"href":"https:\/\/www.copealcoy.es\/es\/wp-json\/wp\/v2\/media\/110612"}],"wp:attachment":[{"href":"https:\/\/www.copealcoy.es\/es\/wp-json\/wp\/v2\/media?parent=116869"}],"wp:term":[{"taxonomy":"category","embeddable":true,"href":"https:\/\/www.copealcoy.es\/es\/wp-json\/wp\/v2\/categories?post=116869"},{"taxonomy":"post_tag","embeddable":true,"href":"https:\/\/www.copealcoy.es\/es\/wp-json\/wp\/v2\/tags?post=116869"}],"curies":[{"name":"wp","href":"https:\/\/api.w.org\/{rel}","templated":true}]}}