{"id":116832,"date":"2023-06-01T13:15:37","date_gmt":"2023-06-01T12:15:37","guid":{"rendered":"https:\/\/www.copealcoy.es\/?p=116832"},"modified":"2023-06-01T16:39:09","modified_gmt":"2023-06-01T15:39:09","slug":"escucha-el-segundo-programa-especial-por-la-semana-del-medio-ambiente-desde-carpinteria-jl-pascual","status":"publish","type":"post","link":"https:\/\/www.copealcoy.es\/es\/escucha-el-segundo-programa-especial-por-la-semana-del-medio-ambiente-desde-carpinteria-jl-pascual\/","title":{"rendered":"Escucha el segundo programa especial por la Semana del Medio Ambiente desde Carpinter\u00eda JL Pascual"},"content":{"rendered":"<p><iframe loading=\"lazy\" title=\"Programa Especial Medio Ambiente - 01 De Junio 2023\" width=\"100%\" height=\"120\" src=\"https:\/\/www.mixcloud.com\/widget\/iframe\/?feed=https%3A%2F%2Fwww.mixcloud.com%2FCOPEAlcoy%2Fprograma-especial-medio-ambiente-01-de-junio-2023%2F&amp;hide_cover=1\" frameborder=\"0\"><\/iframe><\/p>\n<p style=\"text-align: justify;\">Cope Alcoy sigue con su <strong>programaci\u00f3n especial<\/strong> con motivo del <strong>D\u00eda Internacional del Medio Ambiente<\/strong>, que tendr\u00e1 lugar el pr\u00f3ximo 5 de junio. Seguimos hablando de sostenibilidad, esta vez dentro del mundo empresarial, y este jueves lo hacemos desde <strong>Carpinter\u00eda JL Pascual S.L.U.<\/strong><\/p>\n<p style=\"text-align: justify;\">En este programa han participado <strong>Jos\u00e9 Luis Pascual<\/strong>, gerente de la empresa, y <strong>Noelia Peris<\/strong>, responsable de ventas de la firma. Y tambi\u00e9n ha contado con <strong>\u00c1lex Terol<\/strong>, cofundador del <strong>estudio Monnou<\/strong> y dise\u00f1ador de producto.<\/p>\n<p style=\"text-align: justify;\">Carpinter\u00eda JL Pascual es una empresa que lleva 18 a\u00f1os dedicada a la<strong> fabricaci\u00f3n y venta de ventanas y puertas de PVC<\/strong>. Y, entre sus productos, resaltan dos que <strong>se fabrican con ventanas recicladas<\/strong>. Una apuesta por la sostenibilidad, en la que destaca la <strong>amplia vida \u00fatil del producto<\/strong>. &#8220;Utilizamos las ventanas viejas y las reciclamos. Se vuelve a procesar todo el aluminio y el PVC y se crean ventanas con las mismas caracter\u00edsticas que las anteriores&#8221;, ha explicado Peris durante el programa.<\/p>\n<p style=\"text-align: justify;\">Uno de los objetivos de la empresa, con este proceso, es <strong>propiciar un ahorro energ\u00e9tico<\/strong>. &#8220;La sostenibilidad de estas ventanas va a radicar en que tengamos ese ahorro energ\u00e9tico a nivel de sociedad y a nivel particular. Se trata de trabajar bien en el presente y eso en el futuro repercutir\u00e1 m\u00e1s favorablemente en el medio ambiente&#8221;, ha apuntado la responsable de ventas.<\/p>\n<p style=\"text-align: justify;\">Destaca el gerente que los materiales con los que trabajan cuentan con repuestos, lo cual evita que si hay alg\u00fan fallo se tenga que tirar todo el producto.<\/p>\n<p style=\"text-align: justify;\">Por su parte, Terol ha destacado el modelo de trabajo que siguen en Monnou. No solo sus servicios y productos buscan mejorar la sostenibilidad de sus clientes, tambi\u00e9n aplican criterios con este fin a su propio trabajo. Forma parte de los valores de la empresa. &#8220;Intentamos<strong> que nuestros clientes est\u00e9n alineados en valores como los nuestros<\/strong>. Esto quiere decir que quieran <strong>caminar hacia un modelo m\u00e1s circular, sostenible y regenerativo<\/strong>. Tambi\u00e9n intentamos <strong>aplicar en nuestro equipo esos criterios de sostenibilidad<\/strong>. Trabajamos de forma distribuida, por ejemplo&#8221;. Esto implica que no todo el equipo trabaja en el mismo lugar y as\u00ed, a la hora de visitar clientes, se desplaza el que m\u00e1s cerca se encuentra.<\/p>\n","protected":false},"excerpt":{"rendered":"<p>Cope Alcoy sigue con su programaci\u00f3n especial con motivo del D\u00eda Internacional del Medio Ambiente, que tendr\u00e1 lugar el pr\u00f3ximo&#8230;<\/p>\n","protected":false},"author":1,"featured_media":116835,"comment_status":"open","ping_status":"open","sticky":false,"template":"","format":"standard","meta":{"footnotes":""},"categories":[6909,97,75],"tags":[1494,14876,384,14875],"class_list":["post-116832","post","type-post","status-publish","format-standard","has-post-thumbnail","hentry","category-actualidad","category-alcoy","category-noticias","tag-alcoy","tag-carpinteria-jl-pascual","tag-medio-ambiente","tag-monnou"],"yoast_head":"<!-- This site is optimized with the Yoast SEO plugin v27.3 - https:\/\/yoast.com\/product\/yoast-seo-wordpress\/ -->\n<title>Escucha el segundo programa especial por la Semana del Medio Ambiente desde Carpinter\u00eda JL Pascual - COPE Alcoy<\/title>\n<meta name=\"robots\" content=\"index, follow, max-snippet:-1, max-image-preview:large, max-video-preview:-1\" \/>\n<link rel=\"canonical\" href=\"https:\/\/www.copealcoy.es\/es\/escucha-el-segundo-programa-especial-por-la-semana-del-medio-ambiente-desde-carpinteria-jl-pascual\/\" \/>\n<meta property=\"og:locale\" content=\"es_ES\" \/>\n<meta property=\"og:type\" content=\"article\" \/>\n<meta property=\"og:title\" content=\"Escucha el segundo programa especial por la Semana del Medio Ambiente desde Carpinter\u00eda JL Pascual - COPE Alcoy\" \/>\n<meta property=\"og:description\" content=\"Cope Alcoy sigue con su programaci\u00f3n especial con motivo del D\u00eda Internacional del Medio Ambiente, que tendr\u00e1 lugar el pr\u00f3ximo...\" \/>\n<meta property=\"og:url\" content=\"https:\/\/www.copealcoy.es\/es\/escucha-el-segundo-programa-especial-por-la-semana-del-medio-ambiente-desde-carpinteria-jl-pascual\/\" \/>\n<meta property=\"og:site_name\" content=\"COPE Alcoy\" \/>\n<meta property=\"article:published_time\" content=\"2023-06-01T12:15:37+00:00\" \/>\n<meta property=\"article:modified_time\" content=\"2023-06-01T15:39:09+00:00\" \/>\n<meta property=\"og:image\" content=\"https:\/\/www.copealcoy.es\/wp-content\/uploads\/2023\/06\/WhatsApp-Image-2023-06-01-at-14.02.20.jpeg\" \/>\n\t<meta property=\"og:image:width\" content=\"1440\" \/>\n\t<meta property=\"og:image:height\" content=\"1080\" \/>\n\t<meta property=\"og:image:type\" content=\"image\/jpeg\" \/>\n<meta name=\"author\" content=\"Cope Alcoy\" \/>\n<meta name=\"twitter:label1\" content=\"Escrito por\" \/>\n\t<meta name=\"twitter:data1\" content=\"Cope Alcoy\" \/>\n\t<meta name=\"twitter:label2\" content=\"Tiempo de lectura\" \/>\n\t<meta name=\"twitter:data2\" content=\"2 minutos\" \/>\n<script type=\"application\/ld+json\" class=\"yoast-schema-graph\">{\"@context\":\"https:\\\/\\\/schema.org\",\"@graph\":[{\"@type\":\"Article\",\"@id\":\"https:\\\/\\\/www.copealcoy.es\\\/es\\\/escucha-el-segundo-programa-especial-por-la-semana-del-medio-ambiente-desde-carpinteria-jl-pascual\\\/#article\",\"isPartOf\":{\"@id\":\"https:\\\/\\\/www.copealcoy.es\\\/es\\\/escucha-el-segundo-programa-especial-por-la-semana-del-medio-ambiente-desde-carpinteria-jl-pascual\\\/\"},\"author\":{\"name\":\"Cope Alcoy\",\"@id\":\"https:\\\/\\\/www.copealcoy.es\\\/es\\\/#\\\/schema\\\/person\\\/e777c87fa024e57d40170af9df39882c\"},\"headline\":\"Escucha el segundo programa especial por la Semana del Medio Ambiente desde Carpinter\u00eda JL Pascual\",\"datePublished\":\"2023-06-01T12:15:37+00:00\",\"dateModified\":\"2023-06-01T15:39:09+00:00\",\"mainEntityOfPage\":{\"@id\":\"https:\\\/\\\/www.copealcoy.es\\\/es\\\/escucha-el-segundo-programa-especial-por-la-semana-del-medio-ambiente-desde-carpinteria-jl-pascual\\\/\"},\"wordCount\":409,\"commentCount\":0,\"image\":{\"@id\":\"https:\\\/\\\/www.copealcoy.es\\\/es\\\/escucha-el-segundo-programa-especial-por-la-semana-del-medio-ambiente-desde-carpinteria-jl-pascual\\\/#primaryimage\"},\"thumbnailUrl\":\"https:\\\/\\\/www.copealcoy.es\\\/wp-content\\\/uploads\\\/2023\\\/06\\\/WhatsApp-Image-2023-06-01-at-14.02.20.jpeg\",\"keywords\":[\"Alcoy\",\"Carpinter\u00eda JL Pascual\",\"Medio Ambiente\",\"Monnou\"],\"articleSection\":[\"Actualidad\",\"Alcoy\",\"Noticias\"],\"inLanguage\":\"es\"},{\"@type\":\"WebPage\",\"@id\":\"https:\\\/\\\/www.copealcoy.es\\\/es\\\/escucha-el-segundo-programa-especial-por-la-semana-del-medio-ambiente-desde-carpinteria-jl-pascual\\\/\",\"url\":\"https:\\\/\\\/www.copealcoy.es\\\/es\\\/escucha-el-segundo-programa-especial-por-la-semana-del-medio-ambiente-desde-carpinteria-jl-pascual\\\/\",\"name\":\"Escucha el segundo programa especial por la Semana del Medio Ambiente desde Carpinter\u00eda JL Pascual - COPE Alcoy\",\"isPartOf\":{\"@id\":\"https:\\\/\\\/www.copealcoy.es\\\/es\\\/#website\"},\"primaryImageOfPage\":{\"@id\":\"https:\\\/\\\/www.copealcoy.es\\\/es\\\/escucha-el-segundo-programa-especial-por-la-semana-del-medio-ambiente-desde-carpinteria-jl-pascual\\\/#primaryimage\"},\"image\":{\"@id\":\"https:\\\/\\\/www.copealcoy.es\\\/es\\\/escucha-el-segundo-programa-especial-por-la-semana-del-medio-ambiente-desde-carpinteria-jl-pascual\\\/#primaryimage\"},\"thumbnailUrl\":\"https:\\\/\\\/www.copealcoy.es\\\/wp-content\\\/uploads\\\/2023\\\/06\\\/WhatsApp-Image-2023-06-01-at-14.02.20.jpeg\",\"datePublished\":\"2023-06-01T12:15:37+00:00\",\"dateModified\":\"2023-06-01T15:39:09+00:00\",\"author\":{\"@id\":\"https:\\\/\\\/www.copealcoy.es\\\/es\\\/#\\\/schema\\\/person\\\/e777c87fa024e57d40170af9df39882c\"},\"breadcrumb\":{\"@id\":\"https:\\\/\\\/www.copealcoy.es\\\/es\\\/escucha-el-segundo-programa-especial-por-la-semana-del-medio-ambiente-desde-carpinteria-jl-pascual\\\/#breadcrumb\"},\"inLanguage\":\"es\",\"potentialAction\":[{\"@type\":\"ReadAction\",\"target\":[\"https:\\\/\\\/www.copealcoy.es\\\/es\\\/escucha-el-segundo-programa-especial-por-la-semana-del-medio-ambiente-desde-carpinteria-jl-pascual\\\/\"]}]},{\"@type\":\"ImageObject\",\"inLanguage\":\"es\",\"@id\":\"https:\\\/\\\/www.copealcoy.es\\\/es\\\/escucha-el-segundo-programa-especial-por-la-semana-del-medio-ambiente-desde-carpinteria-jl-pascual\\\/#primaryimage\",\"url\":\"https:\\\/\\\/www.copealcoy.es\\\/wp-content\\\/uploads\\\/2023\\\/06\\\/WhatsApp-Image-2023-06-01-at-14.02.20.jpeg\",\"contentUrl\":\"https:\\\/\\\/www.copealcoy.es\\\/wp-content\\\/uploads\\\/2023\\\/06\\\/WhatsApp-Image-2023-06-01-at-14.02.20.jpeg\",\"width\":1440,\"height\":1080},{\"@type\":\"BreadcrumbList\",\"@id\":\"https:\\\/\\\/www.copealcoy.es\\\/es\\\/escucha-el-segundo-programa-especial-por-la-semana-del-medio-ambiente-desde-carpinteria-jl-pascual\\\/#breadcrumb\",\"itemListElement\":[{\"@type\":\"ListItem\",\"position\":1,\"name\":\"Portada\",\"item\":\"https:\\\/\\\/www.copealcoy.es\\\/es\\\/\"},{\"@type\":\"ListItem\",\"position\":2,\"name\":\"Escucha el segundo programa especial por la Semana del Medio Ambiente desde Carpinter\u00eda JL Pascual\"}]},{\"@type\":\"WebSite\",\"@id\":\"https:\\\/\\\/www.copealcoy.es\\\/es\\\/#website\",\"url\":\"https:\\\/\\\/www.copealcoy.es\\\/es\\\/\",\"name\":\"COPE Alcoy\",\"description\":\"Emisora COPE de radio local con emisi\u00f3n online. Pont de Sant Jordi 8-10 03803 Alcoy\",\"potentialAction\":[{\"@type\":\"SearchAction\",\"target\":{\"@type\":\"EntryPoint\",\"urlTemplate\":\"https:\\\/\\\/www.copealcoy.es\\\/es\\\/?s={search_term_string}\"},\"query-input\":{\"@type\":\"PropertyValueSpecification\",\"valueRequired\":true,\"valueName\":\"search_term_string\"}}],\"inLanguage\":\"es\"},{\"@type\":\"Person\",\"@id\":\"https:\\\/\\\/www.copealcoy.es\\\/es\\\/#\\\/schema\\\/person\\\/e777c87fa024e57d40170af9df39882c\",\"name\":\"Cope Alcoy\",\"image\":{\"@type\":\"ImageObject\",\"inLanguage\":\"es\",\"@id\":\"https:\\\/\\\/secure.gravatar.com\\\/avatar\\\/bb65d0283347e303893ba14f0692005417c1e0e690a325a4c5d8bb2b3943ee14?s=96&d=mm&r=g\",\"url\":\"https:\\\/\\\/secure.gravatar.com\\\/avatar\\\/bb65d0283347e303893ba14f0692005417c1e0e690a325a4c5d8bb2b3943ee14?s=96&d=mm&r=g\",\"contentUrl\":\"https:\\\/\\\/secure.gravatar.com\\\/avatar\\\/bb65d0283347e303893ba14f0692005417c1e0e690a325a4c5d8bb2b3943ee14?s=96&d=mm&r=g\",\"caption\":\"Cope Alcoy\"}}]}<\/script>\n<!-- \/ Yoast SEO plugin. -->","yoast_head_json":{"title":"Escucha el segundo programa especial por la Semana del Medio Ambiente desde Carpinter\u00eda JL Pascual - COPE Alcoy","robots":{"index":"index","follow":"follow","max-snippet":"max-snippet:-1","max-image-preview":"max-image-preview:large","max-video-preview":"max-video-preview:-1"},"canonical":"https:\/\/www.copealcoy.es\/es\/escucha-el-segundo-programa-especial-por-la-semana-del-medio-ambiente-desde-carpinteria-jl-pascual\/","og_locale":"es_ES","og_type":"article","og_title":"Escucha el segundo programa especial por la Semana del Medio Ambiente desde Carpinter\u00eda JL Pascual - COPE Alcoy","og_description":"Cope Alcoy sigue con su programaci\u00f3n especial con motivo del D\u00eda Internacional del Medio Ambiente, que tendr\u00e1 lugar el pr\u00f3ximo...","og_url":"https:\/\/www.copealcoy.es\/es\/escucha-el-segundo-programa-especial-por-la-semana-del-medio-ambiente-desde-carpinteria-jl-pascual\/","og_site_name":"COPE Alcoy","article_published_time":"2023-06-01T12:15:37+00:00","article_modified_time":"2023-06-01T15:39:09+00:00","og_image":[{"width":1440,"height":1080,"url":"https:\/\/www.copealcoy.es\/wp-content\/uploads\/2023\/06\/WhatsApp-Image-2023-06-01-at-14.02.20.jpeg","type":"image\/jpeg"}],"author":"Cope Alcoy","twitter_misc":{"Escrito por":"Cope Alcoy","Tiempo de lectura":"2 minutos"},"schema":{"@context":"https:\/\/schema.org","@graph":[{"@type":"Article","@id":"https:\/\/www.copealcoy.es\/es\/escucha-el-segundo-programa-especial-por-la-semana-del-medio-ambiente-desde-carpinteria-jl-pascual\/#article","isPartOf":{"@id":"https:\/\/www.copealcoy.es\/es\/escucha-el-segundo-programa-especial-por-la-semana-del-medio-ambiente-desde-carpinteria-jl-pascual\/"},"author":{"name":"Cope Alcoy","@id":"https:\/\/www.copealcoy.es\/es\/#\/schema\/person\/e777c87fa024e57d40170af9df39882c"},"headline":"Escucha el segundo programa especial por la Semana del Medio Ambiente desde Carpinter\u00eda JL Pascual","datePublished":"2023-06-01T12:15:37+00:00","dateModified":"2023-06-01T15:39:09+00:00","mainEntityOfPage":{"@id":"https:\/\/www.copealcoy.es\/es\/escucha-el-segundo-programa-especial-por-la-semana-del-medio-ambiente-desde-carpinteria-jl-pascual\/"},"wordCount":409,"commentCount":0,"image":{"@id":"https:\/\/www.copealcoy.es\/es\/escucha-el-segundo-programa-especial-por-la-semana-del-medio-ambiente-desde-carpinteria-jl-pascual\/#primaryimage"},"thumbnailUrl":"https:\/\/www.copealcoy.es\/wp-content\/uploads\/2023\/06\/WhatsApp-Image-2023-06-01-at-14.02.20.jpeg","keywords":["Alcoy","Carpinter\u00eda JL Pascual","Medio Ambiente","Monnou"],"articleSection":["Actualidad","Alcoy","Noticias"],"inLanguage":"es"},{"@type":"WebPage","@id":"https:\/\/www.copealcoy.es\/es\/escucha-el-segundo-programa-especial-por-la-semana-del-medio-ambiente-desde-carpinteria-jl-pascual\/","url":"https:\/\/www.copealcoy.es\/es\/escucha-el-segundo-programa-especial-por-la-semana-del-medio-ambiente-desde-carpinteria-jl-pascual\/","name":"Escucha el segundo programa especial por la Semana del Medio Ambiente desde Carpinter\u00eda JL Pascual - COPE Alcoy","isPartOf":{"@id":"https:\/\/www.copealcoy.es\/es\/#website"},"primaryImageOfPage":{"@id":"https:\/\/www.copealcoy.es\/es\/escucha-el-segundo-programa-especial-por-la-semana-del-medio-ambiente-desde-carpinteria-jl-pascual\/#primaryimage"},"image":{"@id":"https:\/\/www.copealcoy.es\/es\/escucha-el-segundo-programa-especial-por-la-semana-del-medio-ambiente-desde-carpinteria-jl-pascual\/#primaryimage"},"thumbnailUrl":"https:\/\/www.copealcoy.es\/wp-content\/uploads\/2023\/06\/WhatsApp-Image-2023-06-01-at-14.02.20.jpeg","datePublished":"2023-06-01T12:15:37+00:00","dateModified":"2023-06-01T15:39:09+00:00","author":{"@id":"https:\/\/www.copealcoy.es\/es\/#\/schema\/person\/e777c87fa024e57d40170af9df39882c"},"breadcrumb":{"@id":"https:\/\/www.copealcoy.es\/es\/escucha-el-segundo-programa-especial-por-la-semana-del-medio-ambiente-desde-carpinteria-jl-pascual\/#breadcrumb"},"inLanguage":"es","potentialAction":[{"@type":"ReadAction","target":["https:\/\/www.copealcoy.es\/es\/escucha-el-segundo-programa-especial-por-la-semana-del-medio-ambiente-desde-carpinteria-jl-pascual\/"]}]},{"@type":"ImageObject","inLanguage":"es","@id":"https:\/\/www.copealcoy.es\/es\/escucha-el-segundo-programa-especial-por-la-semana-del-medio-ambiente-desde-carpinteria-jl-pascual\/#primaryimage","url":"https:\/\/www.copealcoy.es\/wp-content\/uploads\/2023\/06\/WhatsApp-Image-2023-06-01-at-14.02.20.jpeg","contentUrl":"https:\/\/www.copealcoy.es\/wp-content\/uploads\/2023\/06\/WhatsApp-Image-2023-06-01-at-14.02.20.jpeg","width":1440,"height":1080},{"@type":"BreadcrumbList","@id":"https:\/\/www.copealcoy.es\/es\/escucha-el-segundo-programa-especial-por-la-semana-del-medio-ambiente-desde-carpinteria-jl-pascual\/#breadcrumb","itemListElement":[{"@type":"ListItem","position":1,"name":"Portada","item":"https:\/\/www.copealcoy.es\/es\/"},{"@type":"ListItem","position":2,"name":"Escucha el segundo programa especial por la Semana del Medio Ambiente desde Carpinter\u00eda JL Pascual"}]},{"@type":"WebSite","@id":"https:\/\/www.copealcoy.es\/es\/#website","url":"https:\/\/www.copealcoy.es\/es\/","name":"COPE Alcoy","description":"Emisora COPE de radio local con emisi\u00f3n online. Pont de Sant Jordi 8-10 03803 Alcoy","potentialAction":[{"@type":"SearchAction","target":{"@type":"EntryPoint","urlTemplate":"https:\/\/www.copealcoy.es\/es\/?s={search_term_string}"},"query-input":{"@type":"PropertyValueSpecification","valueRequired":true,"valueName":"search_term_string"}}],"inLanguage":"es"},{"@type":"Person","@id":"https:\/\/www.copealcoy.es\/es\/#\/schema\/person\/e777c87fa024e57d40170af9df39882c","name":"Cope Alcoy","image":{"@type":"ImageObject","inLanguage":"es","@id":"https:\/\/secure.gravatar.com\/avatar\/bb65d0283347e303893ba14f0692005417c1e0e690a325a4c5d8bb2b3943ee14?s=96&d=mm&r=g","url":"https:\/\/secure.gravatar.com\/avatar\/bb65d0283347e303893ba14f0692005417c1e0e690a325a4c5d8bb2b3943ee14?s=96&d=mm&r=g","contentUrl":"https:\/\/secure.gravatar.com\/avatar\/bb65d0283347e303893ba14f0692005417c1e0e690a325a4c5d8bb2b3943ee14?s=96&d=mm&r=g","caption":"Cope Alcoy"}}]}},"_links":{"self":[{"href":"https:\/\/www.copealcoy.es\/es\/wp-json\/wp\/v2\/posts\/116832","targetHints":{"allow":["GET"]}}],"collection":[{"href":"https:\/\/www.copealcoy.es\/es\/wp-json\/wp\/v2\/posts"}],"about":[{"href":"https:\/\/www.copealcoy.es\/es\/wp-json\/wp\/v2\/types\/post"}],"author":[{"embeddable":true,"href":"https:\/\/www.copealcoy.es\/es\/wp-json\/wp\/v2\/users\/1"}],"replies":[{"embeddable":true,"href":"https:\/\/www.copealcoy.es\/es\/wp-json\/wp\/v2\/comments?post=116832"}],"version-history":[{"count":0,"href":"https:\/\/www.copealcoy.es\/es\/wp-json\/wp\/v2\/posts\/116832\/revisions"}],"wp:featuredmedia":[{"embeddable":true,"href":"https:\/\/www.copealcoy.es\/es\/wp-json\/wp\/v2\/media\/116835"}],"wp:attachment":[{"href":"https:\/\/www.copealcoy.es\/es\/wp-json\/wp\/v2\/media?parent=116832"}],"wp:term":[{"taxonomy":"category","embeddable":true,"href":"https:\/\/www.copealcoy.es\/es\/wp-json\/wp\/v2\/categories?post=116832"},{"taxonomy":"post_tag","embeddable":true,"href":"https:\/\/www.copealcoy.es\/es\/wp-json\/wp\/v2\/tags?post=116832"}],"curies":[{"name":"wp","href":"https:\/\/api.w.org\/{rel}","templated":true}]}}