{"id":116772,"date":"2023-05-31T07:33:40","date_gmt":"2023-05-31T06:33:40","guid":{"rendered":"https:\/\/www.copealcoy.es\/?p=116772"},"modified":"2023-06-01T17:16:31","modified_gmt":"2023-06-01T16:16:31","slug":"mediodia-cope-alcoy-miercoles-31-de-mayo-2023-1420h","status":"publish","type":"post","link":"https:\/\/www.copealcoy.es\/es\/mediodia-cope-alcoy-miercoles-31-de-mayo-2023-1420h\/","title":{"rendered":"&#8216;Mediod\u00eda Cope&#8217; Alcoy mi\u00e9rcoles 31 de mayo 2023 (14:20h)"},"content":{"rendered":"<p><iframe loading=\"lazy\" title=\"&#039;Mediod\u00eda Cope&#039; Alcoi Dimecres 31 De Maig 2023 (14:20h)\" width=\"100%\" height=\"120\" src=\"https:\/\/www.mixcloud.com\/widget\/iframe\/?feed=https%3A%2F%2Fwww.mixcloud.com%2FCOPEAlcoy%2Fmediod%25C3%25ADa-cope-alcoi-dimecres-31-de-maig-2023-1420h%2F&amp;hide_cover=1\" frameborder=\"0\"><\/iframe><\/p>\n<p style=\"text-align: justify;\">Hoy mi\u00e9rcoles hemos recordado que<strong> L&#8217;Orxa plantea adelantar sus Fiestas al coincidir con las Elecciones Generales del 23J<\/strong>. Tambi\u00e9n hemos conocido <strong>el balance que hace Guanyar Alcoi<\/strong> de los resultados electorales que arrojaron las urnas el domingo.<\/p>\n<p style=\"text-align: justify;\">Si hay un pacto entre las izquierdas,\u00a0<strong>Guanyar Alcoi tiene la opci\u00f3n de entrar en el Gobierno<\/strong>. Todo es negociar. Sin embargo, la plataforma que lidera\u00a0<strong>Sergi Rodr\u00edguez<\/strong>\u00a0no va a poner las cosas f\u00e1ciles.\u00a0<strong>Hay l\u00edneas rojas que no piensan traspasar.<\/strong>\u00a0Y una de ellas es\u00a0<strong>la creaci\u00f3n de un pol\u00edgono industrial en La Canal<\/strong>.<\/p>\n<p style=\"text-align: justify;\">\u00abEl PSOE sabe que nosotros no votaremos a ning\u00fan alcalde que saque adelante el pol\u00edgono de la Canal encima del acu\u00edfero del Molinar y otras cosas que no podemos consolidar. Es un punto b\u00e1sico para comenzar a hablar\u00bb, ha asegurado Sergi Rodr\u00edguez, candidato de Guanyar en la\u00a0<strong>primera entrevista realizada por Cope Alcoy tras los resultados electorales<\/strong>.<\/p>\n<p style=\"text-align: justify;\">En este sentido, Rodr\u00edguez considera que\u00a0<strong>los socialistas deben replantearse su programa electoral<\/strong>\u00a0y ceder en algunos aspectos -del mismo modo que lo har\u00e1n ellos- si quieren que Guanyar se sume a una coalici\u00f3n. \u00abA\u00fan hay margen para hacer pol\u00edticas de progreso. Intentaremos llegar a posibles acuerdos. Todo depender\u00e1 de que el PSOE entienda lo que ha ocurrido en la ciudad de Alcoy. Es muy evidente que es el partido que m\u00e1s ha perdido en el espectro de la izquierda. Por tanto, tendr\u00e1 que hacer un an\u00e1lisis y una correcci\u00f3n de sus pol\u00edticas\u00bb.<\/p>\n<p style=\"text-align: justify;\">A\u00fan as\u00ed -y si finalmente no entran en el Gobierno- s\u00ed que\u00a0<strong>posibilitar\u00e1n que la izquierda gobierne en la ciudad<\/strong>. Y esto se consigue vot\u00e1ndose a s\u00ed mismos en la constituci\u00f3n del Ayuntamiento.<\/p>\n<p style=\"text-align: justify;\">A pesar de eso,\u00a0<strong>Guanyar ha organizado asambleas ciudadanas<\/strong>, debido a que se trata de una plataforma, en las que se decidir\u00e1 qu\u00e9 postura adoptan finalmente.<\/p>\n<p style=\"text-align: justify;\"><span style=\"color: #0000ff;\"><strong>Posibles acuerdos<\/strong><\/span><\/p>\n<p style=\"text-align: justify;\">\u00abNosotros estamos para ayudar, para sumar. Nosotros queremos colaborar, dar un proyecto de ciudad con un programa consensuado con todas las fuerzas de izquierda y contando con toda la corporaci\u00f3n municipal\u00bb, ha insistido el candidato.<\/p>\n<p style=\"text-align: justify;\">A la hora de cerrar posibles acuerdos y sacar proyectos adelante, una vez iniciada la legislatura, est\u00e1n abiertos a todos. \u00abPodemos llegar a\u00a0<strong>acuerdos puntuales de toda la corporaci\u00f3n<\/strong>. Hay motivos como \u2018de Estado\u2019 como la rehabilitaci\u00f3n del centro o del mantenimiento de la ciudad que todo el mundo tendremos que apoyar\u00bb.<\/p>\n","protected":false},"excerpt":{"rendered":"<p>Hoy mi\u00e9rcoles hemos recordado que L&#8217;Orxa plantea adelantar sus Fiestas al coincidir con las Elecciones Generales del 23J. Tambi\u00e9n hemos&#8230;<\/p>\n","protected":false},"author":1,"featured_media":110640,"comment_status":"open","ping_status":"open","sticky":false,"template":"","format":"standard","meta":{"footnotes":""},"categories":[6909,89,91,75],"tags":[],"class_list":["post-116772","post","type-post","status-publish","format-standard","has-post-thumbnail","hentry","category-actualidad","category-audiosdelosprogramas","category-informativos","category-noticias"],"yoast_head":"<!-- This site is optimized with the Yoast SEO plugin v27.3 - https:\/\/yoast.com\/product\/yoast-seo-wordpress\/ -->\n<title>&#039;Mediod\u00eda Cope&#039; Alcoy mi\u00e9rcoles 31 de mayo 2023 (14:20h) - COPE Alcoy<\/title>\n<meta name=\"robots\" content=\"index, follow, max-snippet:-1, max-image-preview:large, max-video-preview:-1\" \/>\n<link rel=\"canonical\" href=\"https:\/\/www.copealcoy.es\/es\/mediodia-cope-alcoy-miercoles-31-de-mayo-2023-1420h\/\" \/>\n<meta property=\"og:locale\" content=\"es_ES\" \/>\n<meta property=\"og:type\" content=\"article\" \/>\n<meta property=\"og:title\" content=\"&#039;Mediod\u00eda Cope&#039; Alcoy mi\u00e9rcoles 31 de mayo 2023 (14:20h) - COPE Alcoy\" \/>\n<meta property=\"og:description\" content=\"Hoy mi\u00e9rcoles hemos recordado que L&#8217;Orxa plantea adelantar sus Fiestas al coincidir con las Elecciones Generales del 23J. Tambi\u00e9n hemos...\" \/>\n<meta property=\"og:url\" content=\"https:\/\/www.copealcoy.es\/es\/mediodia-cope-alcoy-miercoles-31-de-mayo-2023-1420h\/\" \/>\n<meta property=\"og:site_name\" content=\"COPE Alcoy\" \/>\n<meta property=\"article:published_time\" content=\"2023-05-31T06:33:40+00:00\" \/>\n<meta property=\"article:modified_time\" content=\"2023-06-01T16:16:31+00:00\" \/>\n<meta property=\"og:image\" content=\"https:\/\/www.copealcoy.es\/wp-content\/uploads\/2023\/02\/511E7C88-D9D5-47F4-AF32-2A62DF0D1586.png\" \/>\n\t<meta property=\"og:image:width\" content=\"357\" \/>\n\t<meta property=\"og:image:height\" content=\"290\" \/>\n\t<meta property=\"og:image:type\" content=\"image\/png\" \/>\n<meta name=\"author\" content=\"Cope Alcoy\" \/>\n<meta name=\"twitter:label1\" content=\"Escrito por\" \/>\n\t<meta name=\"twitter:data1\" content=\"Cope Alcoy\" \/>\n\t<meta name=\"twitter:label2\" content=\"Tiempo de lectura\" \/>\n\t<meta name=\"twitter:data2\" content=\"2 minutos\" \/>\n<script type=\"application\/ld+json\" class=\"yoast-schema-graph\">{\"@context\":\"https:\\\/\\\/schema.org\",\"@graph\":[{\"@type\":\"Article\",\"@id\":\"https:\\\/\\\/www.copealcoy.es\\\/es\\\/mediodia-cope-alcoy-miercoles-31-de-mayo-2023-1420h\\\/#article\",\"isPartOf\":{\"@id\":\"https:\\\/\\\/www.copealcoy.es\\\/es\\\/mediodia-cope-alcoy-miercoles-31-de-mayo-2023-1420h\\\/\"},\"author\":{\"name\":\"Cope Alcoy\",\"@id\":\"https:\\\/\\\/www.copealcoy.es\\\/es\\\/#\\\/schema\\\/person\\\/e777c87fa024e57d40170af9df39882c\"},\"headline\":\"&#8216;Mediod\u00eda Cope&#8217; Alcoy mi\u00e9rcoles 31 de mayo 2023 (14:20h)\",\"datePublished\":\"2023-05-31T06:33:40+00:00\",\"dateModified\":\"2023-06-01T16:16:31+00:00\",\"mainEntityOfPage\":{\"@id\":\"https:\\\/\\\/www.copealcoy.es\\\/es\\\/mediodia-cope-alcoy-miercoles-31-de-mayo-2023-1420h\\\/\"},\"wordCount\":441,\"commentCount\":0,\"image\":{\"@id\":\"https:\\\/\\\/www.copealcoy.es\\\/es\\\/mediodia-cope-alcoy-miercoles-31-de-mayo-2023-1420h\\\/#primaryimage\"},\"thumbnailUrl\":\"https:\\\/\\\/www.copealcoy.es\\\/wp-content\\\/uploads\\\/2023\\\/02\\\/511E7C88-D9D5-47F4-AF32-2A62DF0D1586.png\",\"articleSection\":[\"Actualidad\",\"Audios de los programas\",\"Informativos\",\"Noticias\"],\"inLanguage\":\"es\"},{\"@type\":\"WebPage\",\"@id\":\"https:\\\/\\\/www.copealcoy.es\\\/es\\\/mediodia-cope-alcoy-miercoles-31-de-mayo-2023-1420h\\\/\",\"url\":\"https:\\\/\\\/www.copealcoy.es\\\/es\\\/mediodia-cope-alcoy-miercoles-31-de-mayo-2023-1420h\\\/\",\"name\":\"'Mediod\u00eda Cope' Alcoy mi\u00e9rcoles 31 de mayo 2023 (14:20h) - COPE Alcoy\",\"isPartOf\":{\"@id\":\"https:\\\/\\\/www.copealcoy.es\\\/es\\\/#website\"},\"primaryImageOfPage\":{\"@id\":\"https:\\\/\\\/www.copealcoy.es\\\/es\\\/mediodia-cope-alcoy-miercoles-31-de-mayo-2023-1420h\\\/#primaryimage\"},\"image\":{\"@id\":\"https:\\\/\\\/www.copealcoy.es\\\/es\\\/mediodia-cope-alcoy-miercoles-31-de-mayo-2023-1420h\\\/#primaryimage\"},\"thumbnailUrl\":\"https:\\\/\\\/www.copealcoy.es\\\/wp-content\\\/uploads\\\/2023\\\/02\\\/511E7C88-D9D5-47F4-AF32-2A62DF0D1586.png\",\"datePublished\":\"2023-05-31T06:33:40+00:00\",\"dateModified\":\"2023-06-01T16:16:31+00:00\",\"author\":{\"@id\":\"https:\\\/\\\/www.copealcoy.es\\\/es\\\/#\\\/schema\\\/person\\\/e777c87fa024e57d40170af9df39882c\"},\"breadcrumb\":{\"@id\":\"https:\\\/\\\/www.copealcoy.es\\\/es\\\/mediodia-cope-alcoy-miercoles-31-de-mayo-2023-1420h\\\/#breadcrumb\"},\"inLanguage\":\"es\",\"potentialAction\":[{\"@type\":\"ReadAction\",\"target\":[\"https:\\\/\\\/www.copealcoy.es\\\/es\\\/mediodia-cope-alcoy-miercoles-31-de-mayo-2023-1420h\\\/\"]}]},{\"@type\":\"ImageObject\",\"inLanguage\":\"es\",\"@id\":\"https:\\\/\\\/www.copealcoy.es\\\/es\\\/mediodia-cope-alcoy-miercoles-31-de-mayo-2023-1420h\\\/#primaryimage\",\"url\":\"https:\\\/\\\/www.copealcoy.es\\\/wp-content\\\/uploads\\\/2023\\\/02\\\/511E7C88-D9D5-47F4-AF32-2A62DF0D1586.png\",\"contentUrl\":\"https:\\\/\\\/www.copealcoy.es\\\/wp-content\\\/uploads\\\/2023\\\/02\\\/511E7C88-D9D5-47F4-AF32-2A62DF0D1586.png\",\"width\":357,\"height\":290},{\"@type\":\"BreadcrumbList\",\"@id\":\"https:\\\/\\\/www.copealcoy.es\\\/es\\\/mediodia-cope-alcoy-miercoles-31-de-mayo-2023-1420h\\\/#breadcrumb\",\"itemListElement\":[{\"@type\":\"ListItem\",\"position\":1,\"name\":\"Portada\",\"item\":\"https:\\\/\\\/www.copealcoy.es\\\/es\\\/\"},{\"@type\":\"ListItem\",\"position\":2,\"name\":\"&#8216;Mediod\u00eda Cope&#8217; Alcoy mi\u00e9rcoles 31 de mayo 2023 (14:20h)\"}]},{\"@type\":\"WebSite\",\"@id\":\"https:\\\/\\\/www.copealcoy.es\\\/es\\\/#website\",\"url\":\"https:\\\/\\\/www.copealcoy.es\\\/es\\\/\",\"name\":\"COPE Alcoy\",\"description\":\"Emisora COPE de radio local con emisi\u00f3n online. Pont de Sant Jordi 8-10 03803 Alcoy\",\"potentialAction\":[{\"@type\":\"SearchAction\",\"target\":{\"@type\":\"EntryPoint\",\"urlTemplate\":\"https:\\\/\\\/www.copealcoy.es\\\/es\\\/?s={search_term_string}\"},\"query-input\":{\"@type\":\"PropertyValueSpecification\",\"valueRequired\":true,\"valueName\":\"search_term_string\"}}],\"inLanguage\":\"es\"},{\"@type\":\"Person\",\"@id\":\"https:\\\/\\\/www.copealcoy.es\\\/es\\\/#\\\/schema\\\/person\\\/e777c87fa024e57d40170af9df39882c\",\"name\":\"Cope Alcoy\",\"image\":{\"@type\":\"ImageObject\",\"inLanguage\":\"es\",\"@id\":\"https:\\\/\\\/secure.gravatar.com\\\/avatar\\\/bb65d0283347e303893ba14f0692005417c1e0e690a325a4c5d8bb2b3943ee14?s=96&d=mm&r=g\",\"url\":\"https:\\\/\\\/secure.gravatar.com\\\/avatar\\\/bb65d0283347e303893ba14f0692005417c1e0e690a325a4c5d8bb2b3943ee14?s=96&d=mm&r=g\",\"contentUrl\":\"https:\\\/\\\/secure.gravatar.com\\\/avatar\\\/bb65d0283347e303893ba14f0692005417c1e0e690a325a4c5d8bb2b3943ee14?s=96&d=mm&r=g\",\"caption\":\"Cope Alcoy\"}}]}<\/script>\n<!-- \/ Yoast SEO plugin. -->","yoast_head_json":{"title":"'Mediod\u00eda Cope' Alcoy mi\u00e9rcoles 31 de mayo 2023 (14:20h) - COPE Alcoy","robots":{"index":"index","follow":"follow","max-snippet":"max-snippet:-1","max-image-preview":"max-image-preview:large","max-video-preview":"max-video-preview:-1"},"canonical":"https:\/\/www.copealcoy.es\/es\/mediodia-cope-alcoy-miercoles-31-de-mayo-2023-1420h\/","og_locale":"es_ES","og_type":"article","og_title":"'Mediod\u00eda Cope' Alcoy mi\u00e9rcoles 31 de mayo 2023 (14:20h) - COPE Alcoy","og_description":"Hoy mi\u00e9rcoles hemos recordado que L&#8217;Orxa plantea adelantar sus Fiestas al coincidir con las Elecciones Generales del 23J. Tambi\u00e9n hemos...","og_url":"https:\/\/www.copealcoy.es\/es\/mediodia-cope-alcoy-miercoles-31-de-mayo-2023-1420h\/","og_site_name":"COPE Alcoy","article_published_time":"2023-05-31T06:33:40+00:00","article_modified_time":"2023-06-01T16:16:31+00:00","og_image":[{"width":357,"height":290,"url":"https:\/\/www.copealcoy.es\/wp-content\/uploads\/2023\/02\/511E7C88-D9D5-47F4-AF32-2A62DF0D1586.png","type":"image\/png"}],"author":"Cope Alcoy","twitter_misc":{"Escrito por":"Cope Alcoy","Tiempo de lectura":"2 minutos"},"schema":{"@context":"https:\/\/schema.org","@graph":[{"@type":"Article","@id":"https:\/\/www.copealcoy.es\/es\/mediodia-cope-alcoy-miercoles-31-de-mayo-2023-1420h\/#article","isPartOf":{"@id":"https:\/\/www.copealcoy.es\/es\/mediodia-cope-alcoy-miercoles-31-de-mayo-2023-1420h\/"},"author":{"name":"Cope Alcoy","@id":"https:\/\/www.copealcoy.es\/es\/#\/schema\/person\/e777c87fa024e57d40170af9df39882c"},"headline":"&#8216;Mediod\u00eda Cope&#8217; Alcoy mi\u00e9rcoles 31 de mayo 2023 (14:20h)","datePublished":"2023-05-31T06:33:40+00:00","dateModified":"2023-06-01T16:16:31+00:00","mainEntityOfPage":{"@id":"https:\/\/www.copealcoy.es\/es\/mediodia-cope-alcoy-miercoles-31-de-mayo-2023-1420h\/"},"wordCount":441,"commentCount":0,"image":{"@id":"https:\/\/www.copealcoy.es\/es\/mediodia-cope-alcoy-miercoles-31-de-mayo-2023-1420h\/#primaryimage"},"thumbnailUrl":"https:\/\/www.copealcoy.es\/wp-content\/uploads\/2023\/02\/511E7C88-D9D5-47F4-AF32-2A62DF0D1586.png","articleSection":["Actualidad","Audios de los programas","Informativos","Noticias"],"inLanguage":"es"},{"@type":"WebPage","@id":"https:\/\/www.copealcoy.es\/es\/mediodia-cope-alcoy-miercoles-31-de-mayo-2023-1420h\/","url":"https:\/\/www.copealcoy.es\/es\/mediodia-cope-alcoy-miercoles-31-de-mayo-2023-1420h\/","name":"'Mediod\u00eda Cope' Alcoy mi\u00e9rcoles 31 de mayo 2023 (14:20h) - COPE Alcoy","isPartOf":{"@id":"https:\/\/www.copealcoy.es\/es\/#website"},"primaryImageOfPage":{"@id":"https:\/\/www.copealcoy.es\/es\/mediodia-cope-alcoy-miercoles-31-de-mayo-2023-1420h\/#primaryimage"},"image":{"@id":"https:\/\/www.copealcoy.es\/es\/mediodia-cope-alcoy-miercoles-31-de-mayo-2023-1420h\/#primaryimage"},"thumbnailUrl":"https:\/\/www.copealcoy.es\/wp-content\/uploads\/2023\/02\/511E7C88-D9D5-47F4-AF32-2A62DF0D1586.png","datePublished":"2023-05-31T06:33:40+00:00","dateModified":"2023-06-01T16:16:31+00:00","author":{"@id":"https:\/\/www.copealcoy.es\/es\/#\/schema\/person\/e777c87fa024e57d40170af9df39882c"},"breadcrumb":{"@id":"https:\/\/www.copealcoy.es\/es\/mediodia-cope-alcoy-miercoles-31-de-mayo-2023-1420h\/#breadcrumb"},"inLanguage":"es","potentialAction":[{"@type":"ReadAction","target":["https:\/\/www.copealcoy.es\/es\/mediodia-cope-alcoy-miercoles-31-de-mayo-2023-1420h\/"]}]},{"@type":"ImageObject","inLanguage":"es","@id":"https:\/\/www.copealcoy.es\/es\/mediodia-cope-alcoy-miercoles-31-de-mayo-2023-1420h\/#primaryimage","url":"https:\/\/www.copealcoy.es\/wp-content\/uploads\/2023\/02\/511E7C88-D9D5-47F4-AF32-2A62DF0D1586.png","contentUrl":"https:\/\/www.copealcoy.es\/wp-content\/uploads\/2023\/02\/511E7C88-D9D5-47F4-AF32-2A62DF0D1586.png","width":357,"height":290},{"@type":"BreadcrumbList","@id":"https:\/\/www.copealcoy.es\/es\/mediodia-cope-alcoy-miercoles-31-de-mayo-2023-1420h\/#breadcrumb","itemListElement":[{"@type":"ListItem","position":1,"name":"Portada","item":"https:\/\/www.copealcoy.es\/es\/"},{"@type":"ListItem","position":2,"name":"&#8216;Mediod\u00eda Cope&#8217; Alcoy mi\u00e9rcoles 31 de mayo 2023 (14:20h)"}]},{"@type":"WebSite","@id":"https:\/\/www.copealcoy.es\/es\/#website","url":"https:\/\/www.copealcoy.es\/es\/","name":"COPE Alcoy","description":"Emisora COPE de radio local con emisi\u00f3n online. Pont de Sant Jordi 8-10 03803 Alcoy","potentialAction":[{"@type":"SearchAction","target":{"@type":"EntryPoint","urlTemplate":"https:\/\/www.copealcoy.es\/es\/?s={search_term_string}"},"query-input":{"@type":"PropertyValueSpecification","valueRequired":true,"valueName":"search_term_string"}}],"inLanguage":"es"},{"@type":"Person","@id":"https:\/\/www.copealcoy.es\/es\/#\/schema\/person\/e777c87fa024e57d40170af9df39882c","name":"Cope Alcoy","image":{"@type":"ImageObject","inLanguage":"es","@id":"https:\/\/secure.gravatar.com\/avatar\/bb65d0283347e303893ba14f0692005417c1e0e690a325a4c5d8bb2b3943ee14?s=96&d=mm&r=g","url":"https:\/\/secure.gravatar.com\/avatar\/bb65d0283347e303893ba14f0692005417c1e0e690a325a4c5d8bb2b3943ee14?s=96&d=mm&r=g","contentUrl":"https:\/\/secure.gravatar.com\/avatar\/bb65d0283347e303893ba14f0692005417c1e0e690a325a4c5d8bb2b3943ee14?s=96&d=mm&r=g","caption":"Cope Alcoy"}}]}},"_links":{"self":[{"href":"https:\/\/www.copealcoy.es\/es\/wp-json\/wp\/v2\/posts\/116772","targetHints":{"allow":["GET"]}}],"collection":[{"href":"https:\/\/www.copealcoy.es\/es\/wp-json\/wp\/v2\/posts"}],"about":[{"href":"https:\/\/www.copealcoy.es\/es\/wp-json\/wp\/v2\/types\/post"}],"author":[{"embeddable":true,"href":"https:\/\/www.copealcoy.es\/es\/wp-json\/wp\/v2\/users\/1"}],"replies":[{"embeddable":true,"href":"https:\/\/www.copealcoy.es\/es\/wp-json\/wp\/v2\/comments?post=116772"}],"version-history":[{"count":0,"href":"https:\/\/www.copealcoy.es\/es\/wp-json\/wp\/v2\/posts\/116772\/revisions"}],"wp:featuredmedia":[{"embeddable":true,"href":"https:\/\/www.copealcoy.es\/es\/wp-json\/wp\/v2\/media\/110640"}],"wp:attachment":[{"href":"https:\/\/www.copealcoy.es\/es\/wp-json\/wp\/v2\/media?parent=116772"}],"wp:term":[{"taxonomy":"category","embeddable":true,"href":"https:\/\/www.copealcoy.es\/es\/wp-json\/wp\/v2\/categories?post=116772"},{"taxonomy":"post_tag","embeddable":true,"href":"https:\/\/www.copealcoy.es\/es\/wp-json\/wp\/v2\/tags?post=116772"}],"curies":[{"name":"wp","href":"https:\/\/api.w.org\/{rel}","templated":true}]}}