{"id":116667,"date":"2023-05-30T17:31:24","date_gmt":"2023-05-30T16:31:24","guid":{"rendered":"https:\/\/www.copealcoy.es\/?p=116667"},"modified":"2023-05-31T07:50:01","modified_gmt":"2023-05-31T06:50:01","slug":"alex-cerradelo-en-cope-alcoy-seria-inviable-un-gobierno-de-compromis-y-el-pp","status":"publish","type":"post","link":"https:\/\/www.copealcoy.es\/es\/alex-cerradelo-en-cope-alcoy-seria-inviable-un-gobierno-de-compromis-y-el-pp\/","title":{"rendered":"\u00c1lex Cerradelo en Cope Alcoy: &#8220;Ser\u00eda inviable un Gobierno de Comprom\u00eds y el PP&#8221;"},"content":{"rendered":"<audio class=\"wp-audio-shortcode\" id=\"audio-116667-1\" preload=\"none\" style=\"width: 100%;\" controls=\"controls\"><source type=\"audio\/mpeg\" src=\"https:\/\/www.copealcoy.es\/wp-content\/uploads\/2023\/05\/ENTREVISTA-ALEX-CERRADELO.mp3?_=1\" \/><a href=\"https:\/\/www.copealcoy.es\/wp-content\/uploads\/2023\/05\/ENTREVISTA-ALEX-CERRADELO.mp3\">https:\/\/www.copealcoy.es\/wp-content\/uploads\/2023\/05\/ENTREVISTA-ALEX-CERRADELO.mp3<\/a><\/audio>\n<p>&nbsp;<\/p>\n<p>En <strong>Comprom\u00eds<\/strong> est\u00e1n contentos con<span style=\"color: #000080;\"><a style=\"color: #000080;\" href=\"https:\/\/www.copealcoy.es\/el-pp-remonta-y-duplica-su-resultado-en-alcoy\/\" target=\"_blank\" rel=\"noopener\"> los resultados en las <strong>Elecciones Municipales<\/strong><\/a><\/span> del 28 de mayo. Y no es para menos. En un contexto en el que los partidos de izquierda han perdido concejales -el <strong>PSOE<\/strong> ha pasado de 12 a 9 esca\u00f1os y <strong>Podem<\/strong> ha desaparecido de la corporaci\u00f3n municipal-, excepto <strong>Guanyar<\/strong> que mantiene a sus dos ediles, <strong>Comprom\u00eds ha aumentado su representaci\u00f3n<\/strong>.<\/p>\n<p>Ahora <strong>con tres concejales<\/strong> -ganan un esca\u00f1o respecto a las de 2019-, su apoyo es clave para conformar Gobierno. Y est\u00e1n dispuestos a negociar. &#8220;Nuestro resultado electoral nos marca dos caminos. Podemos estar intentando <strong>aplicar nuestras pol\u00edticas desde la oposici\u00f3n o desde el Gobierno<\/strong>. Estamos abiertos a las dos posibilidades&#8221;, ha asegurado <strong>\u00c1lex Cerradelo<\/strong>, candidato de Comprom\u00eds, en la primera entrevista concedida a <strong>Cope Alcoy<\/strong> tras los resultados de las Elecciones Municipales.<\/p>\n<p>Sin embargo, <strong>solo se abren a un &#8216;Gobierno progresista&#8217;<\/strong>. &#8220;Podemos hablar puntualmente en algunas cosas, pero el ideario y las pol\u00edticas del Partido Popular son contrarias totalmente a lo que nosotros pensamos. <strong>Ser\u00eda inviable un Gobierno de Comprom\u00eds y el PP<\/strong>&#8220;. Cerradelo responde as\u00ed a las declaraciones que hac\u00eda este lunes <strong>Carlos Pastor<\/strong>, candidato popular, en Cope Alcoy y <span style=\"color: #000080;\"><a style=\"color: #000080;\" href=\"https:\/\/www.copealcoy.es\/carlos-pastor-habra-que-ver-si-compromis-quiere-un-cambio-o-seguir-con-lo-mismo-que-habia\/\" target=\"_blank\" rel=\"noopener\">su propuesta de negociar con la formaci\u00f3n<\/a><\/span> de Joan Baldov\u00ed.<\/p>\n<p>Para Cerradelo hay una linea roja: la ultraderecha. &#8220;<strong>No hablaremos con la extrema derecha<\/strong> en ning\u00fan momento. Representan algo que har\u00eda retroceder a nuestra sociedad&#8221;.<\/p>\n<p><strong>Los resultados<\/strong><\/p>\n<p>&#8220;Hemos tenido un <strong>crecimiento de m\u00e1s del 30%<\/strong> y es satisfactorio tener ese apoyo de los alcoyanos&#8221;. Comprom\u00eds crece en Alcoy, pero <span style=\"color: #000080;\"><a style=\"color: #000080;\" href=\"https:\/\/www.copealcoy.es\/carlos-mazon-nuevo-presidente-de-la-comunidad-valenciana\/\" target=\"_blank\" rel=\"noopener\">los resultados en la Comunidad Valenciana son diferentes<\/a><\/span>. &#8220;Estamos preocupados por el crecimiento de la derecha y de la ultraderecha en nuestra ciudad y en el Pa\u00eds Valenci\u00e0&#8221;.<\/p>\n<p>Asegura Cerradelo que los resultados perjudican a la ciudadan\u00eda. &#8220;En esta campa\u00f1a hemos perdido los valencianos. Desde la derecha y ultraderecha <strong>se ha querido buscar una clave estatal en nuestra elecciones<\/strong>. Parece que lo que se estaba votando era a Pedro S\u00e1nchez, cuando la realidad es que lo que se estaba votando eran las pol\u00edticas que se van a realizar en nuestra ciudad y en\u00a0 la Generalitat en los pr\u00f3ximos cuatro a\u00f1os. <strong>Son las pol\u00edticas que realmente pueden mejorarnos la vida o empeorarla<\/strong>&#8220;.<\/p>\n","protected":false},"excerpt":{"rendered":"<p>&nbsp; En Comprom\u00eds est\u00e1n contentos con los resultados en las Elecciones Municipales del 28 de mayo. Y no es para&#8230;<\/p>\n","protected":false},"author":1,"featured_media":116272,"comment_status":"open","ping_status":"open","sticky":false,"template":"","format":"standard","meta":{"footnotes":""},"categories":[6909,97,75,125],"tags":[1899,152,14729,422],"class_list":["post-116667","post","type-post","status-publish","format-standard","has-post-thumbnail","hentry","category-actualidad","category-alcoy","category-noticias","category-portada","tag-alex-cerradelo","tag-compromis","tag-elecciones-28m","tag-politica"],"yoast_head":"<!-- This site is optimized with the Yoast SEO plugin v27.3 - https:\/\/yoast.com\/product\/yoast-seo-wordpress\/ -->\n<title>\u00c1lex Cerradelo en Cope Alcoy: &quot;Ser\u00eda inviable un Gobierno de Comprom\u00eds y el PP&quot; - COPE Alcoy<\/title>\n<meta name=\"description\" content=\"En Comprom\u00eds est\u00e1n contentos con los resultados en las Elecciones Municipales del 28 de mayo. Y no es para menos. En un contexto en el que los partidos de izquierda han perdido concejales -el PSOE ha pasado de 12 a 9 esca\u00f1os y Podem ha desaparecido de la corporaci\u00f3n municipal-, excepto Guanyar que mantiene a sus dos ediles, Comprom\u00eds ha aumentado su representaci\u00f3n.\" \/>\n<meta name=\"robots\" content=\"index, follow, max-snippet:-1, max-image-preview:large, max-video-preview:-1\" \/>\n<link rel=\"canonical\" href=\"https:\/\/www.copealcoy.es\/es\/alex-cerradelo-en-cope-alcoy-seria-inviable-un-gobierno-de-compromis-y-el-pp\/\" \/>\n<meta property=\"og:locale\" content=\"es_ES\" \/>\n<meta property=\"og:type\" content=\"article\" \/>\n<meta property=\"og:title\" content=\"\u00c1lex Cerradelo en Cope Alcoy: &quot;Ser\u00eda inviable un Gobierno de Comprom\u00eds y el PP&quot; - COPE Alcoy\" \/>\n<meta property=\"og:description\" content=\"En Comprom\u00eds est\u00e1n contentos con los resultados en las Elecciones Municipales del 28 de mayo. Y no es para menos. En un contexto en el que los partidos de izquierda han perdido concejales -el PSOE ha pasado de 12 a 9 esca\u00f1os y Podem ha desaparecido de la corporaci\u00f3n municipal-, excepto Guanyar que mantiene a sus dos ediles, Comprom\u00eds ha aumentado su representaci\u00f3n.\" \/>\n<meta property=\"og:url\" content=\"https:\/\/www.copealcoy.es\/es\/alex-cerradelo-en-cope-alcoy-seria-inviable-un-gobierno-de-compromis-y-el-pp\/\" \/>\n<meta property=\"og:site_name\" content=\"COPE Alcoy\" \/>\n<meta property=\"article:published_time\" content=\"2023-05-30T16:31:24+00:00\" \/>\n<meta property=\"article:modified_time\" content=\"2023-05-31T06:50:01+00:00\" \/>\n<meta property=\"og:image\" content=\"https:\/\/www.copealcoy.es\/wp-content\/uploads\/2023\/05\/unnamed-1-15-scaled-e1684919028741.jpg\" \/>\n\t<meta property=\"og:image:width\" content=\"640\" \/>\n\t<meta property=\"og:image:height\" content=\"413\" \/>\n\t<meta property=\"og:image:type\" content=\"image\/jpeg\" \/>\n<meta name=\"author\" content=\"Cope Alcoy\" \/>\n<meta name=\"twitter:label1\" content=\"Escrito por\" \/>\n\t<meta name=\"twitter:data1\" content=\"Cope Alcoy\" \/>\n\t<meta name=\"twitter:label2\" content=\"Tiempo de lectura\" \/>\n\t<meta name=\"twitter:data2\" content=\"2 minutos\" \/>\n<script type=\"application\/ld+json\" class=\"yoast-schema-graph\">{\"@context\":\"https:\\\/\\\/schema.org\",\"@graph\":[{\"@type\":\"Article\",\"@id\":\"https:\\\/\\\/www.copealcoy.es\\\/es\\\/alex-cerradelo-en-cope-alcoy-seria-inviable-un-gobierno-de-compromis-y-el-pp\\\/#article\",\"isPartOf\":{\"@id\":\"https:\\\/\\\/www.copealcoy.es\\\/es\\\/alex-cerradelo-en-cope-alcoy-seria-inviable-un-gobierno-de-compromis-y-el-pp\\\/\"},\"author\":{\"name\":\"Cope Alcoy\",\"@id\":\"https:\\\/\\\/www.copealcoy.es\\\/es\\\/#\\\/schema\\\/person\\\/e777c87fa024e57d40170af9df39882c\"},\"headline\":\"\u00c1lex Cerradelo en Cope Alcoy: &#8220;Ser\u00eda inviable un Gobierno de Comprom\u00eds y el PP&#8221;\",\"datePublished\":\"2023-05-30T16:31:24+00:00\",\"dateModified\":\"2023-05-31T06:50:01+00:00\",\"mainEntityOfPage\":{\"@id\":\"https:\\\/\\\/www.copealcoy.es\\\/es\\\/alex-cerradelo-en-cope-alcoy-seria-inviable-un-gobierno-de-compromis-y-el-pp\\\/\"},\"wordCount\":416,\"commentCount\":0,\"image\":{\"@id\":\"https:\\\/\\\/www.copealcoy.es\\\/es\\\/alex-cerradelo-en-cope-alcoy-seria-inviable-un-gobierno-de-compromis-y-el-pp\\\/#primaryimage\"},\"thumbnailUrl\":\"https:\\\/\\\/www.copealcoy.es\\\/wp-content\\\/uploads\\\/2023\\\/05\\\/unnamed-1-15-scaled-e1684919028741.jpg\",\"keywords\":[\"\u00c1lex Cerradelo\",\"Comprom\u00eds\",\"Elecciones 28M\",\"Pol\u00edtica\"],\"articleSection\":[\"Actualidad\",\"Alcoy\",\"Noticias\",\"Portada\"],\"inLanguage\":\"es\"},{\"@type\":\"WebPage\",\"@id\":\"https:\\\/\\\/www.copealcoy.es\\\/es\\\/alex-cerradelo-en-cope-alcoy-seria-inviable-un-gobierno-de-compromis-y-el-pp\\\/\",\"url\":\"https:\\\/\\\/www.copealcoy.es\\\/es\\\/alex-cerradelo-en-cope-alcoy-seria-inviable-un-gobierno-de-compromis-y-el-pp\\\/\",\"name\":\"\u00c1lex Cerradelo en Cope Alcoy: \\\"Ser\u00eda inviable un Gobierno de Comprom\u00eds y el PP\\\" - COPE Alcoy\",\"isPartOf\":{\"@id\":\"https:\\\/\\\/www.copealcoy.es\\\/es\\\/#website\"},\"primaryImageOfPage\":{\"@id\":\"https:\\\/\\\/www.copealcoy.es\\\/es\\\/alex-cerradelo-en-cope-alcoy-seria-inviable-un-gobierno-de-compromis-y-el-pp\\\/#primaryimage\"},\"image\":{\"@id\":\"https:\\\/\\\/www.copealcoy.es\\\/es\\\/alex-cerradelo-en-cope-alcoy-seria-inviable-un-gobierno-de-compromis-y-el-pp\\\/#primaryimage\"},\"thumbnailUrl\":\"https:\\\/\\\/www.copealcoy.es\\\/wp-content\\\/uploads\\\/2023\\\/05\\\/unnamed-1-15-scaled-e1684919028741.jpg\",\"datePublished\":\"2023-05-30T16:31:24+00:00\",\"dateModified\":\"2023-05-31T06:50:01+00:00\",\"author\":{\"@id\":\"https:\\\/\\\/www.copealcoy.es\\\/es\\\/#\\\/schema\\\/person\\\/e777c87fa024e57d40170af9df39882c\"},\"description\":\"En Comprom\u00eds est\u00e1n contentos con los resultados en las Elecciones Municipales del 28 de mayo. Y no es para menos. En un contexto en el que los partidos de izquierda han perdido concejales -el PSOE ha pasado de 12 a 9 esca\u00f1os y Podem ha desaparecido de la corporaci\u00f3n municipal-, excepto Guanyar que mantiene a sus dos ediles, Comprom\u00eds ha aumentado su representaci\u00f3n.\",\"breadcrumb\":{\"@id\":\"https:\\\/\\\/www.copealcoy.es\\\/es\\\/alex-cerradelo-en-cope-alcoy-seria-inviable-un-gobierno-de-compromis-y-el-pp\\\/#breadcrumb\"},\"inLanguage\":\"es\",\"potentialAction\":[{\"@type\":\"ReadAction\",\"target\":[\"https:\\\/\\\/www.copealcoy.es\\\/es\\\/alex-cerradelo-en-cope-alcoy-seria-inviable-un-gobierno-de-compromis-y-el-pp\\\/\"]}]},{\"@type\":\"ImageObject\",\"inLanguage\":\"es\",\"@id\":\"https:\\\/\\\/www.copealcoy.es\\\/es\\\/alex-cerradelo-en-cope-alcoy-seria-inviable-un-gobierno-de-compromis-y-el-pp\\\/#primaryimage\",\"url\":\"https:\\\/\\\/www.copealcoy.es\\\/wp-content\\\/uploads\\\/2023\\\/05\\\/unnamed-1-15-scaled-e1684919028741.jpg\",\"contentUrl\":\"https:\\\/\\\/www.copealcoy.es\\\/wp-content\\\/uploads\\\/2023\\\/05\\\/unnamed-1-15-scaled-e1684919028741.jpg\",\"width\":640,\"height\":413},{\"@type\":\"BreadcrumbList\",\"@id\":\"https:\\\/\\\/www.copealcoy.es\\\/es\\\/alex-cerradelo-en-cope-alcoy-seria-inviable-un-gobierno-de-compromis-y-el-pp\\\/#breadcrumb\",\"itemListElement\":[{\"@type\":\"ListItem\",\"position\":1,\"name\":\"Portada\",\"item\":\"https:\\\/\\\/www.copealcoy.es\\\/es\\\/\"},{\"@type\":\"ListItem\",\"position\":2,\"name\":\"\u00c1lex Cerradelo en Cope Alcoy: \u00abSer\u00eda inviable un Gobierno de Comprom\u00eds y el PP\u00bb\"}]},{\"@type\":\"WebSite\",\"@id\":\"https:\\\/\\\/www.copealcoy.es\\\/es\\\/#website\",\"url\":\"https:\\\/\\\/www.copealcoy.es\\\/es\\\/\",\"name\":\"COPE Alcoy\",\"description\":\"Emisora COPE de radio local con emisi\u00f3n online. Pont de Sant Jordi 8-10 03803 Alcoy\",\"potentialAction\":[{\"@type\":\"SearchAction\",\"target\":{\"@type\":\"EntryPoint\",\"urlTemplate\":\"https:\\\/\\\/www.copealcoy.es\\\/es\\\/?s={search_term_string}\"},\"query-input\":{\"@type\":\"PropertyValueSpecification\",\"valueRequired\":true,\"valueName\":\"search_term_string\"}}],\"inLanguage\":\"es\"},{\"@type\":\"Person\",\"@id\":\"https:\\\/\\\/www.copealcoy.es\\\/es\\\/#\\\/schema\\\/person\\\/e777c87fa024e57d40170af9df39882c\",\"name\":\"Cope Alcoy\",\"image\":{\"@type\":\"ImageObject\",\"inLanguage\":\"es\",\"@id\":\"https:\\\/\\\/secure.gravatar.com\\\/avatar\\\/bb65d0283347e303893ba14f0692005417c1e0e690a325a4c5d8bb2b3943ee14?s=96&d=mm&r=g\",\"url\":\"https:\\\/\\\/secure.gravatar.com\\\/avatar\\\/bb65d0283347e303893ba14f0692005417c1e0e690a325a4c5d8bb2b3943ee14?s=96&d=mm&r=g\",\"contentUrl\":\"https:\\\/\\\/secure.gravatar.com\\\/avatar\\\/bb65d0283347e303893ba14f0692005417c1e0e690a325a4c5d8bb2b3943ee14?s=96&d=mm&r=g\",\"caption\":\"Cope Alcoy\"}}]}<\/script>\n<!-- \/ Yoast SEO plugin. -->","yoast_head_json":{"title":"\u00c1lex Cerradelo en Cope Alcoy: \"Ser\u00eda inviable un Gobierno de Comprom\u00eds y el PP\" - COPE Alcoy","description":"En Comprom\u00eds est\u00e1n contentos con los resultados en las Elecciones Municipales del 28 de mayo. Y no es para menos. En un contexto en el que los partidos de izquierda han perdido concejales -el PSOE ha pasado de 12 a 9 esca\u00f1os y Podem ha desaparecido de la corporaci\u00f3n municipal-, excepto Guanyar que mantiene a sus dos ediles, Comprom\u00eds ha aumentado su representaci\u00f3n.","robots":{"index":"index","follow":"follow","max-snippet":"max-snippet:-1","max-image-preview":"max-image-preview:large","max-video-preview":"max-video-preview:-1"},"canonical":"https:\/\/www.copealcoy.es\/es\/alex-cerradelo-en-cope-alcoy-seria-inviable-un-gobierno-de-compromis-y-el-pp\/","og_locale":"es_ES","og_type":"article","og_title":"\u00c1lex Cerradelo en Cope Alcoy: \"Ser\u00eda inviable un Gobierno de Comprom\u00eds y el PP\" - COPE Alcoy","og_description":"En Comprom\u00eds est\u00e1n contentos con los resultados en las Elecciones Municipales del 28 de mayo. Y no es para menos. En un contexto en el que los partidos de izquierda han perdido concejales -el PSOE ha pasado de 12 a 9 esca\u00f1os y Podem ha desaparecido de la corporaci\u00f3n municipal-, excepto Guanyar que mantiene a sus dos ediles, Comprom\u00eds ha aumentado su representaci\u00f3n.","og_url":"https:\/\/www.copealcoy.es\/es\/alex-cerradelo-en-cope-alcoy-seria-inviable-un-gobierno-de-compromis-y-el-pp\/","og_site_name":"COPE Alcoy","article_published_time":"2023-05-30T16:31:24+00:00","article_modified_time":"2023-05-31T06:50:01+00:00","og_image":[{"width":640,"height":413,"url":"https:\/\/www.copealcoy.es\/wp-content\/uploads\/2023\/05\/unnamed-1-15-scaled-e1684919028741.jpg","type":"image\/jpeg"}],"author":"Cope Alcoy","twitter_misc":{"Escrito por":"Cope Alcoy","Tiempo de lectura":"2 minutos"},"schema":{"@context":"https:\/\/schema.org","@graph":[{"@type":"Article","@id":"https:\/\/www.copealcoy.es\/es\/alex-cerradelo-en-cope-alcoy-seria-inviable-un-gobierno-de-compromis-y-el-pp\/#article","isPartOf":{"@id":"https:\/\/www.copealcoy.es\/es\/alex-cerradelo-en-cope-alcoy-seria-inviable-un-gobierno-de-compromis-y-el-pp\/"},"author":{"name":"Cope Alcoy","@id":"https:\/\/www.copealcoy.es\/es\/#\/schema\/person\/e777c87fa024e57d40170af9df39882c"},"headline":"\u00c1lex Cerradelo en Cope Alcoy: &#8220;Ser\u00eda inviable un Gobierno de Comprom\u00eds y el PP&#8221;","datePublished":"2023-05-30T16:31:24+00:00","dateModified":"2023-05-31T06:50:01+00:00","mainEntityOfPage":{"@id":"https:\/\/www.copealcoy.es\/es\/alex-cerradelo-en-cope-alcoy-seria-inviable-un-gobierno-de-compromis-y-el-pp\/"},"wordCount":416,"commentCount":0,"image":{"@id":"https:\/\/www.copealcoy.es\/es\/alex-cerradelo-en-cope-alcoy-seria-inviable-un-gobierno-de-compromis-y-el-pp\/#primaryimage"},"thumbnailUrl":"https:\/\/www.copealcoy.es\/wp-content\/uploads\/2023\/05\/unnamed-1-15-scaled-e1684919028741.jpg","keywords":["\u00c1lex Cerradelo","Comprom\u00eds","Elecciones 28M","Pol\u00edtica"],"articleSection":["Actualidad","Alcoy","Noticias","Portada"],"inLanguage":"es"},{"@type":"WebPage","@id":"https:\/\/www.copealcoy.es\/es\/alex-cerradelo-en-cope-alcoy-seria-inviable-un-gobierno-de-compromis-y-el-pp\/","url":"https:\/\/www.copealcoy.es\/es\/alex-cerradelo-en-cope-alcoy-seria-inviable-un-gobierno-de-compromis-y-el-pp\/","name":"\u00c1lex Cerradelo en Cope Alcoy: \"Ser\u00eda inviable un Gobierno de Comprom\u00eds y el PP\" - COPE Alcoy","isPartOf":{"@id":"https:\/\/www.copealcoy.es\/es\/#website"},"primaryImageOfPage":{"@id":"https:\/\/www.copealcoy.es\/es\/alex-cerradelo-en-cope-alcoy-seria-inviable-un-gobierno-de-compromis-y-el-pp\/#primaryimage"},"image":{"@id":"https:\/\/www.copealcoy.es\/es\/alex-cerradelo-en-cope-alcoy-seria-inviable-un-gobierno-de-compromis-y-el-pp\/#primaryimage"},"thumbnailUrl":"https:\/\/www.copealcoy.es\/wp-content\/uploads\/2023\/05\/unnamed-1-15-scaled-e1684919028741.jpg","datePublished":"2023-05-30T16:31:24+00:00","dateModified":"2023-05-31T06:50:01+00:00","author":{"@id":"https:\/\/www.copealcoy.es\/es\/#\/schema\/person\/e777c87fa024e57d40170af9df39882c"},"description":"En Comprom\u00eds est\u00e1n contentos con los resultados en las Elecciones Municipales del 28 de mayo. Y no es para menos. En un contexto en el que los partidos de izquierda han perdido concejales -el PSOE ha pasado de 12 a 9 esca\u00f1os y Podem ha desaparecido de la corporaci\u00f3n municipal-, excepto Guanyar que mantiene a sus dos ediles, Comprom\u00eds ha aumentado su representaci\u00f3n.","breadcrumb":{"@id":"https:\/\/www.copealcoy.es\/es\/alex-cerradelo-en-cope-alcoy-seria-inviable-un-gobierno-de-compromis-y-el-pp\/#breadcrumb"},"inLanguage":"es","potentialAction":[{"@type":"ReadAction","target":["https:\/\/www.copealcoy.es\/es\/alex-cerradelo-en-cope-alcoy-seria-inviable-un-gobierno-de-compromis-y-el-pp\/"]}]},{"@type":"ImageObject","inLanguage":"es","@id":"https:\/\/www.copealcoy.es\/es\/alex-cerradelo-en-cope-alcoy-seria-inviable-un-gobierno-de-compromis-y-el-pp\/#primaryimage","url":"https:\/\/www.copealcoy.es\/wp-content\/uploads\/2023\/05\/unnamed-1-15-scaled-e1684919028741.jpg","contentUrl":"https:\/\/www.copealcoy.es\/wp-content\/uploads\/2023\/05\/unnamed-1-15-scaled-e1684919028741.jpg","width":640,"height":413},{"@type":"BreadcrumbList","@id":"https:\/\/www.copealcoy.es\/es\/alex-cerradelo-en-cope-alcoy-seria-inviable-un-gobierno-de-compromis-y-el-pp\/#breadcrumb","itemListElement":[{"@type":"ListItem","position":1,"name":"Portada","item":"https:\/\/www.copealcoy.es\/es\/"},{"@type":"ListItem","position":2,"name":"\u00c1lex Cerradelo en Cope Alcoy: \u00abSer\u00eda inviable un Gobierno de Comprom\u00eds y el PP\u00bb"}]},{"@type":"WebSite","@id":"https:\/\/www.copealcoy.es\/es\/#website","url":"https:\/\/www.copealcoy.es\/es\/","name":"COPE Alcoy","description":"Emisora COPE de radio local con emisi\u00f3n online. Pont de Sant Jordi 8-10 03803 Alcoy","potentialAction":[{"@type":"SearchAction","target":{"@type":"EntryPoint","urlTemplate":"https:\/\/www.copealcoy.es\/es\/?s={search_term_string}"},"query-input":{"@type":"PropertyValueSpecification","valueRequired":true,"valueName":"search_term_string"}}],"inLanguage":"es"},{"@type":"Person","@id":"https:\/\/www.copealcoy.es\/es\/#\/schema\/person\/e777c87fa024e57d40170af9df39882c","name":"Cope Alcoy","image":{"@type":"ImageObject","inLanguage":"es","@id":"https:\/\/secure.gravatar.com\/avatar\/bb65d0283347e303893ba14f0692005417c1e0e690a325a4c5d8bb2b3943ee14?s=96&d=mm&r=g","url":"https:\/\/secure.gravatar.com\/avatar\/bb65d0283347e303893ba14f0692005417c1e0e690a325a4c5d8bb2b3943ee14?s=96&d=mm&r=g","contentUrl":"https:\/\/secure.gravatar.com\/avatar\/bb65d0283347e303893ba14f0692005417c1e0e690a325a4c5d8bb2b3943ee14?s=96&d=mm&r=g","caption":"Cope Alcoy"}}]}},"_links":{"self":[{"href":"https:\/\/www.copealcoy.es\/es\/wp-json\/wp\/v2\/posts\/116667","targetHints":{"allow":["GET"]}}],"collection":[{"href":"https:\/\/www.copealcoy.es\/es\/wp-json\/wp\/v2\/posts"}],"about":[{"href":"https:\/\/www.copealcoy.es\/es\/wp-json\/wp\/v2\/types\/post"}],"author":[{"embeddable":true,"href":"https:\/\/www.copealcoy.es\/es\/wp-json\/wp\/v2\/users\/1"}],"replies":[{"embeddable":true,"href":"https:\/\/www.copealcoy.es\/es\/wp-json\/wp\/v2\/comments?post=116667"}],"version-history":[{"count":0,"href":"https:\/\/www.copealcoy.es\/es\/wp-json\/wp\/v2\/posts\/116667\/revisions"}],"wp:featuredmedia":[{"embeddable":true,"href":"https:\/\/www.copealcoy.es\/es\/wp-json\/wp\/v2\/media\/116272"}],"wp:attachment":[{"href":"https:\/\/www.copealcoy.es\/es\/wp-json\/wp\/v2\/media?parent=116667"}],"wp:term":[{"taxonomy":"category","embeddable":true,"href":"https:\/\/www.copealcoy.es\/es\/wp-json\/wp\/v2\/categories?post=116667"},{"taxonomy":"post_tag","embeddable":true,"href":"https:\/\/www.copealcoy.es\/es\/wp-json\/wp\/v2\/tags?post=116667"}],"curies":[{"name":"wp","href":"https:\/\/api.w.org\/{rel}","templated":true}]}}