{"id":116573,"date":"2023-05-29T06:37:02","date_gmt":"2023-05-29T05:37:02","guid":{"rendered":"https:\/\/www.copealcoy.es\/?p=116573"},"modified":"2023-05-29T09:12:38","modified_gmt":"2023-05-29T08:12:38","slug":"informativo-matinal-lunes-29-de-mayo-2023-0720h","status":"publish","type":"post","link":"https:\/\/www.copealcoy.es\/es\/informativo-matinal-lunes-29-de-mayo-2023-0720h\/","title":{"rendered":"Informativo matinal lunes 29 de mayo 2023 (07:20h)"},"content":{"rendered":"<p><iframe loading=\"lazy\" title=\"Informatiu Matinal Dilluns 29 De Maig 2023 (07:20h)\" width=\"100%\" height=\"120\" src=\"https:\/\/www.mixcloud.com\/widget\/iframe\/?feed=https%3A%2F%2Fwww.mixcloud.com%2FCOPEAlcoy%2Finformatiu-matinal-dilluns-29-de-maig-2023-0720h%2F&amp;hide_cover=1\" frameborder=\"0\"><\/iframe><\/p>\n<p style=\"text-align: justify;\">La <strong>victoria por la m\u00ednima del PSOE<\/strong> en las Elecciones Municipales de Alcoy y los <strong>resultados favorables para el Partido Popular en gran parte de la comarca<\/strong> son algunas de las noticias destacadas de este 29 de mayo de 2023.<\/p>\n<p style=\"text-align: justify;\">El\u00a0<strong>PSOE de Alcoy<\/strong>\u00a0ha conseguido 9 concejales en las Elecciones Municipales de 2023. Son\u00a0<strong>3 concejales menos que en 2019<\/strong>\u00a0y\u00a0<strong>se alza como el partido m\u00e1s votado con 8.833 votos (29,70%)<\/strong>, seguido muy de cerca por el PP con 8.810 votos (29,63%).<\/p>\n<p style=\"text-align: justify;\">El PSOE\u00a0<strong>podr\u00eda gobernar en minor\u00eda o podr\u00eda formar gobierno con Comprom\u00eds Alcoi<\/strong>, que ha sacado 3 concejales, y Guanyar, que ha obtenido 2 ediles. En cualquier caso, se necesitan 13 concejales para poder gobernar en mayor\u00eda\u00a0<em>\u00abhe hablado ya con Comprom\u00eds y Guanyar para garantizar un gobierno de progreso en la ciudad frente al avance de la derecha que se ha dado a nivel auton\u00f3mico<\/em>\u00ab, ha dicho Toni Franc\u00e9s en COPE ALCOY.<\/p>\n<p style=\"text-align: justify;\">Por su parte el\u00a0<strong>Partido Popular<\/strong>\u00a0es uno de los\u00a0<strong>grandes vencedores<\/strong>\u00a0de la noche electoral de este 28 de mayo en Alcoy. La formaci\u00f3n pol\u00edtica,\u00a0<strong>con Carlos Pastor al frente<\/strong>, consigue\u00a0<strong>su mejor resultado en doce a\u00f1os<\/strong>\u00a0y\u00a0<strong>sube hasta los 8 concejales<\/strong>. El alcaldable\u00a0<strong>no ha ocultado su alegr\u00eda al ver el 100% escrutado<\/strong>\u00a0y ha explicado en COPE ALCOY que\u00a0<strong>este resultado se debe a un hecho concreto<\/strong>\u00a0\u00ab<em>la gente de Alcoy ha manifestado que no quiere que Franc\u00e9s siga m\u00e1s en el gobierno<\/em>\u00ab, ha indicado.<\/p>\n<div class=\"entry-content-wrapper clearfix\">\n<div class=\"entry-content clearfix\">\n<p style=\"text-align: justify;\"><strong>Comprom\u00eds Alcoi<\/strong>\u00a0tambi\u00e9n ha mejorado su resultado con respecto a 2019 y ha obtenido 3 ediles en el nuevo proyecto liderado por\u00a0<strong>\u00c1lex Cerradelo<\/strong>\u00a0mientras que\u00a0<strong>VOX<\/strong>\u00a0es quien experimenta un gran crecimiento. El partido, que ten\u00eda a\u00a0<strong>David Abad<\/strong>\u00a0como candidato, consigue hasta tres concejales y junto con el PP forman 11 ediles superando a los socialistas en el bloque de las derechas. Finalmente\u00a0<strong>Guanyar Alcoi<\/strong>, con\u00a0<strong>Sergi Rodr\u00edguez<\/strong>\u00a0como cabeza de lista, salva los muebles consiguiendo dos concejales.<\/p>\n<p style=\"text-align: justify;\">Se quedan sin representaci\u00f3n\u00a0<strong>Podem Alcoi<\/strong>\u00a0que ten\u00eda a\u00a0<strong>Trini Rubio<\/strong>\u00a0como alcaldable,\u00a0<strong>ADIN<\/strong>\u00a0cuyo cabeza de lista era Marcos Mart\u00ednez,\u00a0<strong>Ciudadanos<\/strong>\u00a0encabezado por Rafa Zamorano e incluso\u00a0<strong>Tercera Edad en Acci\u00f3n<\/strong>. La Corporaci\u00f3n Municipal\u00a0<strong>se queda con 5 partidos<\/strong>, 2 menos que en la anterior convocatoria electoral de hace ahora cuatro a\u00f1os.<\/p>\n<\/div>\n<\/div>\n","protected":false},"excerpt":{"rendered":"<p>La victoria por la m\u00ednima del PSOE en las Elecciones Municipales de Alcoy y los resultados favorables para el Partido&#8230;<\/p>\n","protected":false},"author":1,"featured_media":110612,"comment_status":"open","ping_status":"open","sticky":false,"template":"","format":"standard","meta":{"footnotes":""},"categories":[6909,89,91],"tags":[],"class_list":["post-116573","post","type-post","status-publish","format-standard","has-post-thumbnail","hentry","category-actualidad","category-audiosdelosprogramas","category-informativos"],"yoast_head":"<!-- This site is optimized with the Yoast SEO plugin v27.3 - https:\/\/yoast.com\/product\/yoast-seo-wordpress\/ -->\n<title>Informativo matinal lunes 29 de mayo 2023 (07:20h) - COPE Alcoy<\/title>\n<meta name=\"description\" content=\"La victoria por la m\u00ednima del PSOE en las Elecciones Municipales de Alcoy y los resultados favorables para el Partido Popular en gran parte de la comarca son algunas de las noticias destacadas de este 29 de mayo de 2023.\" \/>\n<meta name=\"robots\" content=\"index, follow, max-snippet:-1, max-image-preview:large, max-video-preview:-1\" \/>\n<link rel=\"canonical\" href=\"https:\/\/www.copealcoy.es\/es\/informativo-matinal-lunes-29-de-mayo-2023-0720h\/\" \/>\n<meta property=\"og:locale\" content=\"es_ES\" \/>\n<meta property=\"og:type\" content=\"article\" \/>\n<meta property=\"og:title\" content=\"Informativo matinal lunes 29 de mayo 2023 (07:20h) - COPE Alcoy\" \/>\n<meta property=\"og:description\" content=\"La victoria por la m\u00ednima del PSOE en las Elecciones Municipales de Alcoy y los resultados favorables para el Partido Popular en gran parte de la comarca son algunas de las noticias destacadas de este 29 de mayo de 2023.\" \/>\n<meta property=\"og:url\" content=\"https:\/\/www.copealcoy.es\/es\/informativo-matinal-lunes-29-de-mayo-2023-0720h\/\" \/>\n<meta property=\"og:site_name\" content=\"COPE Alcoy\" \/>\n<meta property=\"article:published_time\" content=\"2023-05-29T05:37:02+00:00\" \/>\n<meta property=\"article:modified_time\" content=\"2023-05-29T08:12:38+00:00\" \/>\n<meta property=\"og:image\" content=\"https:\/\/www.copealcoy.es\/wp-content\/uploads\/2023\/02\/Herrera-en-COPE-Alcoy-4.png\" \/>\n\t<meta property=\"og:image:width\" content=\"357\" \/>\n\t<meta property=\"og:image:height\" content=\"290\" \/>\n\t<meta property=\"og:image:type\" content=\"image\/png\" \/>\n<meta name=\"author\" content=\"Cope Alcoy\" \/>\n<meta name=\"twitter:label1\" content=\"Escrito por\" \/>\n\t<meta name=\"twitter:data1\" content=\"Cope Alcoy\" \/>\n\t<meta name=\"twitter:label2\" content=\"Tiempo de lectura\" \/>\n\t<meta name=\"twitter:data2\" content=\"2 minutos\" \/>\n<script type=\"application\/ld+json\" class=\"yoast-schema-graph\">{\"@context\":\"https:\\\/\\\/schema.org\",\"@graph\":[{\"@type\":\"Article\",\"@id\":\"https:\\\/\\\/www.copealcoy.es\\\/es\\\/informativo-matinal-lunes-29-de-mayo-2023-0720h\\\/#article\",\"isPartOf\":{\"@id\":\"https:\\\/\\\/www.copealcoy.es\\\/es\\\/informativo-matinal-lunes-29-de-mayo-2023-0720h\\\/\"},\"author\":{\"name\":\"Cope Alcoy\",\"@id\":\"https:\\\/\\\/www.copealcoy.es\\\/es\\\/#\\\/schema\\\/person\\\/e777c87fa024e57d40170af9df39882c\"},\"headline\":\"Informativo matinal lunes 29 de mayo 2023 (07:20h)\",\"datePublished\":\"2023-05-29T05:37:02+00:00\",\"dateModified\":\"2023-05-29T08:12:38+00:00\",\"mainEntityOfPage\":{\"@id\":\"https:\\\/\\\/www.copealcoy.es\\\/es\\\/informativo-matinal-lunes-29-de-mayo-2023-0720h\\\/\"},\"wordCount\":399,\"commentCount\":0,\"image\":{\"@id\":\"https:\\\/\\\/www.copealcoy.es\\\/es\\\/informativo-matinal-lunes-29-de-mayo-2023-0720h\\\/#primaryimage\"},\"thumbnailUrl\":\"https:\\\/\\\/www.copealcoy.es\\\/wp-content\\\/uploads\\\/2023\\\/02\\\/Herrera-en-COPE-Alcoy-4.png\",\"articleSection\":[\"Actualidad\",\"Audios de los programas\",\"Informativos\"],\"inLanguage\":\"es\"},{\"@type\":\"WebPage\",\"@id\":\"https:\\\/\\\/www.copealcoy.es\\\/es\\\/informativo-matinal-lunes-29-de-mayo-2023-0720h\\\/\",\"url\":\"https:\\\/\\\/www.copealcoy.es\\\/es\\\/informativo-matinal-lunes-29-de-mayo-2023-0720h\\\/\",\"name\":\"Informativo matinal lunes 29 de mayo 2023 (07:20h) - COPE Alcoy\",\"isPartOf\":{\"@id\":\"https:\\\/\\\/www.copealcoy.es\\\/es\\\/#website\"},\"primaryImageOfPage\":{\"@id\":\"https:\\\/\\\/www.copealcoy.es\\\/es\\\/informativo-matinal-lunes-29-de-mayo-2023-0720h\\\/#primaryimage\"},\"image\":{\"@id\":\"https:\\\/\\\/www.copealcoy.es\\\/es\\\/informativo-matinal-lunes-29-de-mayo-2023-0720h\\\/#primaryimage\"},\"thumbnailUrl\":\"https:\\\/\\\/www.copealcoy.es\\\/wp-content\\\/uploads\\\/2023\\\/02\\\/Herrera-en-COPE-Alcoy-4.png\",\"datePublished\":\"2023-05-29T05:37:02+00:00\",\"dateModified\":\"2023-05-29T08:12:38+00:00\",\"author\":{\"@id\":\"https:\\\/\\\/www.copealcoy.es\\\/es\\\/#\\\/schema\\\/person\\\/e777c87fa024e57d40170af9df39882c\"},\"description\":\"La victoria por la m\u00ednima del PSOE en las Elecciones Municipales de Alcoy y los resultados favorables para el Partido Popular en gran parte de la comarca son algunas de las noticias destacadas de este 29 de mayo de 2023.\",\"breadcrumb\":{\"@id\":\"https:\\\/\\\/www.copealcoy.es\\\/es\\\/informativo-matinal-lunes-29-de-mayo-2023-0720h\\\/#breadcrumb\"},\"inLanguage\":\"es\",\"potentialAction\":[{\"@type\":\"ReadAction\",\"target\":[\"https:\\\/\\\/www.copealcoy.es\\\/es\\\/informativo-matinal-lunes-29-de-mayo-2023-0720h\\\/\"]}]},{\"@type\":\"ImageObject\",\"inLanguage\":\"es\",\"@id\":\"https:\\\/\\\/www.copealcoy.es\\\/es\\\/informativo-matinal-lunes-29-de-mayo-2023-0720h\\\/#primaryimage\",\"url\":\"https:\\\/\\\/www.copealcoy.es\\\/wp-content\\\/uploads\\\/2023\\\/02\\\/Herrera-en-COPE-Alcoy-4.png\",\"contentUrl\":\"https:\\\/\\\/www.copealcoy.es\\\/wp-content\\\/uploads\\\/2023\\\/02\\\/Herrera-en-COPE-Alcoy-4.png\",\"width\":357,\"height\":290},{\"@type\":\"BreadcrumbList\",\"@id\":\"https:\\\/\\\/www.copealcoy.es\\\/es\\\/informativo-matinal-lunes-29-de-mayo-2023-0720h\\\/#breadcrumb\",\"itemListElement\":[{\"@type\":\"ListItem\",\"position\":1,\"name\":\"Portada\",\"item\":\"https:\\\/\\\/www.copealcoy.es\\\/es\\\/\"},{\"@type\":\"ListItem\",\"position\":2,\"name\":\"Informativo matinal lunes 29 de mayo 2023 (07:20h)\"}]},{\"@type\":\"WebSite\",\"@id\":\"https:\\\/\\\/www.copealcoy.es\\\/es\\\/#website\",\"url\":\"https:\\\/\\\/www.copealcoy.es\\\/es\\\/\",\"name\":\"COPE Alcoy\",\"description\":\"Emisora COPE de radio local con emisi\u00f3n online. Pont de Sant Jordi 8-10 03803 Alcoy\",\"potentialAction\":[{\"@type\":\"SearchAction\",\"target\":{\"@type\":\"EntryPoint\",\"urlTemplate\":\"https:\\\/\\\/www.copealcoy.es\\\/es\\\/?s={search_term_string}\"},\"query-input\":{\"@type\":\"PropertyValueSpecification\",\"valueRequired\":true,\"valueName\":\"search_term_string\"}}],\"inLanguage\":\"es\"},{\"@type\":\"Person\",\"@id\":\"https:\\\/\\\/www.copealcoy.es\\\/es\\\/#\\\/schema\\\/person\\\/e777c87fa024e57d40170af9df39882c\",\"name\":\"Cope Alcoy\",\"image\":{\"@type\":\"ImageObject\",\"inLanguage\":\"es\",\"@id\":\"https:\\\/\\\/secure.gravatar.com\\\/avatar\\\/bb65d0283347e303893ba14f0692005417c1e0e690a325a4c5d8bb2b3943ee14?s=96&d=mm&r=g\",\"url\":\"https:\\\/\\\/secure.gravatar.com\\\/avatar\\\/bb65d0283347e303893ba14f0692005417c1e0e690a325a4c5d8bb2b3943ee14?s=96&d=mm&r=g\",\"contentUrl\":\"https:\\\/\\\/secure.gravatar.com\\\/avatar\\\/bb65d0283347e303893ba14f0692005417c1e0e690a325a4c5d8bb2b3943ee14?s=96&d=mm&r=g\",\"caption\":\"Cope Alcoy\"}}]}<\/script>\n<!-- \/ Yoast SEO plugin. -->","yoast_head_json":{"title":"Informativo matinal lunes 29 de mayo 2023 (07:20h) - COPE Alcoy","description":"La victoria por la m\u00ednima del PSOE en las Elecciones Municipales de Alcoy y los resultados favorables para el Partido Popular en gran parte de la comarca son algunas de las noticias destacadas de este 29 de mayo de 2023.","robots":{"index":"index","follow":"follow","max-snippet":"max-snippet:-1","max-image-preview":"max-image-preview:large","max-video-preview":"max-video-preview:-1"},"canonical":"https:\/\/www.copealcoy.es\/es\/informativo-matinal-lunes-29-de-mayo-2023-0720h\/","og_locale":"es_ES","og_type":"article","og_title":"Informativo matinal lunes 29 de mayo 2023 (07:20h) - COPE Alcoy","og_description":"La victoria por la m\u00ednima del PSOE en las Elecciones Municipales de Alcoy y los resultados favorables para el Partido Popular en gran parte de la comarca son algunas de las noticias destacadas de este 29 de mayo de 2023.","og_url":"https:\/\/www.copealcoy.es\/es\/informativo-matinal-lunes-29-de-mayo-2023-0720h\/","og_site_name":"COPE Alcoy","article_published_time":"2023-05-29T05:37:02+00:00","article_modified_time":"2023-05-29T08:12:38+00:00","og_image":[{"width":357,"height":290,"url":"https:\/\/www.copealcoy.es\/wp-content\/uploads\/2023\/02\/Herrera-en-COPE-Alcoy-4.png","type":"image\/png"}],"author":"Cope Alcoy","twitter_misc":{"Escrito por":"Cope Alcoy","Tiempo de lectura":"2 minutos"},"schema":{"@context":"https:\/\/schema.org","@graph":[{"@type":"Article","@id":"https:\/\/www.copealcoy.es\/es\/informativo-matinal-lunes-29-de-mayo-2023-0720h\/#article","isPartOf":{"@id":"https:\/\/www.copealcoy.es\/es\/informativo-matinal-lunes-29-de-mayo-2023-0720h\/"},"author":{"name":"Cope Alcoy","@id":"https:\/\/www.copealcoy.es\/es\/#\/schema\/person\/e777c87fa024e57d40170af9df39882c"},"headline":"Informativo matinal lunes 29 de mayo 2023 (07:20h)","datePublished":"2023-05-29T05:37:02+00:00","dateModified":"2023-05-29T08:12:38+00:00","mainEntityOfPage":{"@id":"https:\/\/www.copealcoy.es\/es\/informativo-matinal-lunes-29-de-mayo-2023-0720h\/"},"wordCount":399,"commentCount":0,"image":{"@id":"https:\/\/www.copealcoy.es\/es\/informativo-matinal-lunes-29-de-mayo-2023-0720h\/#primaryimage"},"thumbnailUrl":"https:\/\/www.copealcoy.es\/wp-content\/uploads\/2023\/02\/Herrera-en-COPE-Alcoy-4.png","articleSection":["Actualidad","Audios de los programas","Informativos"],"inLanguage":"es"},{"@type":"WebPage","@id":"https:\/\/www.copealcoy.es\/es\/informativo-matinal-lunes-29-de-mayo-2023-0720h\/","url":"https:\/\/www.copealcoy.es\/es\/informativo-matinal-lunes-29-de-mayo-2023-0720h\/","name":"Informativo matinal lunes 29 de mayo 2023 (07:20h) - COPE Alcoy","isPartOf":{"@id":"https:\/\/www.copealcoy.es\/es\/#website"},"primaryImageOfPage":{"@id":"https:\/\/www.copealcoy.es\/es\/informativo-matinal-lunes-29-de-mayo-2023-0720h\/#primaryimage"},"image":{"@id":"https:\/\/www.copealcoy.es\/es\/informativo-matinal-lunes-29-de-mayo-2023-0720h\/#primaryimage"},"thumbnailUrl":"https:\/\/www.copealcoy.es\/wp-content\/uploads\/2023\/02\/Herrera-en-COPE-Alcoy-4.png","datePublished":"2023-05-29T05:37:02+00:00","dateModified":"2023-05-29T08:12:38+00:00","author":{"@id":"https:\/\/www.copealcoy.es\/es\/#\/schema\/person\/e777c87fa024e57d40170af9df39882c"},"description":"La victoria por la m\u00ednima del PSOE en las Elecciones Municipales de Alcoy y los resultados favorables para el Partido Popular en gran parte de la comarca son algunas de las noticias destacadas de este 29 de mayo de 2023.","breadcrumb":{"@id":"https:\/\/www.copealcoy.es\/es\/informativo-matinal-lunes-29-de-mayo-2023-0720h\/#breadcrumb"},"inLanguage":"es","potentialAction":[{"@type":"ReadAction","target":["https:\/\/www.copealcoy.es\/es\/informativo-matinal-lunes-29-de-mayo-2023-0720h\/"]}]},{"@type":"ImageObject","inLanguage":"es","@id":"https:\/\/www.copealcoy.es\/es\/informativo-matinal-lunes-29-de-mayo-2023-0720h\/#primaryimage","url":"https:\/\/www.copealcoy.es\/wp-content\/uploads\/2023\/02\/Herrera-en-COPE-Alcoy-4.png","contentUrl":"https:\/\/www.copealcoy.es\/wp-content\/uploads\/2023\/02\/Herrera-en-COPE-Alcoy-4.png","width":357,"height":290},{"@type":"BreadcrumbList","@id":"https:\/\/www.copealcoy.es\/es\/informativo-matinal-lunes-29-de-mayo-2023-0720h\/#breadcrumb","itemListElement":[{"@type":"ListItem","position":1,"name":"Portada","item":"https:\/\/www.copealcoy.es\/es\/"},{"@type":"ListItem","position":2,"name":"Informativo matinal lunes 29 de mayo 2023 (07:20h)"}]},{"@type":"WebSite","@id":"https:\/\/www.copealcoy.es\/es\/#website","url":"https:\/\/www.copealcoy.es\/es\/","name":"COPE Alcoy","description":"Emisora COPE de radio local con emisi\u00f3n online. Pont de Sant Jordi 8-10 03803 Alcoy","potentialAction":[{"@type":"SearchAction","target":{"@type":"EntryPoint","urlTemplate":"https:\/\/www.copealcoy.es\/es\/?s={search_term_string}"},"query-input":{"@type":"PropertyValueSpecification","valueRequired":true,"valueName":"search_term_string"}}],"inLanguage":"es"},{"@type":"Person","@id":"https:\/\/www.copealcoy.es\/es\/#\/schema\/person\/e777c87fa024e57d40170af9df39882c","name":"Cope Alcoy","image":{"@type":"ImageObject","inLanguage":"es","@id":"https:\/\/secure.gravatar.com\/avatar\/bb65d0283347e303893ba14f0692005417c1e0e690a325a4c5d8bb2b3943ee14?s=96&d=mm&r=g","url":"https:\/\/secure.gravatar.com\/avatar\/bb65d0283347e303893ba14f0692005417c1e0e690a325a4c5d8bb2b3943ee14?s=96&d=mm&r=g","contentUrl":"https:\/\/secure.gravatar.com\/avatar\/bb65d0283347e303893ba14f0692005417c1e0e690a325a4c5d8bb2b3943ee14?s=96&d=mm&r=g","caption":"Cope Alcoy"}}]}},"_links":{"self":[{"href":"https:\/\/www.copealcoy.es\/es\/wp-json\/wp\/v2\/posts\/116573","targetHints":{"allow":["GET"]}}],"collection":[{"href":"https:\/\/www.copealcoy.es\/es\/wp-json\/wp\/v2\/posts"}],"about":[{"href":"https:\/\/www.copealcoy.es\/es\/wp-json\/wp\/v2\/types\/post"}],"author":[{"embeddable":true,"href":"https:\/\/www.copealcoy.es\/es\/wp-json\/wp\/v2\/users\/1"}],"replies":[{"embeddable":true,"href":"https:\/\/www.copealcoy.es\/es\/wp-json\/wp\/v2\/comments?post=116573"}],"version-history":[{"count":0,"href":"https:\/\/www.copealcoy.es\/es\/wp-json\/wp\/v2\/posts\/116573\/revisions"}],"wp:featuredmedia":[{"embeddable":true,"href":"https:\/\/www.copealcoy.es\/es\/wp-json\/wp\/v2\/media\/110612"}],"wp:attachment":[{"href":"https:\/\/www.copealcoy.es\/es\/wp-json\/wp\/v2\/media?parent=116573"}],"wp:term":[{"taxonomy":"category","embeddable":true,"href":"https:\/\/www.copealcoy.es\/es\/wp-json\/wp\/v2\/categories?post=116573"},{"taxonomy":"post_tag","embeddable":true,"href":"https:\/\/www.copealcoy.es\/es\/wp-json\/wp\/v2\/tags?post=116573"}],"curies":[{"name":"wp","href":"https:\/\/api.w.org\/{rel}","templated":true}]}}