{"id":11654,"date":"2015-03-26T15:14:09","date_gmt":"2015-03-26T15:14:09","guid":{"rendered":"http:\/\/copealcoi.es\/new\/?p=11654"},"modified":"2015-03-26T15:18:58","modified_gmt":"2015-03-26T15:18:58","slug":"santacreu-y-granados-dimiten-como-concejales","status":"publish","type":"post","link":"https:\/\/www.copealcoy.es\/es\/santacreu-y-granados-dimiten-como-concejales\/","title":{"rendered":"Santacreu y Granados dejan la corporaci\u00f3n"},"content":{"rendered":"<p style=\"text-align: justify;\">Los concejales Mario Santacreu y Luc\u00eda Granados dimitir\u00e1n como concejales No Adscritos para adentrarse en Ciudadanos. Seg\u00fan recoge este jueves el Diario Informaci\u00f3n de Alicante los dos\u00a0mun\u00edcipes seguir\u00e1n los pasos del exalcalde Sedano, que ya dimiti\u00f3 el pasado 10 de marzo, para formar parte de la formaci\u00f3n de Albert Rivera. Recordar que Ciudadanos ha emitido un comunicado esta semana donde destaca que el propio Jorge Sedano formar\u00e1 parte de la candidatura aunque sin confirmar si ser\u00e1 el cabeza de lista, algo que se da por hecho en el seno del partido. En el mismo escrito se deja claro que ni Santacreu ni Granados ocupar\u00e1n los puestos del 1 al 5.<\/p>\n<p style=\"text-align: justify;\">La renuncia de los dos concejales se har\u00e1 efectiva a partir del pleno del lunes y permitir\u00e1 que dos nuevos ediles lleguen al PP para encarar la recta final de la legislatura.<\/p>\n","protected":false},"excerpt":{"rendered":"<p>Los concejales Mario Santacreu y Luc\u00eda Granados dimitir\u00e1n como concejales No Adscritos para adentrarse en Ciudadanos. Seg\u00fan recoge este jueves&#8230;<\/p>\n","protected":false},"author":1,"featured_media":11655,"comment_status":"open","ping_status":"open","sticky":false,"template":"","format":"standard","meta":{"footnotes":""},"categories":[97,75,79],"tags":[1494,229,881,422],"class_list":["post-11654","post","type-post","status-publish","format-standard","has-post-thumbnail","hentry","category-alcoy","category-noticias","category-politicayeconomia","tag-alcoy","tag-ayuntamiento","tag-no-adscritos","tag-politica"],"yoast_head":"<!-- This site is optimized with the Yoast SEO plugin v27.3 - https:\/\/yoast.com\/product\/yoast-seo-wordpress\/ -->\n<title>Santacreu y Granados dejan la corporaci\u00f3n - COPE Alcoy<\/title>\n<meta name=\"robots\" content=\"index, follow, max-snippet:-1, max-image-preview:large, max-video-preview:-1\" \/>\n<link rel=\"canonical\" href=\"https:\/\/www.copealcoy.es\/es\/santacreu-y-granados-dimiten-como-concejales\/\" \/>\n<meta property=\"og:locale\" content=\"es_ES\" \/>\n<meta property=\"og:type\" content=\"article\" \/>\n<meta property=\"og:title\" content=\"Santacreu y Granados dejan la corporaci\u00f3n - COPE Alcoy\" \/>\n<meta property=\"og:description\" content=\"Los concejales Mario Santacreu y Luc\u00eda Granados dimitir\u00e1n como concejales No Adscritos para adentrarse en Ciudadanos. Seg\u00fan recoge este jueves...\" \/>\n<meta property=\"og:url\" content=\"https:\/\/www.copealcoy.es\/es\/santacreu-y-granados-dimiten-como-concejales\/\" \/>\n<meta property=\"og:site_name\" content=\"COPE Alcoy\" \/>\n<meta property=\"article:published_time\" content=\"2015-03-26T15:14:09+00:00\" \/>\n<meta property=\"article:modified_time\" content=\"2015-03-26T15:18:58+00:00\" \/>\n<meta property=\"og:image\" content=\"https:\/\/www.copealcoy.es\/wp-content\/uploads\/2015\/03\/image73.jpg\" \/>\n\t<meta property=\"og:image:width\" content=\"496\" \/>\n\t<meta property=\"og:image:height\" content=\"365\" \/>\n\t<meta property=\"og:image:type\" content=\"image\/jpeg\" \/>\n<meta name=\"author\" content=\"Cope Alcoy\" \/>\n<meta name=\"twitter:label1\" content=\"Escrito por\" \/>\n\t<meta name=\"twitter:data1\" content=\"Cope Alcoy\" \/>\n\t<meta name=\"twitter:label2\" content=\"Tiempo de lectura\" \/>\n\t<meta name=\"twitter:data2\" content=\"1 minuto\" \/>\n<script type=\"application\/ld+json\" class=\"yoast-schema-graph\">{\"@context\":\"https:\\\/\\\/schema.org\",\"@graph\":[{\"@type\":\"Article\",\"@id\":\"https:\\\/\\\/www.copealcoy.es\\\/es\\\/santacreu-y-granados-dimiten-como-concejales\\\/#article\",\"isPartOf\":{\"@id\":\"https:\\\/\\\/www.copealcoy.es\\\/es\\\/santacreu-y-granados-dimiten-como-concejales\\\/\"},\"author\":{\"name\":\"Cope Alcoy\",\"@id\":\"https:\\\/\\\/www.copealcoy.es\\\/es\\\/#\\\/schema\\\/person\\\/e777c87fa024e57d40170af9df39882c\"},\"headline\":\"Santacreu y Granados dejan la corporaci\u00f3n\",\"datePublished\":\"2015-03-26T15:14:09+00:00\",\"dateModified\":\"2015-03-26T15:18:58+00:00\",\"mainEntityOfPage\":{\"@id\":\"https:\\\/\\\/www.copealcoy.es\\\/es\\\/santacreu-y-granados-dimiten-como-concejales\\\/\"},\"wordCount\":155,\"commentCount\":0,\"image\":{\"@id\":\"https:\\\/\\\/www.copealcoy.es\\\/es\\\/santacreu-y-granados-dimiten-como-concejales\\\/#primaryimage\"},\"thumbnailUrl\":\"https:\\\/\\\/www.copealcoy.es\\\/wp-content\\\/uploads\\\/2015\\\/03\\\/image73.jpg\",\"keywords\":[\"Alcoy\",\"Ayuntamiento\",\"No Adscritos\",\"Pol\u00edtica\"],\"articleSection\":[\"Alcoy\",\"Noticias\",\"Pol\u00edtica y Econom\u00eda\"],\"inLanguage\":\"es\"},{\"@type\":\"WebPage\",\"@id\":\"https:\\\/\\\/www.copealcoy.es\\\/es\\\/santacreu-y-granados-dimiten-como-concejales\\\/\",\"url\":\"https:\\\/\\\/www.copealcoy.es\\\/es\\\/santacreu-y-granados-dimiten-como-concejales\\\/\",\"name\":\"Santacreu y Granados dejan la corporaci\u00f3n - COPE Alcoy\",\"isPartOf\":{\"@id\":\"https:\\\/\\\/www.copealcoy.es\\\/es\\\/#website\"},\"primaryImageOfPage\":{\"@id\":\"https:\\\/\\\/www.copealcoy.es\\\/es\\\/santacreu-y-granados-dimiten-como-concejales\\\/#primaryimage\"},\"image\":{\"@id\":\"https:\\\/\\\/www.copealcoy.es\\\/es\\\/santacreu-y-granados-dimiten-como-concejales\\\/#primaryimage\"},\"thumbnailUrl\":\"https:\\\/\\\/www.copealcoy.es\\\/wp-content\\\/uploads\\\/2015\\\/03\\\/image73.jpg\",\"datePublished\":\"2015-03-26T15:14:09+00:00\",\"dateModified\":\"2015-03-26T15:18:58+00:00\",\"author\":{\"@id\":\"https:\\\/\\\/www.copealcoy.es\\\/es\\\/#\\\/schema\\\/person\\\/e777c87fa024e57d40170af9df39882c\"},\"breadcrumb\":{\"@id\":\"https:\\\/\\\/www.copealcoy.es\\\/es\\\/santacreu-y-granados-dimiten-como-concejales\\\/#breadcrumb\"},\"inLanguage\":\"es\",\"potentialAction\":[{\"@type\":\"ReadAction\",\"target\":[\"https:\\\/\\\/www.copealcoy.es\\\/es\\\/santacreu-y-granados-dimiten-como-concejales\\\/\"]}]},{\"@type\":\"ImageObject\",\"inLanguage\":\"es\",\"@id\":\"https:\\\/\\\/www.copealcoy.es\\\/es\\\/santacreu-y-granados-dimiten-como-concejales\\\/#primaryimage\",\"url\":\"https:\\\/\\\/www.copealcoy.es\\\/wp-content\\\/uploads\\\/2015\\\/03\\\/image73.jpg\",\"contentUrl\":\"https:\\\/\\\/www.copealcoy.es\\\/wp-content\\\/uploads\\\/2015\\\/03\\\/image73.jpg\",\"width\":496,\"height\":365,\"caption\":\"Sedan y Santacreu en un pleno municipal \\\/ Foto: Juani Ruiz\"},{\"@type\":\"BreadcrumbList\",\"@id\":\"https:\\\/\\\/www.copealcoy.es\\\/es\\\/santacreu-y-granados-dimiten-como-concejales\\\/#breadcrumb\",\"itemListElement\":[{\"@type\":\"ListItem\",\"position\":1,\"name\":\"Portada\",\"item\":\"https:\\\/\\\/www.copealcoy.es\\\/es\\\/\"},{\"@type\":\"ListItem\",\"position\":2,\"name\":\"Santacreu y Granados dejan la corporaci\u00f3n\"}]},{\"@type\":\"WebSite\",\"@id\":\"https:\\\/\\\/www.copealcoy.es\\\/es\\\/#website\",\"url\":\"https:\\\/\\\/www.copealcoy.es\\\/es\\\/\",\"name\":\"COPE Alcoy\",\"description\":\"Emisora COPE de radio local con emisi\u00f3n online. Pont de Sant Jordi 8-10 03803 Alcoy\",\"potentialAction\":[{\"@type\":\"SearchAction\",\"target\":{\"@type\":\"EntryPoint\",\"urlTemplate\":\"https:\\\/\\\/www.copealcoy.es\\\/es\\\/?s={search_term_string}\"},\"query-input\":{\"@type\":\"PropertyValueSpecification\",\"valueRequired\":true,\"valueName\":\"search_term_string\"}}],\"inLanguage\":\"es\"},{\"@type\":\"Person\",\"@id\":\"https:\\\/\\\/www.copealcoy.es\\\/es\\\/#\\\/schema\\\/person\\\/e777c87fa024e57d40170af9df39882c\",\"name\":\"Cope Alcoy\",\"image\":{\"@type\":\"ImageObject\",\"inLanguage\":\"es\",\"@id\":\"https:\\\/\\\/secure.gravatar.com\\\/avatar\\\/bb65d0283347e303893ba14f0692005417c1e0e690a325a4c5d8bb2b3943ee14?s=96&d=mm&r=g\",\"url\":\"https:\\\/\\\/secure.gravatar.com\\\/avatar\\\/bb65d0283347e303893ba14f0692005417c1e0e690a325a4c5d8bb2b3943ee14?s=96&d=mm&r=g\",\"contentUrl\":\"https:\\\/\\\/secure.gravatar.com\\\/avatar\\\/bb65d0283347e303893ba14f0692005417c1e0e690a325a4c5d8bb2b3943ee14?s=96&d=mm&r=g\",\"caption\":\"Cope Alcoy\"}}]}<\/script>\n<!-- \/ Yoast SEO plugin. -->","yoast_head_json":{"title":"Santacreu y Granados dejan la corporaci\u00f3n - COPE Alcoy","robots":{"index":"index","follow":"follow","max-snippet":"max-snippet:-1","max-image-preview":"max-image-preview:large","max-video-preview":"max-video-preview:-1"},"canonical":"https:\/\/www.copealcoy.es\/es\/santacreu-y-granados-dimiten-como-concejales\/","og_locale":"es_ES","og_type":"article","og_title":"Santacreu y Granados dejan la corporaci\u00f3n - COPE Alcoy","og_description":"Los concejales Mario Santacreu y Luc\u00eda Granados dimitir\u00e1n como concejales No Adscritos para adentrarse en Ciudadanos. Seg\u00fan recoge este jueves...","og_url":"https:\/\/www.copealcoy.es\/es\/santacreu-y-granados-dimiten-como-concejales\/","og_site_name":"COPE Alcoy","article_published_time":"2015-03-26T15:14:09+00:00","article_modified_time":"2015-03-26T15:18:58+00:00","og_image":[{"width":496,"height":365,"url":"https:\/\/www.copealcoy.es\/wp-content\/uploads\/2015\/03\/image73.jpg","type":"image\/jpeg"}],"author":"Cope Alcoy","twitter_misc":{"Escrito por":"Cope Alcoy","Tiempo de lectura":"1 minuto"},"schema":{"@context":"https:\/\/schema.org","@graph":[{"@type":"Article","@id":"https:\/\/www.copealcoy.es\/es\/santacreu-y-granados-dimiten-como-concejales\/#article","isPartOf":{"@id":"https:\/\/www.copealcoy.es\/es\/santacreu-y-granados-dimiten-como-concejales\/"},"author":{"name":"Cope Alcoy","@id":"https:\/\/www.copealcoy.es\/es\/#\/schema\/person\/e777c87fa024e57d40170af9df39882c"},"headline":"Santacreu y Granados dejan la corporaci\u00f3n","datePublished":"2015-03-26T15:14:09+00:00","dateModified":"2015-03-26T15:18:58+00:00","mainEntityOfPage":{"@id":"https:\/\/www.copealcoy.es\/es\/santacreu-y-granados-dimiten-como-concejales\/"},"wordCount":155,"commentCount":0,"image":{"@id":"https:\/\/www.copealcoy.es\/es\/santacreu-y-granados-dimiten-como-concejales\/#primaryimage"},"thumbnailUrl":"https:\/\/www.copealcoy.es\/wp-content\/uploads\/2015\/03\/image73.jpg","keywords":["Alcoy","Ayuntamiento","No Adscritos","Pol\u00edtica"],"articleSection":["Alcoy","Noticias","Pol\u00edtica y Econom\u00eda"],"inLanguage":"es"},{"@type":"WebPage","@id":"https:\/\/www.copealcoy.es\/es\/santacreu-y-granados-dimiten-como-concejales\/","url":"https:\/\/www.copealcoy.es\/es\/santacreu-y-granados-dimiten-como-concejales\/","name":"Santacreu y Granados dejan la corporaci\u00f3n - COPE Alcoy","isPartOf":{"@id":"https:\/\/www.copealcoy.es\/es\/#website"},"primaryImageOfPage":{"@id":"https:\/\/www.copealcoy.es\/es\/santacreu-y-granados-dimiten-como-concejales\/#primaryimage"},"image":{"@id":"https:\/\/www.copealcoy.es\/es\/santacreu-y-granados-dimiten-como-concejales\/#primaryimage"},"thumbnailUrl":"https:\/\/www.copealcoy.es\/wp-content\/uploads\/2015\/03\/image73.jpg","datePublished":"2015-03-26T15:14:09+00:00","dateModified":"2015-03-26T15:18:58+00:00","author":{"@id":"https:\/\/www.copealcoy.es\/es\/#\/schema\/person\/e777c87fa024e57d40170af9df39882c"},"breadcrumb":{"@id":"https:\/\/www.copealcoy.es\/es\/santacreu-y-granados-dimiten-como-concejales\/#breadcrumb"},"inLanguage":"es","potentialAction":[{"@type":"ReadAction","target":["https:\/\/www.copealcoy.es\/es\/santacreu-y-granados-dimiten-como-concejales\/"]}]},{"@type":"ImageObject","inLanguage":"es","@id":"https:\/\/www.copealcoy.es\/es\/santacreu-y-granados-dimiten-como-concejales\/#primaryimage","url":"https:\/\/www.copealcoy.es\/wp-content\/uploads\/2015\/03\/image73.jpg","contentUrl":"https:\/\/www.copealcoy.es\/wp-content\/uploads\/2015\/03\/image73.jpg","width":496,"height":365,"caption":"Sedan y Santacreu en un pleno municipal \/ Foto: Juani Ruiz"},{"@type":"BreadcrumbList","@id":"https:\/\/www.copealcoy.es\/es\/santacreu-y-granados-dimiten-como-concejales\/#breadcrumb","itemListElement":[{"@type":"ListItem","position":1,"name":"Portada","item":"https:\/\/www.copealcoy.es\/es\/"},{"@type":"ListItem","position":2,"name":"Santacreu y Granados dejan la corporaci\u00f3n"}]},{"@type":"WebSite","@id":"https:\/\/www.copealcoy.es\/es\/#website","url":"https:\/\/www.copealcoy.es\/es\/","name":"COPE Alcoy","description":"Emisora COPE de radio local con emisi\u00f3n online. Pont de Sant Jordi 8-10 03803 Alcoy","potentialAction":[{"@type":"SearchAction","target":{"@type":"EntryPoint","urlTemplate":"https:\/\/www.copealcoy.es\/es\/?s={search_term_string}"},"query-input":{"@type":"PropertyValueSpecification","valueRequired":true,"valueName":"search_term_string"}}],"inLanguage":"es"},{"@type":"Person","@id":"https:\/\/www.copealcoy.es\/es\/#\/schema\/person\/e777c87fa024e57d40170af9df39882c","name":"Cope Alcoy","image":{"@type":"ImageObject","inLanguage":"es","@id":"https:\/\/secure.gravatar.com\/avatar\/bb65d0283347e303893ba14f0692005417c1e0e690a325a4c5d8bb2b3943ee14?s=96&d=mm&r=g","url":"https:\/\/secure.gravatar.com\/avatar\/bb65d0283347e303893ba14f0692005417c1e0e690a325a4c5d8bb2b3943ee14?s=96&d=mm&r=g","contentUrl":"https:\/\/secure.gravatar.com\/avatar\/bb65d0283347e303893ba14f0692005417c1e0e690a325a4c5d8bb2b3943ee14?s=96&d=mm&r=g","caption":"Cope Alcoy"}}]}},"_links":{"self":[{"href":"https:\/\/www.copealcoy.es\/es\/wp-json\/wp\/v2\/posts\/11654","targetHints":{"allow":["GET"]}}],"collection":[{"href":"https:\/\/www.copealcoy.es\/es\/wp-json\/wp\/v2\/posts"}],"about":[{"href":"https:\/\/www.copealcoy.es\/es\/wp-json\/wp\/v2\/types\/post"}],"author":[{"embeddable":true,"href":"https:\/\/www.copealcoy.es\/es\/wp-json\/wp\/v2\/users\/1"}],"replies":[{"embeddable":true,"href":"https:\/\/www.copealcoy.es\/es\/wp-json\/wp\/v2\/comments?post=11654"}],"version-history":[{"count":0,"href":"https:\/\/www.copealcoy.es\/es\/wp-json\/wp\/v2\/posts\/11654\/revisions"}],"wp:featuredmedia":[{"embeddable":true,"href":"https:\/\/www.copealcoy.es\/es\/wp-json\/wp\/v2\/media\/11655"}],"wp:attachment":[{"href":"https:\/\/www.copealcoy.es\/es\/wp-json\/wp\/v2\/media?parent=11654"}],"wp:term":[{"taxonomy":"category","embeddable":true,"href":"https:\/\/www.copealcoy.es\/es\/wp-json\/wp\/v2\/categories?post=11654"},{"taxonomy":"post_tag","embeddable":true,"href":"https:\/\/www.copealcoy.es\/es\/wp-json\/wp\/v2\/tags?post=11654"}],"curies":[{"name":"wp","href":"https:\/\/api.w.org\/{rel}","templated":true}]}}