{"id":116538,"date":"2023-05-28T22:06:13","date_gmt":"2023-05-28T21:06:13","guid":{"rendered":"https:\/\/www.copealcoy.es\/?p=116538"},"modified":"2023-05-28T22:57:25","modified_gmt":"2023-05-28T21:57:25","slug":"frances-tiende-la-mano-a-compromis-y-guanyar-para-un-gobierno-de-progreso-en-alcoy","status":"publish","type":"post","link":"https:\/\/www.copealcoy.es\/es\/frances-tiende-la-mano-a-compromis-y-guanyar-para-un-gobierno-de-progreso-en-alcoy\/","title":{"rendered":"Franc\u00e9s tiende la mano a Comprom\u00eds y Guanyar para un gobierno de progreso en Alcoy"},"content":{"rendered":"<p style=\"text-align: justify;\">El <strong>PSOE de Alcoy<\/strong> ha conseguido 9 concejales en las Elecciones Municipales de 2023. Son <strong>3 concejales menos que en 2019<\/strong> y <strong>se alza como el partido m\u00e1s votado con 8.833 votos (29,70%)<\/strong>, seguido muy de cerca por el PP con 8.810 votos (29,63%).<\/p>\n<p style=\"text-align: justify;\">El PSOE <strong>podr\u00eda gobernar en minor\u00eda o podr\u00eda formar gobierno con Comprom\u00eds Alcoi<\/strong>, que ha sacado 3 concejales, y Guanyar, que ha obtenido 2 ediles. En cualquier caso, se necesitan 13 concejales para poder gobernar en mayor\u00eda <em>&#8220;he hablado ya con Comprom\u00eds y Guanyar para garantizar un gobierno de progreso en la ciudad frente al avance de la derecha que se ha dado a nivel auton\u00f3mico<\/em>&#8220;, ha dicho Toni Franc\u00e9s en COPE ALCOY.<\/p>\n<p style=\"text-align: justify;\">Por su parte el <strong>Partido Popular<\/strong>\u00a0es uno de los\u00a0<strong>grandes vencedores<\/strong>\u00a0de la noche electoral de este 28 de mayo en Alcoy. La formaci\u00f3n pol\u00edtica,\u00a0<strong>con Carlos Pastor al frente<\/strong>, consigue\u00a0<strong>su mejor resultado en doce a\u00f1os<\/strong>\u00a0y\u00a0<strong>sube hasta los 8 concejales<\/strong>. El alcaldable\u00a0<strong>no ha ocultado su alegr\u00eda al ver el 100% escrutado<\/strong>\u00a0y ha explicado en COPE ALCOY que\u00a0<strong>este resultado se debe a un hecho concreto<\/strong>\u00a0\u00ab<em>la gente de Alcoy ha manifestado que no quiere que Franc\u00e9s siga m\u00e1s en el gobierno<\/em>\u00ab, ha indicado.<\/p>\n<div class=\"entry-content-wrapper clearfix\" style=\"text-align: justify;\">\n<div class=\"entry-content clearfix\">\n<p><strong>Comprom\u00eds Alcoi<\/strong>\u00a0tambi\u00e9n ha mejorado su resultado con respecto a 2019 y ha obtenido 3 ediles en el nuevo proyecto liderado por\u00a0<strong>\u00c1lex Cerradelo<\/strong>\u00a0mientras que\u00a0<strong>VOX<\/strong>\u00a0es quien experimenta un gran crecimiento. El partido, que ten\u00eda a\u00a0<strong>David Abad<\/strong>\u00a0como candidato, consigue hasta tres concejales y junto con el PP forman 11 ediles superando a los socialistas en el bloque de las derechas. Finalmente\u00a0<strong>Guanyar Alcoi<\/strong>, con\u00a0<strong>Sergi Rodr\u00edguez<\/strong>\u00a0como cabeza de lista, salva los muebles consiguiendo dos concejales.<\/p>\n<p>Se quedan sin representaci\u00f3n\u00a0<strong>Podem Alcoi<\/strong>\u00a0que ten\u00eda a\u00a0<strong>Trini Rubio<\/strong>\u00a0como alcaldable,\u00a0<strong>ADIN<\/strong>\u00a0cuyo cabeza de lista era Marcos Mart\u00ednez,\u00a0<strong>Ciudadanos<\/strong>\u00a0encabezado por Rafa Zamorano e incluso\u00a0<strong>Tercera Edad en Acci\u00f3n<\/strong>. La Corporaci\u00f3n Municipal\u00a0<strong>se queda con 5 partidos<\/strong>, 2 menos que en la anterior convocatoria electoral de hace ahora cuatro a\u00f1os.<\/p>\n<\/div>\n<\/div>\n<aside id=\"post-content-bottom-sidebar\" class=\"clearfix\">\n<div class=\"post-widget-area\" style=\"text-align: justify;\"><\/div>\n<\/aside>\n","protected":false},"excerpt":{"rendered":"<p>El PSOE de Alcoy ha conseguido 9 concejales en las Elecciones Municipales de 2023. Son 3 concejales menos que en&#8230;<\/p>\n","protected":false},"author":1,"featured_media":116544,"comment_status":"open","ping_status":"open","sticky":false,"template":"","format":"standard","meta":{"footnotes":""},"categories":[6909,97,75,79,125],"tags":[1494,721,8812,371,6814,681],"class_list":["post-116538","post","type-post","status-publish","format-standard","has-post-thumbnail","hentry","category-actualidad","category-alcoy","category-noticias","category-politicayeconomia","category-portada","tag-alcoy","tag-elecciones-municipales","tag-escrutinio","tag-psoe","tag-resultado","tag-toni-frances"],"yoast_head":"<!-- This site is optimized with the Yoast SEO plugin v27.3 - https:\/\/yoast.com\/product\/yoast-seo-wordpress\/ -->\n<title>Franc\u00e9s tiende la mano a Comprom\u00eds y Guanyar para un gobierno de progreso en Alcoy - COPE Alcoy<\/title>\n<meta name=\"robots\" content=\"index, follow, max-snippet:-1, max-image-preview:large, max-video-preview:-1\" \/>\n<link rel=\"canonical\" href=\"https:\/\/www.copealcoy.es\/es\/frances-tiende-la-mano-a-compromis-y-guanyar-para-un-gobierno-de-progreso-en-alcoy\/\" \/>\n<meta property=\"og:locale\" content=\"es_ES\" \/>\n<meta property=\"og:type\" content=\"article\" \/>\n<meta property=\"og:title\" content=\"Franc\u00e9s tiende la mano a Comprom\u00eds y Guanyar para un gobierno de progreso en Alcoy - COPE Alcoy\" \/>\n<meta property=\"og:description\" content=\"El PSOE de Alcoy ha conseguido 9 concejales en las Elecciones Municipales de 2023. Son 3 concejales menos que en...\" \/>\n<meta property=\"og:url\" content=\"https:\/\/www.copealcoy.es\/es\/frances-tiende-la-mano-a-compromis-y-guanyar-para-un-gobierno-de-progreso-en-alcoy\/\" \/>\n<meta property=\"og:site_name\" content=\"COPE Alcoy\" \/>\n<meta property=\"article:published_time\" content=\"2023-05-28T21:06:13+00:00\" \/>\n<meta property=\"article:modified_time\" content=\"2023-05-28T21:57:25+00:00\" \/>\n<meta property=\"og:image\" content=\"https:\/\/www.copealcoy.es\/wp-content\/uploads\/2023\/05\/0-1-1.jpg\" \/>\n\t<meta property=\"og:image:width\" content=\"998\" \/>\n\t<meta property=\"og:image:height\" content=\"710\" \/>\n\t<meta property=\"og:image:type\" content=\"image\/jpeg\" \/>\n<meta name=\"author\" content=\"Cope Alcoy\" \/>\n<meta name=\"twitter:label1\" content=\"Escrito por\" \/>\n\t<meta name=\"twitter:data1\" content=\"Cope Alcoy\" \/>\n\t<meta name=\"twitter:label2\" content=\"Tiempo de lectura\" \/>\n\t<meta name=\"twitter:data2\" content=\"2 minutos\" \/>\n<script type=\"application\/ld+json\" class=\"yoast-schema-graph\">{\"@context\":\"https:\\\/\\\/schema.org\",\"@graph\":[{\"@type\":\"Article\",\"@id\":\"https:\\\/\\\/www.copealcoy.es\\\/es\\\/frances-tiende-la-mano-a-compromis-y-guanyar-para-un-gobierno-de-progreso-en-alcoy\\\/#article\",\"isPartOf\":{\"@id\":\"https:\\\/\\\/www.copealcoy.es\\\/es\\\/frances-tiende-la-mano-a-compromis-y-guanyar-para-un-gobierno-de-progreso-en-alcoy\\\/\"},\"author\":{\"name\":\"Cope Alcoy\",\"@id\":\"https:\\\/\\\/www.copealcoy.es\\\/es\\\/#\\\/schema\\\/person\\\/e777c87fa024e57d40170af9df39882c\"},\"headline\":\"Franc\u00e9s tiende la mano a Comprom\u00eds y Guanyar para un gobierno de progreso en Alcoy\",\"datePublished\":\"2023-05-28T21:06:13+00:00\",\"dateModified\":\"2023-05-28T21:57:25+00:00\",\"mainEntityOfPage\":{\"@id\":\"https:\\\/\\\/www.copealcoy.es\\\/es\\\/frances-tiende-la-mano-a-compromis-y-guanyar-para-un-gobierno-de-progreso-en-alcoy\\\/\"},\"wordCount\":362,\"commentCount\":0,\"image\":{\"@id\":\"https:\\\/\\\/www.copealcoy.es\\\/es\\\/frances-tiende-la-mano-a-compromis-y-guanyar-para-un-gobierno-de-progreso-en-alcoy\\\/#primaryimage\"},\"thumbnailUrl\":\"https:\\\/\\\/www.copealcoy.es\\\/wp-content\\\/uploads\\\/2023\\\/05\\\/0-1-1.jpg\",\"keywords\":[\"Alcoy\",\"Elecciones Municipales\",\"escrutinio\",\"PSOE\",\"resultado\",\"Toni Franc\u00e9s\"],\"articleSection\":[\"Actualidad\",\"Alcoy\",\"Noticias\",\"Pol\u00edtica y Econom\u00eda\",\"Portada\"],\"inLanguage\":\"es\"},{\"@type\":\"WebPage\",\"@id\":\"https:\\\/\\\/www.copealcoy.es\\\/es\\\/frances-tiende-la-mano-a-compromis-y-guanyar-para-un-gobierno-de-progreso-en-alcoy\\\/\",\"url\":\"https:\\\/\\\/www.copealcoy.es\\\/es\\\/frances-tiende-la-mano-a-compromis-y-guanyar-para-un-gobierno-de-progreso-en-alcoy\\\/\",\"name\":\"Franc\u00e9s tiende la mano a Comprom\u00eds y Guanyar para un gobierno de progreso en Alcoy - COPE Alcoy\",\"isPartOf\":{\"@id\":\"https:\\\/\\\/www.copealcoy.es\\\/es\\\/#website\"},\"primaryImageOfPage\":{\"@id\":\"https:\\\/\\\/www.copealcoy.es\\\/es\\\/frances-tiende-la-mano-a-compromis-y-guanyar-para-un-gobierno-de-progreso-en-alcoy\\\/#primaryimage\"},\"image\":{\"@id\":\"https:\\\/\\\/www.copealcoy.es\\\/es\\\/frances-tiende-la-mano-a-compromis-y-guanyar-para-un-gobierno-de-progreso-en-alcoy\\\/#primaryimage\"},\"thumbnailUrl\":\"https:\\\/\\\/www.copealcoy.es\\\/wp-content\\\/uploads\\\/2023\\\/05\\\/0-1-1.jpg\",\"datePublished\":\"2023-05-28T21:06:13+00:00\",\"dateModified\":\"2023-05-28T21:57:25+00:00\",\"author\":{\"@id\":\"https:\\\/\\\/www.copealcoy.es\\\/es\\\/#\\\/schema\\\/person\\\/e777c87fa024e57d40170af9df39882c\"},\"breadcrumb\":{\"@id\":\"https:\\\/\\\/www.copealcoy.es\\\/es\\\/frances-tiende-la-mano-a-compromis-y-guanyar-para-un-gobierno-de-progreso-en-alcoy\\\/#breadcrumb\"},\"inLanguage\":\"es\",\"potentialAction\":[{\"@type\":\"ReadAction\",\"target\":[\"https:\\\/\\\/www.copealcoy.es\\\/es\\\/frances-tiende-la-mano-a-compromis-y-guanyar-para-un-gobierno-de-progreso-en-alcoy\\\/\"]}]},{\"@type\":\"ImageObject\",\"inLanguage\":\"es\",\"@id\":\"https:\\\/\\\/www.copealcoy.es\\\/es\\\/frances-tiende-la-mano-a-compromis-y-guanyar-para-un-gobierno-de-progreso-en-alcoy\\\/#primaryimage\",\"url\":\"https:\\\/\\\/www.copealcoy.es\\\/wp-content\\\/uploads\\\/2023\\\/05\\\/0-1-1.jpg\",\"contentUrl\":\"https:\\\/\\\/www.copealcoy.es\\\/wp-content\\\/uploads\\\/2023\\\/05\\\/0-1-1.jpg\",\"width\":998,\"height\":710},{\"@type\":\"BreadcrumbList\",\"@id\":\"https:\\\/\\\/www.copealcoy.es\\\/es\\\/frances-tiende-la-mano-a-compromis-y-guanyar-para-un-gobierno-de-progreso-en-alcoy\\\/#breadcrumb\",\"itemListElement\":[{\"@type\":\"ListItem\",\"position\":1,\"name\":\"Portada\",\"item\":\"https:\\\/\\\/www.copealcoy.es\\\/es\\\/\"},{\"@type\":\"ListItem\",\"position\":2,\"name\":\"Franc\u00e9s tiende la mano a Comprom\u00eds y Guanyar para un gobierno de progreso en Alcoy\"}]},{\"@type\":\"WebSite\",\"@id\":\"https:\\\/\\\/www.copealcoy.es\\\/es\\\/#website\",\"url\":\"https:\\\/\\\/www.copealcoy.es\\\/es\\\/\",\"name\":\"COPE Alcoy\",\"description\":\"Emisora COPE de radio local con emisi\u00f3n online. Pont de Sant Jordi 8-10 03803 Alcoy\",\"potentialAction\":[{\"@type\":\"SearchAction\",\"target\":{\"@type\":\"EntryPoint\",\"urlTemplate\":\"https:\\\/\\\/www.copealcoy.es\\\/es\\\/?s={search_term_string}\"},\"query-input\":{\"@type\":\"PropertyValueSpecification\",\"valueRequired\":true,\"valueName\":\"search_term_string\"}}],\"inLanguage\":\"es\"},{\"@type\":\"Person\",\"@id\":\"https:\\\/\\\/www.copealcoy.es\\\/es\\\/#\\\/schema\\\/person\\\/e777c87fa024e57d40170af9df39882c\",\"name\":\"Cope Alcoy\",\"image\":{\"@type\":\"ImageObject\",\"inLanguage\":\"es\",\"@id\":\"https:\\\/\\\/secure.gravatar.com\\\/avatar\\\/bb65d0283347e303893ba14f0692005417c1e0e690a325a4c5d8bb2b3943ee14?s=96&d=mm&r=g\",\"url\":\"https:\\\/\\\/secure.gravatar.com\\\/avatar\\\/bb65d0283347e303893ba14f0692005417c1e0e690a325a4c5d8bb2b3943ee14?s=96&d=mm&r=g\",\"contentUrl\":\"https:\\\/\\\/secure.gravatar.com\\\/avatar\\\/bb65d0283347e303893ba14f0692005417c1e0e690a325a4c5d8bb2b3943ee14?s=96&d=mm&r=g\",\"caption\":\"Cope Alcoy\"}}]}<\/script>\n<!-- \/ Yoast SEO plugin. -->","yoast_head_json":{"title":"Franc\u00e9s tiende la mano a Comprom\u00eds y Guanyar para un gobierno de progreso en Alcoy - COPE Alcoy","robots":{"index":"index","follow":"follow","max-snippet":"max-snippet:-1","max-image-preview":"max-image-preview:large","max-video-preview":"max-video-preview:-1"},"canonical":"https:\/\/www.copealcoy.es\/es\/frances-tiende-la-mano-a-compromis-y-guanyar-para-un-gobierno-de-progreso-en-alcoy\/","og_locale":"es_ES","og_type":"article","og_title":"Franc\u00e9s tiende la mano a Comprom\u00eds y Guanyar para un gobierno de progreso en Alcoy - COPE Alcoy","og_description":"El PSOE de Alcoy ha conseguido 9 concejales en las Elecciones Municipales de 2023. Son 3 concejales menos que en...","og_url":"https:\/\/www.copealcoy.es\/es\/frances-tiende-la-mano-a-compromis-y-guanyar-para-un-gobierno-de-progreso-en-alcoy\/","og_site_name":"COPE Alcoy","article_published_time":"2023-05-28T21:06:13+00:00","article_modified_time":"2023-05-28T21:57:25+00:00","og_image":[{"width":998,"height":710,"url":"https:\/\/www.copealcoy.es\/wp-content\/uploads\/2023\/05\/0-1-1.jpg","type":"image\/jpeg"}],"author":"Cope Alcoy","twitter_misc":{"Escrito por":"Cope Alcoy","Tiempo de lectura":"2 minutos"},"schema":{"@context":"https:\/\/schema.org","@graph":[{"@type":"Article","@id":"https:\/\/www.copealcoy.es\/es\/frances-tiende-la-mano-a-compromis-y-guanyar-para-un-gobierno-de-progreso-en-alcoy\/#article","isPartOf":{"@id":"https:\/\/www.copealcoy.es\/es\/frances-tiende-la-mano-a-compromis-y-guanyar-para-un-gobierno-de-progreso-en-alcoy\/"},"author":{"name":"Cope Alcoy","@id":"https:\/\/www.copealcoy.es\/es\/#\/schema\/person\/e777c87fa024e57d40170af9df39882c"},"headline":"Franc\u00e9s tiende la mano a Comprom\u00eds y Guanyar para un gobierno de progreso en Alcoy","datePublished":"2023-05-28T21:06:13+00:00","dateModified":"2023-05-28T21:57:25+00:00","mainEntityOfPage":{"@id":"https:\/\/www.copealcoy.es\/es\/frances-tiende-la-mano-a-compromis-y-guanyar-para-un-gobierno-de-progreso-en-alcoy\/"},"wordCount":362,"commentCount":0,"image":{"@id":"https:\/\/www.copealcoy.es\/es\/frances-tiende-la-mano-a-compromis-y-guanyar-para-un-gobierno-de-progreso-en-alcoy\/#primaryimage"},"thumbnailUrl":"https:\/\/www.copealcoy.es\/wp-content\/uploads\/2023\/05\/0-1-1.jpg","keywords":["Alcoy","Elecciones Municipales","escrutinio","PSOE","resultado","Toni Franc\u00e9s"],"articleSection":["Actualidad","Alcoy","Noticias","Pol\u00edtica y Econom\u00eda","Portada"],"inLanguage":"es"},{"@type":"WebPage","@id":"https:\/\/www.copealcoy.es\/es\/frances-tiende-la-mano-a-compromis-y-guanyar-para-un-gobierno-de-progreso-en-alcoy\/","url":"https:\/\/www.copealcoy.es\/es\/frances-tiende-la-mano-a-compromis-y-guanyar-para-un-gobierno-de-progreso-en-alcoy\/","name":"Franc\u00e9s tiende la mano a Comprom\u00eds y Guanyar para un gobierno de progreso en Alcoy - COPE Alcoy","isPartOf":{"@id":"https:\/\/www.copealcoy.es\/es\/#website"},"primaryImageOfPage":{"@id":"https:\/\/www.copealcoy.es\/es\/frances-tiende-la-mano-a-compromis-y-guanyar-para-un-gobierno-de-progreso-en-alcoy\/#primaryimage"},"image":{"@id":"https:\/\/www.copealcoy.es\/es\/frances-tiende-la-mano-a-compromis-y-guanyar-para-un-gobierno-de-progreso-en-alcoy\/#primaryimage"},"thumbnailUrl":"https:\/\/www.copealcoy.es\/wp-content\/uploads\/2023\/05\/0-1-1.jpg","datePublished":"2023-05-28T21:06:13+00:00","dateModified":"2023-05-28T21:57:25+00:00","author":{"@id":"https:\/\/www.copealcoy.es\/es\/#\/schema\/person\/e777c87fa024e57d40170af9df39882c"},"breadcrumb":{"@id":"https:\/\/www.copealcoy.es\/es\/frances-tiende-la-mano-a-compromis-y-guanyar-para-un-gobierno-de-progreso-en-alcoy\/#breadcrumb"},"inLanguage":"es","potentialAction":[{"@type":"ReadAction","target":["https:\/\/www.copealcoy.es\/es\/frances-tiende-la-mano-a-compromis-y-guanyar-para-un-gobierno-de-progreso-en-alcoy\/"]}]},{"@type":"ImageObject","inLanguage":"es","@id":"https:\/\/www.copealcoy.es\/es\/frances-tiende-la-mano-a-compromis-y-guanyar-para-un-gobierno-de-progreso-en-alcoy\/#primaryimage","url":"https:\/\/www.copealcoy.es\/wp-content\/uploads\/2023\/05\/0-1-1.jpg","contentUrl":"https:\/\/www.copealcoy.es\/wp-content\/uploads\/2023\/05\/0-1-1.jpg","width":998,"height":710},{"@type":"BreadcrumbList","@id":"https:\/\/www.copealcoy.es\/es\/frances-tiende-la-mano-a-compromis-y-guanyar-para-un-gobierno-de-progreso-en-alcoy\/#breadcrumb","itemListElement":[{"@type":"ListItem","position":1,"name":"Portada","item":"https:\/\/www.copealcoy.es\/es\/"},{"@type":"ListItem","position":2,"name":"Franc\u00e9s tiende la mano a Comprom\u00eds y Guanyar para un gobierno de progreso en Alcoy"}]},{"@type":"WebSite","@id":"https:\/\/www.copealcoy.es\/es\/#website","url":"https:\/\/www.copealcoy.es\/es\/","name":"COPE Alcoy","description":"Emisora COPE de radio local con emisi\u00f3n online. Pont de Sant Jordi 8-10 03803 Alcoy","potentialAction":[{"@type":"SearchAction","target":{"@type":"EntryPoint","urlTemplate":"https:\/\/www.copealcoy.es\/es\/?s={search_term_string}"},"query-input":{"@type":"PropertyValueSpecification","valueRequired":true,"valueName":"search_term_string"}}],"inLanguage":"es"},{"@type":"Person","@id":"https:\/\/www.copealcoy.es\/es\/#\/schema\/person\/e777c87fa024e57d40170af9df39882c","name":"Cope Alcoy","image":{"@type":"ImageObject","inLanguage":"es","@id":"https:\/\/secure.gravatar.com\/avatar\/bb65d0283347e303893ba14f0692005417c1e0e690a325a4c5d8bb2b3943ee14?s=96&d=mm&r=g","url":"https:\/\/secure.gravatar.com\/avatar\/bb65d0283347e303893ba14f0692005417c1e0e690a325a4c5d8bb2b3943ee14?s=96&d=mm&r=g","contentUrl":"https:\/\/secure.gravatar.com\/avatar\/bb65d0283347e303893ba14f0692005417c1e0e690a325a4c5d8bb2b3943ee14?s=96&d=mm&r=g","caption":"Cope Alcoy"}}]}},"_links":{"self":[{"href":"https:\/\/www.copealcoy.es\/es\/wp-json\/wp\/v2\/posts\/116538","targetHints":{"allow":["GET"]}}],"collection":[{"href":"https:\/\/www.copealcoy.es\/es\/wp-json\/wp\/v2\/posts"}],"about":[{"href":"https:\/\/www.copealcoy.es\/es\/wp-json\/wp\/v2\/types\/post"}],"author":[{"embeddable":true,"href":"https:\/\/www.copealcoy.es\/es\/wp-json\/wp\/v2\/users\/1"}],"replies":[{"embeddable":true,"href":"https:\/\/www.copealcoy.es\/es\/wp-json\/wp\/v2\/comments?post=116538"}],"version-history":[{"count":0,"href":"https:\/\/www.copealcoy.es\/es\/wp-json\/wp\/v2\/posts\/116538\/revisions"}],"wp:featuredmedia":[{"embeddable":true,"href":"https:\/\/www.copealcoy.es\/es\/wp-json\/wp\/v2\/media\/116544"}],"wp:attachment":[{"href":"https:\/\/www.copealcoy.es\/es\/wp-json\/wp\/v2\/media?parent=116538"}],"wp:term":[{"taxonomy":"category","embeddable":true,"href":"https:\/\/www.copealcoy.es\/es\/wp-json\/wp\/v2\/categories?post=116538"},{"taxonomy":"post_tag","embeddable":true,"href":"https:\/\/www.copealcoy.es\/es\/wp-json\/wp\/v2\/tags?post=116538"}],"curies":[{"name":"wp","href":"https:\/\/api.w.org\/{rel}","templated":true}]}}