{"id":116464,"date":"2023-05-28T11:46:28","date_gmt":"2023-05-28T10:46:28","guid":{"rendered":"https:\/\/www.copealcoy.es\/?p=116464"},"modified":"2023-05-28T18:34:13","modified_gmt":"2023-05-28T17:34:13","slug":"asi-han-votado-los-candidatos-a-la-alcaldia-de-alcoy","status":"publish","type":"post","link":"https:\/\/www.copealcoy.es\/es\/asi-han-votado-los-candidatos-a-la-alcaldia-de-alcoy\/","title":{"rendered":"As\u00ed han votado los candidatos a la alcald\u00eda de Alcoy"},"content":{"rendered":"<p style=\"text-align: justify;\">Contin\u00faa <span style=\"color: #000080;\"><a style=\"color: #000080;\" href=\"https:\/\/www.copealcoy.es\/arranca-con-normalidad-la-jornada-electoral-en-alcoy\/\" target=\"_blank\" rel=\"noopener\">la jornada electoral<\/a><\/span>. Por el momento, <strong>sin incidentes a pesar de la lluvia<\/strong>. No obstante, el tiempo no ha desanimado a los alcoyanos que llevan desde las 9 de la ma\u00f1ana acudiendo a los colegios electorales para depositar su voto.<\/p>\n<p style=\"text-align: justify;\">Tambi\u00e9n han votado ya a esta hora los candidato a la alcald\u00eda de la ciudad. El primero en acudir a las urnas ha sido <strong>David Abad<\/strong>, candidato de Vox, que ha votado a las 9 y media de la ma\u00f1ana en Escultor Persejo. Poco despu\u00e9s, a las 09:45 horas, <strong>Marcos Mart\u00ednez<\/strong>, cabeza de lista de ADIN, ha depositado su voto en el Viaducto.<\/p>\n<p style=\"text-align: justify;\"><strong>\u00c1lex Cerradelo<\/strong>, candidato de Comprom\u00eds, ha votado a las 10 de la ma\u00f1ana en el colegio electoral de la EPSA. A la misma hora lo hac\u00eda <strong>Trini Rubio<\/strong>, candidata de Podem, en el Centenari. Y a las 11 han ejercido su derecho a voto <strong>Toni Franc\u00e9s<\/strong>, candidato del PSOE, en el Romeral; <strong>Sergi Rodr\u00edguez<\/strong>, alcaldable de Guanyar Alcoi, en la Zona Norte, y <strong>Rafa Zamorano<\/strong>, candidato del Partido de la Ciudadan\u00eda de Alcoy, en el Emilio Sala. <strong>Carlos Pastor<\/strong> ha sido el \u00faltimo de los candidatos en votar. Lo ha hecho a las once y media de la ma\u00f1ana en el colegio electoral del Centre Cervantes Jove (CCJ).<\/p>\n<p style=\"text-align: justify;\">Los colegios electorales siguen <strong>abiertos hasta las ocho de la tarde<\/strong>, de forma ininterrumpida. En\u00a0<strong>Alcoy<\/strong> son\u00a0<strong>45.816 las personas mayores de edad con derecho a voto,<\/strong>\u00a0las cuales\u00a0<strong>pueden depositar las papeletas en las 176 urnas distribuidas por las 88 mesas de los colegios<\/strong> electorales de la ciudad. En esta cita electoral\u00a0<strong>siete mesas disponen de una nueva ubicaci\u00f3n<\/strong>. Puedes consultar todos los cambios realizados en las mesas electorales para esta jornada <span style=\"color: #000080;\"><a style=\"color: #000080;\" href=\"https:\/\/www.copealcoy.es\/45-816-alcoyanos-estan-llamados-a-las-urnas-este-domingo\/\" target=\"_blank\" rel=\"noopener\"><strong>aqu\u00ed<\/strong><\/a><\/span>.<\/p>\n<p style=\"text-align: justify;\">A partir de las ocho de la tarde arranca la <strong>programaci\u00f3n especial en Cope Alcoy<\/strong>, en la que analizaremos el recuento de votos con conexiones en directo en las distintas sedes de los partidos con sus candidatos.<\/p>\n<div id='gallery-1' class='gallery galleryid-116464 gallery-columns-3 gallery-size-thumbnail'><figure class='gallery-item'>\n\t\t\t<div class='gallery-icon landscape'>\n\t\t\t\t<a href='https:\/\/www.copealcoy.es\/es\/asi-han-votado-los-candidatos-a-la-alcaldia-de-alcoy\/whatsapp-image-2023-05-28-at-11-37-57\/'><img loading=\"lazy\" decoding=\"async\" width=\"300\" height=\"300\" src=\"https:\/\/www.copealcoy.es\/wp-content\/uploads\/2023\/05\/WhatsApp-Image-2023-05-28-at-11.37.57-300x300.jpeg\" class=\"attachment-thumbnail size-thumbnail\" alt=\"\" srcset=\"https:\/\/www.copealcoy.es\/wp-content\/uploads\/2023\/05\/WhatsApp-Image-2023-05-28-at-11.37.57-300x300.jpeg 300w, https:\/\/www.copealcoy.es\/wp-content\/uploads\/2023\/05\/WhatsApp-Image-2023-05-28-at-11.37.57-100x100.jpeg 100w, https:\/\/www.copealcoy.es\/wp-content\/uploads\/2023\/05\/WhatsApp-Image-2023-05-28-at-11.37.57-200x200.jpeg 200w\" sizes=\"auto, (max-width: 300px) 100vw, 300px\" \/><\/a>\n\t\t\t<\/div><\/figure><figure class='gallery-item'>\n\t\t\t<div class='gallery-icon landscape'>\n\t\t\t\t<a href='https:\/\/www.copealcoy.es\/es\/asi-han-votado-los-candidatos-a-la-alcaldia-de-alcoy\/whatsapp-image-2023-05-28-at-11-59-22\/'><img loading=\"lazy\" decoding=\"async\" width=\"300\" height=\"300\" src=\"https:\/\/www.copealcoy.es\/wp-content\/uploads\/2023\/05\/WhatsApp-Image-2023-05-28-at-11.59.22-300x300.jpeg\" class=\"attachment-thumbnail size-thumbnail\" alt=\"\" srcset=\"https:\/\/www.copealcoy.es\/wp-content\/uploads\/2023\/05\/WhatsApp-Image-2023-05-28-at-11.59.22-300x300.jpeg 300w, https:\/\/www.copealcoy.es\/wp-content\/uploads\/2023\/05\/WhatsApp-Image-2023-05-28-at-11.59.22-100x100.jpeg 100w, https:\/\/www.copealcoy.es\/wp-content\/uploads\/2023\/05\/WhatsApp-Image-2023-05-28-at-11.59.22-200x200.jpeg 200w\" sizes=\"auto, (max-width: 300px) 100vw, 300px\" \/><\/a>\n\t\t\t<\/div><\/figure><figure class='gallery-item'>\n\t\t\t<div class='gallery-icon landscape'>\n\t\t\t\t<a href='https:\/\/www.copealcoy.es\/es\/asi-han-votado-los-candidatos-a-la-alcaldia-de-alcoy\/whatsapp-image-2023-05-28-at-10-16-08\/'><img loading=\"lazy\" decoding=\"async\" width=\"300\" height=\"300\" src=\"https:\/\/www.copealcoy.es\/wp-content\/uploads\/2023\/05\/WhatsApp-Image-2023-05-28-at-10.16.08-300x300.jpeg\" class=\"attachment-thumbnail size-thumbnail\" alt=\"\" srcset=\"https:\/\/www.copealcoy.es\/wp-content\/uploads\/2023\/05\/WhatsApp-Image-2023-05-28-at-10.16.08-300x300.jpeg 300w, https:\/\/www.copealcoy.es\/wp-content\/uploads\/2023\/05\/WhatsApp-Image-2023-05-28-at-10.16.08-100x100.jpeg 100w, https:\/\/www.copealcoy.es\/wp-content\/uploads\/2023\/05\/WhatsApp-Image-2023-05-28-at-10.16.08-200x200.jpeg 200w\" sizes=\"auto, (max-width: 300px) 100vw, 300px\" \/><\/a>\n\t\t\t<\/div><\/figure><figure class='gallery-item'>\n\t\t\t<div class='gallery-icon landscape'>\n\t\t\t\t<a href='https:\/\/www.copealcoy.es\/es\/asi-han-votado-los-candidatos-a-la-alcaldia-de-alcoy\/whatsapp-image-2023-05-28-at-10-28-35\/'><img loading=\"lazy\" decoding=\"async\" width=\"300\" height=\"300\" src=\"https:\/\/www.copealcoy.es\/wp-content\/uploads\/2023\/05\/WhatsApp-Image-2023-05-28-at-10.28.35-300x300.jpeg\" class=\"attachment-thumbnail size-thumbnail\" alt=\"\" srcset=\"https:\/\/www.copealcoy.es\/wp-content\/uploads\/2023\/05\/WhatsApp-Image-2023-05-28-at-10.28.35-300x300.jpeg 300w, https:\/\/www.copealcoy.es\/wp-content\/uploads\/2023\/05\/WhatsApp-Image-2023-05-28-at-10.28.35-100x100.jpeg 100w, https:\/\/www.copealcoy.es\/wp-content\/uploads\/2023\/05\/WhatsApp-Image-2023-05-28-at-10.28.35-200x200.jpeg 200w\" sizes=\"auto, (max-width: 300px) 100vw, 300px\" \/><\/a>\n\t\t\t<\/div><\/figure><figure class='gallery-item'>\n\t\t\t<div class='gallery-icon landscape'>\n\t\t\t\t<a href='https:\/\/www.copealcoy.es\/es\/asi-han-votado-los-candidatos-a-la-alcaldia-de-alcoy\/whatsapp-image-2023-05-28-at-10-57-33\/'><img loading=\"lazy\" decoding=\"async\" width=\"300\" height=\"300\" src=\"https:\/\/www.copealcoy.es\/wp-content\/uploads\/2023\/05\/WhatsApp-Image-2023-05-28-at-10.57.33-300x300.jpeg\" class=\"attachment-thumbnail size-thumbnail\" alt=\"\" srcset=\"https:\/\/www.copealcoy.es\/wp-content\/uploads\/2023\/05\/WhatsApp-Image-2023-05-28-at-10.57.33-300x300.jpeg 300w, https:\/\/www.copealcoy.es\/wp-content\/uploads\/2023\/05\/WhatsApp-Image-2023-05-28-at-10.57.33-100x100.jpeg 100w, https:\/\/www.copealcoy.es\/wp-content\/uploads\/2023\/05\/WhatsApp-Image-2023-05-28-at-10.57.33-200x200.jpeg 200w\" sizes=\"auto, (max-width: 300px) 100vw, 300px\" \/><\/a>\n\t\t\t<\/div><\/figure><figure class='gallery-item'>\n\t\t\t<div class='gallery-icon landscape'>\n\t\t\t\t<a href='https:\/\/www.copealcoy.es\/es\/asi-han-votado-los-candidatos-a-la-alcaldia-de-alcoy\/whatsapp-image-2023-05-28-at-12-33-09\/'><img loading=\"lazy\" decoding=\"async\" width=\"300\" height=\"300\" src=\"https:\/\/www.copealcoy.es\/wp-content\/uploads\/2023\/05\/WhatsApp-Image-2023-05-28-at-12.33.09-e1685270961932-300x300.jpeg\" class=\"attachment-thumbnail size-thumbnail\" alt=\"\" srcset=\"https:\/\/www.copealcoy.es\/wp-content\/uploads\/2023\/05\/WhatsApp-Image-2023-05-28-at-12.33.09-e1685270961932-300x300.jpeg 300w, https:\/\/www.copealcoy.es\/wp-content\/uploads\/2023\/05\/WhatsApp-Image-2023-05-28-at-12.33.09-e1685270961932-100x100.jpeg 100w, https:\/\/www.copealcoy.es\/wp-content\/uploads\/2023\/05\/WhatsApp-Image-2023-05-28-at-12.33.09-e1685270961932-200x200.jpeg 200w\" sizes=\"auto, (max-width: 300px) 100vw, 300px\" \/><\/a>\n\t\t\t<\/div><\/figure><figure class='gallery-item'>\n\t\t\t<div class='gallery-icon landscape'>\n\t\t\t\t<a href='https:\/\/www.copealcoy.es\/es\/asi-han-votado-los-candidatos-a-la-alcaldia-de-alcoy\/whatsapp-image-2023-05-28-at-09-43-03\/'><img loading=\"lazy\" decoding=\"async\" width=\"300\" height=\"300\" src=\"https:\/\/www.copealcoy.es\/wp-content\/uploads\/2023\/05\/WhatsApp-Image-2023-05-28-at-09.43.03-300x300.jpeg\" class=\"attachment-thumbnail size-thumbnail\" alt=\"\" srcset=\"https:\/\/www.copealcoy.es\/wp-content\/uploads\/2023\/05\/WhatsApp-Image-2023-05-28-at-09.43.03-300x300.jpeg 300w, https:\/\/www.copealcoy.es\/wp-content\/uploads\/2023\/05\/WhatsApp-Image-2023-05-28-at-09.43.03-100x100.jpeg 100w, https:\/\/www.copealcoy.es\/wp-content\/uploads\/2023\/05\/WhatsApp-Image-2023-05-28-at-09.43.03-200x200.jpeg 200w\" sizes=\"auto, (max-width: 300px) 100vw, 300px\" \/><\/a>\n\t\t\t<\/div><\/figure><figure class='gallery-item'>\n\t\t\t<div class='gallery-icon landscape'>\n\t\t\t\t<a href='https:\/\/www.copealcoy.es\/es\/asi-han-votado-los-candidatos-a-la-alcaldia-de-alcoy\/whatsapp-image-2023-05-28-at-10-04-45\/'><img loading=\"lazy\" decoding=\"async\" width=\"300\" height=\"300\" src=\"https:\/\/www.copealcoy.es\/wp-content\/uploads\/2023\/05\/WhatsApp-Image-2023-05-28-at-10.04.45-300x300.jpeg\" class=\"attachment-thumbnail size-thumbnail\" alt=\"\" srcset=\"https:\/\/www.copealcoy.es\/wp-content\/uploads\/2023\/05\/WhatsApp-Image-2023-05-28-at-10.04.45-300x300.jpeg 300w, https:\/\/www.copealcoy.es\/wp-content\/uploads\/2023\/05\/WhatsApp-Image-2023-05-28-at-10.04.45-100x100.jpeg 100w, https:\/\/www.copealcoy.es\/wp-content\/uploads\/2023\/05\/WhatsApp-Image-2023-05-28-at-10.04.45-200x200.jpeg 200w\" sizes=\"auto, (max-width: 300px) 100vw, 300px\" \/><\/a>\n\t\t\t<\/div><\/figure>\n\t\t<\/div>\n\n<p>As\u00ed te hemos contado <strong>la ma\u00f1ana electoral<\/strong>:<\/p>\n<audio class=\"wp-audio-shortcode\" id=\"audio-116464-1\" preload=\"none\" style=\"width: 100%;\" controls=\"controls\"><source type=\"audio\/mpeg\" src=\"https:\/\/www.copealcoy.es\/wp-content\/uploads\/2023\/05\/DESCO-10.mp3?_=1\" \/><a href=\"https:\/\/www.copealcoy.es\/wp-content\/uploads\/2023\/05\/DESCO-10.mp3\">https:\/\/www.copealcoy.es\/wp-content\/uploads\/2023\/05\/DESCO-10.mp3<\/a><\/audio>\n<audio class=\"wp-audio-shortcode\" id=\"audio-116464-2\" preload=\"none\" style=\"width: 100%;\" controls=\"controls\"><source type=\"audio\/mpeg\" src=\"https:\/\/www.copealcoy.es\/wp-content\/uploads\/2023\/05\/DESCO-12.mp3?_=2\" \/><a href=\"https:\/\/www.copealcoy.es\/wp-content\/uploads\/2023\/05\/DESCO-12.mp3\">https:\/\/www.copealcoy.es\/wp-content\/uploads\/2023\/05\/DESCO-12.mp3<\/a><\/audio>\n<audio class=\"wp-audio-shortcode\" id=\"audio-116464-3\" preload=\"none\" style=\"width: 100%;\" controls=\"controls\"><source type=\"audio\/mpeg\" src=\"https:\/\/www.copealcoy.es\/wp-content\/uploads\/2023\/05\/DESCO-14.mp3?_=3\" \/><a href=\"https:\/\/www.copealcoy.es\/wp-content\/uploads\/2023\/05\/DESCO-14.mp3\">https:\/\/www.copealcoy.es\/wp-content\/uploads\/2023\/05\/DESCO-14.mp3<\/a><\/audio>\n","protected":false},"excerpt":{"rendered":"<p>Contin\u00faa la jornada electoral. Por el momento, sin incidentes a pesar de la lluvia. No obstante, el tiempo no ha&#8230;<\/p>\n","protected":false},"author":1,"featured_media":116471,"comment_status":"open","ping_status":"open","sticky":false,"template":"","format":"standard","meta":{"footnotes":""},"categories":[6909,97,744,75,125],"tags":[1494,223,14729,721],"class_list":["post-116464","post","type-post","status-publish","format-standard","has-post-thumbnail","hentry","category-actualidad","category-alcoy","category-elecciones","category-noticias","category-portada","tag-alcoy","tag-candidatos","tag-elecciones-28m","tag-elecciones-municipales"],"yoast_head":"<!-- This site is optimized with the Yoast SEO plugin v27.3 - https:\/\/yoast.com\/product\/yoast-seo-wordpress\/ -->\n<title>As\u00ed han votado los candidatos a la alcald\u00eda de Alcoy - COPE Alcoy<\/title>\n<meta name=\"description\" content=\"Contin\u00faa la jornada electoral. Por el momento, sin incidentes a pesar de la lluvia. No obstante, el tiempo no ha desanimado a los alcoyanos que llevan desde las 9 de la ma\u00f1ana acudiendo a los colegios electorales para depositar su voto.\" \/>\n<meta name=\"robots\" content=\"index, follow, max-snippet:-1, max-image-preview:large, max-video-preview:-1\" \/>\n<link rel=\"canonical\" href=\"https:\/\/www.copealcoy.es\/es\/asi-han-votado-los-candidatos-a-la-alcaldia-de-alcoy\/\" \/>\n<meta property=\"og:locale\" content=\"es_ES\" \/>\n<meta property=\"og:type\" content=\"article\" \/>\n<meta property=\"og:title\" content=\"As\u00ed han votado los candidatos a la alcald\u00eda de Alcoy - COPE Alcoy\" \/>\n<meta property=\"og:description\" content=\"Contin\u00faa la jornada electoral. Por el momento, sin incidentes a pesar de la lluvia. No obstante, el tiempo no ha desanimado a los alcoyanos que llevan desde las 9 de la ma\u00f1ana acudiendo a los colegios electorales para depositar su voto.\" \/>\n<meta property=\"og:url\" content=\"https:\/\/www.copealcoy.es\/es\/asi-han-votado-los-candidatos-a-la-alcaldia-de-alcoy\/\" \/>\n<meta property=\"og:site_name\" content=\"COPE Alcoy\" \/>\n<meta property=\"article:published_time\" content=\"2023-05-28T10:46:28+00:00\" \/>\n<meta property=\"article:modified_time\" content=\"2023-05-28T17:34:13+00:00\" \/>\n<meta property=\"og:image\" content=\"https:\/\/www.copealcoy.es\/wp-content\/uploads\/2023\/05\/DEBATES-SECTORIALES-14.png\" \/>\n\t<meta property=\"og:image:width\" content=\"720\" \/>\n\t<meta property=\"og:image:height\" content=\"290\" \/>\n\t<meta property=\"og:image:type\" content=\"image\/png\" \/>\n<meta name=\"author\" content=\"Cope Alcoy\" \/>\n<meta name=\"twitter:label1\" content=\"Escrito por\" \/>\n\t<meta name=\"twitter:data1\" content=\"Cope Alcoy\" \/>\n\t<meta name=\"twitter:label2\" content=\"Tiempo de lectura\" \/>\n\t<meta name=\"twitter:data2\" content=\"2 minutos\" \/>\n<script type=\"application\/ld+json\" class=\"yoast-schema-graph\">{\"@context\":\"https:\\\/\\\/schema.org\",\"@graph\":[{\"@type\":\"Article\",\"@id\":\"https:\\\/\\\/www.copealcoy.es\\\/es\\\/asi-han-votado-los-candidatos-a-la-alcaldia-de-alcoy\\\/#article\",\"isPartOf\":{\"@id\":\"https:\\\/\\\/www.copealcoy.es\\\/es\\\/asi-han-votado-los-candidatos-a-la-alcaldia-de-alcoy\\\/\"},\"author\":{\"name\":\"Cope Alcoy\",\"@id\":\"https:\\\/\\\/www.copealcoy.es\\\/es\\\/#\\\/schema\\\/person\\\/e777c87fa024e57d40170af9df39882c\"},\"headline\":\"As\u00ed han votado los candidatos a la alcald\u00eda de Alcoy\",\"datePublished\":\"2023-05-28T10:46:28+00:00\",\"dateModified\":\"2023-05-28T17:34:13+00:00\",\"mainEntityOfPage\":{\"@id\":\"https:\\\/\\\/www.copealcoy.es\\\/es\\\/asi-han-votado-los-candidatos-a-la-alcaldia-de-alcoy\\\/\"},\"wordCount\":385,\"commentCount\":0,\"image\":{\"@id\":\"https:\\\/\\\/www.copealcoy.es\\\/es\\\/asi-han-votado-los-candidatos-a-la-alcaldia-de-alcoy\\\/#primaryimage\"},\"thumbnailUrl\":\"https:\\\/\\\/www.copealcoy.es\\\/wp-content\\\/uploads\\\/2023\\\/05\\\/DEBATES-SECTORIALES-14.png\",\"keywords\":[\"Alcoy\",\"Candidatos\",\"Elecciones 28M\",\"Elecciones Municipales\"],\"articleSection\":[\"Actualidad\",\"Alcoy\",\"Elecciones\",\"Noticias\",\"Portada\"],\"inLanguage\":\"es\"},{\"@type\":\"WebPage\",\"@id\":\"https:\\\/\\\/www.copealcoy.es\\\/es\\\/asi-han-votado-los-candidatos-a-la-alcaldia-de-alcoy\\\/\",\"url\":\"https:\\\/\\\/www.copealcoy.es\\\/es\\\/asi-han-votado-los-candidatos-a-la-alcaldia-de-alcoy\\\/\",\"name\":\"As\u00ed han votado los candidatos a la alcald\u00eda de Alcoy - COPE Alcoy\",\"isPartOf\":{\"@id\":\"https:\\\/\\\/www.copealcoy.es\\\/es\\\/#website\"},\"primaryImageOfPage\":{\"@id\":\"https:\\\/\\\/www.copealcoy.es\\\/es\\\/asi-han-votado-los-candidatos-a-la-alcaldia-de-alcoy\\\/#primaryimage\"},\"image\":{\"@id\":\"https:\\\/\\\/www.copealcoy.es\\\/es\\\/asi-han-votado-los-candidatos-a-la-alcaldia-de-alcoy\\\/#primaryimage\"},\"thumbnailUrl\":\"https:\\\/\\\/www.copealcoy.es\\\/wp-content\\\/uploads\\\/2023\\\/05\\\/DEBATES-SECTORIALES-14.png\",\"datePublished\":\"2023-05-28T10:46:28+00:00\",\"dateModified\":\"2023-05-28T17:34:13+00:00\",\"author\":{\"@id\":\"https:\\\/\\\/www.copealcoy.es\\\/es\\\/#\\\/schema\\\/person\\\/e777c87fa024e57d40170af9df39882c\"},\"description\":\"Contin\u00faa la jornada electoral. Por el momento, sin incidentes a pesar de la lluvia. No obstante, el tiempo no ha desanimado a los alcoyanos que llevan desde las 9 de la ma\u00f1ana acudiendo a los colegios electorales para depositar su voto.\",\"breadcrumb\":{\"@id\":\"https:\\\/\\\/www.copealcoy.es\\\/es\\\/asi-han-votado-los-candidatos-a-la-alcaldia-de-alcoy\\\/#breadcrumb\"},\"inLanguage\":\"es\",\"potentialAction\":[{\"@type\":\"ReadAction\",\"target\":[\"https:\\\/\\\/www.copealcoy.es\\\/es\\\/asi-han-votado-los-candidatos-a-la-alcaldia-de-alcoy\\\/\"]}]},{\"@type\":\"ImageObject\",\"inLanguage\":\"es\",\"@id\":\"https:\\\/\\\/www.copealcoy.es\\\/es\\\/asi-han-votado-los-candidatos-a-la-alcaldia-de-alcoy\\\/#primaryimage\",\"url\":\"https:\\\/\\\/www.copealcoy.es\\\/wp-content\\\/uploads\\\/2023\\\/05\\\/DEBATES-SECTORIALES-14.png\",\"contentUrl\":\"https:\\\/\\\/www.copealcoy.es\\\/wp-content\\\/uploads\\\/2023\\\/05\\\/DEBATES-SECTORIALES-14.png\",\"width\":720,\"height\":290},{\"@type\":\"BreadcrumbList\",\"@id\":\"https:\\\/\\\/www.copealcoy.es\\\/es\\\/asi-han-votado-los-candidatos-a-la-alcaldia-de-alcoy\\\/#breadcrumb\",\"itemListElement\":[{\"@type\":\"ListItem\",\"position\":1,\"name\":\"Portada\",\"item\":\"https:\\\/\\\/www.copealcoy.es\\\/es\\\/\"},{\"@type\":\"ListItem\",\"position\":2,\"name\":\"As\u00ed han votado los candidatos a la alcald\u00eda de Alcoy\"}]},{\"@type\":\"WebSite\",\"@id\":\"https:\\\/\\\/www.copealcoy.es\\\/es\\\/#website\",\"url\":\"https:\\\/\\\/www.copealcoy.es\\\/es\\\/\",\"name\":\"COPE Alcoy\",\"description\":\"Emisora COPE de radio local con emisi\u00f3n online. Pont de Sant Jordi 8-10 03803 Alcoy\",\"potentialAction\":[{\"@type\":\"SearchAction\",\"target\":{\"@type\":\"EntryPoint\",\"urlTemplate\":\"https:\\\/\\\/www.copealcoy.es\\\/es\\\/?s={search_term_string}\"},\"query-input\":{\"@type\":\"PropertyValueSpecification\",\"valueRequired\":true,\"valueName\":\"search_term_string\"}}],\"inLanguage\":\"es\"},{\"@type\":\"Person\",\"@id\":\"https:\\\/\\\/www.copealcoy.es\\\/es\\\/#\\\/schema\\\/person\\\/e777c87fa024e57d40170af9df39882c\",\"name\":\"Cope Alcoy\",\"image\":{\"@type\":\"ImageObject\",\"inLanguage\":\"es\",\"@id\":\"https:\\\/\\\/secure.gravatar.com\\\/avatar\\\/bb65d0283347e303893ba14f0692005417c1e0e690a325a4c5d8bb2b3943ee14?s=96&d=mm&r=g\",\"url\":\"https:\\\/\\\/secure.gravatar.com\\\/avatar\\\/bb65d0283347e303893ba14f0692005417c1e0e690a325a4c5d8bb2b3943ee14?s=96&d=mm&r=g\",\"contentUrl\":\"https:\\\/\\\/secure.gravatar.com\\\/avatar\\\/bb65d0283347e303893ba14f0692005417c1e0e690a325a4c5d8bb2b3943ee14?s=96&d=mm&r=g\",\"caption\":\"Cope Alcoy\"}}]}<\/script>\n<!-- \/ Yoast SEO plugin. -->","yoast_head_json":{"title":"As\u00ed han votado los candidatos a la alcald\u00eda de Alcoy - COPE Alcoy","description":"Contin\u00faa la jornada electoral. Por el momento, sin incidentes a pesar de la lluvia. No obstante, el tiempo no ha desanimado a los alcoyanos que llevan desde las 9 de la ma\u00f1ana acudiendo a los colegios electorales para depositar su voto.","robots":{"index":"index","follow":"follow","max-snippet":"max-snippet:-1","max-image-preview":"max-image-preview:large","max-video-preview":"max-video-preview:-1"},"canonical":"https:\/\/www.copealcoy.es\/es\/asi-han-votado-los-candidatos-a-la-alcaldia-de-alcoy\/","og_locale":"es_ES","og_type":"article","og_title":"As\u00ed han votado los candidatos a la alcald\u00eda de Alcoy - COPE Alcoy","og_description":"Contin\u00faa la jornada electoral. Por el momento, sin incidentes a pesar de la lluvia. No obstante, el tiempo no ha desanimado a los alcoyanos que llevan desde las 9 de la ma\u00f1ana acudiendo a los colegios electorales para depositar su voto.","og_url":"https:\/\/www.copealcoy.es\/es\/asi-han-votado-los-candidatos-a-la-alcaldia-de-alcoy\/","og_site_name":"COPE Alcoy","article_published_time":"2023-05-28T10:46:28+00:00","article_modified_time":"2023-05-28T17:34:13+00:00","og_image":[{"width":720,"height":290,"url":"https:\/\/www.copealcoy.es\/wp-content\/uploads\/2023\/05\/DEBATES-SECTORIALES-14.png","type":"image\/png"}],"author":"Cope Alcoy","twitter_misc":{"Escrito por":"Cope Alcoy","Tiempo de lectura":"2 minutos"},"schema":{"@context":"https:\/\/schema.org","@graph":[{"@type":"Article","@id":"https:\/\/www.copealcoy.es\/es\/asi-han-votado-los-candidatos-a-la-alcaldia-de-alcoy\/#article","isPartOf":{"@id":"https:\/\/www.copealcoy.es\/es\/asi-han-votado-los-candidatos-a-la-alcaldia-de-alcoy\/"},"author":{"name":"Cope Alcoy","@id":"https:\/\/www.copealcoy.es\/es\/#\/schema\/person\/e777c87fa024e57d40170af9df39882c"},"headline":"As\u00ed han votado los candidatos a la alcald\u00eda de Alcoy","datePublished":"2023-05-28T10:46:28+00:00","dateModified":"2023-05-28T17:34:13+00:00","mainEntityOfPage":{"@id":"https:\/\/www.copealcoy.es\/es\/asi-han-votado-los-candidatos-a-la-alcaldia-de-alcoy\/"},"wordCount":385,"commentCount":0,"image":{"@id":"https:\/\/www.copealcoy.es\/es\/asi-han-votado-los-candidatos-a-la-alcaldia-de-alcoy\/#primaryimage"},"thumbnailUrl":"https:\/\/www.copealcoy.es\/wp-content\/uploads\/2023\/05\/DEBATES-SECTORIALES-14.png","keywords":["Alcoy","Candidatos","Elecciones 28M","Elecciones Municipales"],"articleSection":["Actualidad","Alcoy","Elecciones","Noticias","Portada"],"inLanguage":"es"},{"@type":"WebPage","@id":"https:\/\/www.copealcoy.es\/es\/asi-han-votado-los-candidatos-a-la-alcaldia-de-alcoy\/","url":"https:\/\/www.copealcoy.es\/es\/asi-han-votado-los-candidatos-a-la-alcaldia-de-alcoy\/","name":"As\u00ed han votado los candidatos a la alcald\u00eda de Alcoy - COPE Alcoy","isPartOf":{"@id":"https:\/\/www.copealcoy.es\/es\/#website"},"primaryImageOfPage":{"@id":"https:\/\/www.copealcoy.es\/es\/asi-han-votado-los-candidatos-a-la-alcaldia-de-alcoy\/#primaryimage"},"image":{"@id":"https:\/\/www.copealcoy.es\/es\/asi-han-votado-los-candidatos-a-la-alcaldia-de-alcoy\/#primaryimage"},"thumbnailUrl":"https:\/\/www.copealcoy.es\/wp-content\/uploads\/2023\/05\/DEBATES-SECTORIALES-14.png","datePublished":"2023-05-28T10:46:28+00:00","dateModified":"2023-05-28T17:34:13+00:00","author":{"@id":"https:\/\/www.copealcoy.es\/es\/#\/schema\/person\/e777c87fa024e57d40170af9df39882c"},"description":"Contin\u00faa la jornada electoral. Por el momento, sin incidentes a pesar de la lluvia. No obstante, el tiempo no ha desanimado a los alcoyanos que llevan desde las 9 de la ma\u00f1ana acudiendo a los colegios electorales para depositar su voto.","breadcrumb":{"@id":"https:\/\/www.copealcoy.es\/es\/asi-han-votado-los-candidatos-a-la-alcaldia-de-alcoy\/#breadcrumb"},"inLanguage":"es","potentialAction":[{"@type":"ReadAction","target":["https:\/\/www.copealcoy.es\/es\/asi-han-votado-los-candidatos-a-la-alcaldia-de-alcoy\/"]}]},{"@type":"ImageObject","inLanguage":"es","@id":"https:\/\/www.copealcoy.es\/es\/asi-han-votado-los-candidatos-a-la-alcaldia-de-alcoy\/#primaryimage","url":"https:\/\/www.copealcoy.es\/wp-content\/uploads\/2023\/05\/DEBATES-SECTORIALES-14.png","contentUrl":"https:\/\/www.copealcoy.es\/wp-content\/uploads\/2023\/05\/DEBATES-SECTORIALES-14.png","width":720,"height":290},{"@type":"BreadcrumbList","@id":"https:\/\/www.copealcoy.es\/es\/asi-han-votado-los-candidatos-a-la-alcaldia-de-alcoy\/#breadcrumb","itemListElement":[{"@type":"ListItem","position":1,"name":"Portada","item":"https:\/\/www.copealcoy.es\/es\/"},{"@type":"ListItem","position":2,"name":"As\u00ed han votado los candidatos a la alcald\u00eda de Alcoy"}]},{"@type":"WebSite","@id":"https:\/\/www.copealcoy.es\/es\/#website","url":"https:\/\/www.copealcoy.es\/es\/","name":"COPE Alcoy","description":"Emisora COPE de radio local con emisi\u00f3n online. Pont de Sant Jordi 8-10 03803 Alcoy","potentialAction":[{"@type":"SearchAction","target":{"@type":"EntryPoint","urlTemplate":"https:\/\/www.copealcoy.es\/es\/?s={search_term_string}"},"query-input":{"@type":"PropertyValueSpecification","valueRequired":true,"valueName":"search_term_string"}}],"inLanguage":"es"},{"@type":"Person","@id":"https:\/\/www.copealcoy.es\/es\/#\/schema\/person\/e777c87fa024e57d40170af9df39882c","name":"Cope Alcoy","image":{"@type":"ImageObject","inLanguage":"es","@id":"https:\/\/secure.gravatar.com\/avatar\/bb65d0283347e303893ba14f0692005417c1e0e690a325a4c5d8bb2b3943ee14?s=96&d=mm&r=g","url":"https:\/\/secure.gravatar.com\/avatar\/bb65d0283347e303893ba14f0692005417c1e0e690a325a4c5d8bb2b3943ee14?s=96&d=mm&r=g","contentUrl":"https:\/\/secure.gravatar.com\/avatar\/bb65d0283347e303893ba14f0692005417c1e0e690a325a4c5d8bb2b3943ee14?s=96&d=mm&r=g","caption":"Cope Alcoy"}}]}},"_links":{"self":[{"href":"https:\/\/www.copealcoy.es\/es\/wp-json\/wp\/v2\/posts\/116464","targetHints":{"allow":["GET"]}}],"collection":[{"href":"https:\/\/www.copealcoy.es\/es\/wp-json\/wp\/v2\/posts"}],"about":[{"href":"https:\/\/www.copealcoy.es\/es\/wp-json\/wp\/v2\/types\/post"}],"author":[{"embeddable":true,"href":"https:\/\/www.copealcoy.es\/es\/wp-json\/wp\/v2\/users\/1"}],"replies":[{"embeddable":true,"href":"https:\/\/www.copealcoy.es\/es\/wp-json\/wp\/v2\/comments?post=116464"}],"version-history":[{"count":0,"href":"https:\/\/www.copealcoy.es\/es\/wp-json\/wp\/v2\/posts\/116464\/revisions"}],"wp:featuredmedia":[{"embeddable":true,"href":"https:\/\/www.copealcoy.es\/es\/wp-json\/wp\/v2\/media\/116471"}],"wp:attachment":[{"href":"https:\/\/www.copealcoy.es\/es\/wp-json\/wp\/v2\/media?parent=116464"}],"wp:term":[{"taxonomy":"category","embeddable":true,"href":"https:\/\/www.copealcoy.es\/es\/wp-json\/wp\/v2\/categories?post=116464"},{"taxonomy":"post_tag","embeddable":true,"href":"https:\/\/www.copealcoy.es\/es\/wp-json\/wp\/v2\/tags?post=116464"}],"curies":[{"name":"wp","href":"https:\/\/api.w.org\/{rel}","templated":true}]}}