{"id":116460,"date":"2023-05-28T08:54:37","date_gmt":"2023-05-28T07:54:37","guid":{"rendered":"https:\/\/www.copealcoy.es\/?p=116460"},"modified":"2023-05-28T18:35:07","modified_gmt":"2023-05-28T17:35:07","slug":"arranca-con-normalidad-la-jornada-electoral-en-alcoy","status":"publish","type":"post","link":"https:\/\/www.copealcoy.es\/es\/arranca-con-normalidad-la-jornada-electoral-en-alcoy\/","title":{"rendered":"Arranca con normalidad la jornada electoral en Alcoy"},"content":{"rendered":"<p style=\"text-align: justify;\">Arrancan las Elecciones Municipales y Auton\u00f3micas. Desde las 9 de la ma\u00f1ana <strong>los colegios electorales ya est\u00e1n abiertos<\/strong>. Se puede votar de forma ininterrumpida hasta las ocho de la tarde, cuando se cierren las urnas y comience el recuento de votos.<\/p>\n<p style=\"text-align: justify;\">Por el momento, <strong>la jornada se desarrolla con normalidad<\/strong> y los ciudadanos m\u00e1s madrugadores ya han acudido a depositar su voto en las urnas.<\/p>\n<p style=\"text-align: justify;\">En <strong>Cope Alcoy puedes seguir el avance de la votaci\u00f3n<\/strong> y, a partir de las ocho de la tarde, <strong>programaci\u00f3n especial en la que se ir\u00e1 actualizando el escrutinio y se analizar\u00e1n las cifras<\/strong>.<\/p>\n<p style=\"text-align: justify;\">En\u00a0<strong>Alcoy<\/strong> son <strong>45.816 las personas mayores de edad con derecho a voto,<\/strong>\u00a0las cuales\u00a0<strong>pueden depositar las papeletas en las 176 urnas distribuidas por las 88 mesas de los colegios<\/strong>\u00a0electorales de la ciudad. En esta cita electoral <strong>siete mesas\u00a0 disponen de una nueva ubicaci\u00f3n<\/strong>. Se trata de algunas de las mesas que estaban ubicadas en el Colegio Santa Anna y que han pasado al Centre Cervantes Jove (c\/ Els Al\u00e7amora, 1). En concreto son la 41U \u2013 42A \u2013 42B \u2013 42C \u2013 48A \u2013 48B. Recordar tambi\u00e9n que para acercar las urnas a los votantes, el Distrito 2, Secci\u00f3n 3, se ha subdividido en dos, qued\u00e1ndose una mesa donde estaba ubicada que es en la AVV Font Roja (El Cam\u00ed, 40), y la otra en el Campus de Alcoi UPV (Pl. Ferr\u00e1ndiz y Carbonell,1). En ambas, se vota por proximidad. La mesa que ha cambiado es la 2-3-A.<\/p>\n<p style=\"text-align: justify;\">Por otra parte, las personas que votaban en el Centro Social Ensanche de la calle Isabel La Cat\u00f3lica (en las mesas 6-1-A, 6-1-B, 6-3-A y 6-3-B) tienen que acudir a la nueva direcci\u00f3n del Centro, en la calle Escultor Peresejo, 32. Tambi\u00e9n votan en esa misma direcci\u00f3n los electores asignados a las mesas 6-4-A y 6-4-B, que anteriormente votaban en el Hogar Residencia El Teix, en la avenida de La Alameda Camilo Sesto.<\/p>\n<p style=\"text-align: justify;\"><strong>Nueve candidaturas en Alcoy\u00a0<\/strong><\/p>\n<p style=\"text-align: justify;\">Nueve candidatos son los que optan a la alcald\u00eda de Alcoy. El\u00a0<strong>Partido Socialista<\/strong>\u00a0mantiene su apuesta en\u00a0<strong>Toni Franc\u00e9s<\/strong>, tras doce a\u00f1os como alcalde, y el\u00a0<strong>Partido Popular<\/strong>\u00a0apuesta por una total renovaci\u00f3n con un proyecto pol\u00edtico que lidera\u00a0<strong>Carlos Pastor<\/strong>. Tambi\u00e9n nuevo es el candidato de\u00a0<strong>Comprom\u00eds<\/strong>,\u00a0<strong>\u00c1lex Cerradelo<\/strong>, mientras que el\u00a0<strong>Partido de la Ciudadan\u00eda de Alcoy<\/strong>\u00a0no ha renunciado a presentarse teniendo a\u00a0<strong>Rafa Zamorano<\/strong>\u00a0como alcaldable. No fue posible un acuerdo entre\u00a0<strong>Podem y Guanyar<\/strong>, formaciones que van por separado con\u00a0<strong>Trini Rubio y Sergi Rodr\u00edguez<\/strong>\u00a0como candidatos; respectivamente.\u00a0<strong>David Abad<\/strong>\u00a0repite en\u00a0<strong>VOX<\/strong>,\u00a0<strong>Marcos Mart\u00ednez<\/strong>, ahora edil No Adscrito, opta a la alcald\u00eda con el partido municipalista\u00a0<strong>ADIN<\/strong>\u00a0y\u00a0<strong>Tercera Edad en Acci\u00f3n<\/strong>\u00a0est\u00e1 de nuevo presente con Juan Calero esta vez como cabeza de lista.<\/p>\n","protected":false},"excerpt":{"rendered":"<p>Arrancan las Elecciones Municipales y Auton\u00f3micas. Desde las 9 de la ma\u00f1ana los colegios electorales ya est\u00e1n abiertos. Se puede&#8230;<\/p>\n","protected":false},"author":1,"featured_media":116461,"comment_status":"open","ping_status":"open","sticky":false,"template":"","format":"standard","meta":{"footnotes":""},"categories":[6909,97,744,75,125],"tags":[1494,14729,8614,8606],"class_list":["post-116460","post","type-post","status-publish","format-standard","has-post-thumbnail","hentry","category-actualidad","category-alcoy","category-elecciones","category-noticias","category-portada","tag-alcoy","tag-elecciones-28m","tag-jornada-electoral","tag-urnas"],"yoast_head":"<!-- This site is optimized with the Yoast SEO plugin v27.3 - https:\/\/yoast.com\/product\/yoast-seo-wordpress\/ -->\n<title>Arranca con normalidad la jornada electoral en Alcoy - COPE Alcoy<\/title>\n<meta name=\"description\" content=\"Arrancan las Elecciones Municipales y Auton\u00f3micas. Desde las 9 de la ma\u00f1ana los colegios electorales ya est\u00e1n abiertos. Se puede votar de forma ininterrumpida hasta las ocho de la tarde, cuando se cierren las urnas y comience el recuento de votos.\" \/>\n<meta name=\"robots\" content=\"index, follow, max-snippet:-1, max-image-preview:large, max-video-preview:-1\" \/>\n<link rel=\"canonical\" href=\"https:\/\/www.copealcoy.es\/es\/arranca-con-normalidad-la-jornada-electoral-en-alcoy\/\" \/>\n<meta property=\"og:locale\" content=\"es_ES\" \/>\n<meta property=\"og:type\" content=\"article\" \/>\n<meta property=\"og:title\" content=\"Arranca con normalidad la jornada electoral en Alcoy - COPE Alcoy\" \/>\n<meta property=\"og:description\" content=\"Arrancan las Elecciones Municipales y Auton\u00f3micas. Desde las 9 de la ma\u00f1ana los colegios electorales ya est\u00e1n abiertos. Se puede votar de forma ininterrumpida hasta las ocho de la tarde, cuando se cierren las urnas y comience el recuento de votos.\" \/>\n<meta property=\"og:url\" content=\"https:\/\/www.copealcoy.es\/es\/arranca-con-normalidad-la-jornada-electoral-en-alcoy\/\" \/>\n<meta property=\"og:site_name\" content=\"COPE Alcoy\" \/>\n<meta property=\"article:published_time\" content=\"2023-05-28T07:54:37+00:00\" \/>\n<meta property=\"article:modified_time\" content=\"2023-05-28T17:35:07+00:00\" \/>\n<meta property=\"og:image\" content=\"https:\/\/www.copealcoy.es\/wp-content\/uploads\/2023\/05\/WhatsApp-Image-2023-05-28-at-09.18.10-scaled.jpeg\" \/>\n\t<meta property=\"og:image:width\" content=\"1440\" \/>\n\t<meta property=\"og:image:height\" content=\"1080\" \/>\n\t<meta property=\"og:image:type\" content=\"image\/jpeg\" \/>\n<meta name=\"author\" content=\"Cope Alcoy\" \/>\n<meta name=\"twitter:label1\" content=\"Escrito por\" \/>\n\t<meta name=\"twitter:data1\" content=\"Cope Alcoy\" \/>\n\t<meta name=\"twitter:label2\" content=\"Tiempo de lectura\" \/>\n\t<meta name=\"twitter:data2\" content=\"3 minutos\" \/>\n<script type=\"application\/ld+json\" class=\"yoast-schema-graph\">{\"@context\":\"https:\\\/\\\/schema.org\",\"@graph\":[{\"@type\":\"Article\",\"@id\":\"https:\\\/\\\/www.copealcoy.es\\\/es\\\/arranca-con-normalidad-la-jornada-electoral-en-alcoy\\\/#article\",\"isPartOf\":{\"@id\":\"https:\\\/\\\/www.copealcoy.es\\\/es\\\/arranca-con-normalidad-la-jornada-electoral-en-alcoy\\\/\"},\"author\":{\"name\":\"Cope Alcoy\",\"@id\":\"https:\\\/\\\/www.copealcoy.es\\\/es\\\/#\\\/schema\\\/person\\\/e777c87fa024e57d40170af9df39882c\"},\"headline\":\"Arranca con normalidad la jornada electoral en Alcoy\",\"datePublished\":\"2023-05-28T07:54:37+00:00\",\"dateModified\":\"2023-05-28T17:35:07+00:00\",\"mainEntityOfPage\":{\"@id\":\"https:\\\/\\\/www.copealcoy.es\\\/es\\\/arranca-con-normalidad-la-jornada-electoral-en-alcoy\\\/\"},\"wordCount\":489,\"commentCount\":0,\"image\":{\"@id\":\"https:\\\/\\\/www.copealcoy.es\\\/es\\\/arranca-con-normalidad-la-jornada-electoral-en-alcoy\\\/#primaryimage\"},\"thumbnailUrl\":\"https:\\\/\\\/www.copealcoy.es\\\/wp-content\\\/uploads\\\/2023\\\/05\\\/WhatsApp-Image-2023-05-28-at-09.18.10-scaled.jpeg\",\"keywords\":[\"Alcoy\",\"Elecciones 28M\",\"jornada electoral\",\"urnas\"],\"articleSection\":[\"Actualidad\",\"Alcoy\",\"Elecciones\",\"Noticias\",\"Portada\"],\"inLanguage\":\"es\"},{\"@type\":\"WebPage\",\"@id\":\"https:\\\/\\\/www.copealcoy.es\\\/es\\\/arranca-con-normalidad-la-jornada-electoral-en-alcoy\\\/\",\"url\":\"https:\\\/\\\/www.copealcoy.es\\\/es\\\/arranca-con-normalidad-la-jornada-electoral-en-alcoy\\\/\",\"name\":\"Arranca con normalidad la jornada electoral en Alcoy - COPE Alcoy\",\"isPartOf\":{\"@id\":\"https:\\\/\\\/www.copealcoy.es\\\/es\\\/#website\"},\"primaryImageOfPage\":{\"@id\":\"https:\\\/\\\/www.copealcoy.es\\\/es\\\/arranca-con-normalidad-la-jornada-electoral-en-alcoy\\\/#primaryimage\"},\"image\":{\"@id\":\"https:\\\/\\\/www.copealcoy.es\\\/es\\\/arranca-con-normalidad-la-jornada-electoral-en-alcoy\\\/#primaryimage\"},\"thumbnailUrl\":\"https:\\\/\\\/www.copealcoy.es\\\/wp-content\\\/uploads\\\/2023\\\/05\\\/WhatsApp-Image-2023-05-28-at-09.18.10-scaled.jpeg\",\"datePublished\":\"2023-05-28T07:54:37+00:00\",\"dateModified\":\"2023-05-28T17:35:07+00:00\",\"author\":{\"@id\":\"https:\\\/\\\/www.copealcoy.es\\\/es\\\/#\\\/schema\\\/person\\\/e777c87fa024e57d40170af9df39882c\"},\"description\":\"Arrancan las Elecciones Municipales y Auton\u00f3micas. Desde las 9 de la ma\u00f1ana los colegios electorales ya est\u00e1n abiertos. Se puede votar de forma ininterrumpida hasta las ocho de la tarde, cuando se cierren las urnas y comience el recuento de votos.\",\"breadcrumb\":{\"@id\":\"https:\\\/\\\/www.copealcoy.es\\\/es\\\/arranca-con-normalidad-la-jornada-electoral-en-alcoy\\\/#breadcrumb\"},\"inLanguage\":\"es\",\"potentialAction\":[{\"@type\":\"ReadAction\",\"target\":[\"https:\\\/\\\/www.copealcoy.es\\\/es\\\/arranca-con-normalidad-la-jornada-electoral-en-alcoy\\\/\"]}]},{\"@type\":\"ImageObject\",\"inLanguage\":\"es\",\"@id\":\"https:\\\/\\\/www.copealcoy.es\\\/es\\\/arranca-con-normalidad-la-jornada-electoral-en-alcoy\\\/#primaryimage\",\"url\":\"https:\\\/\\\/www.copealcoy.es\\\/wp-content\\\/uploads\\\/2023\\\/05\\\/WhatsApp-Image-2023-05-28-at-09.18.10-scaled.jpeg\",\"contentUrl\":\"https:\\\/\\\/www.copealcoy.es\\\/wp-content\\\/uploads\\\/2023\\\/05\\\/WhatsApp-Image-2023-05-28-at-09.18.10-scaled.jpeg\",\"width\":1440,\"height\":1080},{\"@type\":\"BreadcrumbList\",\"@id\":\"https:\\\/\\\/www.copealcoy.es\\\/es\\\/arranca-con-normalidad-la-jornada-electoral-en-alcoy\\\/#breadcrumb\",\"itemListElement\":[{\"@type\":\"ListItem\",\"position\":1,\"name\":\"Portada\",\"item\":\"https:\\\/\\\/www.copealcoy.es\\\/es\\\/\"},{\"@type\":\"ListItem\",\"position\":2,\"name\":\"Arranca con normalidad la jornada electoral en Alcoy\"}]},{\"@type\":\"WebSite\",\"@id\":\"https:\\\/\\\/www.copealcoy.es\\\/es\\\/#website\",\"url\":\"https:\\\/\\\/www.copealcoy.es\\\/es\\\/\",\"name\":\"COPE Alcoy\",\"description\":\"Emisora COPE de radio local con emisi\u00f3n online. Pont de Sant Jordi 8-10 03803 Alcoy\",\"potentialAction\":[{\"@type\":\"SearchAction\",\"target\":{\"@type\":\"EntryPoint\",\"urlTemplate\":\"https:\\\/\\\/www.copealcoy.es\\\/es\\\/?s={search_term_string}\"},\"query-input\":{\"@type\":\"PropertyValueSpecification\",\"valueRequired\":true,\"valueName\":\"search_term_string\"}}],\"inLanguage\":\"es\"},{\"@type\":\"Person\",\"@id\":\"https:\\\/\\\/www.copealcoy.es\\\/es\\\/#\\\/schema\\\/person\\\/e777c87fa024e57d40170af9df39882c\",\"name\":\"Cope Alcoy\",\"image\":{\"@type\":\"ImageObject\",\"inLanguage\":\"es\",\"@id\":\"https:\\\/\\\/secure.gravatar.com\\\/avatar\\\/bb65d0283347e303893ba14f0692005417c1e0e690a325a4c5d8bb2b3943ee14?s=96&d=mm&r=g\",\"url\":\"https:\\\/\\\/secure.gravatar.com\\\/avatar\\\/bb65d0283347e303893ba14f0692005417c1e0e690a325a4c5d8bb2b3943ee14?s=96&d=mm&r=g\",\"contentUrl\":\"https:\\\/\\\/secure.gravatar.com\\\/avatar\\\/bb65d0283347e303893ba14f0692005417c1e0e690a325a4c5d8bb2b3943ee14?s=96&d=mm&r=g\",\"caption\":\"Cope Alcoy\"}}]}<\/script>\n<!-- \/ Yoast SEO plugin. -->","yoast_head_json":{"title":"Arranca con normalidad la jornada electoral en Alcoy - COPE Alcoy","description":"Arrancan las Elecciones Municipales y Auton\u00f3micas. Desde las 9 de la ma\u00f1ana los colegios electorales ya est\u00e1n abiertos. Se puede votar de forma ininterrumpida hasta las ocho de la tarde, cuando se cierren las urnas y comience el recuento de votos.","robots":{"index":"index","follow":"follow","max-snippet":"max-snippet:-1","max-image-preview":"max-image-preview:large","max-video-preview":"max-video-preview:-1"},"canonical":"https:\/\/www.copealcoy.es\/es\/arranca-con-normalidad-la-jornada-electoral-en-alcoy\/","og_locale":"es_ES","og_type":"article","og_title":"Arranca con normalidad la jornada electoral en Alcoy - COPE Alcoy","og_description":"Arrancan las Elecciones Municipales y Auton\u00f3micas. Desde las 9 de la ma\u00f1ana los colegios electorales ya est\u00e1n abiertos. Se puede votar de forma ininterrumpida hasta las ocho de la tarde, cuando se cierren las urnas y comience el recuento de votos.","og_url":"https:\/\/www.copealcoy.es\/es\/arranca-con-normalidad-la-jornada-electoral-en-alcoy\/","og_site_name":"COPE Alcoy","article_published_time":"2023-05-28T07:54:37+00:00","article_modified_time":"2023-05-28T17:35:07+00:00","og_image":[{"width":1440,"height":1080,"url":"https:\/\/www.copealcoy.es\/wp-content\/uploads\/2023\/05\/WhatsApp-Image-2023-05-28-at-09.18.10-scaled.jpeg","type":"image\/jpeg"}],"author":"Cope Alcoy","twitter_misc":{"Escrito por":"Cope Alcoy","Tiempo de lectura":"3 minutos"},"schema":{"@context":"https:\/\/schema.org","@graph":[{"@type":"Article","@id":"https:\/\/www.copealcoy.es\/es\/arranca-con-normalidad-la-jornada-electoral-en-alcoy\/#article","isPartOf":{"@id":"https:\/\/www.copealcoy.es\/es\/arranca-con-normalidad-la-jornada-electoral-en-alcoy\/"},"author":{"name":"Cope Alcoy","@id":"https:\/\/www.copealcoy.es\/es\/#\/schema\/person\/e777c87fa024e57d40170af9df39882c"},"headline":"Arranca con normalidad la jornada electoral en Alcoy","datePublished":"2023-05-28T07:54:37+00:00","dateModified":"2023-05-28T17:35:07+00:00","mainEntityOfPage":{"@id":"https:\/\/www.copealcoy.es\/es\/arranca-con-normalidad-la-jornada-electoral-en-alcoy\/"},"wordCount":489,"commentCount":0,"image":{"@id":"https:\/\/www.copealcoy.es\/es\/arranca-con-normalidad-la-jornada-electoral-en-alcoy\/#primaryimage"},"thumbnailUrl":"https:\/\/www.copealcoy.es\/wp-content\/uploads\/2023\/05\/WhatsApp-Image-2023-05-28-at-09.18.10-scaled.jpeg","keywords":["Alcoy","Elecciones 28M","jornada electoral","urnas"],"articleSection":["Actualidad","Alcoy","Elecciones","Noticias","Portada"],"inLanguage":"es"},{"@type":"WebPage","@id":"https:\/\/www.copealcoy.es\/es\/arranca-con-normalidad-la-jornada-electoral-en-alcoy\/","url":"https:\/\/www.copealcoy.es\/es\/arranca-con-normalidad-la-jornada-electoral-en-alcoy\/","name":"Arranca con normalidad la jornada electoral en Alcoy - COPE Alcoy","isPartOf":{"@id":"https:\/\/www.copealcoy.es\/es\/#website"},"primaryImageOfPage":{"@id":"https:\/\/www.copealcoy.es\/es\/arranca-con-normalidad-la-jornada-electoral-en-alcoy\/#primaryimage"},"image":{"@id":"https:\/\/www.copealcoy.es\/es\/arranca-con-normalidad-la-jornada-electoral-en-alcoy\/#primaryimage"},"thumbnailUrl":"https:\/\/www.copealcoy.es\/wp-content\/uploads\/2023\/05\/WhatsApp-Image-2023-05-28-at-09.18.10-scaled.jpeg","datePublished":"2023-05-28T07:54:37+00:00","dateModified":"2023-05-28T17:35:07+00:00","author":{"@id":"https:\/\/www.copealcoy.es\/es\/#\/schema\/person\/e777c87fa024e57d40170af9df39882c"},"description":"Arrancan las Elecciones Municipales y Auton\u00f3micas. Desde las 9 de la ma\u00f1ana los colegios electorales ya est\u00e1n abiertos. Se puede votar de forma ininterrumpida hasta las ocho de la tarde, cuando se cierren las urnas y comience el recuento de votos.","breadcrumb":{"@id":"https:\/\/www.copealcoy.es\/es\/arranca-con-normalidad-la-jornada-electoral-en-alcoy\/#breadcrumb"},"inLanguage":"es","potentialAction":[{"@type":"ReadAction","target":["https:\/\/www.copealcoy.es\/es\/arranca-con-normalidad-la-jornada-electoral-en-alcoy\/"]}]},{"@type":"ImageObject","inLanguage":"es","@id":"https:\/\/www.copealcoy.es\/es\/arranca-con-normalidad-la-jornada-electoral-en-alcoy\/#primaryimage","url":"https:\/\/www.copealcoy.es\/wp-content\/uploads\/2023\/05\/WhatsApp-Image-2023-05-28-at-09.18.10-scaled.jpeg","contentUrl":"https:\/\/www.copealcoy.es\/wp-content\/uploads\/2023\/05\/WhatsApp-Image-2023-05-28-at-09.18.10-scaled.jpeg","width":1440,"height":1080},{"@type":"BreadcrumbList","@id":"https:\/\/www.copealcoy.es\/es\/arranca-con-normalidad-la-jornada-electoral-en-alcoy\/#breadcrumb","itemListElement":[{"@type":"ListItem","position":1,"name":"Portada","item":"https:\/\/www.copealcoy.es\/es\/"},{"@type":"ListItem","position":2,"name":"Arranca con normalidad la jornada electoral en Alcoy"}]},{"@type":"WebSite","@id":"https:\/\/www.copealcoy.es\/es\/#website","url":"https:\/\/www.copealcoy.es\/es\/","name":"COPE Alcoy","description":"Emisora COPE de radio local con emisi\u00f3n online. Pont de Sant Jordi 8-10 03803 Alcoy","potentialAction":[{"@type":"SearchAction","target":{"@type":"EntryPoint","urlTemplate":"https:\/\/www.copealcoy.es\/es\/?s={search_term_string}"},"query-input":{"@type":"PropertyValueSpecification","valueRequired":true,"valueName":"search_term_string"}}],"inLanguage":"es"},{"@type":"Person","@id":"https:\/\/www.copealcoy.es\/es\/#\/schema\/person\/e777c87fa024e57d40170af9df39882c","name":"Cope Alcoy","image":{"@type":"ImageObject","inLanguage":"es","@id":"https:\/\/secure.gravatar.com\/avatar\/bb65d0283347e303893ba14f0692005417c1e0e690a325a4c5d8bb2b3943ee14?s=96&d=mm&r=g","url":"https:\/\/secure.gravatar.com\/avatar\/bb65d0283347e303893ba14f0692005417c1e0e690a325a4c5d8bb2b3943ee14?s=96&d=mm&r=g","contentUrl":"https:\/\/secure.gravatar.com\/avatar\/bb65d0283347e303893ba14f0692005417c1e0e690a325a4c5d8bb2b3943ee14?s=96&d=mm&r=g","caption":"Cope Alcoy"}}]}},"_links":{"self":[{"href":"https:\/\/www.copealcoy.es\/es\/wp-json\/wp\/v2\/posts\/116460","targetHints":{"allow":["GET"]}}],"collection":[{"href":"https:\/\/www.copealcoy.es\/es\/wp-json\/wp\/v2\/posts"}],"about":[{"href":"https:\/\/www.copealcoy.es\/es\/wp-json\/wp\/v2\/types\/post"}],"author":[{"embeddable":true,"href":"https:\/\/www.copealcoy.es\/es\/wp-json\/wp\/v2\/users\/1"}],"replies":[{"embeddable":true,"href":"https:\/\/www.copealcoy.es\/es\/wp-json\/wp\/v2\/comments?post=116460"}],"version-history":[{"count":0,"href":"https:\/\/www.copealcoy.es\/es\/wp-json\/wp\/v2\/posts\/116460\/revisions"}],"wp:featuredmedia":[{"embeddable":true,"href":"https:\/\/www.copealcoy.es\/es\/wp-json\/wp\/v2\/media\/116461"}],"wp:attachment":[{"href":"https:\/\/www.copealcoy.es\/es\/wp-json\/wp\/v2\/media?parent=116460"}],"wp:term":[{"taxonomy":"category","embeddable":true,"href":"https:\/\/www.copealcoy.es\/es\/wp-json\/wp\/v2\/categories?post=116460"},{"taxonomy":"post_tag","embeddable":true,"href":"https:\/\/www.copealcoy.es\/es\/wp-json\/wp\/v2\/tags?post=116460"}],"curies":[{"name":"wp","href":"https:\/\/api.w.org\/{rel}","templated":true}]}}