{"id":116446,"date":"2023-05-26T18:30:37","date_gmt":"2023-05-26T17:30:37","guid":{"rendered":"https:\/\/www.copealcoy.es\/?p=116446"},"modified":"2023-05-26T18:52:43","modified_gmt":"2023-05-26T17:52:43","slug":"45-816-alcoyanos-estan-llamados-a-las-urnas-este-domingo","status":"publish","type":"post","link":"https:\/\/www.copealcoy.es\/es\/45-816-alcoyanos-estan-llamados-a-las-urnas-este-domingo\/","title":{"rendered":"45.816 alcoyanos est\u00e1n llamados a las urnas este domingo"},"content":{"rendered":"<p style=\"text-align: justify;\">Todo ya est\u00e1 preparado para <strong>la celebraci\u00f3n de las Elecciones Municipales y Auton\u00f3micas<\/strong> que tendr\u00e1n lugar este domingo 28 de mayo. Los <strong>colegios electorales<\/strong> abrir\u00e1n sus puertas a partir de las nueve de la ma\u00f1ana y podremos ejercer nuestro derecho al voto hasta las ocho de la tarde, hora en la que comenzar\u00e1 escrutinio.<\/p>\n<p style=\"text-align: justify;\">En <strong>Alcoy<\/strong> ser\u00e1n esta vez <strong>45.816 las personas mayores de edad con derecho a voto<\/strong> las cuales <strong>podr\u00e1n depositar las papeletas en las 176 urnas distribuidas por las 88 mesas de los colegios<\/strong> electorales de la ciudad. En esta cita electoral s<strong>iete mesas\u00a0 disponen de una nueva ubicaci\u00f3n<\/strong>. Se trata de algunas de las mesas que estaban ubicadas en el Colegio Santa Anna y que han pasado al Centre Cervantes Jove (c\/ Els Al\u00e7amora, 1). En concreto son la 41U &#8211; 42A &#8211; 42B &#8211; 42C &#8211; 48A &#8211; 48B. Recordar tambi\u00e9n que para acercar las urnas a los votantes, el Distrito 2, Secci\u00f3n 3, se ha subdividido en dos, qued\u00e1ndose una mesa donde estaba ubicada que es en la AVV Font Roja (El Cam\u00ed, 40), y la otra en el Campus de Alcoi UPV (Pl. Ferr\u00e1ndiz y Carbonell,1). En ambas, se votar\u00e1 por proximidad. La mesa que ha cambiado es la 2-3-A.<\/p>\n<p style=\"text-align: justify;\">Por otra parte, las personas que votaban en el Centro Social Ensanche de la calle Isabel La Cat\u00f3lica (en las mesas 6-1-A, 6-1-B, 6-3-A y 6-3-B) tendr\u00e1n que acudir a la nueva direcci\u00f3n del Centro, en la calle Escultor Peresejo, 32. Tambi\u00e9n votar\u00e1n en esa misma direcci\u00f3n los electores asignados a las mesas 6-4-A y 6-4-B, que anteriormente votaban en el Hogar Residencia El Teix, en la avenida de La Alameda Camilo Sesto.<\/p>\n<p><span style=\"color: #0000ff;\"><strong>Nueve candidaturas en Alcoy\u00a0<\/strong><\/span><\/p>\n<p style=\"text-align: justify;\">Nueve candidatos son los que optan a la alcald\u00eda de Alcoy. El <strong>Partido Socialista<\/strong> mantiene su apuesta en <strong>Toni Franc\u00e9s<\/strong>, tras doce a\u00f1os como alcalde, y el <strong>Partido Popular<\/strong> apuesta por una total renovaci\u00f3n con un proyecto pol\u00edtico que lidera <strong>Carlos Pastor<\/strong>. Tambi\u00e9n nuevo es el candidato de <strong>Comprom\u00eds<\/strong>, <strong>\u00c1lex Cerradelo<\/strong>, mientras que el <strong>Partido de la Ciudadan\u00eda de Alcoy<\/strong> no ha renunciado a presentarse teniendo a <strong>Rafa Zamorano<\/strong> como alcaldable. No fue posible un acuerdo entre <strong>Podem y Guanyar<\/strong>, formaciones que van por separado con <strong>Trini Rubio y Sergi Rodr\u00edguez<\/strong> como candidatos; respectivamente. <strong>David Abad<\/strong> repite en <strong>VOX<\/strong>, <strong>Marcos Mart\u00ednez<\/strong>, ahora edil No Adscrito, opta a la alcald\u00eda con el partido municipalista <strong>ADIN<\/strong> y <strong>Tercera Edad en Acci\u00f3n<\/strong> est\u00e1 de nuevo presente con Juan Calero esta vez como cabeza de lista.<\/p>\n<p><strong><span style=\"color: #0000ff;\">Dispositivo especial para que todo funcione con normalidad\u00a0<\/span><\/strong><\/p>\n<p style=\"text-align: justify;\">Desde las ocho de la ma\u00f1ana del domingo, y hasta que cierren los colegios,<strong> se podr\u00e1 llamar al tel\u00e9fono 96 553 71 03<\/strong> para consultar en qu\u00e9 colegio y mesa se puede ejercer el derecho al voto. El tel\u00e9fono se suma a <strong>la aplicaci\u00f3n que tambi\u00e9n est\u00e1 disponible<\/strong> para consultar esta misma informaci\u00f3n en la p\u00e1gina del Ayuntamiento. Adem\u00e1s, ese mismo d\u00eda <strong>se podr\u00e1 ver la distribuci\u00f3n de electores por mesa a trav\u00e9s de un c\u00f3digo QR<\/strong>, una innovaci\u00f3n que se introduce para salvaguardar la protecci\u00f3n de datos. Por otra parte <strong>funcionar\u00e1 un dispositivo especial de seguridad<\/strong> as\u00ed como <strong>otro para atender posibles incidencias en materia sanitaria<\/strong>. Tambi\u00e9n <strong>funcionarios, representantes de la administraci\u00f3n y personal auxiliar<\/strong> prestar\u00e1n servicio en el caso de que sea necesario. Por \u00faltimo, el <strong>personal de Correos<\/strong> repartir\u00e1 en las mesas el voto por correo y <strong>las brigadas de servicios y mantenimiento el\u00e9ctrico<\/strong> estar\u00e1n pendientes de solucionar cualquier incidencia y de retirar el material electoral una vez se cierran los colegios para que el lunes 29 de mayo los centros abran para la actividad docente sin ning\u00fan tipo de problema.<\/p>\n","protected":false},"excerpt":{"rendered":"<p>Todo ya est\u00e1 preparado para la celebraci\u00f3n de las Elecciones Municipales y Auton\u00f3micas que tendr\u00e1n lugar este domingo 28 de&#8230;<\/p>\n","protected":false},"author":1,"featured_media":50146,"comment_status":"open","ping_status":"open","sticky":false,"template":"","format":"standard","meta":{"footnotes":""},"categories":[6909,97,75,125],"tags":[14826,1494,14827,6839,721],"class_list":["post-116446","post","type-post","status-publish","format-standard","has-post-thumbnail","hentry","category-actualidad","category-alcoy","category-noticias","category-portada","tag-45-816-alcoyanos","tag-alcoy","tag-derecho-a-voto","tag-dispositivo-especial","tag-elecciones-municipales"],"yoast_head":"<!-- This site is optimized with the Yoast SEO plugin v27.3 - https:\/\/yoast.com\/product\/yoast-seo-wordpress\/ -->\n<title>45.816 alcoyanos est\u00e1n llamados a las urnas este domingo - COPE Alcoy<\/title>\n<meta name=\"description\" content=\"Todo ya est\u00e1 preparado para la celebraci\u00f3n de las Elecciones Municipales y Auton\u00f3micas que tendr\u00e1n lugar este domingo 28 de mayo\" \/>\n<meta name=\"robots\" content=\"index, follow, max-snippet:-1, max-image-preview:large, max-video-preview:-1\" \/>\n<link rel=\"canonical\" href=\"https:\/\/www.copealcoy.es\/es\/45-816-alcoyanos-estan-llamados-a-las-urnas-este-domingo\/\" \/>\n<meta property=\"og:locale\" content=\"es_ES\" \/>\n<meta property=\"og:type\" content=\"article\" \/>\n<meta property=\"og:title\" content=\"45.816 alcoyanos est\u00e1n llamados a las urnas este domingo - COPE Alcoy\" \/>\n<meta property=\"og:description\" content=\"Todo ya est\u00e1 preparado para la celebraci\u00f3n de las Elecciones Municipales y Auton\u00f3micas que tendr\u00e1n lugar este domingo 28 de mayo\" \/>\n<meta property=\"og:url\" content=\"https:\/\/www.copealcoy.es\/es\/45-816-alcoyanos-estan-llamados-a-las-urnas-este-domingo\/\" \/>\n<meta property=\"og:site_name\" content=\"COPE Alcoy\" \/>\n<meta property=\"article:published_time\" content=\"2023-05-26T17:30:37+00:00\" \/>\n<meta property=\"article:modified_time\" content=\"2023-05-26T17:52:43+00:00\" \/>\n<meta property=\"og:image\" content=\"https:\/\/www.copealcoy.es\/wp-content\/uploads\/2019\/04\/eleccions-2019-3-1.jpeg\" \/>\n\t<meta property=\"og:image:width\" content=\"1600\" \/>\n\t<meta property=\"og:image:height\" content=\"900\" \/>\n\t<meta property=\"og:image:type\" content=\"image\/jpeg\" \/>\n<meta name=\"author\" content=\"Cope Alcoy\" \/>\n<meta name=\"twitter:label1\" content=\"Escrito por\" \/>\n\t<meta name=\"twitter:data1\" content=\"Cope Alcoy\" \/>\n\t<meta name=\"twitter:label2\" content=\"Tiempo de lectura\" \/>\n\t<meta name=\"twitter:data2\" content=\"3 minutos\" \/>\n<script type=\"application\/ld+json\" class=\"yoast-schema-graph\">{\"@context\":\"https:\\\/\\\/schema.org\",\"@graph\":[{\"@type\":\"Article\",\"@id\":\"https:\\\/\\\/www.copealcoy.es\\\/es\\\/45-816-alcoyanos-estan-llamados-a-las-urnas-este-domingo\\\/#article\",\"isPartOf\":{\"@id\":\"https:\\\/\\\/www.copealcoy.es\\\/es\\\/45-816-alcoyanos-estan-llamados-a-las-urnas-este-domingo\\\/\"},\"author\":{\"name\":\"Cope Alcoy\",\"@id\":\"https:\\\/\\\/www.copealcoy.es\\\/es\\\/#\\\/schema\\\/person\\\/e777c87fa024e57d40170af9df39882c\"},\"headline\":\"45.816 alcoyanos est\u00e1n llamados a las urnas este domingo\",\"datePublished\":\"2023-05-26T17:30:37+00:00\",\"dateModified\":\"2023-05-26T17:52:43+00:00\",\"mainEntityOfPage\":{\"@id\":\"https:\\\/\\\/www.copealcoy.es\\\/es\\\/45-816-alcoyanos-estan-llamados-a-las-urnas-este-domingo\\\/\"},\"wordCount\":661,\"commentCount\":0,\"image\":{\"@id\":\"https:\\\/\\\/www.copealcoy.es\\\/es\\\/45-816-alcoyanos-estan-llamados-a-las-urnas-este-domingo\\\/#primaryimage\"},\"thumbnailUrl\":\"https:\\\/\\\/www.copealcoy.es\\\/wp-content\\\/uploads\\\/2019\\\/04\\\/eleccions-2019-3-1.jpeg\",\"keywords\":[\"45.816 alcoyanos\",\"Alcoy\",\"derecho a voto\",\"dispositivo especial\",\"Elecciones Municipales\"],\"articleSection\":[\"Actualidad\",\"Alcoy\",\"Noticias\",\"Portada\"],\"inLanguage\":\"es\"},{\"@type\":\"WebPage\",\"@id\":\"https:\\\/\\\/www.copealcoy.es\\\/es\\\/45-816-alcoyanos-estan-llamados-a-las-urnas-este-domingo\\\/\",\"url\":\"https:\\\/\\\/www.copealcoy.es\\\/es\\\/45-816-alcoyanos-estan-llamados-a-las-urnas-este-domingo\\\/\",\"name\":\"45.816 alcoyanos est\u00e1n llamados a las urnas este domingo - COPE Alcoy\",\"isPartOf\":{\"@id\":\"https:\\\/\\\/www.copealcoy.es\\\/es\\\/#website\"},\"primaryImageOfPage\":{\"@id\":\"https:\\\/\\\/www.copealcoy.es\\\/es\\\/45-816-alcoyanos-estan-llamados-a-las-urnas-este-domingo\\\/#primaryimage\"},\"image\":{\"@id\":\"https:\\\/\\\/www.copealcoy.es\\\/es\\\/45-816-alcoyanos-estan-llamados-a-las-urnas-este-domingo\\\/#primaryimage\"},\"thumbnailUrl\":\"https:\\\/\\\/www.copealcoy.es\\\/wp-content\\\/uploads\\\/2019\\\/04\\\/eleccions-2019-3-1.jpeg\",\"datePublished\":\"2023-05-26T17:30:37+00:00\",\"dateModified\":\"2023-05-26T17:52:43+00:00\",\"author\":{\"@id\":\"https:\\\/\\\/www.copealcoy.es\\\/es\\\/#\\\/schema\\\/person\\\/e777c87fa024e57d40170af9df39882c\"},\"description\":\"Todo ya est\u00e1 preparado para la celebraci\u00f3n de las Elecciones Municipales y Auton\u00f3micas que tendr\u00e1n lugar este domingo 28 de mayo\",\"breadcrumb\":{\"@id\":\"https:\\\/\\\/www.copealcoy.es\\\/es\\\/45-816-alcoyanos-estan-llamados-a-las-urnas-este-domingo\\\/#breadcrumb\"},\"inLanguage\":\"es\",\"potentialAction\":[{\"@type\":\"ReadAction\",\"target\":[\"https:\\\/\\\/www.copealcoy.es\\\/es\\\/45-816-alcoyanos-estan-llamados-a-las-urnas-este-domingo\\\/\"]}]},{\"@type\":\"ImageObject\",\"inLanguage\":\"es\",\"@id\":\"https:\\\/\\\/www.copealcoy.es\\\/es\\\/45-816-alcoyanos-estan-llamados-a-las-urnas-este-domingo\\\/#primaryimage\",\"url\":\"https:\\\/\\\/www.copealcoy.es\\\/wp-content\\\/uploads\\\/2019\\\/04\\\/eleccions-2019-3-1.jpeg\",\"contentUrl\":\"https:\\\/\\\/www.copealcoy.es\\\/wp-content\\\/uploads\\\/2019\\\/04\\\/eleccions-2019-3-1.jpeg\",\"width\":1600,\"height\":900,\"caption\":\"Ayer se ultimaba el montaje de los colegios electorales \\\/ Foto: Ajuntament d'Alcoi\"},{\"@type\":\"BreadcrumbList\",\"@id\":\"https:\\\/\\\/www.copealcoy.es\\\/es\\\/45-816-alcoyanos-estan-llamados-a-las-urnas-este-domingo\\\/#breadcrumb\",\"itemListElement\":[{\"@type\":\"ListItem\",\"position\":1,\"name\":\"Portada\",\"item\":\"https:\\\/\\\/www.copealcoy.es\\\/es\\\/\"},{\"@type\":\"ListItem\",\"position\":2,\"name\":\"45.816 alcoyanos est\u00e1n llamados a las urnas este domingo\"}]},{\"@type\":\"WebSite\",\"@id\":\"https:\\\/\\\/www.copealcoy.es\\\/es\\\/#website\",\"url\":\"https:\\\/\\\/www.copealcoy.es\\\/es\\\/\",\"name\":\"COPE Alcoy\",\"description\":\"Emisora COPE de radio local con emisi\u00f3n online. Pont de Sant Jordi 8-10 03803 Alcoy\",\"potentialAction\":[{\"@type\":\"SearchAction\",\"target\":{\"@type\":\"EntryPoint\",\"urlTemplate\":\"https:\\\/\\\/www.copealcoy.es\\\/es\\\/?s={search_term_string}\"},\"query-input\":{\"@type\":\"PropertyValueSpecification\",\"valueRequired\":true,\"valueName\":\"search_term_string\"}}],\"inLanguage\":\"es\"},{\"@type\":\"Person\",\"@id\":\"https:\\\/\\\/www.copealcoy.es\\\/es\\\/#\\\/schema\\\/person\\\/e777c87fa024e57d40170af9df39882c\",\"name\":\"Cope Alcoy\",\"image\":{\"@type\":\"ImageObject\",\"inLanguage\":\"es\",\"@id\":\"https:\\\/\\\/secure.gravatar.com\\\/avatar\\\/bb65d0283347e303893ba14f0692005417c1e0e690a325a4c5d8bb2b3943ee14?s=96&d=mm&r=g\",\"url\":\"https:\\\/\\\/secure.gravatar.com\\\/avatar\\\/bb65d0283347e303893ba14f0692005417c1e0e690a325a4c5d8bb2b3943ee14?s=96&d=mm&r=g\",\"contentUrl\":\"https:\\\/\\\/secure.gravatar.com\\\/avatar\\\/bb65d0283347e303893ba14f0692005417c1e0e690a325a4c5d8bb2b3943ee14?s=96&d=mm&r=g\",\"caption\":\"Cope Alcoy\"}}]}<\/script>\n<!-- \/ Yoast SEO plugin. -->","yoast_head_json":{"title":"45.816 alcoyanos est\u00e1n llamados a las urnas este domingo - COPE Alcoy","description":"Todo ya est\u00e1 preparado para la celebraci\u00f3n de las Elecciones Municipales y Auton\u00f3micas que tendr\u00e1n lugar este domingo 28 de mayo","robots":{"index":"index","follow":"follow","max-snippet":"max-snippet:-1","max-image-preview":"max-image-preview:large","max-video-preview":"max-video-preview:-1"},"canonical":"https:\/\/www.copealcoy.es\/es\/45-816-alcoyanos-estan-llamados-a-las-urnas-este-domingo\/","og_locale":"es_ES","og_type":"article","og_title":"45.816 alcoyanos est\u00e1n llamados a las urnas este domingo - COPE Alcoy","og_description":"Todo ya est\u00e1 preparado para la celebraci\u00f3n de las Elecciones Municipales y Auton\u00f3micas que tendr\u00e1n lugar este domingo 28 de mayo","og_url":"https:\/\/www.copealcoy.es\/es\/45-816-alcoyanos-estan-llamados-a-las-urnas-este-domingo\/","og_site_name":"COPE Alcoy","article_published_time":"2023-05-26T17:30:37+00:00","article_modified_time":"2023-05-26T17:52:43+00:00","og_image":[{"width":1600,"height":900,"url":"https:\/\/www.copealcoy.es\/wp-content\/uploads\/2019\/04\/eleccions-2019-3-1.jpeg","type":"image\/jpeg"}],"author":"Cope Alcoy","twitter_misc":{"Escrito por":"Cope Alcoy","Tiempo de lectura":"3 minutos"},"schema":{"@context":"https:\/\/schema.org","@graph":[{"@type":"Article","@id":"https:\/\/www.copealcoy.es\/es\/45-816-alcoyanos-estan-llamados-a-las-urnas-este-domingo\/#article","isPartOf":{"@id":"https:\/\/www.copealcoy.es\/es\/45-816-alcoyanos-estan-llamados-a-las-urnas-este-domingo\/"},"author":{"name":"Cope Alcoy","@id":"https:\/\/www.copealcoy.es\/es\/#\/schema\/person\/e777c87fa024e57d40170af9df39882c"},"headline":"45.816 alcoyanos est\u00e1n llamados a las urnas este domingo","datePublished":"2023-05-26T17:30:37+00:00","dateModified":"2023-05-26T17:52:43+00:00","mainEntityOfPage":{"@id":"https:\/\/www.copealcoy.es\/es\/45-816-alcoyanos-estan-llamados-a-las-urnas-este-domingo\/"},"wordCount":661,"commentCount":0,"image":{"@id":"https:\/\/www.copealcoy.es\/es\/45-816-alcoyanos-estan-llamados-a-las-urnas-este-domingo\/#primaryimage"},"thumbnailUrl":"https:\/\/www.copealcoy.es\/wp-content\/uploads\/2019\/04\/eleccions-2019-3-1.jpeg","keywords":["45.816 alcoyanos","Alcoy","derecho a voto","dispositivo especial","Elecciones Municipales"],"articleSection":["Actualidad","Alcoy","Noticias","Portada"],"inLanguage":"es"},{"@type":"WebPage","@id":"https:\/\/www.copealcoy.es\/es\/45-816-alcoyanos-estan-llamados-a-las-urnas-este-domingo\/","url":"https:\/\/www.copealcoy.es\/es\/45-816-alcoyanos-estan-llamados-a-las-urnas-este-domingo\/","name":"45.816 alcoyanos est\u00e1n llamados a las urnas este domingo - COPE Alcoy","isPartOf":{"@id":"https:\/\/www.copealcoy.es\/es\/#website"},"primaryImageOfPage":{"@id":"https:\/\/www.copealcoy.es\/es\/45-816-alcoyanos-estan-llamados-a-las-urnas-este-domingo\/#primaryimage"},"image":{"@id":"https:\/\/www.copealcoy.es\/es\/45-816-alcoyanos-estan-llamados-a-las-urnas-este-domingo\/#primaryimage"},"thumbnailUrl":"https:\/\/www.copealcoy.es\/wp-content\/uploads\/2019\/04\/eleccions-2019-3-1.jpeg","datePublished":"2023-05-26T17:30:37+00:00","dateModified":"2023-05-26T17:52:43+00:00","author":{"@id":"https:\/\/www.copealcoy.es\/es\/#\/schema\/person\/e777c87fa024e57d40170af9df39882c"},"description":"Todo ya est\u00e1 preparado para la celebraci\u00f3n de las Elecciones Municipales y Auton\u00f3micas que tendr\u00e1n lugar este domingo 28 de mayo","breadcrumb":{"@id":"https:\/\/www.copealcoy.es\/es\/45-816-alcoyanos-estan-llamados-a-las-urnas-este-domingo\/#breadcrumb"},"inLanguage":"es","potentialAction":[{"@type":"ReadAction","target":["https:\/\/www.copealcoy.es\/es\/45-816-alcoyanos-estan-llamados-a-las-urnas-este-domingo\/"]}]},{"@type":"ImageObject","inLanguage":"es","@id":"https:\/\/www.copealcoy.es\/es\/45-816-alcoyanos-estan-llamados-a-las-urnas-este-domingo\/#primaryimage","url":"https:\/\/www.copealcoy.es\/wp-content\/uploads\/2019\/04\/eleccions-2019-3-1.jpeg","contentUrl":"https:\/\/www.copealcoy.es\/wp-content\/uploads\/2019\/04\/eleccions-2019-3-1.jpeg","width":1600,"height":900,"caption":"Ayer se ultimaba el montaje de los colegios electorales \/ Foto: Ajuntament d'Alcoi"},{"@type":"BreadcrumbList","@id":"https:\/\/www.copealcoy.es\/es\/45-816-alcoyanos-estan-llamados-a-las-urnas-este-domingo\/#breadcrumb","itemListElement":[{"@type":"ListItem","position":1,"name":"Portada","item":"https:\/\/www.copealcoy.es\/es\/"},{"@type":"ListItem","position":2,"name":"45.816 alcoyanos est\u00e1n llamados a las urnas este domingo"}]},{"@type":"WebSite","@id":"https:\/\/www.copealcoy.es\/es\/#website","url":"https:\/\/www.copealcoy.es\/es\/","name":"COPE Alcoy","description":"Emisora COPE de radio local con emisi\u00f3n online. Pont de Sant Jordi 8-10 03803 Alcoy","potentialAction":[{"@type":"SearchAction","target":{"@type":"EntryPoint","urlTemplate":"https:\/\/www.copealcoy.es\/es\/?s={search_term_string}"},"query-input":{"@type":"PropertyValueSpecification","valueRequired":true,"valueName":"search_term_string"}}],"inLanguage":"es"},{"@type":"Person","@id":"https:\/\/www.copealcoy.es\/es\/#\/schema\/person\/e777c87fa024e57d40170af9df39882c","name":"Cope Alcoy","image":{"@type":"ImageObject","inLanguage":"es","@id":"https:\/\/secure.gravatar.com\/avatar\/bb65d0283347e303893ba14f0692005417c1e0e690a325a4c5d8bb2b3943ee14?s=96&d=mm&r=g","url":"https:\/\/secure.gravatar.com\/avatar\/bb65d0283347e303893ba14f0692005417c1e0e690a325a4c5d8bb2b3943ee14?s=96&d=mm&r=g","contentUrl":"https:\/\/secure.gravatar.com\/avatar\/bb65d0283347e303893ba14f0692005417c1e0e690a325a4c5d8bb2b3943ee14?s=96&d=mm&r=g","caption":"Cope Alcoy"}}]}},"_links":{"self":[{"href":"https:\/\/www.copealcoy.es\/es\/wp-json\/wp\/v2\/posts\/116446","targetHints":{"allow":["GET"]}}],"collection":[{"href":"https:\/\/www.copealcoy.es\/es\/wp-json\/wp\/v2\/posts"}],"about":[{"href":"https:\/\/www.copealcoy.es\/es\/wp-json\/wp\/v2\/types\/post"}],"author":[{"embeddable":true,"href":"https:\/\/www.copealcoy.es\/es\/wp-json\/wp\/v2\/users\/1"}],"replies":[{"embeddable":true,"href":"https:\/\/www.copealcoy.es\/es\/wp-json\/wp\/v2\/comments?post=116446"}],"version-history":[{"count":0,"href":"https:\/\/www.copealcoy.es\/es\/wp-json\/wp\/v2\/posts\/116446\/revisions"}],"wp:featuredmedia":[{"embeddable":true,"href":"https:\/\/www.copealcoy.es\/es\/wp-json\/wp\/v2\/media\/50146"}],"wp:attachment":[{"href":"https:\/\/www.copealcoy.es\/es\/wp-json\/wp\/v2\/media?parent=116446"}],"wp:term":[{"taxonomy":"category","embeddable":true,"href":"https:\/\/www.copealcoy.es\/es\/wp-json\/wp\/v2\/categories?post=116446"},{"taxonomy":"post_tag","embeddable":true,"href":"https:\/\/www.copealcoy.es\/es\/wp-json\/wp\/v2\/tags?post=116446"}],"curies":[{"name":"wp","href":"https:\/\/api.w.org\/{rel}","templated":true}]}}