{"id":116424,"date":"2023-05-26T16:13:19","date_gmt":"2023-05-26T15:13:19","guid":{"rendered":"https:\/\/www.copealcoy.es\/?p=116424"},"modified":"2023-05-26T16:27:32","modified_gmt":"2023-05-26T15:27:32","slug":"carlos-pastor-el-pp-es-la-unica-alternativa-para-que-alcoy-tenga-un-gobierno-mejor","status":"publish","type":"post","link":"https:\/\/www.copealcoy.es\/es\/carlos-pastor-el-pp-es-la-unica-alternativa-para-que-alcoy-tenga-un-gobierno-mejor\/","title":{"rendered":"Carlos Pastor: &#8220;El PP es la \u00fanica alternativa para que Alcoy tenga un gobierno mejor&#8221;"},"content":{"rendered":"<p style=\"text-align: justify;\">El <a href=\"https:\/\/www.facebook.com\/populares.alcoy\" target=\"_blank\" rel=\"noopener\"><strong><span style=\"color: #0000ff;\">Partido Popular de Alcoy<\/span> <\/strong><\/a>tiene en <strong>Carlos Pastor<\/strong> su <strong>candidato a la alcald\u00eda para las Elecciones Municipales<\/strong> que se celebran este domingo 28 de mayo. Los populares <strong>ven necesario un cambio de gobierno en la ciudad<\/strong>, tras doce a\u00f1os de los socialistas en el poder, y consideran que ellos <strong>son la \u00fanica alternativa<\/strong> para efectuar un cambio real.<\/p>\n<p style=\"text-align: justify;\">As\u00ed lo ha asegurado este viernes el alcaldable <strong>durante la entrevista que ha mantenido en COPE ALCOY<\/strong> previa a los comicios. Pastor ha insistido en que <strong>Alcoy<\/strong> <strong>se encuentra ahora mismo en una situaci\u00f3n de par\u00e1lisis<\/strong> y ha reiterado que tanto Toni Franc\u00e9s como su equipo de gobierno &#8220;<em>est\u00e1n totalmente agotados. No han hecho nada en todo este tiempo y solo han vivido de anuncios, promesas incumplidas o pol\u00edtica de titular. La realidad es clara: Alcoy se queda sin industrias, pierde poblaci\u00f3n es incapaz de retener en estos momentos el talento que se genera tanto en la Universidad como en los centros educativos<\/em>&#8220;, apuntaba Carlos Pastor.<\/p>\n<p style=\"text-align: justify;\">Sobre los <strong>ejes b\u00e1sicos de su programa electoral<\/strong>, Pastor fija en <strong>la industria<\/strong> uno de los objetivos prioritarios. El candidato <strong>pone el acento en la urgencia de apostar por la creaci\u00f3n de suelo industrial<\/strong> tanto para atraer a nuevas empresas como<strong> mantener aquellas que se ven obligadas a marcharse por la falta de garant\u00edas a la hora de expandirse<\/strong> que se les ofrece en nuestro t\u00e9rmino municipal &#8220;<em>no hay que perder m\u00e1s tiempo y desarrollar ya las opciones de suelo industrial que han surgido en la zona sur de Alcoy. Ah\u00ed tenemos una gran oportunidad para crear un corredor industrial que nos conecte con Ibi y que nos abra el camino hacia la capital de provincia<\/em>&#8220;, sentencia. Tambi\u00e9n Carlos Pastor deja claro <strong>la necesidad de escuchar a los vecinos<\/strong> para atender las necesidades de cada barrio, implementar un plan de choque para reforzar el mantenimiento de la ciudad, frenar la degradaci\u00f3n que sufren algunas zonas de Alcoy o reformular proyectos como el del carril bici &#8220;<em>que han estado hechos con tanta premura y sin una planificaci\u00f3n concreta<\/em>&#8220;, concluye el candidato popular.<\/p>\n<p style=\"text-align: justify;\">Finalmente Carlos Pastor <strong>no se ha pronunciado sobre posibles pactos<\/strong> en funci\u00f3n de los resultados que arrojen las urnas el domingo. Su <strong>objetivo<\/strong> es claro &#8220;<em>salimos a ganar y para ello cuento con un equipo de personas preparadas, conocedoras de la gesti\u00f3n municipal y que llegan a este reto ilusionadas por mejorar Alcoy<\/em>&#8220;, concluye. La <strong>entrevista completa<\/strong> la puedes escuchar aqu\u00ed:<\/p>\n<p><iframe loading=\"lazy\" title=\"&#039;Herrera En Cope&#039; Alcoi Divendres 26 De Maig (12:50h)\" width=\"100%\" height=\"120\" src=\"https:\/\/www.mixcloud.com\/widget\/iframe\/?feed=https%3A%2F%2Fwww.mixcloud.com%2FCOPEAlcoy%2Fherrera-en-cope-alcoi-divendres-26-de-maig-1250h%2F&amp;hide_cover=1\" frameborder=\"0\"><\/iframe><\/p>\n","protected":false},"excerpt":{"rendered":"<p>El Partido Popular de Alcoy tiene en Carlos Pastor su candidato a la alcald\u00eda para las Elecciones Municipales que se&#8230;<\/p>\n","protected":false},"author":1,"featured_media":116425,"comment_status":"open","ping_status":"open","sticky":false,"template":"","format":"standard","meta":{"footnotes":""},"categories":[6909,97,75,79],"tags":[1494,14821,13235,721,448],"class_list":["post-116424","post","type-post","status-publish","format-standard","has-post-thumbnail","hentry","category-actualidad","category-alcoy","category-noticias","category-politicayeconomia","tag-alcoy","tag-alternativa-de-gobierno","tag-carlos-pastor","tag-elecciones-municipales","tag-partido-popular"],"yoast_head":"<!-- This site is optimized with the Yoast SEO plugin v27.3 - https:\/\/yoast.com\/product\/yoast-seo-wordpress\/ -->\n<title>Carlos Pastor: &quot;El PP es la \u00fanica alternativa para que Alcoy tenga un gobierno mejor&quot; - COPE Alcoy<\/title>\n<meta name=\"description\" content=\"El Partido Popular de Alcoy tiene en Carlos Pastor su candidato a la alcald\u00eda para las Elecciones Municipales que se celebran este domingo\" \/>\n<meta name=\"robots\" content=\"index, follow, max-snippet:-1, max-image-preview:large, max-video-preview:-1\" \/>\n<link rel=\"canonical\" href=\"https:\/\/www.copealcoy.es\/es\/carlos-pastor-el-pp-es-la-unica-alternativa-para-que-alcoy-tenga-un-gobierno-mejor\/\" \/>\n<meta property=\"og:locale\" content=\"es_ES\" \/>\n<meta property=\"og:type\" content=\"article\" \/>\n<meta property=\"og:title\" content=\"Carlos Pastor: &quot;El PP es la \u00fanica alternativa para que Alcoy tenga un gobierno mejor&quot; - COPE Alcoy\" \/>\n<meta property=\"og:description\" content=\"El Partido Popular de Alcoy tiene en Carlos Pastor su candidato a la alcald\u00eda para las Elecciones Municipales que se celebran este domingo\" \/>\n<meta property=\"og:url\" content=\"https:\/\/www.copealcoy.es\/es\/carlos-pastor-el-pp-es-la-unica-alternativa-para-que-alcoy-tenga-un-gobierno-mejor\/\" \/>\n<meta property=\"og:site_name\" content=\"COPE Alcoy\" \/>\n<meta property=\"article:published_time\" content=\"2023-05-26T15:13:19+00:00\" \/>\n<meta property=\"article:modified_time\" content=\"2023-05-26T15:27:32+00:00\" \/>\n<meta property=\"og:image\" content=\"https:\/\/www.copealcoy.es\/wp-content\/uploads\/2023\/05\/unnamed-1-19-scaled-e1685114044817.jpg\" \/>\n\t<meta property=\"og:image:width\" content=\"640\" \/>\n\t<meta property=\"og:image:height\" content=\"480\" \/>\n\t<meta property=\"og:image:type\" content=\"image\/jpeg\" \/>\n<meta name=\"author\" content=\"Cope Alcoy\" \/>\n<meta name=\"twitter:label1\" content=\"Escrito por\" \/>\n\t<meta name=\"twitter:data1\" content=\"Cope Alcoy\" \/>\n\t<meta name=\"twitter:label2\" content=\"Tiempo de lectura\" \/>\n\t<meta name=\"twitter:data2\" content=\"2 minutos\" \/>\n<script type=\"application\/ld+json\" class=\"yoast-schema-graph\">{\"@context\":\"https:\\\/\\\/schema.org\",\"@graph\":[{\"@type\":\"Article\",\"@id\":\"https:\\\/\\\/www.copealcoy.es\\\/es\\\/carlos-pastor-el-pp-es-la-unica-alternativa-para-que-alcoy-tenga-un-gobierno-mejor\\\/#article\",\"isPartOf\":{\"@id\":\"https:\\\/\\\/www.copealcoy.es\\\/es\\\/carlos-pastor-el-pp-es-la-unica-alternativa-para-que-alcoy-tenga-un-gobierno-mejor\\\/\"},\"author\":{\"name\":\"Cope Alcoy\",\"@id\":\"https:\\\/\\\/www.copealcoy.es\\\/es\\\/#\\\/schema\\\/person\\\/e777c87fa024e57d40170af9df39882c\"},\"headline\":\"Carlos Pastor: &#8220;El PP es la \u00fanica alternativa para que Alcoy tenga un gobierno mejor&#8221;\",\"datePublished\":\"2023-05-26T15:13:19+00:00\",\"dateModified\":\"2023-05-26T15:27:32+00:00\",\"mainEntityOfPage\":{\"@id\":\"https:\\\/\\\/www.copealcoy.es\\\/es\\\/carlos-pastor-el-pp-es-la-unica-alternativa-para-que-alcoy-tenga-un-gobierno-mejor\\\/\"},\"wordCount\":447,\"commentCount\":0,\"image\":{\"@id\":\"https:\\\/\\\/www.copealcoy.es\\\/es\\\/carlos-pastor-el-pp-es-la-unica-alternativa-para-que-alcoy-tenga-un-gobierno-mejor\\\/#primaryimage\"},\"thumbnailUrl\":\"https:\\\/\\\/www.copealcoy.es\\\/wp-content\\\/uploads\\\/2023\\\/05\\\/unnamed-1-19-scaled-e1685114044817.jpg\",\"keywords\":[\"Alcoy\",\"alternativa de gobierno\",\"Carlos Pastor\",\"Elecciones Municipales\",\"Partido Popular\"],\"articleSection\":[\"Actualidad\",\"Alcoy\",\"Noticias\",\"Pol\u00edtica y Econom\u00eda\"],\"inLanguage\":\"es\"},{\"@type\":\"WebPage\",\"@id\":\"https:\\\/\\\/www.copealcoy.es\\\/es\\\/carlos-pastor-el-pp-es-la-unica-alternativa-para-que-alcoy-tenga-un-gobierno-mejor\\\/\",\"url\":\"https:\\\/\\\/www.copealcoy.es\\\/es\\\/carlos-pastor-el-pp-es-la-unica-alternativa-para-que-alcoy-tenga-un-gobierno-mejor\\\/\",\"name\":\"Carlos Pastor: \\\"El PP es la \u00fanica alternativa para que Alcoy tenga un gobierno mejor\\\" - COPE Alcoy\",\"isPartOf\":{\"@id\":\"https:\\\/\\\/www.copealcoy.es\\\/es\\\/#website\"},\"primaryImageOfPage\":{\"@id\":\"https:\\\/\\\/www.copealcoy.es\\\/es\\\/carlos-pastor-el-pp-es-la-unica-alternativa-para-que-alcoy-tenga-un-gobierno-mejor\\\/#primaryimage\"},\"image\":{\"@id\":\"https:\\\/\\\/www.copealcoy.es\\\/es\\\/carlos-pastor-el-pp-es-la-unica-alternativa-para-que-alcoy-tenga-un-gobierno-mejor\\\/#primaryimage\"},\"thumbnailUrl\":\"https:\\\/\\\/www.copealcoy.es\\\/wp-content\\\/uploads\\\/2023\\\/05\\\/unnamed-1-19-scaled-e1685114044817.jpg\",\"datePublished\":\"2023-05-26T15:13:19+00:00\",\"dateModified\":\"2023-05-26T15:27:32+00:00\",\"author\":{\"@id\":\"https:\\\/\\\/www.copealcoy.es\\\/es\\\/#\\\/schema\\\/person\\\/e777c87fa024e57d40170af9df39882c\"},\"description\":\"El Partido Popular de Alcoy tiene en Carlos Pastor su candidato a la alcald\u00eda para las Elecciones Municipales que se celebran este domingo\",\"breadcrumb\":{\"@id\":\"https:\\\/\\\/www.copealcoy.es\\\/es\\\/carlos-pastor-el-pp-es-la-unica-alternativa-para-que-alcoy-tenga-un-gobierno-mejor\\\/#breadcrumb\"},\"inLanguage\":\"es\",\"potentialAction\":[{\"@type\":\"ReadAction\",\"target\":[\"https:\\\/\\\/www.copealcoy.es\\\/es\\\/carlos-pastor-el-pp-es-la-unica-alternativa-para-que-alcoy-tenga-un-gobierno-mejor\\\/\"]}]},{\"@type\":\"ImageObject\",\"inLanguage\":\"es\",\"@id\":\"https:\\\/\\\/www.copealcoy.es\\\/es\\\/carlos-pastor-el-pp-es-la-unica-alternativa-para-que-alcoy-tenga-un-gobierno-mejor\\\/#primaryimage\",\"url\":\"https:\\\/\\\/www.copealcoy.es\\\/wp-content\\\/uploads\\\/2023\\\/05\\\/unnamed-1-19-scaled-e1685114044817.jpg\",\"contentUrl\":\"https:\\\/\\\/www.copealcoy.es\\\/wp-content\\\/uploads\\\/2023\\\/05\\\/unnamed-1-19-scaled-e1685114044817.jpg\",\"width\":640,\"height\":480},{\"@type\":\"BreadcrumbList\",\"@id\":\"https:\\\/\\\/www.copealcoy.es\\\/es\\\/carlos-pastor-el-pp-es-la-unica-alternativa-para-que-alcoy-tenga-un-gobierno-mejor\\\/#breadcrumb\",\"itemListElement\":[{\"@type\":\"ListItem\",\"position\":1,\"name\":\"Portada\",\"item\":\"https:\\\/\\\/www.copealcoy.es\\\/es\\\/\"},{\"@type\":\"ListItem\",\"position\":2,\"name\":\"Carlos Pastor: \u00abEl PP es la \u00fanica alternativa para que Alcoy tenga un gobierno mejor\u00bb\"}]},{\"@type\":\"WebSite\",\"@id\":\"https:\\\/\\\/www.copealcoy.es\\\/es\\\/#website\",\"url\":\"https:\\\/\\\/www.copealcoy.es\\\/es\\\/\",\"name\":\"COPE Alcoy\",\"description\":\"Emisora COPE de radio local con emisi\u00f3n online. Pont de Sant Jordi 8-10 03803 Alcoy\",\"potentialAction\":[{\"@type\":\"SearchAction\",\"target\":{\"@type\":\"EntryPoint\",\"urlTemplate\":\"https:\\\/\\\/www.copealcoy.es\\\/es\\\/?s={search_term_string}\"},\"query-input\":{\"@type\":\"PropertyValueSpecification\",\"valueRequired\":true,\"valueName\":\"search_term_string\"}}],\"inLanguage\":\"es\"},{\"@type\":\"Person\",\"@id\":\"https:\\\/\\\/www.copealcoy.es\\\/es\\\/#\\\/schema\\\/person\\\/e777c87fa024e57d40170af9df39882c\",\"name\":\"Cope Alcoy\",\"image\":{\"@type\":\"ImageObject\",\"inLanguage\":\"es\",\"@id\":\"https:\\\/\\\/secure.gravatar.com\\\/avatar\\\/bb65d0283347e303893ba14f0692005417c1e0e690a325a4c5d8bb2b3943ee14?s=96&d=mm&r=g\",\"url\":\"https:\\\/\\\/secure.gravatar.com\\\/avatar\\\/bb65d0283347e303893ba14f0692005417c1e0e690a325a4c5d8bb2b3943ee14?s=96&d=mm&r=g\",\"contentUrl\":\"https:\\\/\\\/secure.gravatar.com\\\/avatar\\\/bb65d0283347e303893ba14f0692005417c1e0e690a325a4c5d8bb2b3943ee14?s=96&d=mm&r=g\",\"caption\":\"Cope Alcoy\"}}]}<\/script>\n<!-- \/ Yoast SEO plugin. -->","yoast_head_json":{"title":"Carlos Pastor: \"El PP es la \u00fanica alternativa para que Alcoy tenga un gobierno mejor\" - COPE Alcoy","description":"El Partido Popular de Alcoy tiene en Carlos Pastor su candidato a la alcald\u00eda para las Elecciones Municipales que se celebran este domingo","robots":{"index":"index","follow":"follow","max-snippet":"max-snippet:-1","max-image-preview":"max-image-preview:large","max-video-preview":"max-video-preview:-1"},"canonical":"https:\/\/www.copealcoy.es\/es\/carlos-pastor-el-pp-es-la-unica-alternativa-para-que-alcoy-tenga-un-gobierno-mejor\/","og_locale":"es_ES","og_type":"article","og_title":"Carlos Pastor: \"El PP es la \u00fanica alternativa para que Alcoy tenga un gobierno mejor\" - COPE Alcoy","og_description":"El Partido Popular de Alcoy tiene en Carlos Pastor su candidato a la alcald\u00eda para las Elecciones Municipales que se celebran este domingo","og_url":"https:\/\/www.copealcoy.es\/es\/carlos-pastor-el-pp-es-la-unica-alternativa-para-que-alcoy-tenga-un-gobierno-mejor\/","og_site_name":"COPE Alcoy","article_published_time":"2023-05-26T15:13:19+00:00","article_modified_time":"2023-05-26T15:27:32+00:00","og_image":[{"width":640,"height":480,"url":"https:\/\/www.copealcoy.es\/wp-content\/uploads\/2023\/05\/unnamed-1-19-scaled-e1685114044817.jpg","type":"image\/jpeg"}],"author":"Cope Alcoy","twitter_misc":{"Escrito por":"Cope Alcoy","Tiempo de lectura":"2 minutos"},"schema":{"@context":"https:\/\/schema.org","@graph":[{"@type":"Article","@id":"https:\/\/www.copealcoy.es\/es\/carlos-pastor-el-pp-es-la-unica-alternativa-para-que-alcoy-tenga-un-gobierno-mejor\/#article","isPartOf":{"@id":"https:\/\/www.copealcoy.es\/es\/carlos-pastor-el-pp-es-la-unica-alternativa-para-que-alcoy-tenga-un-gobierno-mejor\/"},"author":{"name":"Cope Alcoy","@id":"https:\/\/www.copealcoy.es\/es\/#\/schema\/person\/e777c87fa024e57d40170af9df39882c"},"headline":"Carlos Pastor: &#8220;El PP es la \u00fanica alternativa para que Alcoy tenga un gobierno mejor&#8221;","datePublished":"2023-05-26T15:13:19+00:00","dateModified":"2023-05-26T15:27:32+00:00","mainEntityOfPage":{"@id":"https:\/\/www.copealcoy.es\/es\/carlos-pastor-el-pp-es-la-unica-alternativa-para-que-alcoy-tenga-un-gobierno-mejor\/"},"wordCount":447,"commentCount":0,"image":{"@id":"https:\/\/www.copealcoy.es\/es\/carlos-pastor-el-pp-es-la-unica-alternativa-para-que-alcoy-tenga-un-gobierno-mejor\/#primaryimage"},"thumbnailUrl":"https:\/\/www.copealcoy.es\/wp-content\/uploads\/2023\/05\/unnamed-1-19-scaled-e1685114044817.jpg","keywords":["Alcoy","alternativa de gobierno","Carlos Pastor","Elecciones Municipales","Partido Popular"],"articleSection":["Actualidad","Alcoy","Noticias","Pol\u00edtica y Econom\u00eda"],"inLanguage":"es"},{"@type":"WebPage","@id":"https:\/\/www.copealcoy.es\/es\/carlos-pastor-el-pp-es-la-unica-alternativa-para-que-alcoy-tenga-un-gobierno-mejor\/","url":"https:\/\/www.copealcoy.es\/es\/carlos-pastor-el-pp-es-la-unica-alternativa-para-que-alcoy-tenga-un-gobierno-mejor\/","name":"Carlos Pastor: \"El PP es la \u00fanica alternativa para que Alcoy tenga un gobierno mejor\" - COPE Alcoy","isPartOf":{"@id":"https:\/\/www.copealcoy.es\/es\/#website"},"primaryImageOfPage":{"@id":"https:\/\/www.copealcoy.es\/es\/carlos-pastor-el-pp-es-la-unica-alternativa-para-que-alcoy-tenga-un-gobierno-mejor\/#primaryimage"},"image":{"@id":"https:\/\/www.copealcoy.es\/es\/carlos-pastor-el-pp-es-la-unica-alternativa-para-que-alcoy-tenga-un-gobierno-mejor\/#primaryimage"},"thumbnailUrl":"https:\/\/www.copealcoy.es\/wp-content\/uploads\/2023\/05\/unnamed-1-19-scaled-e1685114044817.jpg","datePublished":"2023-05-26T15:13:19+00:00","dateModified":"2023-05-26T15:27:32+00:00","author":{"@id":"https:\/\/www.copealcoy.es\/es\/#\/schema\/person\/e777c87fa024e57d40170af9df39882c"},"description":"El Partido Popular de Alcoy tiene en Carlos Pastor su candidato a la alcald\u00eda para las Elecciones Municipales que se celebran este domingo","breadcrumb":{"@id":"https:\/\/www.copealcoy.es\/es\/carlos-pastor-el-pp-es-la-unica-alternativa-para-que-alcoy-tenga-un-gobierno-mejor\/#breadcrumb"},"inLanguage":"es","potentialAction":[{"@type":"ReadAction","target":["https:\/\/www.copealcoy.es\/es\/carlos-pastor-el-pp-es-la-unica-alternativa-para-que-alcoy-tenga-un-gobierno-mejor\/"]}]},{"@type":"ImageObject","inLanguage":"es","@id":"https:\/\/www.copealcoy.es\/es\/carlos-pastor-el-pp-es-la-unica-alternativa-para-que-alcoy-tenga-un-gobierno-mejor\/#primaryimage","url":"https:\/\/www.copealcoy.es\/wp-content\/uploads\/2023\/05\/unnamed-1-19-scaled-e1685114044817.jpg","contentUrl":"https:\/\/www.copealcoy.es\/wp-content\/uploads\/2023\/05\/unnamed-1-19-scaled-e1685114044817.jpg","width":640,"height":480},{"@type":"BreadcrumbList","@id":"https:\/\/www.copealcoy.es\/es\/carlos-pastor-el-pp-es-la-unica-alternativa-para-que-alcoy-tenga-un-gobierno-mejor\/#breadcrumb","itemListElement":[{"@type":"ListItem","position":1,"name":"Portada","item":"https:\/\/www.copealcoy.es\/es\/"},{"@type":"ListItem","position":2,"name":"Carlos Pastor: \u00abEl PP es la \u00fanica alternativa para que Alcoy tenga un gobierno mejor\u00bb"}]},{"@type":"WebSite","@id":"https:\/\/www.copealcoy.es\/es\/#website","url":"https:\/\/www.copealcoy.es\/es\/","name":"COPE Alcoy","description":"Emisora COPE de radio local con emisi\u00f3n online. Pont de Sant Jordi 8-10 03803 Alcoy","potentialAction":[{"@type":"SearchAction","target":{"@type":"EntryPoint","urlTemplate":"https:\/\/www.copealcoy.es\/es\/?s={search_term_string}"},"query-input":{"@type":"PropertyValueSpecification","valueRequired":true,"valueName":"search_term_string"}}],"inLanguage":"es"},{"@type":"Person","@id":"https:\/\/www.copealcoy.es\/es\/#\/schema\/person\/e777c87fa024e57d40170af9df39882c","name":"Cope Alcoy","image":{"@type":"ImageObject","inLanguage":"es","@id":"https:\/\/secure.gravatar.com\/avatar\/bb65d0283347e303893ba14f0692005417c1e0e690a325a4c5d8bb2b3943ee14?s=96&d=mm&r=g","url":"https:\/\/secure.gravatar.com\/avatar\/bb65d0283347e303893ba14f0692005417c1e0e690a325a4c5d8bb2b3943ee14?s=96&d=mm&r=g","contentUrl":"https:\/\/secure.gravatar.com\/avatar\/bb65d0283347e303893ba14f0692005417c1e0e690a325a4c5d8bb2b3943ee14?s=96&d=mm&r=g","caption":"Cope Alcoy"}}]}},"_links":{"self":[{"href":"https:\/\/www.copealcoy.es\/es\/wp-json\/wp\/v2\/posts\/116424","targetHints":{"allow":["GET"]}}],"collection":[{"href":"https:\/\/www.copealcoy.es\/es\/wp-json\/wp\/v2\/posts"}],"about":[{"href":"https:\/\/www.copealcoy.es\/es\/wp-json\/wp\/v2\/types\/post"}],"author":[{"embeddable":true,"href":"https:\/\/www.copealcoy.es\/es\/wp-json\/wp\/v2\/users\/1"}],"replies":[{"embeddable":true,"href":"https:\/\/www.copealcoy.es\/es\/wp-json\/wp\/v2\/comments?post=116424"}],"version-history":[{"count":0,"href":"https:\/\/www.copealcoy.es\/es\/wp-json\/wp\/v2\/posts\/116424\/revisions"}],"wp:featuredmedia":[{"embeddable":true,"href":"https:\/\/www.copealcoy.es\/es\/wp-json\/wp\/v2\/media\/116425"}],"wp:attachment":[{"href":"https:\/\/www.copealcoy.es\/es\/wp-json\/wp\/v2\/media?parent=116424"}],"wp:term":[{"taxonomy":"category","embeddable":true,"href":"https:\/\/www.copealcoy.es\/es\/wp-json\/wp\/v2\/categories?post=116424"},{"taxonomy":"post_tag","embeddable":true,"href":"https:\/\/www.copealcoy.es\/es\/wp-json\/wp\/v2\/tags?post=116424"}],"curies":[{"name":"wp","href":"https:\/\/api.w.org\/{rel}","templated":true}]}}