{"id":11640,"date":"2015-03-26T13:06:23","date_gmt":"2015-03-26T13:06:23","guid":{"rendered":"http:\/\/copealcoi.es\/new\/?p=11640"},"modified":"2015-03-26T13:06:23","modified_gmt":"2015-03-26T13:06:23","slug":"la-pasion-llega-a-las-calles-de-cocentaina","status":"publish","type":"post","link":"https:\/\/www.copealcoy.es\/es\/la-pasion-llega-a-las-calles-de-cocentaina\/","title":{"rendered":"La Pasi\u00f3n llega a las calles de Cocentaina"},"content":{"rendered":"<p style=\"text-align: justify;\">M\u00e1s de 70 actores volver\u00e1n a escenificar este s\u00e1bado 28 de marzo, v\u00edspera del Domingo de Ramos, \u00a0la Pasi\u00f3n de Cristo por las calles del Cocentaina. Tras el \u00e9xito del a\u00f1o pasado la iniciativa se volver\u00e1 a poner en marcha de la mano del Grupo de Teatro del Patronato y a la que se sumar\u00e1n numerosos contestanos que participar\u00e1n en la\u00a0representaci\u00f3n desarrollando diferentes papeles. La Pasi\u00f3n dar\u00e1 inicio a las ocho de la tarde en el Pla de la Font con la Entrada de Jes\u00fas en Jerusal\u00e9n y seguir\u00e1 con el acompa\u00f1amiento del pueblo portando palmas hasta la plaza de la Iglesia de Santa Mar\u00eda. All\u00ed, a las puertas del templo parroquial,\u00a0\u00a0se representar\u00e1 la escena de la \u00faltima cena que incluir\u00e1 tambi\u00e9n el lavatorio de los pies a los doce ap\u00f3stoles. A continuaci\u00f3n en la conocida Placeta dels Apostols se escenificar\u00e1 la oraci\u00f3n del huerto y seguidamente en la plaza del Pla tendr\u00e1 lugar el juicio de Jes\u00fas ante Pilatos. Ser\u00e1 el paso previo para uno de los momentos culminantes de la Pasi\u00f3n, la Crucifixi\u00f3n, que tendr\u00e1 lugar en lo alto de la calle Sant\u00edsima Trinidad &#8220;es un espacio elevado y un enclave \u00fanico ya que est\u00e1 a los pies de la Serra de Mariola&#8221;, ha explicado el presidente de la Archicofrad\u00eda\u00a0del Sant\u00edsimo Sacramento, Jos\u00e9 Lu\u00eds Pascual, en La Ma\u00f1ana de Cope Alcoy.<\/p>\n<p style=\"text-align: justify;\">Tras la celebraci\u00f3n de la Pasi\u00f3n, el domingo Cocentaina\u00a0acoger\u00e1 los actos del D\u00eda de la Palma con la bendici\u00f3n de ramos a las 11:30h de la ma\u00f1ana en el Convento de los Franciscanos seguido de la procesi\u00f3n por el Passeig del Comtat para culminar en el Pla con una misa a las puertas del Palau Comtal. Por la tarde, a las ocho, dar\u00e1 inicio la procesi\u00f3n de La Dolorosa desde la iglesia del Salvador.<\/p>\n","protected":false},"excerpt":{"rendered":"<p>M\u00e1s de 70 actores volver\u00e1n a escenificar este s\u00e1bado 28 de marzo, v\u00edspera del Domingo de Ramos, \u00a0la Pasi\u00f3n de&#8230;<\/p>\n","protected":false},"author":1,"featured_media":11642,"comment_status":"open","ping_status":"open","sticky":false,"template":"","format":"standard","meta":{"footnotes":""},"categories":[98,75],"tags":[132,414,878,128,745],"class_list":["post-11640","post","type-post","status-publish","format-standard","has-post-thumbnail","hentry","category-comarcas","category-noticias","tag-cocentaina","tag-cultura","tag-pasion","tag-religion","tag-semana-santa"],"yoast_head":"<!-- This site is optimized with the Yoast SEO plugin v27.3 - https:\/\/yoast.com\/product\/yoast-seo-wordpress\/ -->\n<title>La Pasi\u00f3n llega a las calles de Cocentaina - COPE Alcoy<\/title>\n<meta name=\"robots\" content=\"index, follow, max-snippet:-1, max-image-preview:large, max-video-preview:-1\" \/>\n<link rel=\"canonical\" href=\"https:\/\/www.copealcoy.es\/es\/la-pasion-llega-a-las-calles-de-cocentaina\/\" \/>\n<meta property=\"og:locale\" content=\"es_ES\" \/>\n<meta property=\"og:type\" content=\"article\" \/>\n<meta property=\"og:title\" content=\"La Pasi\u00f3n llega a las calles de Cocentaina - COPE Alcoy\" \/>\n<meta property=\"og:description\" content=\"M\u00e1s de 70 actores volver\u00e1n a escenificar este s\u00e1bado 28 de marzo, v\u00edspera del Domingo de Ramos, \u00a0la Pasi\u00f3n de...\" \/>\n<meta property=\"og:url\" content=\"https:\/\/www.copealcoy.es\/es\/la-pasion-llega-a-las-calles-de-cocentaina\/\" \/>\n<meta property=\"og:site_name\" content=\"COPE Alcoy\" \/>\n<meta property=\"article:published_time\" content=\"2015-03-26T13:06:23+00:00\" \/>\n<meta property=\"og:image\" content=\"https:\/\/www.copealcoy.es\/wp-content\/uploads\/2015\/03\/10155724_436697453140412_7794381295187462614_n.jpg\" \/>\n\t<meta property=\"og:image:width\" content=\"960\" \/>\n\t<meta property=\"og:image:height\" content=\"751\" \/>\n\t<meta property=\"og:image:type\" content=\"image\/jpeg\" \/>\n<meta name=\"author\" content=\"Cope Alcoy\" \/>\n<meta name=\"twitter:label1\" content=\"Escrito por\" \/>\n\t<meta name=\"twitter:data1\" content=\"Cope Alcoy\" \/>\n\t<meta name=\"twitter:label2\" content=\"Tiempo de lectura\" \/>\n\t<meta name=\"twitter:data2\" content=\"2 minutos\" \/>\n<script type=\"application\/ld+json\" class=\"yoast-schema-graph\">{\"@context\":\"https:\\\/\\\/schema.org\",\"@graph\":[{\"@type\":\"Article\",\"@id\":\"https:\\\/\\\/www.copealcoy.es\\\/es\\\/la-pasion-llega-a-las-calles-de-cocentaina\\\/#article\",\"isPartOf\":{\"@id\":\"https:\\\/\\\/www.copealcoy.es\\\/es\\\/la-pasion-llega-a-las-calles-de-cocentaina\\\/\"},\"author\":{\"name\":\"Cope Alcoy\",\"@id\":\"https:\\\/\\\/www.copealcoy.es\\\/es\\\/#\\\/schema\\\/person\\\/e777c87fa024e57d40170af9df39882c\"},\"headline\":\"La Pasi\u00f3n llega a las calles de Cocentaina\",\"datePublished\":\"2015-03-26T13:06:23+00:00\",\"mainEntityOfPage\":{\"@id\":\"https:\\\/\\\/www.copealcoy.es\\\/es\\\/la-pasion-llega-a-las-calles-de-cocentaina\\\/\"},\"wordCount\":341,\"commentCount\":0,\"image\":{\"@id\":\"https:\\\/\\\/www.copealcoy.es\\\/es\\\/la-pasion-llega-a-las-calles-de-cocentaina\\\/#primaryimage\"},\"thumbnailUrl\":\"https:\\\/\\\/www.copealcoy.es\\\/wp-content\\\/uploads\\\/2015\\\/03\\\/10155724_436697453140412_7794381295187462614_n.jpg\",\"keywords\":[\"Cocentaina\",\"Cultura\",\"Pasi\u00f3n\",\"religi\u00f3n\",\"Semana Santa\"],\"articleSection\":[\"Comarcas\",\"Noticias\"],\"inLanguage\":\"es\"},{\"@type\":\"WebPage\",\"@id\":\"https:\\\/\\\/www.copealcoy.es\\\/es\\\/la-pasion-llega-a-las-calles-de-cocentaina\\\/\",\"url\":\"https:\\\/\\\/www.copealcoy.es\\\/es\\\/la-pasion-llega-a-las-calles-de-cocentaina\\\/\",\"name\":\"La Pasi\u00f3n llega a las calles de Cocentaina - COPE Alcoy\",\"isPartOf\":{\"@id\":\"https:\\\/\\\/www.copealcoy.es\\\/es\\\/#website\"},\"primaryImageOfPage\":{\"@id\":\"https:\\\/\\\/www.copealcoy.es\\\/es\\\/la-pasion-llega-a-las-calles-de-cocentaina\\\/#primaryimage\"},\"image\":{\"@id\":\"https:\\\/\\\/www.copealcoy.es\\\/es\\\/la-pasion-llega-a-las-calles-de-cocentaina\\\/#primaryimage\"},\"thumbnailUrl\":\"https:\\\/\\\/www.copealcoy.es\\\/wp-content\\\/uploads\\\/2015\\\/03\\\/10155724_436697453140412_7794381295187462614_n.jpg\",\"datePublished\":\"2015-03-26T13:06:23+00:00\",\"author\":{\"@id\":\"https:\\\/\\\/www.copealcoy.es\\\/es\\\/#\\\/schema\\\/person\\\/e777c87fa024e57d40170af9df39882c\"},\"breadcrumb\":{\"@id\":\"https:\\\/\\\/www.copealcoy.es\\\/es\\\/la-pasion-llega-a-las-calles-de-cocentaina\\\/#breadcrumb\"},\"inLanguage\":\"es\",\"potentialAction\":[{\"@type\":\"ReadAction\",\"target\":[\"https:\\\/\\\/www.copealcoy.es\\\/es\\\/la-pasion-llega-a-las-calles-de-cocentaina\\\/\"]}]},{\"@type\":\"ImageObject\",\"inLanguage\":\"es\",\"@id\":\"https:\\\/\\\/www.copealcoy.es\\\/es\\\/la-pasion-llega-a-las-calles-de-cocentaina\\\/#primaryimage\",\"url\":\"https:\\\/\\\/www.copealcoy.es\\\/wp-content\\\/uploads\\\/2015\\\/03\\\/10155724_436697453140412_7794381295187462614_n.jpg\",\"contentUrl\":\"https:\\\/\\\/www.copealcoy.es\\\/wp-content\\\/uploads\\\/2015\\\/03\\\/10155724_436697453140412_7794381295187462614_n.jpg\",\"width\":960,\"height\":751,\"caption\":\"La Pasi\u00f3n por las calles se represent\u00f3 por primera vez en 2014\"},{\"@type\":\"BreadcrumbList\",\"@id\":\"https:\\\/\\\/www.copealcoy.es\\\/es\\\/la-pasion-llega-a-las-calles-de-cocentaina\\\/#breadcrumb\",\"itemListElement\":[{\"@type\":\"ListItem\",\"position\":1,\"name\":\"Portada\",\"item\":\"https:\\\/\\\/www.copealcoy.es\\\/es\\\/\"},{\"@type\":\"ListItem\",\"position\":2,\"name\":\"La Pasi\u00f3n llega a las calles de Cocentaina\"}]},{\"@type\":\"WebSite\",\"@id\":\"https:\\\/\\\/www.copealcoy.es\\\/es\\\/#website\",\"url\":\"https:\\\/\\\/www.copealcoy.es\\\/es\\\/\",\"name\":\"COPE Alcoy\",\"description\":\"Emisora COPE de radio local con emisi\u00f3n online. Pont de Sant Jordi 8-10 03803 Alcoy\",\"potentialAction\":[{\"@type\":\"SearchAction\",\"target\":{\"@type\":\"EntryPoint\",\"urlTemplate\":\"https:\\\/\\\/www.copealcoy.es\\\/es\\\/?s={search_term_string}\"},\"query-input\":{\"@type\":\"PropertyValueSpecification\",\"valueRequired\":true,\"valueName\":\"search_term_string\"}}],\"inLanguage\":\"es\"},{\"@type\":\"Person\",\"@id\":\"https:\\\/\\\/www.copealcoy.es\\\/es\\\/#\\\/schema\\\/person\\\/e777c87fa024e57d40170af9df39882c\",\"name\":\"Cope Alcoy\",\"image\":{\"@type\":\"ImageObject\",\"inLanguage\":\"es\",\"@id\":\"https:\\\/\\\/secure.gravatar.com\\\/avatar\\\/bb65d0283347e303893ba14f0692005417c1e0e690a325a4c5d8bb2b3943ee14?s=96&d=mm&r=g\",\"url\":\"https:\\\/\\\/secure.gravatar.com\\\/avatar\\\/bb65d0283347e303893ba14f0692005417c1e0e690a325a4c5d8bb2b3943ee14?s=96&d=mm&r=g\",\"contentUrl\":\"https:\\\/\\\/secure.gravatar.com\\\/avatar\\\/bb65d0283347e303893ba14f0692005417c1e0e690a325a4c5d8bb2b3943ee14?s=96&d=mm&r=g\",\"caption\":\"Cope Alcoy\"}}]}<\/script>\n<!-- \/ Yoast SEO plugin. -->","yoast_head_json":{"title":"La Pasi\u00f3n llega a las calles de Cocentaina - COPE Alcoy","robots":{"index":"index","follow":"follow","max-snippet":"max-snippet:-1","max-image-preview":"max-image-preview:large","max-video-preview":"max-video-preview:-1"},"canonical":"https:\/\/www.copealcoy.es\/es\/la-pasion-llega-a-las-calles-de-cocentaina\/","og_locale":"es_ES","og_type":"article","og_title":"La Pasi\u00f3n llega a las calles de Cocentaina - COPE Alcoy","og_description":"M\u00e1s de 70 actores volver\u00e1n a escenificar este s\u00e1bado 28 de marzo, v\u00edspera del Domingo de Ramos, \u00a0la Pasi\u00f3n de...","og_url":"https:\/\/www.copealcoy.es\/es\/la-pasion-llega-a-las-calles-de-cocentaina\/","og_site_name":"COPE Alcoy","article_published_time":"2015-03-26T13:06:23+00:00","og_image":[{"width":960,"height":751,"url":"https:\/\/www.copealcoy.es\/wp-content\/uploads\/2015\/03\/10155724_436697453140412_7794381295187462614_n.jpg","type":"image\/jpeg"}],"author":"Cope Alcoy","twitter_misc":{"Escrito por":"Cope Alcoy","Tiempo de lectura":"2 minutos"},"schema":{"@context":"https:\/\/schema.org","@graph":[{"@type":"Article","@id":"https:\/\/www.copealcoy.es\/es\/la-pasion-llega-a-las-calles-de-cocentaina\/#article","isPartOf":{"@id":"https:\/\/www.copealcoy.es\/es\/la-pasion-llega-a-las-calles-de-cocentaina\/"},"author":{"name":"Cope Alcoy","@id":"https:\/\/www.copealcoy.es\/es\/#\/schema\/person\/e777c87fa024e57d40170af9df39882c"},"headline":"La Pasi\u00f3n llega a las calles de Cocentaina","datePublished":"2015-03-26T13:06:23+00:00","mainEntityOfPage":{"@id":"https:\/\/www.copealcoy.es\/es\/la-pasion-llega-a-las-calles-de-cocentaina\/"},"wordCount":341,"commentCount":0,"image":{"@id":"https:\/\/www.copealcoy.es\/es\/la-pasion-llega-a-las-calles-de-cocentaina\/#primaryimage"},"thumbnailUrl":"https:\/\/www.copealcoy.es\/wp-content\/uploads\/2015\/03\/10155724_436697453140412_7794381295187462614_n.jpg","keywords":["Cocentaina","Cultura","Pasi\u00f3n","religi\u00f3n","Semana Santa"],"articleSection":["Comarcas","Noticias"],"inLanguage":"es"},{"@type":"WebPage","@id":"https:\/\/www.copealcoy.es\/es\/la-pasion-llega-a-las-calles-de-cocentaina\/","url":"https:\/\/www.copealcoy.es\/es\/la-pasion-llega-a-las-calles-de-cocentaina\/","name":"La Pasi\u00f3n llega a las calles de Cocentaina - COPE Alcoy","isPartOf":{"@id":"https:\/\/www.copealcoy.es\/es\/#website"},"primaryImageOfPage":{"@id":"https:\/\/www.copealcoy.es\/es\/la-pasion-llega-a-las-calles-de-cocentaina\/#primaryimage"},"image":{"@id":"https:\/\/www.copealcoy.es\/es\/la-pasion-llega-a-las-calles-de-cocentaina\/#primaryimage"},"thumbnailUrl":"https:\/\/www.copealcoy.es\/wp-content\/uploads\/2015\/03\/10155724_436697453140412_7794381295187462614_n.jpg","datePublished":"2015-03-26T13:06:23+00:00","author":{"@id":"https:\/\/www.copealcoy.es\/es\/#\/schema\/person\/e777c87fa024e57d40170af9df39882c"},"breadcrumb":{"@id":"https:\/\/www.copealcoy.es\/es\/la-pasion-llega-a-las-calles-de-cocentaina\/#breadcrumb"},"inLanguage":"es","potentialAction":[{"@type":"ReadAction","target":["https:\/\/www.copealcoy.es\/es\/la-pasion-llega-a-las-calles-de-cocentaina\/"]}]},{"@type":"ImageObject","inLanguage":"es","@id":"https:\/\/www.copealcoy.es\/es\/la-pasion-llega-a-las-calles-de-cocentaina\/#primaryimage","url":"https:\/\/www.copealcoy.es\/wp-content\/uploads\/2015\/03\/10155724_436697453140412_7794381295187462614_n.jpg","contentUrl":"https:\/\/www.copealcoy.es\/wp-content\/uploads\/2015\/03\/10155724_436697453140412_7794381295187462614_n.jpg","width":960,"height":751,"caption":"La Pasi\u00f3n por las calles se represent\u00f3 por primera vez en 2014"},{"@type":"BreadcrumbList","@id":"https:\/\/www.copealcoy.es\/es\/la-pasion-llega-a-las-calles-de-cocentaina\/#breadcrumb","itemListElement":[{"@type":"ListItem","position":1,"name":"Portada","item":"https:\/\/www.copealcoy.es\/es\/"},{"@type":"ListItem","position":2,"name":"La Pasi\u00f3n llega a las calles de Cocentaina"}]},{"@type":"WebSite","@id":"https:\/\/www.copealcoy.es\/es\/#website","url":"https:\/\/www.copealcoy.es\/es\/","name":"COPE Alcoy","description":"Emisora COPE de radio local con emisi\u00f3n online. Pont de Sant Jordi 8-10 03803 Alcoy","potentialAction":[{"@type":"SearchAction","target":{"@type":"EntryPoint","urlTemplate":"https:\/\/www.copealcoy.es\/es\/?s={search_term_string}"},"query-input":{"@type":"PropertyValueSpecification","valueRequired":true,"valueName":"search_term_string"}}],"inLanguage":"es"},{"@type":"Person","@id":"https:\/\/www.copealcoy.es\/es\/#\/schema\/person\/e777c87fa024e57d40170af9df39882c","name":"Cope Alcoy","image":{"@type":"ImageObject","inLanguage":"es","@id":"https:\/\/secure.gravatar.com\/avatar\/bb65d0283347e303893ba14f0692005417c1e0e690a325a4c5d8bb2b3943ee14?s=96&d=mm&r=g","url":"https:\/\/secure.gravatar.com\/avatar\/bb65d0283347e303893ba14f0692005417c1e0e690a325a4c5d8bb2b3943ee14?s=96&d=mm&r=g","contentUrl":"https:\/\/secure.gravatar.com\/avatar\/bb65d0283347e303893ba14f0692005417c1e0e690a325a4c5d8bb2b3943ee14?s=96&d=mm&r=g","caption":"Cope Alcoy"}}]}},"_links":{"self":[{"href":"https:\/\/www.copealcoy.es\/es\/wp-json\/wp\/v2\/posts\/11640","targetHints":{"allow":["GET"]}}],"collection":[{"href":"https:\/\/www.copealcoy.es\/es\/wp-json\/wp\/v2\/posts"}],"about":[{"href":"https:\/\/www.copealcoy.es\/es\/wp-json\/wp\/v2\/types\/post"}],"author":[{"embeddable":true,"href":"https:\/\/www.copealcoy.es\/es\/wp-json\/wp\/v2\/users\/1"}],"replies":[{"embeddable":true,"href":"https:\/\/www.copealcoy.es\/es\/wp-json\/wp\/v2\/comments?post=11640"}],"version-history":[{"count":0,"href":"https:\/\/www.copealcoy.es\/es\/wp-json\/wp\/v2\/posts\/11640\/revisions"}],"wp:featuredmedia":[{"embeddable":true,"href":"https:\/\/www.copealcoy.es\/es\/wp-json\/wp\/v2\/media\/11642"}],"wp:attachment":[{"href":"https:\/\/www.copealcoy.es\/es\/wp-json\/wp\/v2\/media?parent=11640"}],"wp:term":[{"taxonomy":"category","embeddable":true,"href":"https:\/\/www.copealcoy.es\/es\/wp-json\/wp\/v2\/categories?post=11640"},{"taxonomy":"post_tag","embeddable":true,"href":"https:\/\/www.copealcoy.es\/es\/wp-json\/wp\/v2\/tags?post=11640"}],"curies":[{"name":"wp","href":"https:\/\/api.w.org\/{rel}","templated":true}]}}