{"id":116342,"date":"2023-05-25T12:58:10","date_gmt":"2023-05-25T11:58:10","guid":{"rendered":"https:\/\/www.copealcoy.es\/?p=116342"},"modified":"2023-05-25T17:58:00","modified_gmt":"2023-05-25T16:58:00","slug":"toni-frances-candidato-del-psoe-somos-el-unico-partido-que-tiene-un-proyecto-de-ciudad-para-recuperar-el-liderazgo-de-alcoy","status":"publish","type":"post","link":"https:\/\/www.copealcoy.es\/es\/toni-frances-candidato-del-psoe-somos-el-unico-partido-que-tiene-un-proyecto-de-ciudad-para-recuperar-el-liderazgo-de-alcoy\/","title":{"rendered":"Toni Franc\u00e9s, candidato del PSOE: \u201cSomos el \u00fanico partido que tiene un proyecto de ciudad para recuperar el liderazgo de Alcoy\u201d"},"content":{"rendered":"<audio class=\"wp-audio-shortcode\" id=\"audio-116342-1\" preload=\"none\" style=\"width: 100%;\" controls=\"controls\"><source type=\"audio\/mpeg\" src=\"https:\/\/www.copealcoy.es\/wp-content\/uploads\/2023\/05\/ENTREVISTA-TONI.mp3?_=1\" \/><a href=\"https:\/\/www.copealcoy.es\/wp-content\/uploads\/2023\/05\/ENTREVISTA-TONI.mp3\">https:\/\/www.copealcoy.es\/wp-content\/uploads\/2023\/05\/ENTREVISTA-TONI.mp3<\/a><\/audio>\n<p style=\"text-align: justify;\">\n<p style=\"text-align: justify;\">Son <strong>doce a\u00f1os al frente de la ciudad<\/strong>, tres legislaturas en la alcald\u00eda. Sin embargo, <strong>Toni Franc\u00e9s tiene fuerzas e ilusi\u00f3n para seguir en primera l\u00ednea<\/strong>. \u201cCuando uno siente el refuerzo de la ciudadan\u00eda y de los compa\u00f1eros de partido, se presenta con m\u00e1s ganas de continuar con ese proyecto que ya empez\u00f3 hace doce a\u00f1os\u201d, ha asegurado Franc\u00e9s, en una entrevista concedida a <strong>Cope Alcoy<\/strong>.<\/p>\n<p style=\"text-align: justify;\">Y, por ello, <strong>se presenta como cabeza de lista por el PSOE a la que ser\u00e1 su cuarta legislatura<\/strong>. \u201cTenemos un reto apasionante e ilusionante, el proyecto que estamos desarrollando con esa oportunidad hist\u00f3rica que son los Fondos Europeos para poder hacer de Alcoy una ciudad moderna y competitiva\u201d.<\/p>\n<p style=\"text-align: justify;\">Habla Franc\u00e9s de un proyecto que llevan doce a\u00f1os desarrollando y de todo el trabajo que queda por delante. \u201c<strong>Estamos haciendo de Alcoy una ciudad din\u00e1mica y atractiva, pero somos conscientes de que quedan muchos retos por delante<\/strong>. Queremos continuar progresando y hacer una ciudad m\u00e1s justa e igualitaria\u201d.<\/p>\n<p style=\"text-align: justify;\">Y, en cuanto a su programa electoral, aseguran que son los \u00fanicos que cuentan con un proyecto, que han ido desgranando en las \u00faltimas dos semanas. \u201c<strong>Somos el \u00fanico partido que tiene un proyecto de ciudad para recuperar el liderazgo de Alcoy<\/strong> como ciudad innovadora, industrial\u2026\u201d.<\/p>\n<p style=\"text-align: justify;\">Hay trabajo por delante y Franc\u00e9s insiste en todos los pasos que se han de dar en este sentido. \u201cHay que ser capaces de promover la innovaci\u00f3n, el talento y a empresas, con <strong>proyectos como el parque cient\u00edfico de la Universitat Polit\u00e8cnica de Val\u00e8ncia (UPV), el parque tecnol\u00f3gico de Rodes\u2026<\/strong>\u201d.<\/p>\n<p style=\"text-align: justify;\">Los socialistas salen a ganar y quieren gobernar en solitario. No est\u00e1n abiertos a pactos. \u201cEn estas legislaturas hemos gobernado con 9, 7 y ahora con 12 concejales. Hemos demostrado que nuestra forma de gobernar solos, pero con el di\u00e1logo y abiertos a las propuestas de los partidos, funciona. <strong>Independientemente del resultado, vamos a gobernar en solitario, pero contando con todos<\/strong>\u201d.<\/p>\n","protected":false},"excerpt":{"rendered":"<p>Son doce a\u00f1os al frente de la ciudad, tres legislaturas en la alcald\u00eda. Sin embargo, Toni Franc\u00e9s tiene fuerzas e&#8230;<\/p>\n","protected":false},"author":1,"featured_media":116353,"comment_status":"open","ping_status":"open","sticky":false,"template":"","format":"standard","meta":{"footnotes":""},"categories":[6909,97,744,75,79],"tags":[1494,14729,371,681],"class_list":["post-116342","post","type-post","status-publish","format-standard","has-post-thumbnail","hentry","category-actualidad","category-alcoy","category-elecciones","category-noticias","category-politicayeconomia","tag-alcoy","tag-elecciones-28m","tag-psoe","tag-toni-frances"],"yoast_head":"<!-- This site is optimized with the Yoast SEO plugin v27.3 - https:\/\/yoast.com\/product\/yoast-seo-wordpress\/ -->\n<title>Toni Franc\u00e9s, candidato del PSOE: \u201cSomos el \u00fanico partido que tiene un proyecto de ciudad para recuperar el liderazgo de Alcoy\u201d - COPE Alcoy<\/title>\n<meta name=\"description\" content=\"Son doce a\u00f1os al frente de la ciudad, tres legislaturas en la alcald\u00eda. Sin embargo, Toni Franc\u00e9s tiene fuerzas e ilusi\u00f3n para seguir en primera l\u00ednea. \u201cCuando uno siente el refuerzo de la ciudadan\u00eda y de los compa\u00f1eros de partido, se presenta con m\u00e1s ganas de continuar con ese proyecto que ya empez\u00f3 hace doce a\u00f1os\u201d, ha asegurado Franc\u00e9s, en una entrevista concedida a Cope Alcoy.\" \/>\n<meta name=\"robots\" content=\"index, follow, max-snippet:-1, max-image-preview:large, max-video-preview:-1\" \/>\n<link rel=\"canonical\" href=\"https:\/\/www.copealcoy.es\/es\/toni-frances-candidato-del-psoe-somos-el-unico-partido-que-tiene-un-proyecto-de-ciudad-para-recuperar-el-liderazgo-de-alcoy\/\" \/>\n<meta property=\"og:locale\" content=\"es_ES\" \/>\n<meta property=\"og:type\" content=\"article\" \/>\n<meta property=\"og:title\" content=\"Toni Franc\u00e9s, candidato del PSOE: \u201cSomos el \u00fanico partido que tiene un proyecto de ciudad para recuperar el liderazgo de Alcoy\u201d - COPE Alcoy\" \/>\n<meta property=\"og:description\" content=\"Son doce a\u00f1os al frente de la ciudad, tres legislaturas en la alcald\u00eda. Sin embargo, Toni Franc\u00e9s tiene fuerzas e ilusi\u00f3n para seguir en primera l\u00ednea. \u201cCuando uno siente el refuerzo de la ciudadan\u00eda y de los compa\u00f1eros de partido, se presenta con m\u00e1s ganas de continuar con ese proyecto que ya empez\u00f3 hace doce a\u00f1os\u201d, ha asegurado Franc\u00e9s, en una entrevista concedida a Cope Alcoy.\" \/>\n<meta property=\"og:url\" content=\"https:\/\/www.copealcoy.es\/es\/toni-frances-candidato-del-psoe-somos-el-unico-partido-que-tiene-un-proyecto-de-ciudad-para-recuperar-el-liderazgo-de-alcoy\/\" \/>\n<meta property=\"og:site_name\" content=\"COPE Alcoy\" \/>\n<meta property=\"article:published_time\" content=\"2023-05-25T11:58:10+00:00\" \/>\n<meta property=\"article:modified_time\" content=\"2023-05-25T16:58:00+00:00\" \/>\n<meta property=\"og:image\" content=\"https:\/\/www.copealcoy.es\/wp-content\/uploads\/2023\/05\/WhatsApp-Image-2023-05-25-at-13.56.44-scaled.jpeg\" \/>\n\t<meta property=\"og:image:width\" content=\"1440\" \/>\n\t<meta property=\"og:image:height\" content=\"1080\" \/>\n\t<meta property=\"og:image:type\" content=\"image\/jpeg\" \/>\n<meta name=\"author\" content=\"Cope Alcoy\" \/>\n<meta name=\"twitter:label1\" content=\"Escrito por\" \/>\n\t<meta name=\"twitter:data1\" content=\"Cope Alcoy\" \/>\n\t<meta name=\"twitter:label2\" content=\"Tiempo de lectura\" \/>\n\t<meta name=\"twitter:data2\" content=\"2 minutos\" \/>\n<script type=\"application\/ld+json\" class=\"yoast-schema-graph\">{\"@context\":\"https:\\\/\\\/schema.org\",\"@graph\":[{\"@type\":\"Article\",\"@id\":\"https:\\\/\\\/www.copealcoy.es\\\/es\\\/toni-frances-candidato-del-psoe-somos-el-unico-partido-que-tiene-un-proyecto-de-ciudad-para-recuperar-el-liderazgo-de-alcoy\\\/#article\",\"isPartOf\":{\"@id\":\"https:\\\/\\\/www.copealcoy.es\\\/es\\\/toni-frances-candidato-del-psoe-somos-el-unico-partido-que-tiene-un-proyecto-de-ciudad-para-recuperar-el-liderazgo-de-alcoy\\\/\"},\"author\":{\"name\":\"Cope Alcoy\",\"@id\":\"https:\\\/\\\/www.copealcoy.es\\\/es\\\/#\\\/schema\\\/person\\\/e777c87fa024e57d40170af9df39882c\"},\"headline\":\"Toni Franc\u00e9s, candidato del PSOE: \u201cSomos el \u00fanico partido que tiene un proyecto de ciudad para recuperar el liderazgo de Alcoy\u201d\",\"datePublished\":\"2023-05-25T11:58:10+00:00\",\"dateModified\":\"2023-05-25T16:58:00+00:00\",\"mainEntityOfPage\":{\"@id\":\"https:\\\/\\\/www.copealcoy.es\\\/es\\\/toni-frances-candidato-del-psoe-somos-el-unico-partido-que-tiene-un-proyecto-de-ciudad-para-recuperar-el-liderazgo-de-alcoy\\\/\"},\"wordCount\":374,\"commentCount\":0,\"image\":{\"@id\":\"https:\\\/\\\/www.copealcoy.es\\\/es\\\/toni-frances-candidato-del-psoe-somos-el-unico-partido-que-tiene-un-proyecto-de-ciudad-para-recuperar-el-liderazgo-de-alcoy\\\/#primaryimage\"},\"thumbnailUrl\":\"https:\\\/\\\/www.copealcoy.es\\\/wp-content\\\/uploads\\\/2023\\\/05\\\/WhatsApp-Image-2023-05-25-at-13.56.44-scaled.jpeg\",\"keywords\":[\"Alcoy\",\"Elecciones 28M\",\"PSOE\",\"Toni Franc\u00e9s\"],\"articleSection\":[\"Actualidad\",\"Alcoy\",\"Elecciones\",\"Noticias\",\"Pol\u00edtica y Econom\u00eda\"],\"inLanguage\":\"es\"},{\"@type\":\"WebPage\",\"@id\":\"https:\\\/\\\/www.copealcoy.es\\\/es\\\/toni-frances-candidato-del-psoe-somos-el-unico-partido-que-tiene-un-proyecto-de-ciudad-para-recuperar-el-liderazgo-de-alcoy\\\/\",\"url\":\"https:\\\/\\\/www.copealcoy.es\\\/es\\\/toni-frances-candidato-del-psoe-somos-el-unico-partido-que-tiene-un-proyecto-de-ciudad-para-recuperar-el-liderazgo-de-alcoy\\\/\",\"name\":\"Toni Franc\u00e9s, candidato del PSOE: \u201cSomos el \u00fanico partido que tiene un proyecto de ciudad para recuperar el liderazgo de Alcoy\u201d - COPE Alcoy\",\"isPartOf\":{\"@id\":\"https:\\\/\\\/www.copealcoy.es\\\/es\\\/#website\"},\"primaryImageOfPage\":{\"@id\":\"https:\\\/\\\/www.copealcoy.es\\\/es\\\/toni-frances-candidato-del-psoe-somos-el-unico-partido-que-tiene-un-proyecto-de-ciudad-para-recuperar-el-liderazgo-de-alcoy\\\/#primaryimage\"},\"image\":{\"@id\":\"https:\\\/\\\/www.copealcoy.es\\\/es\\\/toni-frances-candidato-del-psoe-somos-el-unico-partido-que-tiene-un-proyecto-de-ciudad-para-recuperar-el-liderazgo-de-alcoy\\\/#primaryimage\"},\"thumbnailUrl\":\"https:\\\/\\\/www.copealcoy.es\\\/wp-content\\\/uploads\\\/2023\\\/05\\\/WhatsApp-Image-2023-05-25-at-13.56.44-scaled.jpeg\",\"datePublished\":\"2023-05-25T11:58:10+00:00\",\"dateModified\":\"2023-05-25T16:58:00+00:00\",\"author\":{\"@id\":\"https:\\\/\\\/www.copealcoy.es\\\/es\\\/#\\\/schema\\\/person\\\/e777c87fa024e57d40170af9df39882c\"},\"description\":\"Son doce a\u00f1os al frente de la ciudad, tres legislaturas en la alcald\u00eda. Sin embargo, Toni Franc\u00e9s tiene fuerzas e ilusi\u00f3n para seguir en primera l\u00ednea. \u201cCuando uno siente el refuerzo de la ciudadan\u00eda y de los compa\u00f1eros de partido, se presenta con m\u00e1s ganas de continuar con ese proyecto que ya empez\u00f3 hace doce a\u00f1os\u201d, ha asegurado Franc\u00e9s, en una entrevista concedida a Cope Alcoy.\",\"breadcrumb\":{\"@id\":\"https:\\\/\\\/www.copealcoy.es\\\/es\\\/toni-frances-candidato-del-psoe-somos-el-unico-partido-que-tiene-un-proyecto-de-ciudad-para-recuperar-el-liderazgo-de-alcoy\\\/#breadcrumb\"},\"inLanguage\":\"es\",\"potentialAction\":[{\"@type\":\"ReadAction\",\"target\":[\"https:\\\/\\\/www.copealcoy.es\\\/es\\\/toni-frances-candidato-del-psoe-somos-el-unico-partido-que-tiene-un-proyecto-de-ciudad-para-recuperar-el-liderazgo-de-alcoy\\\/\"]}]},{\"@type\":\"ImageObject\",\"inLanguage\":\"es\",\"@id\":\"https:\\\/\\\/www.copealcoy.es\\\/es\\\/toni-frances-candidato-del-psoe-somos-el-unico-partido-que-tiene-un-proyecto-de-ciudad-para-recuperar-el-liderazgo-de-alcoy\\\/#primaryimage\",\"url\":\"https:\\\/\\\/www.copealcoy.es\\\/wp-content\\\/uploads\\\/2023\\\/05\\\/WhatsApp-Image-2023-05-25-at-13.56.44-scaled.jpeg\",\"contentUrl\":\"https:\\\/\\\/www.copealcoy.es\\\/wp-content\\\/uploads\\\/2023\\\/05\\\/WhatsApp-Image-2023-05-25-at-13.56.44-scaled.jpeg\",\"width\":1440,\"height\":1080},{\"@type\":\"BreadcrumbList\",\"@id\":\"https:\\\/\\\/www.copealcoy.es\\\/es\\\/toni-frances-candidato-del-psoe-somos-el-unico-partido-que-tiene-un-proyecto-de-ciudad-para-recuperar-el-liderazgo-de-alcoy\\\/#breadcrumb\",\"itemListElement\":[{\"@type\":\"ListItem\",\"position\":1,\"name\":\"Portada\",\"item\":\"https:\\\/\\\/www.copealcoy.es\\\/es\\\/\"},{\"@type\":\"ListItem\",\"position\":2,\"name\":\"Toni Franc\u00e9s, candidato del PSOE: \u201cSomos el \u00fanico partido que tiene un proyecto de ciudad para recuperar el liderazgo de Alcoy\u201d\"}]},{\"@type\":\"WebSite\",\"@id\":\"https:\\\/\\\/www.copealcoy.es\\\/es\\\/#website\",\"url\":\"https:\\\/\\\/www.copealcoy.es\\\/es\\\/\",\"name\":\"COPE Alcoy\",\"description\":\"Emisora COPE de radio local con emisi\u00f3n online. Pont de Sant Jordi 8-10 03803 Alcoy\",\"potentialAction\":[{\"@type\":\"SearchAction\",\"target\":{\"@type\":\"EntryPoint\",\"urlTemplate\":\"https:\\\/\\\/www.copealcoy.es\\\/es\\\/?s={search_term_string}\"},\"query-input\":{\"@type\":\"PropertyValueSpecification\",\"valueRequired\":true,\"valueName\":\"search_term_string\"}}],\"inLanguage\":\"es\"},{\"@type\":\"Person\",\"@id\":\"https:\\\/\\\/www.copealcoy.es\\\/es\\\/#\\\/schema\\\/person\\\/e777c87fa024e57d40170af9df39882c\",\"name\":\"Cope Alcoy\",\"image\":{\"@type\":\"ImageObject\",\"inLanguage\":\"es\",\"@id\":\"https:\\\/\\\/secure.gravatar.com\\\/avatar\\\/bb65d0283347e303893ba14f0692005417c1e0e690a325a4c5d8bb2b3943ee14?s=96&d=mm&r=g\",\"url\":\"https:\\\/\\\/secure.gravatar.com\\\/avatar\\\/bb65d0283347e303893ba14f0692005417c1e0e690a325a4c5d8bb2b3943ee14?s=96&d=mm&r=g\",\"contentUrl\":\"https:\\\/\\\/secure.gravatar.com\\\/avatar\\\/bb65d0283347e303893ba14f0692005417c1e0e690a325a4c5d8bb2b3943ee14?s=96&d=mm&r=g\",\"caption\":\"Cope Alcoy\"}}]}<\/script>\n<!-- \/ Yoast SEO plugin. -->","yoast_head_json":{"title":"Toni Franc\u00e9s, candidato del PSOE: \u201cSomos el \u00fanico partido que tiene un proyecto de ciudad para recuperar el liderazgo de Alcoy\u201d - COPE Alcoy","description":"Son doce a\u00f1os al frente de la ciudad, tres legislaturas en la alcald\u00eda. Sin embargo, Toni Franc\u00e9s tiene fuerzas e ilusi\u00f3n para seguir en primera l\u00ednea. \u201cCuando uno siente el refuerzo de la ciudadan\u00eda y de los compa\u00f1eros de partido, se presenta con m\u00e1s ganas de continuar con ese proyecto que ya empez\u00f3 hace doce a\u00f1os\u201d, ha asegurado Franc\u00e9s, en una entrevista concedida a Cope Alcoy.","robots":{"index":"index","follow":"follow","max-snippet":"max-snippet:-1","max-image-preview":"max-image-preview:large","max-video-preview":"max-video-preview:-1"},"canonical":"https:\/\/www.copealcoy.es\/es\/toni-frances-candidato-del-psoe-somos-el-unico-partido-que-tiene-un-proyecto-de-ciudad-para-recuperar-el-liderazgo-de-alcoy\/","og_locale":"es_ES","og_type":"article","og_title":"Toni Franc\u00e9s, candidato del PSOE: \u201cSomos el \u00fanico partido que tiene un proyecto de ciudad para recuperar el liderazgo de Alcoy\u201d - COPE Alcoy","og_description":"Son doce a\u00f1os al frente de la ciudad, tres legislaturas en la alcald\u00eda. Sin embargo, Toni Franc\u00e9s tiene fuerzas e ilusi\u00f3n para seguir en primera l\u00ednea. \u201cCuando uno siente el refuerzo de la ciudadan\u00eda y de los compa\u00f1eros de partido, se presenta con m\u00e1s ganas de continuar con ese proyecto que ya empez\u00f3 hace doce a\u00f1os\u201d, ha asegurado Franc\u00e9s, en una entrevista concedida a Cope Alcoy.","og_url":"https:\/\/www.copealcoy.es\/es\/toni-frances-candidato-del-psoe-somos-el-unico-partido-que-tiene-un-proyecto-de-ciudad-para-recuperar-el-liderazgo-de-alcoy\/","og_site_name":"COPE Alcoy","article_published_time":"2023-05-25T11:58:10+00:00","article_modified_time":"2023-05-25T16:58:00+00:00","og_image":[{"width":1440,"height":1080,"url":"https:\/\/www.copealcoy.es\/wp-content\/uploads\/2023\/05\/WhatsApp-Image-2023-05-25-at-13.56.44-scaled.jpeg","type":"image\/jpeg"}],"author":"Cope Alcoy","twitter_misc":{"Escrito por":"Cope Alcoy","Tiempo de lectura":"2 minutos"},"schema":{"@context":"https:\/\/schema.org","@graph":[{"@type":"Article","@id":"https:\/\/www.copealcoy.es\/es\/toni-frances-candidato-del-psoe-somos-el-unico-partido-que-tiene-un-proyecto-de-ciudad-para-recuperar-el-liderazgo-de-alcoy\/#article","isPartOf":{"@id":"https:\/\/www.copealcoy.es\/es\/toni-frances-candidato-del-psoe-somos-el-unico-partido-que-tiene-un-proyecto-de-ciudad-para-recuperar-el-liderazgo-de-alcoy\/"},"author":{"name":"Cope Alcoy","@id":"https:\/\/www.copealcoy.es\/es\/#\/schema\/person\/e777c87fa024e57d40170af9df39882c"},"headline":"Toni Franc\u00e9s, candidato del PSOE: \u201cSomos el \u00fanico partido que tiene un proyecto de ciudad para recuperar el liderazgo de Alcoy\u201d","datePublished":"2023-05-25T11:58:10+00:00","dateModified":"2023-05-25T16:58:00+00:00","mainEntityOfPage":{"@id":"https:\/\/www.copealcoy.es\/es\/toni-frances-candidato-del-psoe-somos-el-unico-partido-que-tiene-un-proyecto-de-ciudad-para-recuperar-el-liderazgo-de-alcoy\/"},"wordCount":374,"commentCount":0,"image":{"@id":"https:\/\/www.copealcoy.es\/es\/toni-frances-candidato-del-psoe-somos-el-unico-partido-que-tiene-un-proyecto-de-ciudad-para-recuperar-el-liderazgo-de-alcoy\/#primaryimage"},"thumbnailUrl":"https:\/\/www.copealcoy.es\/wp-content\/uploads\/2023\/05\/WhatsApp-Image-2023-05-25-at-13.56.44-scaled.jpeg","keywords":["Alcoy","Elecciones 28M","PSOE","Toni Franc\u00e9s"],"articleSection":["Actualidad","Alcoy","Elecciones","Noticias","Pol\u00edtica y Econom\u00eda"],"inLanguage":"es"},{"@type":"WebPage","@id":"https:\/\/www.copealcoy.es\/es\/toni-frances-candidato-del-psoe-somos-el-unico-partido-que-tiene-un-proyecto-de-ciudad-para-recuperar-el-liderazgo-de-alcoy\/","url":"https:\/\/www.copealcoy.es\/es\/toni-frances-candidato-del-psoe-somos-el-unico-partido-que-tiene-un-proyecto-de-ciudad-para-recuperar-el-liderazgo-de-alcoy\/","name":"Toni Franc\u00e9s, candidato del PSOE: \u201cSomos el \u00fanico partido que tiene un proyecto de ciudad para recuperar el liderazgo de Alcoy\u201d - COPE Alcoy","isPartOf":{"@id":"https:\/\/www.copealcoy.es\/es\/#website"},"primaryImageOfPage":{"@id":"https:\/\/www.copealcoy.es\/es\/toni-frances-candidato-del-psoe-somos-el-unico-partido-que-tiene-un-proyecto-de-ciudad-para-recuperar-el-liderazgo-de-alcoy\/#primaryimage"},"image":{"@id":"https:\/\/www.copealcoy.es\/es\/toni-frances-candidato-del-psoe-somos-el-unico-partido-que-tiene-un-proyecto-de-ciudad-para-recuperar-el-liderazgo-de-alcoy\/#primaryimage"},"thumbnailUrl":"https:\/\/www.copealcoy.es\/wp-content\/uploads\/2023\/05\/WhatsApp-Image-2023-05-25-at-13.56.44-scaled.jpeg","datePublished":"2023-05-25T11:58:10+00:00","dateModified":"2023-05-25T16:58:00+00:00","author":{"@id":"https:\/\/www.copealcoy.es\/es\/#\/schema\/person\/e777c87fa024e57d40170af9df39882c"},"description":"Son doce a\u00f1os al frente de la ciudad, tres legislaturas en la alcald\u00eda. Sin embargo, Toni Franc\u00e9s tiene fuerzas e ilusi\u00f3n para seguir en primera l\u00ednea. \u201cCuando uno siente el refuerzo de la ciudadan\u00eda y de los compa\u00f1eros de partido, se presenta con m\u00e1s ganas de continuar con ese proyecto que ya empez\u00f3 hace doce a\u00f1os\u201d, ha asegurado Franc\u00e9s, en una entrevista concedida a Cope Alcoy.","breadcrumb":{"@id":"https:\/\/www.copealcoy.es\/es\/toni-frances-candidato-del-psoe-somos-el-unico-partido-que-tiene-un-proyecto-de-ciudad-para-recuperar-el-liderazgo-de-alcoy\/#breadcrumb"},"inLanguage":"es","potentialAction":[{"@type":"ReadAction","target":["https:\/\/www.copealcoy.es\/es\/toni-frances-candidato-del-psoe-somos-el-unico-partido-que-tiene-un-proyecto-de-ciudad-para-recuperar-el-liderazgo-de-alcoy\/"]}]},{"@type":"ImageObject","inLanguage":"es","@id":"https:\/\/www.copealcoy.es\/es\/toni-frances-candidato-del-psoe-somos-el-unico-partido-que-tiene-un-proyecto-de-ciudad-para-recuperar-el-liderazgo-de-alcoy\/#primaryimage","url":"https:\/\/www.copealcoy.es\/wp-content\/uploads\/2023\/05\/WhatsApp-Image-2023-05-25-at-13.56.44-scaled.jpeg","contentUrl":"https:\/\/www.copealcoy.es\/wp-content\/uploads\/2023\/05\/WhatsApp-Image-2023-05-25-at-13.56.44-scaled.jpeg","width":1440,"height":1080},{"@type":"BreadcrumbList","@id":"https:\/\/www.copealcoy.es\/es\/toni-frances-candidato-del-psoe-somos-el-unico-partido-que-tiene-un-proyecto-de-ciudad-para-recuperar-el-liderazgo-de-alcoy\/#breadcrumb","itemListElement":[{"@type":"ListItem","position":1,"name":"Portada","item":"https:\/\/www.copealcoy.es\/es\/"},{"@type":"ListItem","position":2,"name":"Toni Franc\u00e9s, candidato del PSOE: \u201cSomos el \u00fanico partido que tiene un proyecto de ciudad para recuperar el liderazgo de Alcoy\u201d"}]},{"@type":"WebSite","@id":"https:\/\/www.copealcoy.es\/es\/#website","url":"https:\/\/www.copealcoy.es\/es\/","name":"COPE Alcoy","description":"Emisora COPE de radio local con emisi\u00f3n online. Pont de Sant Jordi 8-10 03803 Alcoy","potentialAction":[{"@type":"SearchAction","target":{"@type":"EntryPoint","urlTemplate":"https:\/\/www.copealcoy.es\/es\/?s={search_term_string}"},"query-input":{"@type":"PropertyValueSpecification","valueRequired":true,"valueName":"search_term_string"}}],"inLanguage":"es"},{"@type":"Person","@id":"https:\/\/www.copealcoy.es\/es\/#\/schema\/person\/e777c87fa024e57d40170af9df39882c","name":"Cope Alcoy","image":{"@type":"ImageObject","inLanguage":"es","@id":"https:\/\/secure.gravatar.com\/avatar\/bb65d0283347e303893ba14f0692005417c1e0e690a325a4c5d8bb2b3943ee14?s=96&d=mm&r=g","url":"https:\/\/secure.gravatar.com\/avatar\/bb65d0283347e303893ba14f0692005417c1e0e690a325a4c5d8bb2b3943ee14?s=96&d=mm&r=g","contentUrl":"https:\/\/secure.gravatar.com\/avatar\/bb65d0283347e303893ba14f0692005417c1e0e690a325a4c5d8bb2b3943ee14?s=96&d=mm&r=g","caption":"Cope Alcoy"}}]}},"_links":{"self":[{"href":"https:\/\/www.copealcoy.es\/es\/wp-json\/wp\/v2\/posts\/116342","targetHints":{"allow":["GET"]}}],"collection":[{"href":"https:\/\/www.copealcoy.es\/es\/wp-json\/wp\/v2\/posts"}],"about":[{"href":"https:\/\/www.copealcoy.es\/es\/wp-json\/wp\/v2\/types\/post"}],"author":[{"embeddable":true,"href":"https:\/\/www.copealcoy.es\/es\/wp-json\/wp\/v2\/users\/1"}],"replies":[{"embeddable":true,"href":"https:\/\/www.copealcoy.es\/es\/wp-json\/wp\/v2\/comments?post=116342"}],"version-history":[{"count":0,"href":"https:\/\/www.copealcoy.es\/es\/wp-json\/wp\/v2\/posts\/116342\/revisions"}],"wp:featuredmedia":[{"embeddable":true,"href":"https:\/\/www.copealcoy.es\/es\/wp-json\/wp\/v2\/media\/116353"}],"wp:attachment":[{"href":"https:\/\/www.copealcoy.es\/es\/wp-json\/wp\/v2\/media?parent=116342"}],"wp:term":[{"taxonomy":"category","embeddable":true,"href":"https:\/\/www.copealcoy.es\/es\/wp-json\/wp\/v2\/categories?post=116342"},{"taxonomy":"post_tag","embeddable":true,"href":"https:\/\/www.copealcoy.es\/es\/wp-json\/wp\/v2\/tags?post=116342"}],"curies":[{"name":"wp","href":"https:\/\/api.w.org\/{rel}","templated":true}]}}