{"id":116338,"date":"2023-05-25T07:30:07","date_gmt":"2023-05-25T06:30:07","guid":{"rendered":"https:\/\/www.copealcoy.es\/?p=116338"},"modified":"2023-05-25T17:56:49","modified_gmt":"2023-05-25T16:56:49","slug":"informativo-matinal-jueves-25-de-mayo-2023-0720h","status":"publish","type":"post","link":"https:\/\/www.copealcoy.es\/es\/informativo-matinal-jueves-25-de-mayo-2023-0720h\/","title":{"rendered":"Informativo matinal jueves 25 de mayo 2023 (07:20h)"},"content":{"rendered":"<p><iframe loading=\"lazy\" title=\"Informatiu Matinal Dijous 25 De Maig 2023 (07:20h)\" width=\"100%\" height=\"120\" src=\"https:\/\/www.mixcloud.com\/widget\/iframe\/?feed=https%3A%2F%2Fwww.mixcloud.com%2FCOPEAlcoy%2Finformatiu-matinal-dijous-25-de-maig-2023-0720h%2F&amp;hide_cover=1\" frameborder=\"0\"><\/iframe><\/p>\n<p style=\"text-align: justify;\">La <strong>falta de profesionales que quieran ser jefe de Psiquiatr\u00eda<\/strong> en el Hospital Virgen de los Lirios y un <strong>accidente de moto a causa de la lluvia<\/strong> en Alcoy son algunas de las noticias destacadas de este 25 de mayo de 2023. Tambi\u00e9n hemos recordado que <strong>\u00c1lex Cerradelo<\/strong> es el candidato de Comprom\u00eds a la alcald\u00eda de nuestra ciudad.<\/p>\n<p style=\"text-align: justify;\">Comprom\u00eds Alcoi tiene en <strong>\u00c1lex Cerradelo<\/strong>\u00a0el\u00a0<strong>candidato a la alcald\u00eda para las Elecciones Municipales del pr\u00f3ximo 28 de mayo<\/strong>. La formaci\u00f3n pol\u00edtica concurre a los comicios con\u00a0<strong>la intenci\u00f3n de incrementar la representaci\u00f3n que ahora mismo tiene en la Corporaci\u00f3n Local<\/strong>\u00a0de nuestra ciudad.<\/p>\n<p style=\"text-align: justify;\">As\u00ed lo ha asegurado el propio\u00a0<strong>\u00c1lex Cerradelo<\/strong>\u00a0durante la entrevista que ha concedido a COPE ALCOY en esta jornada. El alcaldable detalla que\u00a0<strong>afronta con ilusi\u00f3n el reto de estar al frente de su candidatura<\/strong>\u00a0y destaca\u00a0<strong>los apoyos que ha recibido para lanzarse a esta aventura<\/strong>\u00a0\u00ab<em>desde el primer minuto he tenido un gran respaldo y cuento con gente muy preparada que es gran conocedora de la gesti\u00f3n municipal pero tambi\u00e9n en \u00e1mbitos auton\u00f3micos. Adem\u00e1s me acompa\u00f1a gente joven con unas ganas enormes por dedicar su esfuerzo a trabajar en la mejora de Alcoy<\/em>\u00ab, significa el candidato.<\/p>\n<p style=\"text-align: justify;\">Preguntado sobre la situaci\u00f3n por la que atraviesa Alcoy, Cerradelo defiende que\u00a0<strong>es necesario implantar una participaci\u00f3n real<\/strong>\u00a0para conocer las verdaderas necesidades de la ciudadan\u00eda. Adem\u00e1s indica que\u00a0<strong>su programa electoral se articula en torno a cuatro ejes fundamentales<\/strong>\u00a0\u00ab<em>queremos fomentar la escucha activa con las asociaciones de vecinos y hacer auditorias de la gesti\u00f3n municipal con ellos. Tambi\u00e9n apostamos por un Plan Integral del Centro, para consolidar una de las zonas m\u00e1s emblem\u00e1ticas, y por acompa\u00f1ar a nuestros mayores por medio de un Plan de Soledad No Deseada<\/em>\u00ab, asegura. Tambi\u00e9n \u00c1lex Cerradelo\u00a0<strong>centra su proyecto pol\u00edtico<\/strong>\u00a0en las pol\u00edticas inclusivas, la mejora del transporte urbano para acercarlo a los pol\u00edgonos industriales o los colegios, el trabajo conjunto con la comarca para desarrollar proyectos como el Pol\u00edgono Industrial Mancomunado, la mejora del servicio de salud mental, la creaci\u00f3n de una planta de biog\u00e1s o el refuerzo de la actividad cultural \u00ab<em>en esta \u00faltima cuesti\u00f3n defendemos la creaci\u00f3n de una zona din\u00e1mica para conciertos y una sala de exposiciones que podr\u00eda ubicarse en el antiguo complejo fabril de Petit<\/em>\u00ab, concluye.<\/p>\n<p style=\"text-align: justify;\">Por \u00faltimo\u00a0<strong>\u00c1lex Cerradelo no cierra puertas a posibles pactos<\/strong>\u00a0tras las Elecciones Municipales del pr\u00f3ximo domingo si as\u00ed lo deciden las urnas. Comprom\u00eds Alcoi insiste en que\u00a0<strong>facilitar\u00eda un gobierno de izquierdas<\/strong>\u00a0siempre que se garantiza que sus pol\u00edticas saldr\u00e1n adelante.<\/p>\n","protected":false},"excerpt":{"rendered":"<p>La falta de profesionales que quieran ser jefe de Psiquiatr\u00eda en el Hospital Virgen de los Lirios y un accidente&#8230;<\/p>\n","protected":false},"author":1,"featured_media":110612,"comment_status":"open","ping_status":"open","sticky":false,"template":"","format":"standard","meta":{"footnotes":""},"categories":[6909,89,91],"tags":[],"class_list":["post-116338","post","type-post","status-publish","format-standard","has-post-thumbnail","hentry","category-actualidad","category-audiosdelosprogramas","category-informativos"],"yoast_head":"<!-- This site is optimized with the Yoast SEO plugin v27.3 - https:\/\/yoast.com\/product\/yoast-seo-wordpress\/ -->\n<title>Informativo matinal jueves 25 de mayo 2023 (07:20h) - COPE Alcoy<\/title>\n<meta name=\"description\" content=\"La falta de profesionales que quieran ser jefe de Psiquiatr\u00eda en el Hospital Virgen de los Lirios y un accidente de moto a causa de la lluvia en Alcoy son algunas de las noticias destacadas de este 25 de mayo de 2023.\" \/>\n<meta name=\"robots\" content=\"index, follow, max-snippet:-1, max-image-preview:large, max-video-preview:-1\" \/>\n<link rel=\"canonical\" href=\"https:\/\/www.copealcoy.es\/es\/informativo-matinal-jueves-25-de-mayo-2023-0720h\/\" \/>\n<meta property=\"og:locale\" content=\"es_ES\" \/>\n<meta property=\"og:type\" content=\"article\" \/>\n<meta property=\"og:title\" content=\"Informativo matinal jueves 25 de mayo 2023 (07:20h) - COPE Alcoy\" \/>\n<meta property=\"og:description\" content=\"La falta de profesionales que quieran ser jefe de Psiquiatr\u00eda en el Hospital Virgen de los Lirios y un accidente de moto a causa de la lluvia en Alcoy son algunas de las noticias destacadas de este 25 de mayo de 2023.\" \/>\n<meta property=\"og:url\" content=\"https:\/\/www.copealcoy.es\/es\/informativo-matinal-jueves-25-de-mayo-2023-0720h\/\" \/>\n<meta property=\"og:site_name\" content=\"COPE Alcoy\" \/>\n<meta property=\"article:published_time\" content=\"2023-05-25T06:30:07+00:00\" \/>\n<meta property=\"article:modified_time\" content=\"2023-05-25T16:56:49+00:00\" \/>\n<meta property=\"og:image\" content=\"https:\/\/www.copealcoy.es\/wp-content\/uploads\/2023\/02\/Herrera-en-COPE-Alcoy-4.png\" \/>\n\t<meta property=\"og:image:width\" content=\"357\" \/>\n\t<meta property=\"og:image:height\" content=\"290\" \/>\n\t<meta property=\"og:image:type\" content=\"image\/png\" \/>\n<meta name=\"author\" content=\"Cope Alcoy\" \/>\n<meta name=\"twitter:label1\" content=\"Escrito por\" \/>\n\t<meta name=\"twitter:data1\" content=\"Cope Alcoy\" \/>\n\t<meta name=\"twitter:label2\" content=\"Tiempo de lectura\" \/>\n\t<meta name=\"twitter:data2\" content=\"2 minutos\" \/>\n<script type=\"application\/ld+json\" class=\"yoast-schema-graph\">{\"@context\":\"https:\\\/\\\/schema.org\",\"@graph\":[{\"@type\":\"Article\",\"@id\":\"https:\\\/\\\/www.copealcoy.es\\\/es\\\/informativo-matinal-jueves-25-de-mayo-2023-0720h\\\/#article\",\"isPartOf\":{\"@id\":\"https:\\\/\\\/www.copealcoy.es\\\/es\\\/informativo-matinal-jueves-25-de-mayo-2023-0720h\\\/\"},\"author\":{\"name\":\"Cope Alcoy\",\"@id\":\"https:\\\/\\\/www.copealcoy.es\\\/es\\\/#\\\/schema\\\/person\\\/e777c87fa024e57d40170af9df39882c\"},\"headline\":\"Informativo matinal jueves 25 de mayo 2023 (07:20h)\",\"datePublished\":\"2023-05-25T06:30:07+00:00\",\"dateModified\":\"2023-05-25T16:56:49+00:00\",\"mainEntityOfPage\":{\"@id\":\"https:\\\/\\\/www.copealcoy.es\\\/es\\\/informativo-matinal-jueves-25-de-mayo-2023-0720h\\\/\"},\"wordCount\":480,\"commentCount\":0,\"image\":{\"@id\":\"https:\\\/\\\/www.copealcoy.es\\\/es\\\/informativo-matinal-jueves-25-de-mayo-2023-0720h\\\/#primaryimage\"},\"thumbnailUrl\":\"https:\\\/\\\/www.copealcoy.es\\\/wp-content\\\/uploads\\\/2023\\\/02\\\/Herrera-en-COPE-Alcoy-4.png\",\"articleSection\":[\"Actualidad\",\"Audios de los programas\",\"Informativos\"],\"inLanguage\":\"es\"},{\"@type\":\"WebPage\",\"@id\":\"https:\\\/\\\/www.copealcoy.es\\\/es\\\/informativo-matinal-jueves-25-de-mayo-2023-0720h\\\/\",\"url\":\"https:\\\/\\\/www.copealcoy.es\\\/es\\\/informativo-matinal-jueves-25-de-mayo-2023-0720h\\\/\",\"name\":\"Informativo matinal jueves 25 de mayo 2023 (07:20h) - COPE Alcoy\",\"isPartOf\":{\"@id\":\"https:\\\/\\\/www.copealcoy.es\\\/es\\\/#website\"},\"primaryImageOfPage\":{\"@id\":\"https:\\\/\\\/www.copealcoy.es\\\/es\\\/informativo-matinal-jueves-25-de-mayo-2023-0720h\\\/#primaryimage\"},\"image\":{\"@id\":\"https:\\\/\\\/www.copealcoy.es\\\/es\\\/informativo-matinal-jueves-25-de-mayo-2023-0720h\\\/#primaryimage\"},\"thumbnailUrl\":\"https:\\\/\\\/www.copealcoy.es\\\/wp-content\\\/uploads\\\/2023\\\/02\\\/Herrera-en-COPE-Alcoy-4.png\",\"datePublished\":\"2023-05-25T06:30:07+00:00\",\"dateModified\":\"2023-05-25T16:56:49+00:00\",\"author\":{\"@id\":\"https:\\\/\\\/www.copealcoy.es\\\/es\\\/#\\\/schema\\\/person\\\/e777c87fa024e57d40170af9df39882c\"},\"description\":\"La falta de profesionales que quieran ser jefe de Psiquiatr\u00eda en el Hospital Virgen de los Lirios y un accidente de moto a causa de la lluvia en Alcoy son algunas de las noticias destacadas de este 25 de mayo de 2023.\",\"breadcrumb\":{\"@id\":\"https:\\\/\\\/www.copealcoy.es\\\/es\\\/informativo-matinal-jueves-25-de-mayo-2023-0720h\\\/#breadcrumb\"},\"inLanguage\":\"es\",\"potentialAction\":[{\"@type\":\"ReadAction\",\"target\":[\"https:\\\/\\\/www.copealcoy.es\\\/es\\\/informativo-matinal-jueves-25-de-mayo-2023-0720h\\\/\"]}]},{\"@type\":\"ImageObject\",\"inLanguage\":\"es\",\"@id\":\"https:\\\/\\\/www.copealcoy.es\\\/es\\\/informativo-matinal-jueves-25-de-mayo-2023-0720h\\\/#primaryimage\",\"url\":\"https:\\\/\\\/www.copealcoy.es\\\/wp-content\\\/uploads\\\/2023\\\/02\\\/Herrera-en-COPE-Alcoy-4.png\",\"contentUrl\":\"https:\\\/\\\/www.copealcoy.es\\\/wp-content\\\/uploads\\\/2023\\\/02\\\/Herrera-en-COPE-Alcoy-4.png\",\"width\":357,\"height\":290},{\"@type\":\"BreadcrumbList\",\"@id\":\"https:\\\/\\\/www.copealcoy.es\\\/es\\\/informativo-matinal-jueves-25-de-mayo-2023-0720h\\\/#breadcrumb\",\"itemListElement\":[{\"@type\":\"ListItem\",\"position\":1,\"name\":\"Portada\",\"item\":\"https:\\\/\\\/www.copealcoy.es\\\/es\\\/\"},{\"@type\":\"ListItem\",\"position\":2,\"name\":\"Informativo matinal jueves 25 de mayo 2023 (07:20h)\"}]},{\"@type\":\"WebSite\",\"@id\":\"https:\\\/\\\/www.copealcoy.es\\\/es\\\/#website\",\"url\":\"https:\\\/\\\/www.copealcoy.es\\\/es\\\/\",\"name\":\"COPE Alcoy\",\"description\":\"Emisora COPE de radio local con emisi\u00f3n online. Pont de Sant Jordi 8-10 03803 Alcoy\",\"potentialAction\":[{\"@type\":\"SearchAction\",\"target\":{\"@type\":\"EntryPoint\",\"urlTemplate\":\"https:\\\/\\\/www.copealcoy.es\\\/es\\\/?s={search_term_string}\"},\"query-input\":{\"@type\":\"PropertyValueSpecification\",\"valueRequired\":true,\"valueName\":\"search_term_string\"}}],\"inLanguage\":\"es\"},{\"@type\":\"Person\",\"@id\":\"https:\\\/\\\/www.copealcoy.es\\\/es\\\/#\\\/schema\\\/person\\\/e777c87fa024e57d40170af9df39882c\",\"name\":\"Cope Alcoy\",\"image\":{\"@type\":\"ImageObject\",\"inLanguage\":\"es\",\"@id\":\"https:\\\/\\\/secure.gravatar.com\\\/avatar\\\/bb65d0283347e303893ba14f0692005417c1e0e690a325a4c5d8bb2b3943ee14?s=96&d=mm&r=g\",\"url\":\"https:\\\/\\\/secure.gravatar.com\\\/avatar\\\/bb65d0283347e303893ba14f0692005417c1e0e690a325a4c5d8bb2b3943ee14?s=96&d=mm&r=g\",\"contentUrl\":\"https:\\\/\\\/secure.gravatar.com\\\/avatar\\\/bb65d0283347e303893ba14f0692005417c1e0e690a325a4c5d8bb2b3943ee14?s=96&d=mm&r=g\",\"caption\":\"Cope Alcoy\"}}]}<\/script>\n<!-- \/ Yoast SEO plugin. -->","yoast_head_json":{"title":"Informativo matinal jueves 25 de mayo 2023 (07:20h) - COPE Alcoy","description":"La falta de profesionales que quieran ser jefe de Psiquiatr\u00eda en el Hospital Virgen de los Lirios y un accidente de moto a causa de la lluvia en Alcoy son algunas de las noticias destacadas de este 25 de mayo de 2023.","robots":{"index":"index","follow":"follow","max-snippet":"max-snippet:-1","max-image-preview":"max-image-preview:large","max-video-preview":"max-video-preview:-1"},"canonical":"https:\/\/www.copealcoy.es\/es\/informativo-matinal-jueves-25-de-mayo-2023-0720h\/","og_locale":"es_ES","og_type":"article","og_title":"Informativo matinal jueves 25 de mayo 2023 (07:20h) - COPE Alcoy","og_description":"La falta de profesionales que quieran ser jefe de Psiquiatr\u00eda en el Hospital Virgen de los Lirios y un accidente de moto a causa de la lluvia en Alcoy son algunas de las noticias destacadas de este 25 de mayo de 2023.","og_url":"https:\/\/www.copealcoy.es\/es\/informativo-matinal-jueves-25-de-mayo-2023-0720h\/","og_site_name":"COPE Alcoy","article_published_time":"2023-05-25T06:30:07+00:00","article_modified_time":"2023-05-25T16:56:49+00:00","og_image":[{"width":357,"height":290,"url":"https:\/\/www.copealcoy.es\/wp-content\/uploads\/2023\/02\/Herrera-en-COPE-Alcoy-4.png","type":"image\/png"}],"author":"Cope Alcoy","twitter_misc":{"Escrito por":"Cope Alcoy","Tiempo de lectura":"2 minutos"},"schema":{"@context":"https:\/\/schema.org","@graph":[{"@type":"Article","@id":"https:\/\/www.copealcoy.es\/es\/informativo-matinal-jueves-25-de-mayo-2023-0720h\/#article","isPartOf":{"@id":"https:\/\/www.copealcoy.es\/es\/informativo-matinal-jueves-25-de-mayo-2023-0720h\/"},"author":{"name":"Cope Alcoy","@id":"https:\/\/www.copealcoy.es\/es\/#\/schema\/person\/e777c87fa024e57d40170af9df39882c"},"headline":"Informativo matinal jueves 25 de mayo 2023 (07:20h)","datePublished":"2023-05-25T06:30:07+00:00","dateModified":"2023-05-25T16:56:49+00:00","mainEntityOfPage":{"@id":"https:\/\/www.copealcoy.es\/es\/informativo-matinal-jueves-25-de-mayo-2023-0720h\/"},"wordCount":480,"commentCount":0,"image":{"@id":"https:\/\/www.copealcoy.es\/es\/informativo-matinal-jueves-25-de-mayo-2023-0720h\/#primaryimage"},"thumbnailUrl":"https:\/\/www.copealcoy.es\/wp-content\/uploads\/2023\/02\/Herrera-en-COPE-Alcoy-4.png","articleSection":["Actualidad","Audios de los programas","Informativos"],"inLanguage":"es"},{"@type":"WebPage","@id":"https:\/\/www.copealcoy.es\/es\/informativo-matinal-jueves-25-de-mayo-2023-0720h\/","url":"https:\/\/www.copealcoy.es\/es\/informativo-matinal-jueves-25-de-mayo-2023-0720h\/","name":"Informativo matinal jueves 25 de mayo 2023 (07:20h) - COPE Alcoy","isPartOf":{"@id":"https:\/\/www.copealcoy.es\/es\/#website"},"primaryImageOfPage":{"@id":"https:\/\/www.copealcoy.es\/es\/informativo-matinal-jueves-25-de-mayo-2023-0720h\/#primaryimage"},"image":{"@id":"https:\/\/www.copealcoy.es\/es\/informativo-matinal-jueves-25-de-mayo-2023-0720h\/#primaryimage"},"thumbnailUrl":"https:\/\/www.copealcoy.es\/wp-content\/uploads\/2023\/02\/Herrera-en-COPE-Alcoy-4.png","datePublished":"2023-05-25T06:30:07+00:00","dateModified":"2023-05-25T16:56:49+00:00","author":{"@id":"https:\/\/www.copealcoy.es\/es\/#\/schema\/person\/e777c87fa024e57d40170af9df39882c"},"description":"La falta de profesionales que quieran ser jefe de Psiquiatr\u00eda en el Hospital Virgen de los Lirios y un accidente de moto a causa de la lluvia en Alcoy son algunas de las noticias destacadas de este 25 de mayo de 2023.","breadcrumb":{"@id":"https:\/\/www.copealcoy.es\/es\/informativo-matinal-jueves-25-de-mayo-2023-0720h\/#breadcrumb"},"inLanguage":"es","potentialAction":[{"@type":"ReadAction","target":["https:\/\/www.copealcoy.es\/es\/informativo-matinal-jueves-25-de-mayo-2023-0720h\/"]}]},{"@type":"ImageObject","inLanguage":"es","@id":"https:\/\/www.copealcoy.es\/es\/informativo-matinal-jueves-25-de-mayo-2023-0720h\/#primaryimage","url":"https:\/\/www.copealcoy.es\/wp-content\/uploads\/2023\/02\/Herrera-en-COPE-Alcoy-4.png","contentUrl":"https:\/\/www.copealcoy.es\/wp-content\/uploads\/2023\/02\/Herrera-en-COPE-Alcoy-4.png","width":357,"height":290},{"@type":"BreadcrumbList","@id":"https:\/\/www.copealcoy.es\/es\/informativo-matinal-jueves-25-de-mayo-2023-0720h\/#breadcrumb","itemListElement":[{"@type":"ListItem","position":1,"name":"Portada","item":"https:\/\/www.copealcoy.es\/es\/"},{"@type":"ListItem","position":2,"name":"Informativo matinal jueves 25 de mayo 2023 (07:20h)"}]},{"@type":"WebSite","@id":"https:\/\/www.copealcoy.es\/es\/#website","url":"https:\/\/www.copealcoy.es\/es\/","name":"COPE Alcoy","description":"Emisora COPE de radio local con emisi\u00f3n online. Pont de Sant Jordi 8-10 03803 Alcoy","potentialAction":[{"@type":"SearchAction","target":{"@type":"EntryPoint","urlTemplate":"https:\/\/www.copealcoy.es\/es\/?s={search_term_string}"},"query-input":{"@type":"PropertyValueSpecification","valueRequired":true,"valueName":"search_term_string"}}],"inLanguage":"es"},{"@type":"Person","@id":"https:\/\/www.copealcoy.es\/es\/#\/schema\/person\/e777c87fa024e57d40170af9df39882c","name":"Cope Alcoy","image":{"@type":"ImageObject","inLanguage":"es","@id":"https:\/\/secure.gravatar.com\/avatar\/bb65d0283347e303893ba14f0692005417c1e0e690a325a4c5d8bb2b3943ee14?s=96&d=mm&r=g","url":"https:\/\/secure.gravatar.com\/avatar\/bb65d0283347e303893ba14f0692005417c1e0e690a325a4c5d8bb2b3943ee14?s=96&d=mm&r=g","contentUrl":"https:\/\/secure.gravatar.com\/avatar\/bb65d0283347e303893ba14f0692005417c1e0e690a325a4c5d8bb2b3943ee14?s=96&d=mm&r=g","caption":"Cope Alcoy"}}]}},"_links":{"self":[{"href":"https:\/\/www.copealcoy.es\/es\/wp-json\/wp\/v2\/posts\/116338","targetHints":{"allow":["GET"]}}],"collection":[{"href":"https:\/\/www.copealcoy.es\/es\/wp-json\/wp\/v2\/posts"}],"about":[{"href":"https:\/\/www.copealcoy.es\/es\/wp-json\/wp\/v2\/types\/post"}],"author":[{"embeddable":true,"href":"https:\/\/www.copealcoy.es\/es\/wp-json\/wp\/v2\/users\/1"}],"replies":[{"embeddable":true,"href":"https:\/\/www.copealcoy.es\/es\/wp-json\/wp\/v2\/comments?post=116338"}],"version-history":[{"count":0,"href":"https:\/\/www.copealcoy.es\/es\/wp-json\/wp\/v2\/posts\/116338\/revisions"}],"wp:featuredmedia":[{"embeddable":true,"href":"https:\/\/www.copealcoy.es\/es\/wp-json\/wp\/v2\/media\/110612"}],"wp:attachment":[{"href":"https:\/\/www.copealcoy.es\/es\/wp-json\/wp\/v2\/media?parent=116338"}],"wp:term":[{"taxonomy":"category","embeddable":true,"href":"https:\/\/www.copealcoy.es\/es\/wp-json\/wp\/v2\/categories?post=116338"},{"taxonomy":"post_tag","embeddable":true,"href":"https:\/\/www.copealcoy.es\/es\/wp-json\/wp\/v2\/tags?post=116338"}],"curies":[{"name":"wp","href":"https:\/\/api.w.org\/{rel}","templated":true}]}}