{"id":116334,"date":"2023-05-25T07:45:03","date_gmt":"2023-05-25T06:45:03","guid":{"rendered":"https:\/\/www.copealcoy.es\/?p=116334"},"modified":"2023-05-25T18:01:45","modified_gmt":"2023-05-25T17:01:45","slug":"herido-un-motorista-a-causa-de-la-lluvia-en-alcoy","status":"publish","type":"post","link":"https:\/\/www.copealcoy.es\/es\/herido-un-motorista-a-causa-de-la-lluvia-en-alcoy\/","title":{"rendered":"Herido un motorista a causa de la lluvia en Alcoy"},"content":{"rendered":"<p style=\"text-align: justify;\">La lluvia que desde hace unos d\u00edas cae con fuerza en el interior de la provincia de Alicante, sobre todo en el Comtat, ha dejado <strong>un herido este mi\u00e9rcoles en Alcoy<\/strong>.<\/p>\n<p style=\"text-align: justify;\">El accidente se ha producido durante la tarde. <strong>Un motorista<\/strong>, que circulaba por el t\u00fanel que sube al pol\u00edgono de Cotes Altes, <strong>se ha resbalado<\/strong> a causa del pavimento mojado por la lluvia.<\/p>\n<p style=\"text-align: justify;\"><strong>Una ambulancia y la Polic\u00eda Local de Alcoy han acudido<\/strong> al lugar de los hechos. El herido ha sido trasladado al <strong>Hospital Virgen de los Lirios<\/strong> y afortunadamente, <strong>tan solo presenta contusiones leves<\/strong>.<\/p>\n<p style=\"text-align: justify;\">La Polic\u00eda Local ha aprovechado para recordar a la ciudadan\u00eda que, en d\u00edas lluviosos como este, <strong>extreme las precauciones cuando circule con veh\u00edculos<\/strong>. En concreto, ha realizado una serie de recomendaciones a trav\u00e9s de sus redes sociales. Pide a los conductores que <strong>adecuen su velocidad, aumenten la distancia de seguridad respecto\u00a0 aotros veh\u00edculos y mantengan una buena visibilidad<\/strong>.<\/p>\n<p style=\"text-align: justify;\">Hasta el momento este es el incidente m\u00e1s destacado que han dejado las \u00faltimas lluvias en nuestra ciudad. Sin embargo, en otros puntos de la comarca ha habido tambi\u00e9n percances.<\/p>\n<p style=\"text-align: justify;\">Es el caso de <strong>Alcosser<\/strong>. Efectivos del\u00a0<span style=\"color: #0000ff;\"><a style=\"color: #0000ff;\" href=\"https:\/\/www.facebook.com\/bomberosalicantecpba\" target=\"_blank\" rel=\"noopener\"><strong>Consorcio Provincial de Bomberos de la Diputaci\u00f3n de Alicante<\/strong><\/a><\/span> actuaron en la ma\u00f1ana del martes en <strong>el rescate de un var\u00f3n de avanzada edad<\/strong>. El hombre\u00a0<strong>se encontrada atrapado en un coche <\/strong>en el aer\u00f3dromo de Alcosser, sin poder salir y <strong>rodeado de agua<\/strong>\u00a0por las fuertes lluvias.<\/p>\n<p style=\"text-align: justify;\">Despu\u00e9s de recibir el aviso,\u00a0<strong>se moviliz\u00f3 al parque de Cocentaina<\/strong>\u00a0con miembros del equipo de rescate que acudieron al lugar de los hechos por tierra. Despu\u00e9s\u00a0<strong>llegaron al veh\u00edculo<\/strong>, que se encontraba rodeado por una fuerte corriente de agua, y<strong>\u00a0gracias a una cadena humana formada por varios bomberos\u00a0<\/strong>pudieron extraer al hombre del interior del coche por la ventanilla del conductor. El var\u00f3n<strong>\u00a0no presentaba lesiones aparentes<\/strong>\u00a0pero qued\u00f3 siendo atendido por una ambulancia en el lugar del rescate.<\/p>\n","protected":false},"excerpt":{"rendered":"<p>La lluvia que desde hace unos d\u00edas cae con fuerza en el interior de la provincia de Alicante, sobre todo&#8230;<\/p>\n","protected":false},"author":1,"featured_media":116335,"comment_status":"open","ping_status":"open","sticky":false,"template":"","format":"standard","meta":{"footnotes":""},"categories":[6909,97,75,80],"tags":[873,1494,534,846,14680],"class_list":["post-116334","post","type-post","status-publish","format-standard","has-post-thumbnail","hentry","category-actualidad","category-alcoy","category-noticias","category-sucesos","tag-accidente","tag-alcoy","tag-lluvia","tag-policia-local","tag-suceso"],"yoast_head":"<!-- This site is optimized with the Yoast SEO plugin v27.3 - https:\/\/yoast.com\/product\/yoast-seo-wordpress\/ -->\n<title>Herido un motorista a causa de la lluvia en Alcoy - COPE Alcoy<\/title>\n<meta name=\"description\" content=\"La lluvia que desde hace unos d\u00edas cae con fuerza en el interior de la provincia de Alicante, sobre todo en el Comtat, ha dejado un herido este mi\u00e9rcoles en Alcoy.\" \/>\n<meta name=\"robots\" content=\"index, follow, max-snippet:-1, max-image-preview:large, max-video-preview:-1\" \/>\n<link rel=\"canonical\" href=\"https:\/\/www.copealcoy.es\/es\/herido-un-motorista-a-causa-de-la-lluvia-en-alcoy\/\" \/>\n<meta property=\"og:locale\" content=\"es_ES\" \/>\n<meta property=\"og:type\" content=\"article\" \/>\n<meta property=\"og:title\" content=\"Herido un motorista a causa de la lluvia en Alcoy - COPE Alcoy\" \/>\n<meta property=\"og:description\" content=\"La lluvia que desde hace unos d\u00edas cae con fuerza en el interior de la provincia de Alicante, sobre todo en el Comtat, ha dejado un herido este mi\u00e9rcoles en Alcoy.\" \/>\n<meta property=\"og:url\" content=\"https:\/\/www.copealcoy.es\/es\/herido-un-motorista-a-causa-de-la-lluvia-en-alcoy\/\" \/>\n<meta property=\"og:site_name\" content=\"COPE Alcoy\" \/>\n<meta property=\"article:published_time\" content=\"2023-05-25T06:45:03+00:00\" \/>\n<meta property=\"article:modified_time\" content=\"2023-05-25T17:01:45+00:00\" \/>\n<meta property=\"og:image\" content=\"https:\/\/www.copealcoy.es\/wp-content\/uploads\/2023\/05\/348917338_1007908913426561_1317387901981267654_n.jpg\" \/>\n\t<meta property=\"og:image:width\" content=\"1080\" \/>\n\t<meta property=\"og:image:height\" content=\"852\" \/>\n\t<meta property=\"og:image:type\" content=\"image\/jpeg\" \/>\n<meta name=\"author\" content=\"Cope Alcoy\" \/>\n<meta name=\"twitter:label1\" content=\"Escrito por\" \/>\n\t<meta name=\"twitter:data1\" content=\"Cope Alcoy\" \/>\n\t<meta name=\"twitter:label2\" content=\"Tiempo de lectura\" \/>\n\t<meta name=\"twitter:data2\" content=\"2 minutos\" \/>\n<script type=\"application\/ld+json\" class=\"yoast-schema-graph\">{\"@context\":\"https:\\\/\\\/schema.org\",\"@graph\":[{\"@type\":\"Article\",\"@id\":\"https:\\\/\\\/www.copealcoy.es\\\/es\\\/herido-un-motorista-a-causa-de-la-lluvia-en-alcoy\\\/#article\",\"isPartOf\":{\"@id\":\"https:\\\/\\\/www.copealcoy.es\\\/es\\\/herido-un-motorista-a-causa-de-la-lluvia-en-alcoy\\\/\"},\"author\":{\"name\":\"Cope Alcoy\",\"@id\":\"https:\\\/\\\/www.copealcoy.es\\\/es\\\/#\\\/schema\\\/person\\\/e777c87fa024e57d40170af9df39882c\"},\"headline\":\"Herido un motorista a causa de la lluvia en Alcoy\",\"datePublished\":\"2023-05-25T06:45:03+00:00\",\"dateModified\":\"2023-05-25T17:01:45+00:00\",\"mainEntityOfPage\":{\"@id\":\"https:\\\/\\\/www.copealcoy.es\\\/es\\\/herido-un-motorista-a-causa-de-la-lluvia-en-alcoy\\\/\"},\"wordCount\":352,\"commentCount\":0,\"image\":{\"@id\":\"https:\\\/\\\/www.copealcoy.es\\\/es\\\/herido-un-motorista-a-causa-de-la-lluvia-en-alcoy\\\/#primaryimage\"},\"thumbnailUrl\":\"https:\\\/\\\/www.copealcoy.es\\\/wp-content\\\/uploads\\\/2023\\\/05\\\/348917338_1007908913426561_1317387901981267654_n.jpg\",\"keywords\":[\"Accidente\",\"Alcoy\",\"Lluvia\",\"Polic\u00eda Local\",\"suceso\"],\"articleSection\":[\"Actualidad\",\"Alcoy\",\"Noticias\",\"Sucesos\"],\"inLanguage\":\"es\"},{\"@type\":\"WebPage\",\"@id\":\"https:\\\/\\\/www.copealcoy.es\\\/es\\\/herido-un-motorista-a-causa-de-la-lluvia-en-alcoy\\\/\",\"url\":\"https:\\\/\\\/www.copealcoy.es\\\/es\\\/herido-un-motorista-a-causa-de-la-lluvia-en-alcoy\\\/\",\"name\":\"Herido un motorista a causa de la lluvia en Alcoy - COPE Alcoy\",\"isPartOf\":{\"@id\":\"https:\\\/\\\/www.copealcoy.es\\\/es\\\/#website\"},\"primaryImageOfPage\":{\"@id\":\"https:\\\/\\\/www.copealcoy.es\\\/es\\\/herido-un-motorista-a-causa-de-la-lluvia-en-alcoy\\\/#primaryimage\"},\"image\":{\"@id\":\"https:\\\/\\\/www.copealcoy.es\\\/es\\\/herido-un-motorista-a-causa-de-la-lluvia-en-alcoy\\\/#primaryimage\"},\"thumbnailUrl\":\"https:\\\/\\\/www.copealcoy.es\\\/wp-content\\\/uploads\\\/2023\\\/05\\\/348917338_1007908913426561_1317387901981267654_n.jpg\",\"datePublished\":\"2023-05-25T06:45:03+00:00\",\"dateModified\":\"2023-05-25T17:01:45+00:00\",\"author\":{\"@id\":\"https:\\\/\\\/www.copealcoy.es\\\/es\\\/#\\\/schema\\\/person\\\/e777c87fa024e57d40170af9df39882c\"},\"description\":\"La lluvia que desde hace unos d\u00edas cae con fuerza en el interior de la provincia de Alicante, sobre todo en el Comtat, ha dejado un herido este mi\u00e9rcoles en Alcoy.\",\"breadcrumb\":{\"@id\":\"https:\\\/\\\/www.copealcoy.es\\\/es\\\/herido-un-motorista-a-causa-de-la-lluvia-en-alcoy\\\/#breadcrumb\"},\"inLanguage\":\"es\",\"potentialAction\":[{\"@type\":\"ReadAction\",\"target\":[\"https:\\\/\\\/www.copealcoy.es\\\/es\\\/herido-un-motorista-a-causa-de-la-lluvia-en-alcoy\\\/\"]}]},{\"@type\":\"ImageObject\",\"inLanguage\":\"es\",\"@id\":\"https:\\\/\\\/www.copealcoy.es\\\/es\\\/herido-un-motorista-a-causa-de-la-lluvia-en-alcoy\\\/#primaryimage\",\"url\":\"https:\\\/\\\/www.copealcoy.es\\\/wp-content\\\/uploads\\\/2023\\\/05\\\/348917338_1007908913426561_1317387901981267654_n.jpg\",\"contentUrl\":\"https:\\\/\\\/www.copealcoy.es\\\/wp-content\\\/uploads\\\/2023\\\/05\\\/348917338_1007908913426561_1317387901981267654_n.jpg\",\"width\":1080,\"height\":852},{\"@type\":\"BreadcrumbList\",\"@id\":\"https:\\\/\\\/www.copealcoy.es\\\/es\\\/herido-un-motorista-a-causa-de-la-lluvia-en-alcoy\\\/#breadcrumb\",\"itemListElement\":[{\"@type\":\"ListItem\",\"position\":1,\"name\":\"Portada\",\"item\":\"https:\\\/\\\/www.copealcoy.es\\\/es\\\/\"},{\"@type\":\"ListItem\",\"position\":2,\"name\":\"Herido un motorista a causa de la lluvia en Alcoy\"}]},{\"@type\":\"WebSite\",\"@id\":\"https:\\\/\\\/www.copealcoy.es\\\/es\\\/#website\",\"url\":\"https:\\\/\\\/www.copealcoy.es\\\/es\\\/\",\"name\":\"COPE Alcoy\",\"description\":\"Emisora COPE de radio local con emisi\u00f3n online. Pont de Sant Jordi 8-10 03803 Alcoy\",\"potentialAction\":[{\"@type\":\"SearchAction\",\"target\":{\"@type\":\"EntryPoint\",\"urlTemplate\":\"https:\\\/\\\/www.copealcoy.es\\\/es\\\/?s={search_term_string}\"},\"query-input\":{\"@type\":\"PropertyValueSpecification\",\"valueRequired\":true,\"valueName\":\"search_term_string\"}}],\"inLanguage\":\"es\"},{\"@type\":\"Person\",\"@id\":\"https:\\\/\\\/www.copealcoy.es\\\/es\\\/#\\\/schema\\\/person\\\/e777c87fa024e57d40170af9df39882c\",\"name\":\"Cope Alcoy\",\"image\":{\"@type\":\"ImageObject\",\"inLanguage\":\"es\",\"@id\":\"https:\\\/\\\/secure.gravatar.com\\\/avatar\\\/bb65d0283347e303893ba14f0692005417c1e0e690a325a4c5d8bb2b3943ee14?s=96&d=mm&r=g\",\"url\":\"https:\\\/\\\/secure.gravatar.com\\\/avatar\\\/bb65d0283347e303893ba14f0692005417c1e0e690a325a4c5d8bb2b3943ee14?s=96&d=mm&r=g\",\"contentUrl\":\"https:\\\/\\\/secure.gravatar.com\\\/avatar\\\/bb65d0283347e303893ba14f0692005417c1e0e690a325a4c5d8bb2b3943ee14?s=96&d=mm&r=g\",\"caption\":\"Cope Alcoy\"}}]}<\/script>\n<!-- \/ Yoast SEO plugin. -->","yoast_head_json":{"title":"Herido un motorista a causa de la lluvia en Alcoy - COPE Alcoy","description":"La lluvia que desde hace unos d\u00edas cae con fuerza en el interior de la provincia de Alicante, sobre todo en el Comtat, ha dejado un herido este mi\u00e9rcoles en Alcoy.","robots":{"index":"index","follow":"follow","max-snippet":"max-snippet:-1","max-image-preview":"max-image-preview:large","max-video-preview":"max-video-preview:-1"},"canonical":"https:\/\/www.copealcoy.es\/es\/herido-un-motorista-a-causa-de-la-lluvia-en-alcoy\/","og_locale":"es_ES","og_type":"article","og_title":"Herido un motorista a causa de la lluvia en Alcoy - COPE Alcoy","og_description":"La lluvia que desde hace unos d\u00edas cae con fuerza en el interior de la provincia de Alicante, sobre todo en el Comtat, ha dejado un herido este mi\u00e9rcoles en Alcoy.","og_url":"https:\/\/www.copealcoy.es\/es\/herido-un-motorista-a-causa-de-la-lluvia-en-alcoy\/","og_site_name":"COPE Alcoy","article_published_time":"2023-05-25T06:45:03+00:00","article_modified_time":"2023-05-25T17:01:45+00:00","og_image":[{"width":1080,"height":852,"url":"https:\/\/www.copealcoy.es\/wp-content\/uploads\/2023\/05\/348917338_1007908913426561_1317387901981267654_n.jpg","type":"image\/jpeg"}],"author":"Cope Alcoy","twitter_misc":{"Escrito por":"Cope Alcoy","Tiempo de lectura":"2 minutos"},"schema":{"@context":"https:\/\/schema.org","@graph":[{"@type":"Article","@id":"https:\/\/www.copealcoy.es\/es\/herido-un-motorista-a-causa-de-la-lluvia-en-alcoy\/#article","isPartOf":{"@id":"https:\/\/www.copealcoy.es\/es\/herido-un-motorista-a-causa-de-la-lluvia-en-alcoy\/"},"author":{"name":"Cope Alcoy","@id":"https:\/\/www.copealcoy.es\/es\/#\/schema\/person\/e777c87fa024e57d40170af9df39882c"},"headline":"Herido un motorista a causa de la lluvia en Alcoy","datePublished":"2023-05-25T06:45:03+00:00","dateModified":"2023-05-25T17:01:45+00:00","mainEntityOfPage":{"@id":"https:\/\/www.copealcoy.es\/es\/herido-un-motorista-a-causa-de-la-lluvia-en-alcoy\/"},"wordCount":352,"commentCount":0,"image":{"@id":"https:\/\/www.copealcoy.es\/es\/herido-un-motorista-a-causa-de-la-lluvia-en-alcoy\/#primaryimage"},"thumbnailUrl":"https:\/\/www.copealcoy.es\/wp-content\/uploads\/2023\/05\/348917338_1007908913426561_1317387901981267654_n.jpg","keywords":["Accidente","Alcoy","Lluvia","Polic\u00eda Local","suceso"],"articleSection":["Actualidad","Alcoy","Noticias","Sucesos"],"inLanguage":"es"},{"@type":"WebPage","@id":"https:\/\/www.copealcoy.es\/es\/herido-un-motorista-a-causa-de-la-lluvia-en-alcoy\/","url":"https:\/\/www.copealcoy.es\/es\/herido-un-motorista-a-causa-de-la-lluvia-en-alcoy\/","name":"Herido un motorista a causa de la lluvia en Alcoy - COPE Alcoy","isPartOf":{"@id":"https:\/\/www.copealcoy.es\/es\/#website"},"primaryImageOfPage":{"@id":"https:\/\/www.copealcoy.es\/es\/herido-un-motorista-a-causa-de-la-lluvia-en-alcoy\/#primaryimage"},"image":{"@id":"https:\/\/www.copealcoy.es\/es\/herido-un-motorista-a-causa-de-la-lluvia-en-alcoy\/#primaryimage"},"thumbnailUrl":"https:\/\/www.copealcoy.es\/wp-content\/uploads\/2023\/05\/348917338_1007908913426561_1317387901981267654_n.jpg","datePublished":"2023-05-25T06:45:03+00:00","dateModified":"2023-05-25T17:01:45+00:00","author":{"@id":"https:\/\/www.copealcoy.es\/es\/#\/schema\/person\/e777c87fa024e57d40170af9df39882c"},"description":"La lluvia que desde hace unos d\u00edas cae con fuerza en el interior de la provincia de Alicante, sobre todo en el Comtat, ha dejado un herido este mi\u00e9rcoles en Alcoy.","breadcrumb":{"@id":"https:\/\/www.copealcoy.es\/es\/herido-un-motorista-a-causa-de-la-lluvia-en-alcoy\/#breadcrumb"},"inLanguage":"es","potentialAction":[{"@type":"ReadAction","target":["https:\/\/www.copealcoy.es\/es\/herido-un-motorista-a-causa-de-la-lluvia-en-alcoy\/"]}]},{"@type":"ImageObject","inLanguage":"es","@id":"https:\/\/www.copealcoy.es\/es\/herido-un-motorista-a-causa-de-la-lluvia-en-alcoy\/#primaryimage","url":"https:\/\/www.copealcoy.es\/wp-content\/uploads\/2023\/05\/348917338_1007908913426561_1317387901981267654_n.jpg","contentUrl":"https:\/\/www.copealcoy.es\/wp-content\/uploads\/2023\/05\/348917338_1007908913426561_1317387901981267654_n.jpg","width":1080,"height":852},{"@type":"BreadcrumbList","@id":"https:\/\/www.copealcoy.es\/es\/herido-un-motorista-a-causa-de-la-lluvia-en-alcoy\/#breadcrumb","itemListElement":[{"@type":"ListItem","position":1,"name":"Portada","item":"https:\/\/www.copealcoy.es\/es\/"},{"@type":"ListItem","position":2,"name":"Herido un motorista a causa de la lluvia en Alcoy"}]},{"@type":"WebSite","@id":"https:\/\/www.copealcoy.es\/es\/#website","url":"https:\/\/www.copealcoy.es\/es\/","name":"COPE Alcoy","description":"Emisora COPE de radio local con emisi\u00f3n online. Pont de Sant Jordi 8-10 03803 Alcoy","potentialAction":[{"@type":"SearchAction","target":{"@type":"EntryPoint","urlTemplate":"https:\/\/www.copealcoy.es\/es\/?s={search_term_string}"},"query-input":{"@type":"PropertyValueSpecification","valueRequired":true,"valueName":"search_term_string"}}],"inLanguage":"es"},{"@type":"Person","@id":"https:\/\/www.copealcoy.es\/es\/#\/schema\/person\/e777c87fa024e57d40170af9df39882c","name":"Cope Alcoy","image":{"@type":"ImageObject","inLanguage":"es","@id":"https:\/\/secure.gravatar.com\/avatar\/bb65d0283347e303893ba14f0692005417c1e0e690a325a4c5d8bb2b3943ee14?s=96&d=mm&r=g","url":"https:\/\/secure.gravatar.com\/avatar\/bb65d0283347e303893ba14f0692005417c1e0e690a325a4c5d8bb2b3943ee14?s=96&d=mm&r=g","contentUrl":"https:\/\/secure.gravatar.com\/avatar\/bb65d0283347e303893ba14f0692005417c1e0e690a325a4c5d8bb2b3943ee14?s=96&d=mm&r=g","caption":"Cope Alcoy"}}]}},"_links":{"self":[{"href":"https:\/\/www.copealcoy.es\/es\/wp-json\/wp\/v2\/posts\/116334","targetHints":{"allow":["GET"]}}],"collection":[{"href":"https:\/\/www.copealcoy.es\/es\/wp-json\/wp\/v2\/posts"}],"about":[{"href":"https:\/\/www.copealcoy.es\/es\/wp-json\/wp\/v2\/types\/post"}],"author":[{"embeddable":true,"href":"https:\/\/www.copealcoy.es\/es\/wp-json\/wp\/v2\/users\/1"}],"replies":[{"embeddable":true,"href":"https:\/\/www.copealcoy.es\/es\/wp-json\/wp\/v2\/comments?post=116334"}],"version-history":[{"count":0,"href":"https:\/\/www.copealcoy.es\/es\/wp-json\/wp\/v2\/posts\/116334\/revisions"}],"wp:featuredmedia":[{"embeddable":true,"href":"https:\/\/www.copealcoy.es\/es\/wp-json\/wp\/v2\/media\/116335"}],"wp:attachment":[{"href":"https:\/\/www.copealcoy.es\/es\/wp-json\/wp\/v2\/media?parent=116334"}],"wp:term":[{"taxonomy":"category","embeddable":true,"href":"https:\/\/www.copealcoy.es\/es\/wp-json\/wp\/v2\/categories?post=116334"},{"taxonomy":"post_tag","embeddable":true,"href":"https:\/\/www.copealcoy.es\/es\/wp-json\/wp\/v2\/tags?post=116334"}],"curies":[{"name":"wp","href":"https:\/\/api.w.org\/{rel}","templated":true}]}}