{"id":11633,"date":"2015-03-25T20:12:40","date_gmt":"2015-03-25T20:12:40","guid":{"rendered":"http:\/\/copealcoi.es\/new\/?p=11633"},"modified":"2015-03-25T20:12:40","modified_gmt":"2015-03-25T20:12:40","slug":"guanyem-cocentaina-responsabiliza-a-los-dimisionarios-de-no-aceptar-el-resultado-de-las-primarias","status":"publish","type":"post","link":"https:\/\/www.copealcoy.es\/es\/guanyem-cocentaina-responsabiliza-a-los-dimisionarios-de-no-aceptar-el-resultado-de-las-primarias\/","title":{"rendered":"Guanyem Cocentaina responsabiliza a los dimisionarios de no aceptar el resultado de las Primarias"},"content":{"rendered":"<p style=\"text-align: justify;\">Guanyem Cocentaina ha salido al paso de las declaraciones que cuatro dimisionarios efectuaron la pasada semana a trav\u00e9s de un comunicado y en el que acusaban a Esquerra Unida de haber utilizado esta plataforma para su inter\u00e9s. Desde Guanyem indican en un comunicado que &#8220;nunca estar\u00e1 al servicio de los intereses particulares. Si no han aceptado ni respetado el resultado libre y democr\u00e1tico de las urnas es porque demuestran no haber compartido nunca el ideario de Guanyem&#8221;, destaca.<\/p>\n<p style=\"text-align: justify;\">Por \u00faltimo el escrito concluye destacando que\u00a0&#8220;querr\u00edamos negarnos a pensar que detr\u00e1s de la dimisi\u00f3n de estos miembros se ha gestado un complot contra Guanyem Cocentaina que, desde su constituci\u00f3n hasta ahora, se ha caracterizado por el asamblearismo, la participaci\u00f3n y la transparencia&#8221;.<\/p>\n","protected":false},"excerpt":{"rendered":"<p>Guanyem Cocentaina ha salido al paso de las declaraciones que cuatro dimisionarios efectuaron la pasada semana a trav\u00e9s de un&#8230;<\/p>\n","protected":false},"author":1,"featured_media":11139,"comment_status":"open","ping_status":"open","sticky":false,"template":"","format":"standard","meta":{"footnotes":""},"categories":[744,75],"tags":[132,237,721,241],"class_list":["post-11633","post","type-post","status-publish","format-standard","has-post-thumbnail","hentry","category-elecciones","category-noticias","tag-cocentaina","tag-comtat","tag-elecciones-municipales","tag-guanyem"],"yoast_head":"<!-- This site is optimized with the Yoast SEO plugin v27.3 - https:\/\/yoast.com\/product\/yoast-seo-wordpress\/ -->\n<title>Guanyem Cocentaina responsabiliza a los dimisionarios de no aceptar el resultado de las Primarias - COPE Alcoy<\/title>\n<meta name=\"robots\" content=\"index, follow, max-snippet:-1, max-image-preview:large, max-video-preview:-1\" \/>\n<link rel=\"canonical\" href=\"https:\/\/www.copealcoy.es\/es\/guanyem-cocentaina-responsabiliza-a-los-dimisionarios-de-no-aceptar-el-resultado-de-las-primarias\/\" \/>\n<meta property=\"og:locale\" content=\"es_ES\" \/>\n<meta property=\"og:type\" content=\"article\" \/>\n<meta property=\"og:title\" content=\"Guanyem Cocentaina responsabiliza a los dimisionarios de no aceptar el resultado de las Primarias - COPE Alcoy\" \/>\n<meta property=\"og:description\" content=\"Guanyem Cocentaina ha salido al paso de las declaraciones que cuatro dimisionarios efectuaron la pasada semana a trav\u00e9s de un...\" \/>\n<meta property=\"og:url\" content=\"https:\/\/www.copealcoy.es\/es\/guanyem-cocentaina-responsabiliza-a-los-dimisionarios-de-no-aceptar-el-resultado-de-las-primarias\/\" \/>\n<meta property=\"og:site_name\" content=\"COPE Alcoy\" \/>\n<meta property=\"article:published_time\" content=\"2015-03-25T20:12:40+00:00\" \/>\n<meta property=\"og:image\" content=\"https:\/\/www.copealcoy.es\/wp-content\/uploads\/2015\/03\/image25.jpg\" \/>\n\t<meta property=\"og:image:width\" content=\"1955\" \/>\n\t<meta property=\"og:image:height\" content=\"1162\" \/>\n\t<meta property=\"og:image:type\" content=\"image\/jpeg\" \/>\n<meta name=\"author\" content=\"Cope Alcoy\" \/>\n<meta name=\"twitter:label1\" content=\"Escrito por\" \/>\n\t<meta name=\"twitter:data1\" content=\"Cope Alcoy\" \/>\n\t<meta name=\"twitter:label2\" content=\"Tiempo de lectura\" \/>\n\t<meta name=\"twitter:data2\" content=\"1 minuto\" \/>\n<script type=\"application\/ld+json\" class=\"yoast-schema-graph\">{\"@context\":\"https:\\\/\\\/schema.org\",\"@graph\":[{\"@type\":\"Article\",\"@id\":\"https:\\\/\\\/www.copealcoy.es\\\/es\\\/guanyem-cocentaina-responsabiliza-a-los-dimisionarios-de-no-aceptar-el-resultado-de-las-primarias\\\/#article\",\"isPartOf\":{\"@id\":\"https:\\\/\\\/www.copealcoy.es\\\/es\\\/guanyem-cocentaina-responsabiliza-a-los-dimisionarios-de-no-aceptar-el-resultado-de-las-primarias\\\/\"},\"author\":{\"name\":\"Cope Alcoy\",\"@id\":\"https:\\\/\\\/www.copealcoy.es\\\/es\\\/#\\\/schema\\\/person\\\/e777c87fa024e57d40170af9df39882c\"},\"headline\":\"Guanyem Cocentaina responsabiliza a los dimisionarios de no aceptar el resultado de las Primarias\",\"datePublished\":\"2015-03-25T20:12:40+00:00\",\"mainEntityOfPage\":{\"@id\":\"https:\\\/\\\/www.copealcoy.es\\\/es\\\/guanyem-cocentaina-responsabiliza-a-los-dimisionarios-de-no-aceptar-el-resultado-de-las-primarias\\\/\"},\"wordCount\":144,\"commentCount\":0,\"image\":{\"@id\":\"https:\\\/\\\/www.copealcoy.es\\\/es\\\/guanyem-cocentaina-responsabiliza-a-los-dimisionarios-de-no-aceptar-el-resultado-de-las-primarias\\\/#primaryimage\"},\"thumbnailUrl\":\"https:\\\/\\\/www.copealcoy.es\\\/wp-content\\\/uploads\\\/2015\\\/03\\\/image25.jpg\",\"keywords\":[\"Cocentaina\",\"Comtat\",\"Elecciones Municipales\",\"Guanyem\"],\"articleSection\":[\"Elecciones\",\"Noticias\"],\"inLanguage\":\"es\"},{\"@type\":\"WebPage\",\"@id\":\"https:\\\/\\\/www.copealcoy.es\\\/es\\\/guanyem-cocentaina-responsabiliza-a-los-dimisionarios-de-no-aceptar-el-resultado-de-las-primarias\\\/\",\"url\":\"https:\\\/\\\/www.copealcoy.es\\\/es\\\/guanyem-cocentaina-responsabiliza-a-los-dimisionarios-de-no-aceptar-el-resultado-de-las-primarias\\\/\",\"name\":\"Guanyem Cocentaina responsabiliza a los dimisionarios de no aceptar el resultado de las Primarias - COPE Alcoy\",\"isPartOf\":{\"@id\":\"https:\\\/\\\/www.copealcoy.es\\\/es\\\/#website\"},\"primaryImageOfPage\":{\"@id\":\"https:\\\/\\\/www.copealcoy.es\\\/es\\\/guanyem-cocentaina-responsabiliza-a-los-dimisionarios-de-no-aceptar-el-resultado-de-las-primarias\\\/#primaryimage\"},\"image\":{\"@id\":\"https:\\\/\\\/www.copealcoy.es\\\/es\\\/guanyem-cocentaina-responsabiliza-a-los-dimisionarios-de-no-aceptar-el-resultado-de-las-primarias\\\/#primaryimage\"},\"thumbnailUrl\":\"https:\\\/\\\/www.copealcoy.es\\\/wp-content\\\/uploads\\\/2015\\\/03\\\/image25.jpg\",\"datePublished\":\"2015-03-25T20:12:40+00:00\",\"author\":{\"@id\":\"https:\\\/\\\/www.copealcoy.es\\\/es\\\/#\\\/schema\\\/person\\\/e777c87fa024e57d40170af9df39882c\"},\"breadcrumb\":{\"@id\":\"https:\\\/\\\/www.copealcoy.es\\\/es\\\/guanyem-cocentaina-responsabiliza-a-los-dimisionarios-de-no-aceptar-el-resultado-de-las-primarias\\\/#breadcrumb\"},\"inLanguage\":\"es\",\"potentialAction\":[{\"@type\":\"ReadAction\",\"target\":[\"https:\\\/\\\/www.copealcoy.es\\\/es\\\/guanyem-cocentaina-responsabiliza-a-los-dimisionarios-de-no-aceptar-el-resultado-de-las-primarias\\\/\"]}]},{\"@type\":\"ImageObject\",\"inLanguage\":\"es\",\"@id\":\"https:\\\/\\\/www.copealcoy.es\\\/es\\\/guanyem-cocentaina-responsabiliza-a-los-dimisionarios-de-no-aceptar-el-resultado-de-las-primarias\\\/#primaryimage\",\"url\":\"https:\\\/\\\/www.copealcoy.es\\\/wp-content\\\/uploads\\\/2015\\\/03\\\/image25.jpg\",\"contentUrl\":\"https:\\\/\\\/www.copealcoy.es\\\/wp-content\\\/uploads\\\/2015\\\/03\\\/image25.jpg\",\"width\":1817,\"height\":1080,\"caption\":\"Candidatos a las primarias de Guanyem Cocentaina\"},{\"@type\":\"BreadcrumbList\",\"@id\":\"https:\\\/\\\/www.copealcoy.es\\\/es\\\/guanyem-cocentaina-responsabiliza-a-los-dimisionarios-de-no-aceptar-el-resultado-de-las-primarias\\\/#breadcrumb\",\"itemListElement\":[{\"@type\":\"ListItem\",\"position\":1,\"name\":\"Portada\",\"item\":\"https:\\\/\\\/www.copealcoy.es\\\/es\\\/\"},{\"@type\":\"ListItem\",\"position\":2,\"name\":\"Guanyem Cocentaina responsabiliza a los dimisionarios de no aceptar el resultado de las Primarias\"}]},{\"@type\":\"WebSite\",\"@id\":\"https:\\\/\\\/www.copealcoy.es\\\/es\\\/#website\",\"url\":\"https:\\\/\\\/www.copealcoy.es\\\/es\\\/\",\"name\":\"COPE Alcoy\",\"description\":\"Emisora COPE de radio local con emisi\u00f3n online. Pont de Sant Jordi 8-10 03803 Alcoy\",\"potentialAction\":[{\"@type\":\"SearchAction\",\"target\":{\"@type\":\"EntryPoint\",\"urlTemplate\":\"https:\\\/\\\/www.copealcoy.es\\\/es\\\/?s={search_term_string}\"},\"query-input\":{\"@type\":\"PropertyValueSpecification\",\"valueRequired\":true,\"valueName\":\"search_term_string\"}}],\"inLanguage\":\"es\"},{\"@type\":\"Person\",\"@id\":\"https:\\\/\\\/www.copealcoy.es\\\/es\\\/#\\\/schema\\\/person\\\/e777c87fa024e57d40170af9df39882c\",\"name\":\"Cope Alcoy\",\"image\":{\"@type\":\"ImageObject\",\"inLanguage\":\"es\",\"@id\":\"https:\\\/\\\/secure.gravatar.com\\\/avatar\\\/bb65d0283347e303893ba14f0692005417c1e0e690a325a4c5d8bb2b3943ee14?s=96&d=mm&r=g\",\"url\":\"https:\\\/\\\/secure.gravatar.com\\\/avatar\\\/bb65d0283347e303893ba14f0692005417c1e0e690a325a4c5d8bb2b3943ee14?s=96&d=mm&r=g\",\"contentUrl\":\"https:\\\/\\\/secure.gravatar.com\\\/avatar\\\/bb65d0283347e303893ba14f0692005417c1e0e690a325a4c5d8bb2b3943ee14?s=96&d=mm&r=g\",\"caption\":\"Cope Alcoy\"}}]}<\/script>\n<!-- \/ Yoast SEO plugin. -->","yoast_head_json":{"title":"Guanyem Cocentaina responsabiliza a los dimisionarios de no aceptar el resultado de las Primarias - COPE Alcoy","robots":{"index":"index","follow":"follow","max-snippet":"max-snippet:-1","max-image-preview":"max-image-preview:large","max-video-preview":"max-video-preview:-1"},"canonical":"https:\/\/www.copealcoy.es\/es\/guanyem-cocentaina-responsabiliza-a-los-dimisionarios-de-no-aceptar-el-resultado-de-las-primarias\/","og_locale":"es_ES","og_type":"article","og_title":"Guanyem Cocentaina responsabiliza a los dimisionarios de no aceptar el resultado de las Primarias - COPE Alcoy","og_description":"Guanyem Cocentaina ha salido al paso de las declaraciones que cuatro dimisionarios efectuaron la pasada semana a trav\u00e9s de un...","og_url":"https:\/\/www.copealcoy.es\/es\/guanyem-cocentaina-responsabiliza-a-los-dimisionarios-de-no-aceptar-el-resultado-de-las-primarias\/","og_site_name":"COPE Alcoy","article_published_time":"2015-03-25T20:12:40+00:00","og_image":[{"width":1955,"height":1162,"url":"https:\/\/www.copealcoy.es\/wp-content\/uploads\/2015\/03\/image25.jpg","type":"image\/jpeg"}],"author":"Cope Alcoy","twitter_misc":{"Escrito por":"Cope Alcoy","Tiempo de lectura":"1 minuto"},"schema":{"@context":"https:\/\/schema.org","@graph":[{"@type":"Article","@id":"https:\/\/www.copealcoy.es\/es\/guanyem-cocentaina-responsabiliza-a-los-dimisionarios-de-no-aceptar-el-resultado-de-las-primarias\/#article","isPartOf":{"@id":"https:\/\/www.copealcoy.es\/es\/guanyem-cocentaina-responsabiliza-a-los-dimisionarios-de-no-aceptar-el-resultado-de-las-primarias\/"},"author":{"name":"Cope Alcoy","@id":"https:\/\/www.copealcoy.es\/es\/#\/schema\/person\/e777c87fa024e57d40170af9df39882c"},"headline":"Guanyem Cocentaina responsabiliza a los dimisionarios de no aceptar el resultado de las Primarias","datePublished":"2015-03-25T20:12:40+00:00","mainEntityOfPage":{"@id":"https:\/\/www.copealcoy.es\/es\/guanyem-cocentaina-responsabiliza-a-los-dimisionarios-de-no-aceptar-el-resultado-de-las-primarias\/"},"wordCount":144,"commentCount":0,"image":{"@id":"https:\/\/www.copealcoy.es\/es\/guanyem-cocentaina-responsabiliza-a-los-dimisionarios-de-no-aceptar-el-resultado-de-las-primarias\/#primaryimage"},"thumbnailUrl":"https:\/\/www.copealcoy.es\/wp-content\/uploads\/2015\/03\/image25.jpg","keywords":["Cocentaina","Comtat","Elecciones Municipales","Guanyem"],"articleSection":["Elecciones","Noticias"],"inLanguage":"es"},{"@type":"WebPage","@id":"https:\/\/www.copealcoy.es\/es\/guanyem-cocentaina-responsabiliza-a-los-dimisionarios-de-no-aceptar-el-resultado-de-las-primarias\/","url":"https:\/\/www.copealcoy.es\/es\/guanyem-cocentaina-responsabiliza-a-los-dimisionarios-de-no-aceptar-el-resultado-de-las-primarias\/","name":"Guanyem Cocentaina responsabiliza a los dimisionarios de no aceptar el resultado de las Primarias - COPE Alcoy","isPartOf":{"@id":"https:\/\/www.copealcoy.es\/es\/#website"},"primaryImageOfPage":{"@id":"https:\/\/www.copealcoy.es\/es\/guanyem-cocentaina-responsabiliza-a-los-dimisionarios-de-no-aceptar-el-resultado-de-las-primarias\/#primaryimage"},"image":{"@id":"https:\/\/www.copealcoy.es\/es\/guanyem-cocentaina-responsabiliza-a-los-dimisionarios-de-no-aceptar-el-resultado-de-las-primarias\/#primaryimage"},"thumbnailUrl":"https:\/\/www.copealcoy.es\/wp-content\/uploads\/2015\/03\/image25.jpg","datePublished":"2015-03-25T20:12:40+00:00","author":{"@id":"https:\/\/www.copealcoy.es\/es\/#\/schema\/person\/e777c87fa024e57d40170af9df39882c"},"breadcrumb":{"@id":"https:\/\/www.copealcoy.es\/es\/guanyem-cocentaina-responsabiliza-a-los-dimisionarios-de-no-aceptar-el-resultado-de-las-primarias\/#breadcrumb"},"inLanguage":"es","potentialAction":[{"@type":"ReadAction","target":["https:\/\/www.copealcoy.es\/es\/guanyem-cocentaina-responsabiliza-a-los-dimisionarios-de-no-aceptar-el-resultado-de-las-primarias\/"]}]},{"@type":"ImageObject","inLanguage":"es","@id":"https:\/\/www.copealcoy.es\/es\/guanyem-cocentaina-responsabiliza-a-los-dimisionarios-de-no-aceptar-el-resultado-de-las-primarias\/#primaryimage","url":"https:\/\/www.copealcoy.es\/wp-content\/uploads\/2015\/03\/image25.jpg","contentUrl":"https:\/\/www.copealcoy.es\/wp-content\/uploads\/2015\/03\/image25.jpg","width":1817,"height":1080,"caption":"Candidatos a las primarias de Guanyem Cocentaina"},{"@type":"BreadcrumbList","@id":"https:\/\/www.copealcoy.es\/es\/guanyem-cocentaina-responsabiliza-a-los-dimisionarios-de-no-aceptar-el-resultado-de-las-primarias\/#breadcrumb","itemListElement":[{"@type":"ListItem","position":1,"name":"Portada","item":"https:\/\/www.copealcoy.es\/es\/"},{"@type":"ListItem","position":2,"name":"Guanyem Cocentaina responsabiliza a los dimisionarios de no aceptar el resultado de las Primarias"}]},{"@type":"WebSite","@id":"https:\/\/www.copealcoy.es\/es\/#website","url":"https:\/\/www.copealcoy.es\/es\/","name":"COPE Alcoy","description":"Emisora COPE de radio local con emisi\u00f3n online. Pont de Sant Jordi 8-10 03803 Alcoy","potentialAction":[{"@type":"SearchAction","target":{"@type":"EntryPoint","urlTemplate":"https:\/\/www.copealcoy.es\/es\/?s={search_term_string}"},"query-input":{"@type":"PropertyValueSpecification","valueRequired":true,"valueName":"search_term_string"}}],"inLanguage":"es"},{"@type":"Person","@id":"https:\/\/www.copealcoy.es\/es\/#\/schema\/person\/e777c87fa024e57d40170af9df39882c","name":"Cope Alcoy","image":{"@type":"ImageObject","inLanguage":"es","@id":"https:\/\/secure.gravatar.com\/avatar\/bb65d0283347e303893ba14f0692005417c1e0e690a325a4c5d8bb2b3943ee14?s=96&d=mm&r=g","url":"https:\/\/secure.gravatar.com\/avatar\/bb65d0283347e303893ba14f0692005417c1e0e690a325a4c5d8bb2b3943ee14?s=96&d=mm&r=g","contentUrl":"https:\/\/secure.gravatar.com\/avatar\/bb65d0283347e303893ba14f0692005417c1e0e690a325a4c5d8bb2b3943ee14?s=96&d=mm&r=g","caption":"Cope Alcoy"}}]}},"_links":{"self":[{"href":"https:\/\/www.copealcoy.es\/es\/wp-json\/wp\/v2\/posts\/11633","targetHints":{"allow":["GET"]}}],"collection":[{"href":"https:\/\/www.copealcoy.es\/es\/wp-json\/wp\/v2\/posts"}],"about":[{"href":"https:\/\/www.copealcoy.es\/es\/wp-json\/wp\/v2\/types\/post"}],"author":[{"embeddable":true,"href":"https:\/\/www.copealcoy.es\/es\/wp-json\/wp\/v2\/users\/1"}],"replies":[{"embeddable":true,"href":"https:\/\/www.copealcoy.es\/es\/wp-json\/wp\/v2\/comments?post=11633"}],"version-history":[{"count":0,"href":"https:\/\/www.copealcoy.es\/es\/wp-json\/wp\/v2\/posts\/11633\/revisions"}],"wp:featuredmedia":[{"embeddable":true,"href":"https:\/\/www.copealcoy.es\/es\/wp-json\/wp\/v2\/media\/11139"}],"wp:attachment":[{"href":"https:\/\/www.copealcoy.es\/es\/wp-json\/wp\/v2\/media?parent=11633"}],"wp:term":[{"taxonomy":"category","embeddable":true,"href":"https:\/\/www.copealcoy.es\/es\/wp-json\/wp\/v2\/categories?post=11633"},{"taxonomy":"post_tag","embeddable":true,"href":"https:\/\/www.copealcoy.es\/es\/wp-json\/wp\/v2\/tags?post=11633"}],"curies":[{"name":"wp","href":"https:\/\/api.w.org\/{rel}","templated":true}]}}