{"id":116192,"date":"2023-05-23T11:15:44","date_gmt":"2023-05-23T10:15:44","guid":{"rendered":"https:\/\/www.copealcoy.es\/?p=116192"},"modified":"2023-05-24T11:43:41","modified_gmt":"2023-05-24T10:43:41","slug":"detenido-un-hombre-por-provocar-presuntamente-un-incendio-forestal-en-alcoy-a-que-penas-se-enfrenta","status":"publish","type":"post","link":"https:\/\/www.copealcoy.es\/es\/detenido-un-hombre-por-provocar-presuntamente-un-incendio-forestal-en-alcoy-a-que-penas-se-enfrenta\/","title":{"rendered":"Detenido un hombre por provocar, presuntamente, un incendio forestal en Alcoy: \u00bfa qu\u00e9 penas se enfrenta?"},"content":{"rendered":"<p>La lluvia arremete con fuerza en buena parte de la provincia de Alicante. Y Alcoy y la comarca no son una excepci\u00f3n. Algo que necesitaban nuestros montes, pues <strong>las altas temperaturas de los \u00faltimos meses hicieron crecer, en gran medida, <\/strong><span style=\"color: #000080;\"><a style=\"color: #000080;\" href=\"https:\/\/www.copealcoy.es\/acif-avisa-de-un-verano-complicado-ante-el-riesgo-de-incendios-forestales\/\" target=\"_blank\" rel=\"noopener\"><strong>el riesgo por incendios<\/strong><\/a><\/span>.<\/p>\n<p>Sin embargo, por mucho que llueva y eso mejore la situaci\u00f3n, hay gente dispuesta a provocar incendios en las monta\u00f1as. <strong>La<\/strong> <strong>Polic\u00eda Local de Alcoy<\/strong> <strong>ha detenido un hombre que acababa de prender fuego<\/strong>, presuntamente, a unos matorrales en la <strong>carretera del Rebolcat<\/strong>.<\/p>\n<p style=\"text-align: justify;\">Los hechos tuvieron lugar el pasado jueves 18 de mayo. Por suerte, <strong>el fuego pudo ser extinguido r\u00e1pidamente<\/strong>.<\/p>\n<p style=\"text-align: justify;\"><span style=\"color: #0000ff;\"><strong>Penas de c\u00e1rcel<\/strong><\/span><\/p>\n<p style=\"text-align: justify;\">Al detenido se le imputa un presunto delito de incendio forestal. Pero, \u00bfa qu\u00e9 puede ser condenado? La reforma del <strong>C\u00f3digo Penal<\/strong> del 2015 endureci\u00f3 las penas para estos delitos.<\/p>\n<p style=\"text-align: justify;\">Para los <strong>incendios forestales que son intencionados pero no consiguen extenderse<\/strong>, las condenas van <strong>de los seis meses al a\u00f1o de prisi\u00f3n<\/strong>.<\/p>\n<p style=\"text-align: justify;\">Si <strong>el incendio ha tenido un alcance de especial gravedad<\/strong>, la <strong>pena de prisi\u00f3n va de tres a seis a\u00f1os y se a\u00f1ade una multa de 18 a 24 meses<\/strong>. Adem\u00e1s del impacto en el medio ambiente, estas condiciones tambi\u00e9n incluyen los casos en los que la persona que provoca el incendio obtiene un beneficio econ\u00f3mico del mismo, se produce cerca del n\u00facleo urbano o con unas condiciones climatol\u00f3gicas adversas.<\/p>\n<p style=\"text-align: justify;\">Las condenas se agravan considerablemente <strong>cuando el incendio forestal pone en riesgo vidas humanas<\/strong>. En estos casos, conlleva una pena que va <strong>desde los 10 hasta los 20 a\u00f1os de c\u00e1rcel y una multa de 12 a 24 meses<\/strong>.<\/p>\n<p style=\"text-align: justify;\">Todo esto, en los casos en los que los incendios sean forestales y siempre que sean provocados. Si se producen <strong>fuera del \u00e1mbito forestal<\/strong>, las <strong>penas de prisi\u00f3n var\u00edan entre los seis meses y los dos a\u00f1os<\/strong>.<\/p>\n<p style=\"text-align: justify;\">El <strong>Ministerio de Transici\u00f3n Ecol\u00f3gica<\/strong> especifica cu\u00e1ndo se trata de un incendio provocado. Se deben cumplir dos premisas: el autor debe &#8220;ser consciente de que su acci\u00f3n puede tener como consecuencia que se queme superficie forestal&#8221; y &#8220;debe querer quemar o aceptar que se queme superficie forestal como resultado de su acci\u00f3n&#8221;.<\/p>\n<p style=\"text-align: justify;\">Se excluyen los casos de quemas agr\u00edcolas en los que\u00a0el autor ha tomado todas las medidas pertinentes. Se considera un incendio accidental.<\/p>\n","protected":false},"excerpt":{"rendered":"<p>La lluvia arremete con fuerza en buena parte de la provincia de Alicante. Y Alcoy y la comarca no son&#8230;<\/p>\n","protected":false},"author":1,"featured_media":116208,"comment_status":"open","ping_status":"open","sticky":false,"template":"","format":"standard","meta":{"footnotes":""},"categories":[6909,97,75,80],"tags":[1494,14794,12777,846],"class_list":["post-116192","post","type-post","status-publish","format-standard","has-post-thumbnail","hentry","category-actualidad","category-alcoy","category-noticias","category-sucesos","tag-alcoy","tag-el-rebolcat","tag-incendio-forestal","tag-policia-local"],"yoast_head":"<!-- This site is optimized with the Yoast SEO plugin v27.3 - https:\/\/yoast.com\/product\/yoast-seo-wordpress\/ -->\n<title>Detenido un hombre por provocar, presuntamente, un incendio forestal en Alcoy: \u00bfa qu\u00e9 penas se enfrenta? - COPE Alcoy<\/title>\n<meta name=\"description\" content=\"La lluvia arremete con fuerza en buena parte de la provincia de Alicante. Y Alcoy y la comarca no son una excepci\u00f3n. Algo que necesitaban nuestros montes, pues las altas temperaturas de los \u00faltimos meses hicieron crecer, en gran medida, el riesgo por incendios.\" \/>\n<meta name=\"robots\" content=\"index, follow, max-snippet:-1, max-image-preview:large, max-video-preview:-1\" \/>\n<link rel=\"canonical\" href=\"https:\/\/www.copealcoy.es\/es\/detenido-un-hombre-por-provocar-presuntamente-un-incendio-forestal-en-alcoy-a-que-penas-se-enfrenta\/\" \/>\n<meta property=\"og:locale\" content=\"es_ES\" \/>\n<meta property=\"og:type\" content=\"article\" \/>\n<meta property=\"og:title\" content=\"Detenido un hombre por provocar, presuntamente, un incendio forestal en Alcoy: \u00bfa qu\u00e9 penas se enfrenta? - COPE Alcoy\" \/>\n<meta property=\"og:description\" content=\"La lluvia arremete con fuerza en buena parte de la provincia de Alicante. Y Alcoy y la comarca no son una excepci\u00f3n. Algo que necesitaban nuestros montes, pues las altas temperaturas de los \u00faltimos meses hicieron crecer, en gran medida, el riesgo por incendios.\" \/>\n<meta property=\"og:url\" content=\"https:\/\/www.copealcoy.es\/es\/detenido-un-hombre-por-provocar-presuntamente-un-incendio-forestal-en-alcoy-a-que-penas-se-enfrenta\/\" \/>\n<meta property=\"og:site_name\" content=\"COPE Alcoy\" \/>\n<meta property=\"article:published_time\" content=\"2023-05-23T10:15:44+00:00\" \/>\n<meta property=\"article:modified_time\" content=\"2023-05-24T10:43:41+00:00\" \/>\n<meta property=\"og:image\" content=\"https:\/\/www.copealcoy.es\/wp-content\/uploads\/2023\/05\/348427928_3596300800655436_4358814335424775599_n-1.jpg\" \/>\n\t<meta property=\"og:image:width\" content=\"843\" \/>\n\t<meta property=\"og:image:height\" content=\"891\" \/>\n\t<meta property=\"og:image:type\" content=\"image\/jpeg\" \/>\n<meta name=\"author\" content=\"Cope Alcoy\" \/>\n<meta name=\"twitter:label1\" content=\"Escrito por\" \/>\n\t<meta name=\"twitter:data1\" content=\"Cope Alcoy\" \/>\n\t<meta name=\"twitter:label2\" content=\"Tiempo de lectura\" \/>\n\t<meta name=\"twitter:data2\" content=\"2 minutos\" \/>\n<script type=\"application\/ld+json\" class=\"yoast-schema-graph\">{\"@context\":\"https:\\\/\\\/schema.org\",\"@graph\":[{\"@type\":\"Article\",\"@id\":\"https:\\\/\\\/www.copealcoy.es\\\/es\\\/detenido-un-hombre-por-provocar-presuntamente-un-incendio-forestal-en-alcoy-a-que-penas-se-enfrenta\\\/#article\",\"isPartOf\":{\"@id\":\"https:\\\/\\\/www.copealcoy.es\\\/es\\\/detenido-un-hombre-por-provocar-presuntamente-un-incendio-forestal-en-alcoy-a-que-penas-se-enfrenta\\\/\"},\"author\":{\"name\":\"Cope Alcoy\",\"@id\":\"https:\\\/\\\/www.copealcoy.es\\\/es\\\/#\\\/schema\\\/person\\\/e777c87fa024e57d40170af9df39882c\"},\"headline\":\"Detenido un hombre por provocar, presuntamente, un incendio forestal en Alcoy: \u00bfa qu\u00e9 penas se enfrenta?\",\"datePublished\":\"2023-05-23T10:15:44+00:00\",\"dateModified\":\"2023-05-24T10:43:41+00:00\",\"mainEntityOfPage\":{\"@id\":\"https:\\\/\\\/www.copealcoy.es\\\/es\\\/detenido-un-hombre-por-provocar-presuntamente-un-incendio-forestal-en-alcoy-a-que-penas-se-enfrenta\\\/\"},\"wordCount\":417,\"commentCount\":0,\"image\":{\"@id\":\"https:\\\/\\\/www.copealcoy.es\\\/es\\\/detenido-un-hombre-por-provocar-presuntamente-un-incendio-forestal-en-alcoy-a-que-penas-se-enfrenta\\\/#primaryimage\"},\"thumbnailUrl\":\"https:\\\/\\\/www.copealcoy.es\\\/wp-content\\\/uploads\\\/2023\\\/05\\\/348427928_3596300800655436_4358814335424775599_n-1.jpg\",\"keywords\":[\"Alcoy\",\"el Rebolcat\",\"incendio forestal\",\"Polic\u00eda Local\"],\"articleSection\":[\"Actualidad\",\"Alcoy\",\"Noticias\",\"Sucesos\"],\"inLanguage\":\"es\"},{\"@type\":\"WebPage\",\"@id\":\"https:\\\/\\\/www.copealcoy.es\\\/es\\\/detenido-un-hombre-por-provocar-presuntamente-un-incendio-forestal-en-alcoy-a-que-penas-se-enfrenta\\\/\",\"url\":\"https:\\\/\\\/www.copealcoy.es\\\/es\\\/detenido-un-hombre-por-provocar-presuntamente-un-incendio-forestal-en-alcoy-a-que-penas-se-enfrenta\\\/\",\"name\":\"Detenido un hombre por provocar, presuntamente, un incendio forestal en Alcoy: \u00bfa qu\u00e9 penas se enfrenta? - COPE Alcoy\",\"isPartOf\":{\"@id\":\"https:\\\/\\\/www.copealcoy.es\\\/es\\\/#website\"},\"primaryImageOfPage\":{\"@id\":\"https:\\\/\\\/www.copealcoy.es\\\/es\\\/detenido-un-hombre-por-provocar-presuntamente-un-incendio-forestal-en-alcoy-a-que-penas-se-enfrenta\\\/#primaryimage\"},\"image\":{\"@id\":\"https:\\\/\\\/www.copealcoy.es\\\/es\\\/detenido-un-hombre-por-provocar-presuntamente-un-incendio-forestal-en-alcoy-a-que-penas-se-enfrenta\\\/#primaryimage\"},\"thumbnailUrl\":\"https:\\\/\\\/www.copealcoy.es\\\/wp-content\\\/uploads\\\/2023\\\/05\\\/348427928_3596300800655436_4358814335424775599_n-1.jpg\",\"datePublished\":\"2023-05-23T10:15:44+00:00\",\"dateModified\":\"2023-05-24T10:43:41+00:00\",\"author\":{\"@id\":\"https:\\\/\\\/www.copealcoy.es\\\/es\\\/#\\\/schema\\\/person\\\/e777c87fa024e57d40170af9df39882c\"},\"description\":\"La lluvia arremete con fuerza en buena parte de la provincia de Alicante. Y Alcoy y la comarca no son una excepci\u00f3n. Algo que necesitaban nuestros montes, pues las altas temperaturas de los \u00faltimos meses hicieron crecer, en gran medida, el riesgo por incendios.\",\"breadcrumb\":{\"@id\":\"https:\\\/\\\/www.copealcoy.es\\\/es\\\/detenido-un-hombre-por-provocar-presuntamente-un-incendio-forestal-en-alcoy-a-que-penas-se-enfrenta\\\/#breadcrumb\"},\"inLanguage\":\"es\",\"potentialAction\":[{\"@type\":\"ReadAction\",\"target\":[\"https:\\\/\\\/www.copealcoy.es\\\/es\\\/detenido-un-hombre-por-provocar-presuntamente-un-incendio-forestal-en-alcoy-a-que-penas-se-enfrenta\\\/\"]}]},{\"@type\":\"ImageObject\",\"inLanguage\":\"es\",\"@id\":\"https:\\\/\\\/www.copealcoy.es\\\/es\\\/detenido-un-hombre-por-provocar-presuntamente-un-incendio-forestal-en-alcoy-a-que-penas-se-enfrenta\\\/#primaryimage\",\"url\":\"https:\\\/\\\/www.copealcoy.es\\\/wp-content\\\/uploads\\\/2023\\\/05\\\/348427928_3596300800655436_4358814335424775599_n-1.jpg\",\"contentUrl\":\"https:\\\/\\\/www.copealcoy.es\\\/wp-content\\\/uploads\\\/2023\\\/05\\\/348427928_3596300800655436_4358814335424775599_n-1.jpg\",\"width\":843,\"height\":891},{\"@type\":\"BreadcrumbList\",\"@id\":\"https:\\\/\\\/www.copealcoy.es\\\/es\\\/detenido-un-hombre-por-provocar-presuntamente-un-incendio-forestal-en-alcoy-a-que-penas-se-enfrenta\\\/#breadcrumb\",\"itemListElement\":[{\"@type\":\"ListItem\",\"position\":1,\"name\":\"Portada\",\"item\":\"https:\\\/\\\/www.copealcoy.es\\\/es\\\/\"},{\"@type\":\"ListItem\",\"position\":2,\"name\":\"Detenido un hombre por provocar, presuntamente, un incendio forestal en Alcoy: \u00bfa qu\u00e9 penas se enfrenta?\"}]},{\"@type\":\"WebSite\",\"@id\":\"https:\\\/\\\/www.copealcoy.es\\\/es\\\/#website\",\"url\":\"https:\\\/\\\/www.copealcoy.es\\\/es\\\/\",\"name\":\"COPE Alcoy\",\"description\":\"Emisora COPE de radio local con emisi\u00f3n online. Pont de Sant Jordi 8-10 03803 Alcoy\",\"potentialAction\":[{\"@type\":\"SearchAction\",\"target\":{\"@type\":\"EntryPoint\",\"urlTemplate\":\"https:\\\/\\\/www.copealcoy.es\\\/es\\\/?s={search_term_string}\"},\"query-input\":{\"@type\":\"PropertyValueSpecification\",\"valueRequired\":true,\"valueName\":\"search_term_string\"}}],\"inLanguage\":\"es\"},{\"@type\":\"Person\",\"@id\":\"https:\\\/\\\/www.copealcoy.es\\\/es\\\/#\\\/schema\\\/person\\\/e777c87fa024e57d40170af9df39882c\",\"name\":\"Cope Alcoy\",\"image\":{\"@type\":\"ImageObject\",\"inLanguage\":\"es\",\"@id\":\"https:\\\/\\\/secure.gravatar.com\\\/avatar\\\/bb65d0283347e303893ba14f0692005417c1e0e690a325a4c5d8bb2b3943ee14?s=96&d=mm&r=g\",\"url\":\"https:\\\/\\\/secure.gravatar.com\\\/avatar\\\/bb65d0283347e303893ba14f0692005417c1e0e690a325a4c5d8bb2b3943ee14?s=96&d=mm&r=g\",\"contentUrl\":\"https:\\\/\\\/secure.gravatar.com\\\/avatar\\\/bb65d0283347e303893ba14f0692005417c1e0e690a325a4c5d8bb2b3943ee14?s=96&d=mm&r=g\",\"caption\":\"Cope Alcoy\"}}]}<\/script>\n<!-- \/ Yoast SEO plugin. -->","yoast_head_json":{"title":"Detenido un hombre por provocar, presuntamente, un incendio forestal en Alcoy: \u00bfa qu\u00e9 penas se enfrenta? - COPE Alcoy","description":"La lluvia arremete con fuerza en buena parte de la provincia de Alicante. Y Alcoy y la comarca no son una excepci\u00f3n. Algo que necesitaban nuestros montes, pues las altas temperaturas de los \u00faltimos meses hicieron crecer, en gran medida, el riesgo por incendios.","robots":{"index":"index","follow":"follow","max-snippet":"max-snippet:-1","max-image-preview":"max-image-preview:large","max-video-preview":"max-video-preview:-1"},"canonical":"https:\/\/www.copealcoy.es\/es\/detenido-un-hombre-por-provocar-presuntamente-un-incendio-forestal-en-alcoy-a-que-penas-se-enfrenta\/","og_locale":"es_ES","og_type":"article","og_title":"Detenido un hombre por provocar, presuntamente, un incendio forestal en Alcoy: \u00bfa qu\u00e9 penas se enfrenta? - COPE Alcoy","og_description":"La lluvia arremete con fuerza en buena parte de la provincia de Alicante. Y Alcoy y la comarca no son una excepci\u00f3n. Algo que necesitaban nuestros montes, pues las altas temperaturas de los \u00faltimos meses hicieron crecer, en gran medida, el riesgo por incendios.","og_url":"https:\/\/www.copealcoy.es\/es\/detenido-un-hombre-por-provocar-presuntamente-un-incendio-forestal-en-alcoy-a-que-penas-se-enfrenta\/","og_site_name":"COPE Alcoy","article_published_time":"2023-05-23T10:15:44+00:00","article_modified_time":"2023-05-24T10:43:41+00:00","og_image":[{"width":843,"height":891,"url":"https:\/\/www.copealcoy.es\/wp-content\/uploads\/2023\/05\/348427928_3596300800655436_4358814335424775599_n-1.jpg","type":"image\/jpeg"}],"author":"Cope Alcoy","twitter_misc":{"Escrito por":"Cope Alcoy","Tiempo de lectura":"2 minutos"},"schema":{"@context":"https:\/\/schema.org","@graph":[{"@type":"Article","@id":"https:\/\/www.copealcoy.es\/es\/detenido-un-hombre-por-provocar-presuntamente-un-incendio-forestal-en-alcoy-a-que-penas-se-enfrenta\/#article","isPartOf":{"@id":"https:\/\/www.copealcoy.es\/es\/detenido-un-hombre-por-provocar-presuntamente-un-incendio-forestal-en-alcoy-a-que-penas-se-enfrenta\/"},"author":{"name":"Cope Alcoy","@id":"https:\/\/www.copealcoy.es\/es\/#\/schema\/person\/e777c87fa024e57d40170af9df39882c"},"headline":"Detenido un hombre por provocar, presuntamente, un incendio forestal en Alcoy: \u00bfa qu\u00e9 penas se enfrenta?","datePublished":"2023-05-23T10:15:44+00:00","dateModified":"2023-05-24T10:43:41+00:00","mainEntityOfPage":{"@id":"https:\/\/www.copealcoy.es\/es\/detenido-un-hombre-por-provocar-presuntamente-un-incendio-forestal-en-alcoy-a-que-penas-se-enfrenta\/"},"wordCount":417,"commentCount":0,"image":{"@id":"https:\/\/www.copealcoy.es\/es\/detenido-un-hombre-por-provocar-presuntamente-un-incendio-forestal-en-alcoy-a-que-penas-se-enfrenta\/#primaryimage"},"thumbnailUrl":"https:\/\/www.copealcoy.es\/wp-content\/uploads\/2023\/05\/348427928_3596300800655436_4358814335424775599_n-1.jpg","keywords":["Alcoy","el Rebolcat","incendio forestal","Polic\u00eda Local"],"articleSection":["Actualidad","Alcoy","Noticias","Sucesos"],"inLanguage":"es"},{"@type":"WebPage","@id":"https:\/\/www.copealcoy.es\/es\/detenido-un-hombre-por-provocar-presuntamente-un-incendio-forestal-en-alcoy-a-que-penas-se-enfrenta\/","url":"https:\/\/www.copealcoy.es\/es\/detenido-un-hombre-por-provocar-presuntamente-un-incendio-forestal-en-alcoy-a-que-penas-se-enfrenta\/","name":"Detenido un hombre por provocar, presuntamente, un incendio forestal en Alcoy: \u00bfa qu\u00e9 penas se enfrenta? - COPE Alcoy","isPartOf":{"@id":"https:\/\/www.copealcoy.es\/es\/#website"},"primaryImageOfPage":{"@id":"https:\/\/www.copealcoy.es\/es\/detenido-un-hombre-por-provocar-presuntamente-un-incendio-forestal-en-alcoy-a-que-penas-se-enfrenta\/#primaryimage"},"image":{"@id":"https:\/\/www.copealcoy.es\/es\/detenido-un-hombre-por-provocar-presuntamente-un-incendio-forestal-en-alcoy-a-que-penas-se-enfrenta\/#primaryimage"},"thumbnailUrl":"https:\/\/www.copealcoy.es\/wp-content\/uploads\/2023\/05\/348427928_3596300800655436_4358814335424775599_n-1.jpg","datePublished":"2023-05-23T10:15:44+00:00","dateModified":"2023-05-24T10:43:41+00:00","author":{"@id":"https:\/\/www.copealcoy.es\/es\/#\/schema\/person\/e777c87fa024e57d40170af9df39882c"},"description":"La lluvia arremete con fuerza en buena parte de la provincia de Alicante. Y Alcoy y la comarca no son una excepci\u00f3n. Algo que necesitaban nuestros montes, pues las altas temperaturas de los \u00faltimos meses hicieron crecer, en gran medida, el riesgo por incendios.","breadcrumb":{"@id":"https:\/\/www.copealcoy.es\/es\/detenido-un-hombre-por-provocar-presuntamente-un-incendio-forestal-en-alcoy-a-que-penas-se-enfrenta\/#breadcrumb"},"inLanguage":"es","potentialAction":[{"@type":"ReadAction","target":["https:\/\/www.copealcoy.es\/es\/detenido-un-hombre-por-provocar-presuntamente-un-incendio-forestal-en-alcoy-a-que-penas-se-enfrenta\/"]}]},{"@type":"ImageObject","inLanguage":"es","@id":"https:\/\/www.copealcoy.es\/es\/detenido-un-hombre-por-provocar-presuntamente-un-incendio-forestal-en-alcoy-a-que-penas-se-enfrenta\/#primaryimage","url":"https:\/\/www.copealcoy.es\/wp-content\/uploads\/2023\/05\/348427928_3596300800655436_4358814335424775599_n-1.jpg","contentUrl":"https:\/\/www.copealcoy.es\/wp-content\/uploads\/2023\/05\/348427928_3596300800655436_4358814335424775599_n-1.jpg","width":843,"height":891},{"@type":"BreadcrumbList","@id":"https:\/\/www.copealcoy.es\/es\/detenido-un-hombre-por-provocar-presuntamente-un-incendio-forestal-en-alcoy-a-que-penas-se-enfrenta\/#breadcrumb","itemListElement":[{"@type":"ListItem","position":1,"name":"Portada","item":"https:\/\/www.copealcoy.es\/es\/"},{"@type":"ListItem","position":2,"name":"Detenido un hombre por provocar, presuntamente, un incendio forestal en Alcoy: \u00bfa qu\u00e9 penas se enfrenta?"}]},{"@type":"WebSite","@id":"https:\/\/www.copealcoy.es\/es\/#website","url":"https:\/\/www.copealcoy.es\/es\/","name":"COPE Alcoy","description":"Emisora COPE de radio local con emisi\u00f3n online. Pont de Sant Jordi 8-10 03803 Alcoy","potentialAction":[{"@type":"SearchAction","target":{"@type":"EntryPoint","urlTemplate":"https:\/\/www.copealcoy.es\/es\/?s={search_term_string}"},"query-input":{"@type":"PropertyValueSpecification","valueRequired":true,"valueName":"search_term_string"}}],"inLanguage":"es"},{"@type":"Person","@id":"https:\/\/www.copealcoy.es\/es\/#\/schema\/person\/e777c87fa024e57d40170af9df39882c","name":"Cope Alcoy","image":{"@type":"ImageObject","inLanguage":"es","@id":"https:\/\/secure.gravatar.com\/avatar\/bb65d0283347e303893ba14f0692005417c1e0e690a325a4c5d8bb2b3943ee14?s=96&d=mm&r=g","url":"https:\/\/secure.gravatar.com\/avatar\/bb65d0283347e303893ba14f0692005417c1e0e690a325a4c5d8bb2b3943ee14?s=96&d=mm&r=g","contentUrl":"https:\/\/secure.gravatar.com\/avatar\/bb65d0283347e303893ba14f0692005417c1e0e690a325a4c5d8bb2b3943ee14?s=96&d=mm&r=g","caption":"Cope Alcoy"}}]}},"_links":{"self":[{"href":"https:\/\/www.copealcoy.es\/es\/wp-json\/wp\/v2\/posts\/116192","targetHints":{"allow":["GET"]}}],"collection":[{"href":"https:\/\/www.copealcoy.es\/es\/wp-json\/wp\/v2\/posts"}],"about":[{"href":"https:\/\/www.copealcoy.es\/es\/wp-json\/wp\/v2\/types\/post"}],"author":[{"embeddable":true,"href":"https:\/\/www.copealcoy.es\/es\/wp-json\/wp\/v2\/users\/1"}],"replies":[{"embeddable":true,"href":"https:\/\/www.copealcoy.es\/es\/wp-json\/wp\/v2\/comments?post=116192"}],"version-history":[{"count":0,"href":"https:\/\/www.copealcoy.es\/es\/wp-json\/wp\/v2\/posts\/116192\/revisions"}],"wp:featuredmedia":[{"embeddable":true,"href":"https:\/\/www.copealcoy.es\/es\/wp-json\/wp\/v2\/media\/116208"}],"wp:attachment":[{"href":"https:\/\/www.copealcoy.es\/es\/wp-json\/wp\/v2\/media?parent=116192"}],"wp:term":[{"taxonomy":"category","embeddable":true,"href":"https:\/\/www.copealcoy.es\/es\/wp-json\/wp\/v2\/categories?post=116192"},{"taxonomy":"post_tag","embeddable":true,"href":"https:\/\/www.copealcoy.es\/es\/wp-json\/wp\/v2\/tags?post=116192"}],"curies":[{"name":"wp","href":"https:\/\/api.w.org\/{rel}","templated":true}]}}